{"id":36399,"date":"2025-01-07T06:45:35","date_gmt":"2025-01-07T10:45:35","guid":{"rendered":"http:\/\/blogdalucianaoliveira.com.br\/blog\/?p=36399"},"modified":"2025-01-07T06:45:35","modified_gmt":"2025-01-07T10:45:35","slug":"veja-o-que-esperar-do-clima-para-o-brasil-em-2025","status":"publish","type":"post","link":"http:\/\/blogdalucianaoliveira.com.br\/blog\/2025\/01\/07\/veja-o-que-esperar-do-clima-para-o-brasil-em-2025\/","title":{"rendered":"Veja o que esperar do clima para o Brasil em 2025"},"content":{"rendered":"<p><img data-recalc-dims=\"1\" loading=\"lazy\" decoding=\"async\" data-attachment-id=\"36400\" data-permalink=\"http:\/\/blogdalucianaoliveira.com.br\/blog\/2025\/01\/07\/veja-o-que-esperar-do-clima-para-o-brasil-em-2025\/img_5484\/\" data-orig-file=\"https:\/\/i0.wp.com\/blogdalucianaoliveira.com.br\/blog\/wp-content\/uploads\/2025\/01\/IMG_5484.webp?fit=1000%2C667\" data-orig-size=\"1000,667\" data-comments-opened=\"0\" data-image-meta=\"{&quot;aperture&quot;:&quot;0&quot;,&quot;credit&quot;:&quot;&quot;,&quot;camera&quot;:&quot;&quot;,&quot;caption&quot;:&quot;&quot;,&quot;created_timestamp&quot;:&quot;0&quot;,&quot;copyright&quot;:&quot;&quot;,&quot;focal_length&quot;:&quot;0&quot;,&quot;iso&quot;:&quot;0&quot;,&quot;shutter_speed&quot;:&quot;0&quot;,&quot;title&quot;:&quot;&quot;,&quot;orientation&quot;:&quot;0&quot;}\" data-image-title=\"IMG_5484\" data-image-description=\"\" data-image-caption=\"\" data-medium-file=\"https:\/\/i0.wp.com\/blogdalucianaoliveira.com.br\/blog\/wp-content\/uploads\/2025\/01\/IMG_5484.webp?fit=300%2C200\" data-large-file=\"https:\/\/i0.wp.com\/blogdalucianaoliveira.com.br\/blog\/wp-content\/uploads\/2025\/01\/IMG_5484.webp?fit=600%2C400\" class=\"alignnone size-medium wp-image-36400\" src=\"https:\/\/i0.wp.com\/blogdalucianaoliveira.com.br\/blog\/wp-content\/uploads\/2025\/01\/IMG_5484.webp?resize=300%2C200\" alt=\"\" width=\"300\" height=\"200\" srcset=\"https:\/\/i0.wp.com\/blogdalucianaoliveira.com.br\/blog\/wp-content\/uploads\/2025\/01\/IMG_5484.webp?resize=300%2C200 300w, https:\/\/i0.wp.com\/blogdalucianaoliveira.com.br\/blog\/wp-content\/uploads\/2025\/01\/IMG_5484.webp?resize=768%2C512 768w, https:\/\/i0.wp.com\/blogdalucianaoliveira.com.br\/blog\/wp-content\/uploads\/2025\/01\/IMG_5484.webp?resize=450%2C300 450w, https:\/\/i0.wp.com\/blogdalucianaoliveira.com.br\/blog\/wp-content\/uploads\/2025\/01\/IMG_5484.webp?w=1000 1000w\" sizes=\"auto, (max-width: 300px) 100vw, 300px\" \/><\/p>\n<div id=\"chunk-4rd0i\" data-pf_style_display=\"block\" data-pf_style_visibility=\"visible\">\n<div class=\"row medium-uncollapsed content-media content-photo\" data-block-type=\"backstage-photo\" data-pf_style_display=\"block\" data-pf_style_visibility=\"visible\">\n<div class=\" mc-column  content-media__container\" data-pf_style_display=\"block\" data-pf_style_visibility=\"visible\">\n<p class=\"content-media__description  \" data-pf_style_display=\"block\" data-pf_style_visibility=\"visible\"><span class=\"text-node\">G1 &#8211; <\/span><span class=\"text-node\">O ano de 2024 foi marcado por extremos clim\u00e1ticos. O pa\u00eds enfrentou meses sob uma densa camada de fuma\u00e7a causada por inc\u00eandios na vegeta\u00e7\u00e3o. Al\u00e9m disso, viveu a pior seca de sua hist\u00f3ria recente, que ainda persiste, enquanto o Rio Grande do Sul foi devastado por chuvas intensas. Al\u00e9m disso, o ano terminou como o mais quente j\u00e1 registrado. <\/span><strong data-pf_style_display=\"inline\" data-pf_style_visibility=\"visible\"><span class=\"text-node\">Diante desse cen\u00e1rio, o que esperar de 2025?<\/span><\/strong><\/p>\n<\/div>\n<\/div>\n<\/div>\n<p><!--more--><\/p>\n<div class=\"wall protected-content\" data-pf_style_display=\"block\" data-pf_style_visibility=\"visible\">\n<div id=\"chunk-9oinm\" data-pf_style_display=\"block\" data-pf_style_visibility=\"visible\">\n<div class=\"mc-column content-text active-extra-styles \" data-block-type=\"unstyled\" data-block-weight=\"49\" data-pf_style_display=\"block\" data-pf_style_visibility=\"visible\">\n<p class=\" content-text__container \" data-track-category=\"Link no Texto\" data-track-links=\"\" data-pf_style_display=\"block\" data-pf_style_visibility=\"visible\"><strong data-pf_style_display=\"inline\" data-pf_style_visibility=\"visible\"><span class=\"text-node\">\ud83d\udd34<\/span><\/strong><span class=\"text-node\">A previs\u00e3o global do Met Office, o centro nacional de meteorologia brit\u00e2nico e uma refer\u00eancia mundial, sugere que 2025 ser\u00e1 um dos tr\u00eas anos mais quentes j\u00e1 registrados, atr\u00e1s apenas de 2024 e 2023. <\/span><span class=\"highlight\" data-pf_style_display=\"inline\" data-pf_style_visibility=\"visible\"><span class=\"text-node\">Ou seja, embora o calor deva ser um pouco menos intenso, ele ainda ser\u00e1 extremo.<\/span><\/span><\/p>\n<\/div>\n<\/div>\n<div id=\"chunk-52icq\" data-pf_style_display=\"block\" data-pf_style_visibility=\"visible\">\n<div class=\"content-ads content-ads--reveal\" data-block-type=\"ads\" data-pf_style_display=\"block\" data-pf_style_visibility=\"visible\">Dados do Centro Nacional de Monitoramento e Alertas de Desastres Naturais (Cemaden), do programa europeu Copernicus e do Met Office indicam que, em 2025, podemos esperar:<\/div>\n<\/div>\n<div id=\"chunk-e3dkq\" data-pf_style_display=\"block\" data-pf_style_visibility=\"visible\">\n<div class=\"mc-column content-text active-extra-styles\" data-block-type=\"raw\" data-block-weight=\"30\" data-pf_style_display=\"block\" data-pf_style_visibility=\"visible\">\n<ul class=\"content-unordered-list\" data-pf_style_display=\"block\" data-pf_style_visibility=\"visible\">\n<li data-pf_style_display=\"list-item\" data-pf_style_visibility=\"visible\"><span class=\"text-node\">Temperaturas ainda acima da m\u00e9dia no pa\u00eds;<\/span><\/li>\n<li data-pf_style_display=\"list-item\" data-pf_style_visibility=\"visible\"><span class=\"text-node\">Mudan\u00e7as nos padr\u00f5es de chuva, com \u00edndices abaixo da m\u00e9dia;<\/span><\/li>\n<li data-pf_style_display=\"list-item\" data-pf_style_visibility=\"visible\"><span class=\"text-node\">Oceanos ainda aquecidos;<\/span><\/li>\n<li data-pf_style_display=\"list-item\" data-pf_style_visibility=\"visible\"><span class=\"text-node\">Uma seca persistente, agravada por mais calor e menos chuva.<\/span><\/li>\n<\/ul>\n<\/div>\n<\/div>\n<div id=\"chunk-fft8s\" data-pf_style_display=\"block\" data-pf_style_visibility=\"visible\">\n<div class=\"mc-column content-text active-extra-styles \" data-block-type=\"unstyled\" data-block-weight=\"50\" data-pf_style_display=\"block\" data-pf_style_visibility=\"visible\">\n<p class=\" content-text__container \" data-track-category=\"Link no Texto\" data-track-links=\"\" data-pf_style_display=\"block\" data-pf_style_visibility=\"visible\"><span class=\"text-node\">\ud83d\udd34<\/span><span class=\"highlight\" data-pf_style_display=\"inline\" data-pf_style_visibility=\"visible\"><span class=\"text-node\"> As previs\u00f5es s\u00e3o feitas com base em modelos clim\u00e1ticos que permitem observar com maior clareza os dados para per\u00edodos de at\u00e9 tr\u00eas meses<\/span><\/span><span class=\"text-node\">. A an\u00e1lise do ano como um todo \u00e9 baseada em tend\u00eancias. Apesar disso, os <\/span><strong data-pf_style_display=\"inline\" data-pf_style_visibility=\"visible\"><span class=\"text-node\">especialistas permanecem pessimistas quanto a mudan\u00e7as significativas que possam reverter esse cen\u00e1rio.<\/span><\/strong><\/p>\n<\/div>\n<\/div>\n<div id=\"chunk-6o62v\" data-pf_style_display=\"block\" data-pf_style_visibility=\"visible\">\n<div class=\"mc-column content-text active-extra-styles\" data-block-type=\"raw\" data-block-weight=\"6\" data-pf_style_display=\"block\" data-pf_style_visibility=\"visible\">\n<div class=\"content-intertitle\" data-pf_style_display=\"block\" data-pf_style_visibility=\"visible\">\n<h2 data-pf_style_display=\"block\" data-pf_style_visibility=\"visible\"><strong data-pf_style_display=\"inline\" data-pf_style_visibility=\"visible\"><span class=\"text-node\">Mais calor em todo o pa\u00eds<\/span><\/strong><\/h2>\n<\/div>\n<\/div>\n<\/div>\n<div id=\"chunk-5bdh8\" data-pf_style_display=\"block\" data-pf_style_visibility=\"visible\">\n<div class=\"mc-column content-text active-extra-styles \" data-block-type=\"unstyled\" data-block-weight=\"39\" data-pf_style_display=\"block\" data-pf_style_visibility=\"visible\">\n<p class=\" content-text__container \" data-track-category=\"Link no Texto\" data-track-links=\"\" data-pf_style_display=\"block\" data-pf_style_visibility=\"visible\"><span class=\"text-node\">O ano de 2024 foi marcado por recordes de calor. De acordo com o servi\u00e7o de mudan\u00e7a clim\u00e1tica do observat\u00f3rio Copernicus, <\/span><span class=\"highlight\" data-pf_style_display=\"inline\" data-pf_style_visibility=\"visible\"><span class=\"text-node\">foi o primeiro ano na hist\u00f3ria a registrar um planeta 1,5\u00b0C mais quente em rela\u00e7\u00e3o \u00e0 m\u00e9dia pr\u00e9-industrial.<\/span><\/span><\/p>\n<\/div>\n<\/div>\n<div id=\"chunk-3ca9d\" data-pf_style_display=\"block\" data-pf_style_visibility=\"visible\">\n<div class=\"mc-column content-text active-extra-styles \" data-block-type=\"unstyled\" data-block-weight=\"66\" data-pf_style_display=\"block\" data-pf_style_visibility=\"visible\">\n<p class=\" content-text__container \" data-track-category=\"Link no Texto\" data-track-links=\"\" data-pf_style_display=\"block\" data-pf_style_visibility=\"visible\"><span class=\"text-node\">Segundo os especialistas, a principal causa do calor foi a concentra\u00e7\u00e3o crescente de gases de efeito estufa na atmosfera, que intensificam o aquecimento global. Uma an\u00e1lise do Cemaden mostra que, desde os anos 1970, o Hemisf\u00e9rio Sul, onde est\u00e1 o Brasil, vem enfrentando um aumento gradual nas temperaturas. Ou seja, ao longo dos anos, o pa\u00eds tem ficado cada vez mais quente. <\/span><em data-pf_style_display=\"inline\" data-pf_style_visibility=\"visible\"><span class=\"text-node\">(Veja o gr\u00e1fico abaixo)<\/span><\/em><\/p>\n<\/div>\n<\/div>\n<div id=\"chunk-ap30c\" data-pf_style_display=\"block\" data-pf_style_visibility=\"visible\">\n<div class=\"content-ads content-ads--reveal\" data-block-type=\"ads\" data-pf_style_display=\"block\" data-pf_style_visibility=\"visible\"><img data-recalc-dims=\"1\" loading=\"lazy\" decoding=\"async\" data-attachment-id=\"36401\" data-permalink=\"http:\/\/blogdalucianaoliveira.com.br\/blog\/2025\/01\/07\/veja-o-que-esperar-do-clima-para-o-brasil-em-2025\/img_5485\/\" data-orig-file=\"https:\/\/i0.wp.com\/blogdalucianaoliveira.com.br\/blog\/wp-content\/uploads\/2025\/01\/IMG_5485.jpeg?fit=1000%2C802\" data-orig-size=\"1000,802\" data-comments-opened=\"0\" data-image-meta=\"{&quot;aperture&quot;:&quot;0&quot;,&quot;credit&quot;:&quot;&quot;,&quot;camera&quot;:&quot;&quot;,&quot;caption&quot;:&quot;&quot;,&quot;created_timestamp&quot;:&quot;0&quot;,&quot;copyright&quot;:&quot;&quot;,&quot;focal_length&quot;:&quot;0&quot;,&quot;iso&quot;:&quot;0&quot;,&quot;shutter_speed&quot;:&quot;0&quot;,&quot;title&quot;:&quot;&quot;,&quot;orientation&quot;:&quot;1&quot;}\" data-image-title=\"IMG_5485\" data-image-description=\"\" data-image-caption=\"\" data-medium-file=\"https:\/\/i0.wp.com\/blogdalucianaoliveira.com.br\/blog\/wp-content\/uploads\/2025\/01\/IMG_5485.jpeg?fit=300%2C241\" data-large-file=\"https:\/\/i0.wp.com\/blogdalucianaoliveira.com.br\/blog\/wp-content\/uploads\/2025\/01\/IMG_5485.jpeg?fit=600%2C481\" class=\"alignnone size-medium wp-image-36401\" src=\"https:\/\/i0.wp.com\/blogdalucianaoliveira.com.br\/blog\/wp-content\/uploads\/2025\/01\/IMG_5485.jpeg?resize=300%2C241\" alt=\"\" width=\"300\" height=\"241\" srcset=\"https:\/\/i0.wp.com\/blogdalucianaoliveira.com.br\/blog\/wp-content\/uploads\/2025\/01\/IMG_5485.jpeg?resize=300%2C241 300w, https:\/\/i0.wp.com\/blogdalucianaoliveira.com.br\/blog\/wp-content\/uploads\/2025\/01\/IMG_5485.jpeg?resize=768%2C616 768w, https:\/\/i0.wp.com\/blogdalucianaoliveira.com.br\/blog\/wp-content\/uploads\/2025\/01\/IMG_5485.jpeg?resize=374%2C300 374w, https:\/\/i0.wp.com\/blogdalucianaoliveira.com.br\/blog\/wp-content\/uploads\/2025\/01\/IMG_5485.jpeg?w=1000 1000w\" sizes=\"auto, (max-width: 300px) 100vw, 300px\" \/><\/div>\n<\/div>\n<div id=\"chunk-b73ic\" data-pf_style_display=\"block\" data-pf_style_visibility=\"visible\">\n<div class=\"row medium-uncollapsed content-media content-photo\" data-block-type=\"backstage-photo\" data-pf_style_display=\"block\" data-pf_style_visibility=\"visible\">\n<div class=\" mc-column  content-media__container\" data-pf_style_display=\"block\" data-pf_style_visibility=\"visible\">\n<div class=\"content-media-container glb-skeleton-box\" data-pf_style_display=\"block\" data-pf_style_visibility=\"visible\"><\/div>\n<p class=\"content-media__description  \" data-pf_style_display=\"block\" data-pf_style_visibility=\"visible\"><span class=\"text-node\">Temperaturas acima da m\u00e9dia est\u00e3o aumentando desde 70 \u2014 Foto: Arte\/g1 <\/span><\/p>\n<\/div>\n<\/div>\n<\/div>\n<div id=\"chunk-jcmu\" data-pf_style_display=\"block\" data-pf_style_visibility=\"visible\">\n<div class=\"mc-column content-text active-extra-styles \" data-block-type=\"unstyled\" data-block-weight=\"32\" data-pf_style_display=\"block\" data-pf_style_visibility=\"visible\">\n<p class=\" content-text__container \" data-track-category=\"Link no Texto\" data-track-links=\"\" data-pf_style_display=\"block\" data-pf_style_visibility=\"visible\"><span class=\"text-node\">Somado a isso, houve ainda uma contribui\u00e7\u00e3o extra: o El Ni\u00f1o. Esse fen\u00f4meno aqueceu os oceanos e foi registrado de forma intensa, o que aumentou ainda mais a temperatura no mundo. <\/span><\/p>\n<\/div>\n<\/div>\n<div id=\"chunk-bgsc6\" data-pf_style_display=\"block\" data-pf_style_visibility=\"visible\">\n<div class=\"mc-column content-text active-extra-styles \" data-block-type=\"unstyled\" data-block-weight=\"30\" data-pf_style_display=\"block\" data-pf_style_visibility=\"visible\">\n<p class=\" content-text__container \" data-track-category=\"Link no Texto\" data-track-links=\"\" data-pf_style_display=\"block\" data-pf_style_visibility=\"visible\"><span class=\"text-node\">\ud83d\udd25 Para 2025, ainda sem previs\u00e3o de El Ni\u00f1o, a expectativa \u00e9 de que o ano seja menos quente que 2024. No entanto, isso n\u00e3o significa uma tr\u00e9gua no calor. <\/span><\/p>\n<\/div>\n<\/div>\n<div id=\"chunk-fh6oa\" data-pf_style_display=\"block\" data-pf_style_visibility=\"visible\">\n<div class=\"mc-column content-text active-extra-styles \" data-block-type=\"unstyled\" data-block-weight=\"46\" data-pf_style_display=\"block\" data-pf_style_visibility=\"visible\">\n<p class=\" content-text__container \" data-track-category=\"Link no Texto\" data-track-links=\"\" data-pf_style_display=\"block\" data-pf_style_visibility=\"visible\"><span class=\"text-node\">A an\u00e1lise do Centro de Previs\u00e3o de Tempo e Estudos Clim\u00e1ticos (Cptec), ligado ao Minist\u00e9rio da Ci\u00eancia, Tecnologia e Inova\u00e7\u00e3o, mostra que, ao menos nos primeiros tr\u00eas meses do ano, o calor deve permanecer acima da m\u00e9dia em todo o pa\u00eds.<\/span><em data-pf_style_display=\"inline\" data-pf_style_visibility=\"visible\"><span class=\"text-node\">(Veja a previs\u00e3o abaixo)<\/span><\/em><\/p>\n<\/div>\n<\/div>\n<div id=\"chunk-poul\" data-pf_style_display=\"block\" data-pf_style_visibility=\"visible\">\n<div class=\"content-ads content-ads--reveal\" data-block-type=\"ads\" data-pf_style_display=\"block\" data-pf_style_visibility=\"visible\"><img data-recalc-dims=\"1\" loading=\"lazy\" decoding=\"async\" data-attachment-id=\"36402\" data-permalink=\"http:\/\/blogdalucianaoliveira.com.br\/blog\/2025\/01\/07\/veja-o-que-esperar-do-clima-para-o-brasil-em-2025\/img_5486\/\" data-orig-file=\"https:\/\/i0.wp.com\/blogdalucianaoliveira.com.br\/blog\/wp-content\/uploads\/2025\/01\/IMG_5486.jpeg?fit=1170%2C2094\" data-orig-size=\"1170,2094\" data-comments-opened=\"0\" data-image-meta=\"{&quot;aperture&quot;:&quot;0&quot;,&quot;credit&quot;:&quot;&quot;,&quot;camera&quot;:&quot;&quot;,&quot;caption&quot;:&quot;&quot;,&quot;created_timestamp&quot;:&quot;0&quot;,&quot;copyright&quot;:&quot;&quot;,&quot;focal_length&quot;:&quot;0&quot;,&quot;iso&quot;:&quot;0&quot;,&quot;shutter_speed&quot;:&quot;0&quot;,&quot;title&quot;:&quot;&quot;,&quot;orientation&quot;:&quot;1&quot;}\" data-image-title=\"IMG_5486\" data-image-description=\"\" data-image-caption=\"\" data-medium-file=\"https:\/\/i0.wp.com\/blogdalucianaoliveira.com.br\/blog\/wp-content\/uploads\/2025\/01\/IMG_5486.jpeg?fit=168%2C300\" data-large-file=\"https:\/\/i0.wp.com\/blogdalucianaoliveira.com.br\/blog\/wp-content\/uploads\/2025\/01\/IMG_5486.jpeg?fit=572%2C1024\" class=\"alignnone size-medium wp-image-36402\" src=\"https:\/\/i0.wp.com\/blogdalucianaoliveira.com.br\/blog\/wp-content\/uploads\/2025\/01\/IMG_5486.jpeg?resize=168%2C300\" alt=\"\" width=\"168\" height=\"300\" srcset=\"https:\/\/i0.wp.com\/blogdalucianaoliveira.com.br\/blog\/wp-content\/uploads\/2025\/01\/IMG_5486.jpeg?resize=168%2C300 168w, https:\/\/i0.wp.com\/blogdalucianaoliveira.com.br\/blog\/wp-content\/uploads\/2025\/01\/IMG_5486.jpeg?resize=572%2C1024 572w, https:\/\/i0.wp.com\/blogdalucianaoliveira.com.br\/blog\/wp-content\/uploads\/2025\/01\/IMG_5486.jpeg?resize=768%2C1375 768w, https:\/\/i0.wp.com\/blogdalucianaoliveira.com.br\/blog\/wp-content\/uploads\/2025\/01\/IMG_5486.jpeg?resize=858%2C1536 858w, https:\/\/i0.wp.com\/blogdalucianaoliveira.com.br\/blog\/wp-content\/uploads\/2025\/01\/IMG_5486.jpeg?resize=1144%2C2048 1144w, https:\/\/i0.wp.com\/blogdalucianaoliveira.com.br\/blog\/wp-content\/uploads\/2025\/01\/IMG_5486.jpeg?w=1170 1170w\" sizes=\"auto, (max-width: 168px) 100vw, 168px\" \/><\/div>\n<\/div>\n<div id=\"chunk-14ver\" data-pf_style_display=\"block\" data-pf_style_visibility=\"visible\">\n<div class=\"row medium-uncollapsed content-media content-photo\" data-block-type=\"backstage-photo\" data-pf_style_display=\"block\" data-pf_style_visibility=\"visible\">\n<div class=\" mc-column  content-media__container\" data-pf_style_display=\"block\" data-pf_style_visibility=\"visible\">\n<p class=\"content-media__description  \" data-pf_style_display=\"block\" data-pf_style_visibility=\"visible\"><span class=\"text-node\">Brasil tem previs\u00e3o de temperaturas acima da m\u00e9dia em 2025 \u2014 Foto: Arte\/g1 <\/span><\/p>\n<\/div>\n<\/div>\n<\/div>\n<div id=\"chunk-3081k\" data-pf_style_display=\"block\" data-pf_style_visibility=\"visible\">\n<div class=\"mc-column content-text active-extra-styles \" data-block-type=\"unstyled\" data-block-weight=\"31\" data-pf_style_display=\"block\" data-pf_style_visibility=\"visible\">\n<p class=\" content-text__container \" data-track-category=\"Link no Texto\" data-track-links=\"\" data-pf_style_display=\"block\" data-pf_style_visibility=\"visible\"><span class=\"text-node\">\ud83d\udd25 Segundo o Instituto Nacional de Previs\u00e3o do Tempo (Inmet) <\/span><span class=\"highlight\" data-pf_style_display=\"inline\" data-pf_style_visibility=\"visible\"><span class=\"text-node\">os piores cen\u00e1rios podem ocorrer nas regi\u00f5es Norte e Nordeste, que devem ficar 0,5\u00b0C e 1\u00b0C acima da m\u00e9dia, respectivamente. <\/span><\/span><\/p>\n<\/div>\n<\/div>\n<div id=\"chunk-77pvt\" data-pf_style_display=\"block\" data-pf_style_visibility=\"visible\">\n<div class=\"mc-column content-text active-extra-styles\" data-block-type=\"raw\" data-block-weight=\"5\" data-pf_style_display=\"block\" data-pf_style_visibility=\"visible\">\n<div class=\"content-intertitle\" data-pf_style_display=\"block\" data-pf_style_visibility=\"visible\">\n<h2 data-pf_style_display=\"block\" data-pf_style_visibility=\"visible\"><span class=\"text-node\">2025 pode ter eventos extremos<\/span><\/h2>\n<\/div>\n<\/div>\n<\/div>\n<div id=\"chunk-8v5ok\" data-pf_style_display=\"block\" data-pf_style_visibility=\"visible\">\n<div class=\"mc-column content-text active-extra-styles \" data-block-type=\"unstyled\" data-block-weight=\"46\" data-pf_style_display=\"block\" data-pf_style_visibility=\"visible\">\n<p class=\" content-text__container \" data-track-category=\"Link no Texto\" data-track-links=\"\" data-pf_style_display=\"block\" data-pf_style_visibility=\"visible\"><span class=\"text-node\">O ano passado foi marcado por cat\u00e1strofes, dentro e fora do pa\u00eds, causadas por chuvas intensas. No Rio Grande do Sul, cidades foram completamente devastadas, com mais de uma centena de mortos. Os temporais tamb\u00e9m resultaram em mortes nos Estados Unidos, na Espanha e na \u00c1frica. <\/span><\/p>\n<\/div>\n<\/div>\n<div id=\"chunk-3s97j\" data-pf_style_display=\"block\" data-pf_style_visibility=\"visible\">\n<div class=\"mc-column content-text active-extra-styles \" data-block-type=\"unstyled\" data-block-weight=\"56\" data-pf_style_display=\"block\" data-pf_style_visibility=\"visible\">\n<p class=\" content-text__container \" data-track-category=\"Link no Texto\" data-track-links=\"\" data-pf_style_display=\"block\" data-pf_style_visibility=\"visible\"><span class=\"text-node\">Segundo especialistas, esses desastres t\u00eam uma causa em comum: <\/span><strong data-pf_style_display=\"inline\" data-pf_style_visibility=\"visible\"><span class=\"text-node\">o aquecimento dos oceanos<\/span><\/strong><span class=\"text-node\">.<\/span><span class=\"text-node\">Para Regina Rodrigues, refer\u00eancia em pesquisas sobre o Atl\u00e2ntico e suas ondas de calor, que atua na Organiza\u00e7\u00e3o Meteorol\u00f3gica Mundial (OMM), o cen\u00e1rio atual dos oceanos, ainda com temperaturas acima da m\u00e9dia, pode fazer com que eventos extremos continuem ao longo de 2025. <\/span><\/p>\n<\/div>\n<\/div>\n<div id=\"chunk-57vkh\" data-pf_style_display=\"block\" data-pf_style_visibility=\"visible\">\n<div class=\"content-ads content-ads--reveal\" data-block-type=\"ads\" data-pf_style_display=\"block\" data-pf_style_visibility=\"visible\"><\/div>\n<\/div>\n<div id=\"chunk-thla\" data-pf_style_display=\"block\" data-pf_style_visibility=\"visible\">\n<div class=\"mc-column content-text active-extra-styles \" data-block-type=\"unstyled\" data-block-weight=\"42\" data-pf_style_display=\"block\" data-pf_style_visibility=\"visible\">\n<p class=\" content-text__container \" data-track-category=\"Link no Texto\" data-track-links=\"\" data-pf_style_display=\"block\" data-pf_style_visibility=\"visible\"><span class=\"text-node\">\u27a1\ufe0f <\/span><strong data-pf_style_display=\"inline\" data-pf_style_visibility=\"visible\"><span class=\"text-node\">Por que isso acontece? <\/span><\/strong><span class=\"text-node\">Os oceanos funcionam como \u201cbols\u00f5es\u201d capturando o calor, minimizando os impactos na Terra. Com as \u00e1guas mais quentes, elas evaporam mais rapidamente, concentrando mais umidade na atmosfera. Isso resulta em chuvas mais intensas e de curta dura\u00e7\u00e3o. <\/span><\/p>\n<\/div>\n<\/div>\n<div id=\"chunk-bmb71\" data-pf_style_display=\"block\" data-pf_style_visibility=\"visible\">\n<div class=\"mc-column content-text active-extra-styles \" data-block-type=\"unstyled\" data-block-weight=\"37\" data-pf_style_display=\"block\" data-pf_style_visibility=\"visible\">\n<p class=\" content-text__container \" data-track-category=\"Link no Texto\" data-track-links=\"\" data-pf_style_display=\"block\" data-pf_style_visibility=\"visible\"><span class=\"text-node\">Regina explica que ainda n\u00e3o \u00e9 poss\u00edvel prever quais regi\u00f5es ser\u00e3o mais afetadas ou como esses eventos podem ocorrer, mas os desastres de 2024, como o caso do Rio Grande do Sul, demonstram a gravidade do impacto. <\/span><\/p>\n<\/div>\n<\/div>\n<div id=\"chunk-e6088\" data-pf_style_display=\"block\" data-pf_style_visibility=\"visible\">\n<div class=\"mc-column content-text active-extra-styles\" data-block-type=\"quote-plugin\" data-pf_style_display=\"block\" data-pf_style_visibility=\"visible\">\n<div class=\"show-block-quote\" data-pf_style_display=\"block\" data-pf_style_visibility=\"visible\">\n<div class=\"show-block-quote__caption\" data-pf_style_display=\"block\" data-pf_style_visibility=\"visible\"><span data-pf_style_display=\"inline\" data-pf_style_visibility=\"visible\"><span class=\"text-node\">Vamos continuar vendo eventos extremos porque as \u00e1guas continuam quentes. Um ponto complexo \u00e9 que est\u00e1 ficando cada vez mais dif\u00edcil prever a intensidade desses desastres, porque o padr\u00e3o do clima est\u00e1 mudando muito rapidamente. \u00c9 um risco cada vez maior para as cidades. <\/span><\/span><\/div>\n<div class=\"show-block-quote__author\" data-pf_style_display=\"block\" data-pf_style_visibility=\"visible\"><span data-pf_style_display=\"inline\" data-pf_style_visibility=\"visible\"><span class=\"text-node\">\u2014 Regina Rodrigues, refer\u00eancia em pesquisas sobre o Atl\u00e2ntico e suas ondas de calor. <\/span><\/span><\/div>\n<\/div>\n<\/div>\n<\/div>\n<div id=\"chunk-buh6d\" data-pf_style_display=\"block\" data-pf_style_visibility=\"visible\">\n<div class=\"mc-column content-text active-extra-styles \" data-block-type=\"unstyled\" data-block-weight=\"53\" data-pf_style_display=\"block\" data-pf_style_visibility=\"visible\">\n<p class=\" content-text__container \" data-track-category=\"Link no Texto\" data-track-links=\"\" data-pf_style_display=\"block\" data-pf_style_visibility=\"visible\"><strong data-pf_style_display=\"inline\" data-pf_style_visibility=\"visible\"><span class=\"text-node\">A dificuldade em prever desastres \u00e9 um ponto levantado por especialistas. <\/span><\/strong><span class=\"text-node\">Os modelos s\u00e3o feitos com base no hist\u00f3rico do clima ao longo de dezenas de anos. No entanto, o que estamos vendo acontecer \u00e9 uma mudan\u00e7a acelerada no padr\u00e3o, o que faz com que as leituras n\u00e3o sejam mais t\u00e3o exatas. <\/span><\/p>\n<\/div>\n<\/div>\n<div id=\"chunk-1tot1\" data-pf_style_display=\"block\" data-pf_style_visibility=\"visible\">\n<div class=\"content-ads content-ads--reveal\" data-block-type=\"ads\" data-pf_style_display=\"block\" data-pf_style_visibility=\"visible\"><\/div>\n<\/div>\n<div id=\"chunk-coqmb\" data-pf_style_display=\"block\" data-pf_style_visibility=\"visible\">\n<div class=\"mc-column content-text active-extra-styles \" data-block-type=\"unstyled\" data-block-weight=\"45\" data-pf_style_display=\"block\" data-pf_style_visibility=\"visible\">\n<p class=\" content-text__container \" data-track-category=\"Link no Texto\" data-track-links=\"\" data-pf_style_display=\"block\" data-pf_style_visibility=\"visible\"><span class=\"text-node\">Representantes do Cemaden, \u00f3rg\u00e3o respons\u00e1vel pelo monitoramento de desastres no pa\u00eds, explicam que no caso do Rio Grande do Sul, por exemplo, foi poss\u00edvel prever uma chuva intensa e um alerta foi feito, mas nenhum deles tinha a dimens\u00e3o do que, de fato, aconteceu. <\/span><\/p>\n<\/div>\n<\/div>\n<div id=\"chunk-a58s1\" data-pf_style_display=\"block\" data-pf_style_visibility=\"visible\">\n<div class=\"show-multicontent-block\" data-pf_style_display=\"block\" data-pf_style_visibility=\"visible\"><\/div>\n<\/div>\n<div id=\"chunk-b4b01\" data-pf_style_display=\"block\" data-pf_style_visibility=\"visible\">\n<div class=\"mc-column content-text active-extra-styles\" data-block-type=\"quote-plugin\" data-pf_style_display=\"block\" data-pf_style_visibility=\"visible\">\n<div class=\"show-block-quote\" data-pf_style_display=\"block\" data-pf_style_visibility=\"visible\">\n<div class=\"show-block-quote__caption\" data-pf_style_display=\"block\" data-pf_style_visibility=\"visible\"><span data-pf_style_display=\"inline\" data-pf_style_visibility=\"visible\"><span class=\"text-node\">Estamos vivendo um aquecimento acelerado que faz com que os eventos extremos n\u00e3o tenham mais volta. Chegamos a um ponto que est\u00e1 dif\u00edcil de prever o qu\u00e3o destrutivo eles podem ser. Na minha an\u00e1lise, o ano de 2025 vai ser de extremos tamb\u00e9m. <\/span><\/span><\/div>\n<div class=\"show-block-quote__author\" data-pf_style_display=\"block\" data-pf_style_visibility=\"visible\"><span data-pf_style_display=\"inline\" data-pf_style_visibility=\"visible\"><span class=\"text-node\">\u2014 Karina Bruno Lima, doutoranda em Climatologia pela Universidade Federal do Rio Grande do Sul (UFRGS) e divulgadora cient\u00edfica sobre mudan\u00e7as clim\u00e1ticas. <\/span><\/span><\/div>\n<\/div>\n<\/div>\n<\/div>\n<div id=\"chunk-bvvrm\" data-pf_style_display=\"block\" data-pf_style_visibility=\"visible\">\n<div class=\"content-ads content-ads--reveal\" data-block-type=\"ads\" data-pf_style_display=\"block\" data-pf_style_visibility=\"visible\"><\/div>\n<\/div>\n<div id=\"chunk-bprdu\" data-pf_style_display=\"block\" data-pf_style_visibility=\"visible\">\n<div class=\"mc-column content-text active-extra-styles\" data-block-type=\"raw\" data-block-weight=\"4\" data-pf_style_display=\"block\" data-pf_style_visibility=\"visible\">\n<div class=\"content-intertitle\" data-pf_style_display=\"block\" data-pf_style_visibility=\"visible\">\n<h2 data-pf_style_display=\"block\" data-pf_style_visibility=\"visible\"><span class=\"text-node\">Chuva abaixo da m\u00e9dia<\/span><\/h2>\n<\/div>\n<\/div>\n<\/div>\n<div id=\"chunk-a3c9q\" data-pf_style_display=\"block\" data-pf_style_visibility=\"visible\">\n<div class=\"mc-column content-text active-extra-styles \" data-block-type=\"unstyled\" data-block-weight=\"37\" data-pf_style_display=\"block\" data-pf_style_visibility=\"visible\">\n<p class=\" content-text__container \" data-track-category=\"Link no Texto\" data-track-links=\"\" data-pf_style_display=\"block\" data-pf_style_visibility=\"visible\"><span class=\"text-node\">A expectativa era a chegada de uma La Ni\u00f1a ainda em 2024. O fen\u00f4meno reduz a temperatura do oceano, o que traz mais chuvas, principalmente para o Norte do pa\u00eds. Com isso, esperava-se uma tr\u00e9gua na estiagem. <\/span><\/p>\n<\/div>\n<\/div>\n<div id=\"chunk-b5b1g\" data-pf_style_display=\"block\" data-pf_style_visibility=\"visible\">\n<div class=\"mc-column content-text active-extra-styles \" data-block-type=\"unstyled\" data-block-weight=\"50\" data-pf_style_display=\"block\" data-pf_style_visibility=\"visible\">\n<p class=\" content-text__container \" data-track-category=\"Link no Texto\" data-track-links=\"\" data-pf_style_display=\"block\" data-pf_style_visibility=\"visible\"><span class=\"text-node\">No entanto, desde setembro, o fen\u00f4meno vem atrasando e perdendo for\u00e7a. Segundo os \u00f3rg\u00e3os internacionais de meteorologia, a La Ni\u00f1a deve ocorrer em janeiro. O oceano Pac\u00edfico, onde o fen\u00f4meno se configura, j\u00e1 apresenta baixas temperaturas. <\/span><span class=\"highlight\" data-pf_style_display=\"inline\" data-pf_style_visibility=\"visible\"><span class=\"text-node\">Por\u00e9m, a La Ni\u00f1a ser\u00e1 fraca e breve, com dura\u00e7\u00e3o estimada de tr\u00eas meses.<\/span><\/span><\/p>\n<\/div>\n<\/div>\n<div id=\"chunk-er3lg\" data-pf_style_display=\"block\" data-pf_style_visibility=\"visible\">\n<div class=\"mc-column content-text active-extra-styles\" data-block-type=\"raw\" data-block-weight=\"18\" data-pf_style_display=\"block\" data-pf_style_visibility=\"visible\">\n<blockquote class=\"content-blockquote theme-border-color-primary-before\" data-pf_style_display=\"block\" data-pf_style_visibility=\"visible\"><p><span class=\"text-node\">Com esse cen\u00e1rio, os meteorologistas explicam que, diferentemente do que era esperado, ela n\u00e3o deve fortalecer as chuvas.<\/span><\/p><\/blockquote>\n<\/div>\n<\/div>\n<div id=\"chunk-c1d32\" data-pf_style_display=\"block\" data-pf_style_visibility=\"visible\">\n<div class=\"mc-column content-text active-extra-styles \" data-block-type=\"unstyled\" data-block-weight=\"37\" data-pf_style_display=\"block\" data-pf_style_visibility=\"visible\">\n<p class=\" content-text__container \" data-track-category=\"Link no Texto\" data-track-links=\"\" data-pf_style_display=\"block\" data-pf_style_visibility=\"visible\"><span class=\"text-node\">\u201cInfelizmente, da forma como se configurou essa La Ni\u00f1a, ela tem pouco impacto nas chuvas e n\u00e3o vai trazer o al\u00edvio que esper\u00e1vamos\u201d, explica Marcelo Seluchi, do Centro Nacional de Monitoramento e Alertas de Desastres Naturais (Cemaden). <\/span><\/p>\n<\/div>\n<\/div>\n<div id=\"chunk-8dh1f\" data-pf_style_display=\"block\" data-pf_style_visibility=\"visible\">\n<div class=\"mc-column content-text active-extra-styles \" data-block-type=\"unstyled\" data-block-weight=\"29\" data-pf_style_display=\"block\" data-pf_style_visibility=\"visible\">\n<p class=\" content-text__container \" data-track-category=\"Link no Texto\" data-track-links=\"\" data-pf_style_display=\"block\" data-pf_style_visibility=\"visible\"><span class=\"text-node\">Segundo as an\u00e1lises do Inmet e do Cptec, as chuvas devem ficar abaixo da m\u00e9dia no pa\u00eds, pelo menos nesses primeiros tr\u00eas meses do ano. (<\/span><em data-pf_style_display=\"inline\" data-pf_style_visibility=\"visible\"><span class=\"text-node\">Veja o mapa abaixo)<\/span><\/em><\/p>\n<\/div>\n<\/div>\n<div id=\"chunk-9klqo\" data-pf_style_display=\"block\" data-pf_style_visibility=\"visible\">\n<div class=\"row medium-uncollapsed content-media content-photo\" data-block-type=\"backstage-photo\" data-pf_style_display=\"block\" data-pf_style_visibility=\"visible\">\n<div class=\" mc-column  content-media__container\" data-pf_style_display=\"block\" data-pf_style_visibility=\"visible\">\n<div class=\"content-media-container glb-skeleton-box\" data-pf_style_display=\"block\" data-pf_style_visibility=\"visible\"><img data-recalc-dims=\"1\" loading=\"lazy\" decoding=\"async\" data-attachment-id=\"36403\" data-permalink=\"http:\/\/blogdalucianaoliveira.com.br\/blog\/2025\/01\/07\/veja-o-que-esperar-do-clima-para-o-brasil-em-2025\/img_5487\/\" data-orig-file=\"https:\/\/i0.wp.com\/blogdalucianaoliveira.com.br\/blog\/wp-content\/uploads\/2025\/01\/IMG_5487.jpeg?fit=1170%2C1927\" data-orig-size=\"1170,1927\" data-comments-opened=\"0\" data-image-meta=\"{&quot;aperture&quot;:&quot;0&quot;,&quot;credit&quot;:&quot;&quot;,&quot;camera&quot;:&quot;&quot;,&quot;caption&quot;:&quot;&quot;,&quot;created_timestamp&quot;:&quot;0&quot;,&quot;copyright&quot;:&quot;&quot;,&quot;focal_length&quot;:&quot;0&quot;,&quot;iso&quot;:&quot;0&quot;,&quot;shutter_speed&quot;:&quot;0&quot;,&quot;title&quot;:&quot;&quot;,&quot;orientation&quot;:&quot;1&quot;}\" data-image-title=\"IMG_5487\" data-image-description=\"\" data-image-caption=\"\" data-medium-file=\"https:\/\/i0.wp.com\/blogdalucianaoliveira.com.br\/blog\/wp-content\/uploads\/2025\/01\/IMG_5487.jpeg?fit=182%2C300\" data-large-file=\"https:\/\/i0.wp.com\/blogdalucianaoliveira.com.br\/blog\/wp-content\/uploads\/2025\/01\/IMG_5487.jpeg?fit=600%2C988\" class=\"alignnone size-medium wp-image-36403\" src=\"https:\/\/i0.wp.com\/blogdalucianaoliveira.com.br\/blog\/wp-content\/uploads\/2025\/01\/IMG_5487.jpeg?resize=182%2C300\" alt=\"\" width=\"182\" height=\"300\" srcset=\"https:\/\/i0.wp.com\/blogdalucianaoliveira.com.br\/blog\/wp-content\/uploads\/2025\/01\/IMG_5487.jpeg?resize=182%2C300 182w, https:\/\/i0.wp.com\/blogdalucianaoliveira.com.br\/blog\/wp-content\/uploads\/2025\/01\/IMG_5487.jpeg?resize=622%2C1024 622w, https:\/\/i0.wp.com\/blogdalucianaoliveira.com.br\/blog\/wp-content\/uploads\/2025\/01\/IMG_5487.jpeg?resize=768%2C1265 768w, https:\/\/i0.wp.com\/blogdalucianaoliveira.com.br\/blog\/wp-content\/uploads\/2025\/01\/IMG_5487.jpeg?resize=933%2C1536 933w, https:\/\/i0.wp.com\/blogdalucianaoliveira.com.br\/blog\/wp-content\/uploads\/2025\/01\/IMG_5487.jpeg?w=1170 1170w\" sizes=\"auto, (max-width: 182px) 100vw, 182px\" \/><\/div>\n<p class=\"content-media__description  \" data-pf_style_display=\"block\" data-pf_style_visibility=\"visible\"><span class=\"text-node\">Dados mostram tend\u00eancia de chuva abaixo da m\u00e9dia, pelo menos no primeiro trimestre \u2014 Foto: Arte\/g1 <\/span><\/p>\n<\/div>\n<\/div>\n<\/div>\n<div id=\"chunk-4q4ji\" data-pf_style_display=\"block\" data-pf_style_visibility=\"visible\">\n<div class=\"content-ads content-ads--reveal\" data-block-type=\"ads\" data-pf_style_display=\"block\" data-pf_style_visibility=\"visible\"><\/div>\n<\/div>\n<div id=\"chunk-cm5at\" data-pf_style_display=\"block\" data-pf_style_visibility=\"visible\">\n<div class=\"mc-column content-text active-extra-styles\" data-block-type=\"raw\" data-block-weight=\"4\" data-pf_style_display=\"block\" data-pf_style_visibility=\"visible\">\n<div class=\"content-intertitle\" data-pf_style_display=\"block\" data-pf_style_visibility=\"visible\">\n<h2 data-pf_style_display=\"block\" data-pf_style_visibility=\"visible\"><em data-pf_style_display=\"inline\" data-pf_style_visibility=\"visible\"><span class=\"text-node\">S<\/span><\/em><span class=\"text-node\">eca deve se estender<\/span><\/h2>\n<\/div>\n<\/div>\n<\/div>\n<div id=\"chunk-amfbu\" data-pf_style_display=\"block\" data-pf_style_visibility=\"visible\">\n<div class=\"mc-column content-text active-extra-styles \" data-block-type=\"unstyled\" data-block-weight=\"43\" data-pf_style_display=\"block\" data-pf_style_visibility=\"visible\">\n<p class=\" content-text__container \" data-track-category=\"Link no Texto\" data-track-links=\"\" data-pf_style_display=\"block\" data-pf_style_visibility=\"visible\"><span class=\"text-node\">A seca que afeta o Brasil j\u00e1 dura 18 meses. Iniciada em junho de 2023, a estiagem n\u00e3o deu tr\u00e9gua e continua impactando centenas de cidades no pa\u00eds. <\/span><strong data-pf_style_display=\"inline\" data-pf_style_visibility=\"visible\"><span class=\"text-node\">Esse cen\u00e1rio se reflete em rios secos, comunidades isoladas e perdas bilion\u00e1rias para a economia.<\/span><\/strong><\/p>\n<\/div>\n<\/div>\n<div id=\"chunk-84iu8\" data-pf_style_display=\"block\" data-pf_style_visibility=\"visible\">\n<div class=\"mc-column content-text active-extra-styles \" data-block-type=\"unstyled\" data-block-weight=\"52\" data-pf_style_display=\"block\" data-pf_style_visibility=\"visible\">\n<p class=\" content-text__container \" data-track-category=\"Link no Texto\" data-track-links=\"\" data-pf_style_display=\"block\" data-pf_style_visibility=\"visible\"><span class=\"text-node\">Com o cen\u00e1rio previsto para 2025, especialmente no primeiro trimestre, com chuvas abaixo da m\u00e9dia e temperaturas elevadas, a estiagem deve persistir. Segundo Luis Marcelo Zeri, pesquisador que monitora a seca no pa\u00eds e fornece dados ao governo federal, <\/span><span class=\"highlight\" data-pf_style_display=\"inline\" data-pf_style_visibility=\"visible\"><span class=\"text-node\">ainda n\u00e3o h\u00e1 previs\u00e3o de se e quando ela deve terminar em 2025.<\/span><\/span><\/p>\n<\/div>\n<\/div>\n<div id=\"chunk-f6t2q\" data-pf_style_display=\"block\" data-pf_style_visibility=\"visible\">\n<div class=\"mc-column content-text active-extra-styles \" data-block-type=\"unstyled\" data-block-weight=\"30\" data-pf_style_display=\"block\" data-pf_style_visibility=\"visible\">\n<p class=\" content-text__container \" data-track-category=\"Link no Texto\" data-track-links=\"\" data-pf_style_display=\"block\" data-pf_style_visibility=\"visible\"><span class=\"text-node\">\u27a1\ufe0fO pesquisador aponta que h\u00e1 regi\u00f5es em que ela est\u00e1 perdendo for\u00e7a, por causa das chuvas de ver\u00e3o. No entanto, isso n\u00e3o \u00e9 o bastante para reverter o cen\u00e1rio. <\/span><\/p>\n<\/div>\n<\/div>\n<div id=\"chunk-86b9a\" data-pf_style_display=\"block\" data-pf_style_visibility=\"visible\">\n<div class=\"mc-column content-text active-extra-styles\" data-block-type=\"quote-plugin\" data-pf_style_display=\"block\" data-pf_style_visibility=\"visible\">\n<div class=\"show-block-quote\" data-pf_style_display=\"block\" data-pf_style_visibility=\"visible\">\n<div class=\"show-block-quote__caption\" data-pf_style_display=\"block\" data-pf_style_visibility=\"visible\"><span data-pf_style_display=\"inline\" data-pf_style_visibility=\"visible\"><span class=\"text-node\">A proje\u00e7\u00e3o \u00e9 que a seca persista, principalmente, na regi\u00e3o central do Brasil. N\u00e3o estamos vendo chuvas acima da m\u00e9dia por meses para poder nos recuperarmos. O d\u00e9ficit que o pa\u00eds tinha era muito alto. <\/span><\/span><\/div>\n<div class=\"show-block-quote__author\" data-pf_style_display=\"block\" data-pf_style_visibility=\"visible\"><span data-pf_style_display=\"inline\" data-pf_style_visibility=\"visible\"><span class=\"text-node\">\u2014 Luis Marcelo Zeri, pesquisador que atua no monitoramento da seca no Cemaden. <\/span><\/span><\/div>\n<\/div>\n<\/div>\n<\/div>\n<div id=\"chunk-ehons\" data-pf_style_display=\"block\" data-pf_style_visibility=\"visible\">\n<div class=\"content-ads content-ads--reveal\" data-block-type=\"ads\" data-pf_style_display=\"block\" data-pf_style_visibility=\"visible\"><\/div>\n<\/div>\n<div id=\"chunk-ab1vi\" data-pf_style_display=\"block\" data-pf_style_visibility=\"visible\">\n<div class=\"mc-column content-text active-extra-styles \" data-block-type=\"unstyled\" data-block-weight=\"29\" data-pf_style_display=\"block\" data-pf_style_visibility=\"visible\">\n<p class=\" content-text__container \" data-track-category=\"Link no Texto\" data-track-links=\"\" data-pf_style_display=\"block\" data-pf_style_visibility=\"visible\"><span class=\"text-node\">Para o meteorologista Marcelo Seluchi, do Centro Nacional de Monitoramento e Alertas de Desastres Naturais, os dados refor\u00e7am que o pa\u00eds n\u00e3o deve ter um respiro t\u00e3o pr\u00f3ximo. <\/span><\/p>\n<\/div>\n<\/div>\n<div id=\"chunk-6eoek\" data-pf_style_display=\"block\" data-pf_style_visibility=\"visible\">\n<div class=\"mc-column content-text active-extra-styles \" data-block-type=\"unstyled\" data-block-weight=\"67\" data-pf_style_display=\"block\" data-pf_style_visibility=\"visible\">\n<p class=\" content-text__container \" data-track-category=\"Link no Texto\" data-track-links=\"\" data-pf_style_display=\"block\" data-pf_style_visibility=\"visible\"><span class=\"text-node\">\u201cA gente tem uma indica\u00e7\u00e3o de que a chuva deve ficar acima da m\u00e9dia na regi\u00e3o da Amaz\u00f4nia, mas n\u00e3o o suficiente. Est\u00e1 abaixo do que esper\u00e1vamos e que poderia trazer algum respiro depois de uma seca t\u00e3o intensa. Seria preciso chuvas em n\u00edveis maiores para vermos uma melhora no cen\u00e1rio\u201d, explica o meteorologista Marcelo Seluchi, do Centro Nacional de Monitoramento e Alertas de Desastres Naturais (Cemaden). <\/span><\/p>\n<\/div>\n<\/div>\n<div id=\"chunk-eavdf\" data-pf_style_display=\"block\" data-pf_style_visibility=\"visible\">\n<div class=\"bs-video-block mc-column   content-media content-video\" data-block-type=\"backstage-video\" data-pf_style_display=\"block\" data-pf_style_visibility=\"visible\">\n<div class=\"content-media__container\" data-pf_style_display=\"block\" data-pf_style_visibility=\"visible\">\n<div class=\"content-video__bigger-player-description-fixer\" data-pf_style_display=\"block\" data-pf_style_visibility=\"visible\">\n<article class=\"content-video\" data-pf_style_display=\"block\" data-pf_style_visibility=\"visible\">\n<section class=\"content-video__video-container\" data-pf_style_display=\"block\" data-pf_style_visibility=\"visible\">\n<div class=\"content-video__video\" data-pf_style_display=\"block\" data-pf_style_visibility=\"visible\">\n<div class=\"content-video__placeholder\" data-video-id=\"13223677\" data-video-has-viewport-play=\"True\" data-pf_style_display=\"block\" data-pf_style_visibility=\"visible\"><img data-recalc-dims=\"1\" decoding=\"async\" class=\"content-video__placeholder__thumb pf-large-image flex-width pf-size-full mediumImage\" title=\"Retrospectiva 2025 em Roraima: seca hist\u00f3rica, garimpo ilegal, desvios e mais\" src=\"https:\/\/i0.wp.com\/s02.video.glbimg.com\/x240\/13223677.jpg?w=600&#038;ssl=1\" alt=\"Retrospectiva 2025 em Roraima: seca hist\u00f3rica, garimpo ilegal, desvios e mais\" data-pf_style_display=\"block\" data-pf_style_visibility=\"visible\" data-pf_rect_width=\"759.515625\" data-pf_rect_height=\"427.21875\" \/><\/div>\n<\/div>\n<\/section>\n<\/article>\n<\/div>\n<p class=\"content-media__description\" data-pf_style_display=\"block\" data-pf_style_visibility=\"visible\"><span class=\"text-node\">Retrospectiva 2025 em Roraima: seca hist\u00f3rica, garimpo ilegal, desvios e mais <\/span><\/p>\n<\/div>\n<\/div>\n<\/div>\n<div id=\"chunk-fkgde\" data-pf_style_display=\"block\" data-pf_style_visibility=\"visible\">\n<div class=\"mc-column content-text active-extra-styles\" data-block-type=\"raw\" data-block-weight=\"6\" data-pf_style_display=\"block\" data-pf_style_visibility=\"visible\">\n<div class=\"content-intertitle\" data-pf_style_display=\"block\" data-pf_style_visibility=\"visible\">\n<h2 data-pf_style_display=\"block\" data-pf_style_visibility=\"visible\"><span class=\"text-node\">O que fazer com este cen\u00e1rio?<\/span><\/h2>\n<\/div>\n<\/div>\n<\/div>\n<div id=\"chunk-70gg1\" data-pf_style_display=\"block\" data-pf_style_visibility=\"visible\">\n<div class=\"content-ads content-ads--reveal\" data-block-type=\"ads\" data-pf_style_display=\"block\" data-pf_style_visibility=\"visible\"><\/div>\n<\/div>\n<div id=\"chunk-d1sek\" data-pf_style_display=\"block\" data-pf_style_visibility=\"visible\">\n<div class=\"mc-column content-text active-extra-styles \" data-block-type=\"unstyled\" data-block-weight=\"43\" data-pf_style_display=\"block\" data-pf_style_visibility=\"visible\">\n<p class=\" content-text__container \" data-track-category=\"Link no Texto\" data-track-links=\"\" data-pf_style_display=\"block\" data-pf_style_visibility=\"visible\"><span class=\"text-node\">Os especialistas s\u00e3o un\u00edssonos em dizer que o que se desenha no Brasil \u00e9 reflexo das mudan\u00e7as clim\u00e1ticas, com o aquecimento global. Com isso, <\/span><span class=\"highlight\" data-pf_style_display=\"inline\" data-pf_style_visibility=\"visible\"><span class=\"text-node\">a \u00fanica solu\u00e7\u00e3o \u00e9 rever as metas para minimizar emiss\u00f5es e refor\u00e7ar os esfor\u00e7os para a transi\u00e7\u00e3o energ\u00e9tica. <\/span><\/span><\/p>\n<\/div>\n<\/div>\n<div id=\"chunk-ceco4\" data-pf_style_display=\"block\" data-pf_style_visibility=\"visible\">\n<div class=\"mc-column content-text active-extra-styles \" data-block-type=\"unstyled\" data-block-weight=\"45\" data-pf_style_display=\"block\" data-pf_style_visibility=\"visible\">\n<p class=\" content-text__container \" data-track-category=\"Link no Texto\" data-track-links=\"\" data-pf_style_display=\"block\" data-pf_style_visibility=\"visible\"><span class=\"text-node\">Neste ano, o pa\u00eds recebe a Confer\u00eancia do Clima da Organiza\u00e7\u00e3o das Na\u00e7\u00f5es Unidas (ONU), que acontece em Bel\u00e9m, no Par\u00e1. Depois de duas edi\u00e7\u00f5es em pa\u00edses petroleiros, a expectativa \u00e9 que haja algum avan\u00e7o, principalmente nas metas de transi\u00e7\u00e3o, para minimizar as emiss\u00f5es. <\/span><\/p>\n<\/div>\n<\/div>\n<div id=\"chunk-bbb4e\" data-pf_style_display=\"block\" data-pf_style_visibility=\"visible\">\n<div class=\"mc-column content-text active-extra-styles \" data-block-type=\"unstyled\" data-block-weight=\"41\" data-pf_style_display=\"block\" data-pf_style_visibility=\"visible\">\n<p class=\" content-text__container \" data-track-category=\"Link no Texto\" data-track-links=\"\" data-pf_style_display=\"block\" data-pf_style_visibility=\"visible\"><span class=\"text-node\">Para al\u00e9m disso, refor\u00e7am que \u00e9 preciso cobrar dos governos a adapta\u00e7\u00e3o das cidades para se tornarem resilientes aos desastres. Isso inclui medidas que podem proteger a popula\u00e7\u00e3o no caso de um evento extremo de chuva ou seca, por exemplo. <\/span><\/p>\n<\/div>\n<\/div>\n<div id=\"chunk-idk7\" data-pf_style_display=\"block\" data-pf_style_visibility=\"visible\">\n<div class=\"mc-column content-text active-extra-styles \" data-block-type=\"unstyled\" data-block-weight=\"27\" data-pf_style_display=\"block\" data-pf_style_visibility=\"visible\">\n<p class=\" content-text__container \" data-track-category=\"Link no Texto\" data-track-links=\"\" data-pf_style_display=\"block\" data-pf_style_visibility=\"visible\"><span class=\"text-node\">\u27a1\ufe0f No Rio Grande do Sul, apenas metade das cidades afetadas tinha estrutura de Defesa Civil, por exemplo. As comportas que deveriam proteger a cidade falharam. <\/span><\/p>\n<\/div>\n<\/div>\n<div id=\"chunk-f2dic\" data-pf_style_display=\"block\" data-pf_style_visibility=\"visible\">\n<div class=\"mc-column content-text active-extra-styles \" data-block-type=\"unstyled\" data-block-weight=\"37\" data-pf_style_display=\"block\" data-pf_style_visibility=\"visible\">\n<p class=\" content-text__container \" data-track-category=\"Link no Texto\" data-track-links=\"\" data-pf_style_display=\"block\" data-pf_style_visibility=\"visible\"><span class=\"text-node\">\u201cCom o cen\u00e1rio que temos, sabemos que os eventos extremos v\u00e3o acontecer. O que precisamos \u00e9 estar preparados para que, quando eles chegarem, as cidades estarem preparadas e conseguirem proteger as pessoas\u201d, explica Karina Bruno Lima.<\/span><\/p>\n<\/div>\n<\/div>\n<\/div>\n","protected":false},"excerpt":{"rendered":"<p>G1 &#8211; O ano de 2024 foi marcado por extremos clim\u00e1ticos. O pa\u00eds enfrentou meses sob uma densa camada de fuma\u00e7a causada por inc\u00eandios na vegeta\u00e7\u00e3o. Al\u00e9m disso, viveu a pior seca de sua hist\u00f3ria recente, que ainda persiste, enquanto o Rio Grande do Sul foi devastado por chuvas intensas. Al\u00e9m disso, o ano terminou&#8230;<a class=\"more-link\" href=\"http:\/\/blogdalucianaoliveira.com.br\/blog\/2025\/01\/07\/veja-o-que-esperar-do-clima-para-o-brasil-em-2025\/\">Continue a leitura <span class=\"meta-nav\">&raquo;<\/span><\/a><\/p>\n","protected":false},"author":1,"featured_media":0,"comment_status":"closed","ping_status":"open","sticky":false,"template":"","format":"standard","meta":{"_exactmetrics_skip_tracking":false,"_exactmetrics_sitenote_active":false,"_exactmetrics_sitenote_note":"","_exactmetrics_sitenote_category":0,"jetpack_post_was_ever_published":false,"_jetpack_newsletter_access":"","_jetpack_dont_email_post_to_subs":false,"_jetpack_newsletter_tier_id":0,"_jetpack_memberships_contains_paywalled_content":false,"_jetpack_memberships_contains_paid_content":false,"footnotes":"","jetpack_publicize_message":"","jetpack_publicize_feature_enabled":true,"jetpack_social_post_already_shared":true,"jetpack_social_options":{"image_generator_settings":{"template":"highway","enabled":false},"version":2}},"categories":[1],"tags":[904,1232,864],"class_list":["post-36399","post","type-post","status-publish","format-standard","hentry","category-notas","tag-calor","tag-chuvas","tag-seca"],"jetpack_publicize_connections":[],"jetpack_sharing_enabled":true,"jetpack_featured_media_url":"","jetpack_shortlink":"https:\/\/wp.me\/p7wKYW-9t5","jetpack-related-posts":[],"_links":{"self":[{"href":"http:\/\/blogdalucianaoliveira.com.br\/blog\/wp-json\/wp\/v2\/posts\/36399","targetHints":{"allow":["GET"]}}],"collection":[{"href":"http:\/\/blogdalucianaoliveira.com.br\/blog\/wp-json\/wp\/v2\/posts"}],"about":[{"href":"http:\/\/blogdalucianaoliveira.com.br\/blog\/wp-json\/wp\/v2\/types\/post"}],"author":[{"embeddable":true,"href":"http:\/\/blogdalucianaoliveira.com.br\/blog\/wp-json\/wp\/v2\/users\/1"}],"replies":[{"embeddable":true,"href":"http:\/\/blogdalucianaoliveira.com.br\/blog\/wp-json\/wp\/v2\/comments?post=36399"}],"version-history":[{"count":1,"href":"http:\/\/blogdalucianaoliveira.com.br\/blog\/wp-json\/wp\/v2\/posts\/36399\/revisions"}],"predecessor-version":[{"id":36404,"href":"http:\/\/blogdalucianaoliveira.com.br\/blog\/wp-json\/wp\/v2\/posts\/36399\/revisions\/36404"}],"wp:attachment":[{"href":"http:\/\/blogdalucianaoliveira.com.br\/blog\/wp-json\/wp\/v2\/media?parent=36399"}],"wp:term":[{"taxonomy":"category","embeddable":true,"href":"http:\/\/blogdalucianaoliveira.com.br\/blog\/wp-json\/wp\/v2\/categories?post=36399"},{"taxonomy":"post_tag","embeddable":true,"href":"http:\/\/blogdalucianaoliveira.com.br\/blog\/wp-json\/wp\/v2\/tags?post=36399"}],"curies":[{"name":"wp","href":"https:\/\/api.w.org\/{rel}","templated":true}]}}