{"id":3640,"date":"2016-09-02T08:40:25","date_gmt":"2016-09-02T12:40:25","guid":{"rendered":"http:\/\/blogdalucianaoliveira.com.br\/blog\/?p=3640"},"modified":"2016-09-02T08:46:19","modified_gmt":"2016-09-02T12:46:19","slug":"quem-controla-o-legislativo-comeca-com-cu-e-termina-com-nha","status":"publish","type":"post","link":"http:\/\/blogdalucianaoliveira.com.br\/blog\/2016\/09\/02\/quem-controla-o-legislativo-comeca-com-cu-e-termina-com-nha\/","title":{"rendered":"Seu inimigo est\u00e1 no poder"},"content":{"rendered":"<p><img data-recalc-dims=\"1\" loading=\"lazy\" decoding=\"async\" data-attachment-id=\"3641\" data-permalink=\"http:\/\/blogdalucianaoliveira.com.br\/blog\/2016\/09\/02\/quem-controla-o-legislativo-comeca-com-cu-e-termina-com-nha\/image-808\/\" data-orig-file=\"https:\/\/i0.wp.com\/blogdalucianaoliveira.com.br\/blog\/wp-content\/uploads\/2016\/09\/image-16.jpeg?fit=750%2C406\" data-orig-size=\"750,406\" data-comments-opened=\"0\" data-image-meta=\"{&quot;aperture&quot;:&quot;0&quot;,&quot;credit&quot;:&quot;&quot;,&quot;camera&quot;:&quot;&quot;,&quot;caption&quot;:&quot;&quot;,&quot;created_timestamp&quot;:&quot;0&quot;,&quot;copyright&quot;:&quot;&quot;,&quot;focal_length&quot;:&quot;0&quot;,&quot;iso&quot;:&quot;0&quot;,&quot;shutter_speed&quot;:&quot;0&quot;,&quot;title&quot;:&quot;&quot;,&quot;orientation&quot;:&quot;0&quot;}\" data-image-title=\"image\" data-image-description=\"\" data-image-caption=\"\" data-medium-file=\"https:\/\/i0.wp.com\/blogdalucianaoliveira.com.br\/blog\/wp-content\/uploads\/2016\/09\/image-16.jpeg?fit=300%2C162\" data-large-file=\"https:\/\/i0.wp.com\/blogdalucianaoliveira.com.br\/blog\/wp-content\/uploads\/2016\/09\/image-16.jpeg?fit=600%2C325\" src=\"https:\/\/i0.wp.com\/blogdalucianaoliveira.com.br\/blog\/wp-content\/uploads\/2016\/09\/image-16.jpeg?resize=600%2C325\" alt=\"image\" width=\"600\" height=\"325\" class=\"alignnone size-full wp-image-3641\" srcset=\"https:\/\/i0.wp.com\/blogdalucianaoliveira.com.br\/blog\/wp-content\/uploads\/2016\/09\/image-16.jpeg?w=750 750w, https:\/\/i0.wp.com\/blogdalucianaoliveira.com.br\/blog\/wp-content\/uploads\/2016\/09\/image-16.jpeg?resize=300%2C162 300w, https:\/\/i0.wp.com\/blogdalucianaoliveira.com.br\/blog\/wp-content\/uploads\/2016\/09\/image-16.jpeg?resize=554%2C300 554w\" sizes=\"auto, (max-width: 600px) 100vw, 600px\" \/><\/p>\n<p>MAIA DESAFIA STF E NOMEIA ALIADO DE CUNHA NA EBC<!--more--><\/p>\n<p>247 \u2013 &#8220;O golpista em exerc\u00edcio Rodrigo Maia acaba de extinguir, por medida provis\u00f3ria, o Conselho Curador da EBC. Al\u00e9m disso, exonerou o diretor-presidente da empresa e nomeou, no seu lugar, um indicado de Eduardo Cunha!&#8221;, anuncia o senador Lindbergh Farias (PT-RJ), em sua p\u00e1gina no Facebook.<\/p>\n<p>De fato, Rodrigo Maia marcou sua passagem pela presid\u00eancia da Rep\u00fablica por um ato que fere a lei e contraria o pr\u00f3prio Supremo Tribunal Federal, uma vez que a demiss\u00e3o de Melo j\u00e1 havia sido tentada por Temer, mas foi negada por liminar do ministro Dias Toffoli, uma vez que Ricardo Melo, o atual presidente, tem mandato de quatro anos.<\/p>\n<p>Para o seu lugar, Maia nomeou Laerte Rimoli, aliado de Eduardo Cunha (PMDB-RJ), mas a canetada dever\u00e1 ser analisada novamente pelo STF.<\/p>\n<p>&#8220;Vamos ao STF ainda hoje&#8221;, diz Marco Aur\u00e9lio Carvalho, advogado de Ricardo Melo. &#8220;Essa decis\u00e3o mostra a forma autorit\u00e1ria como esse governo bi\u00f4nico pretende agir, inclusive afrontando o pr\u00f3prio STF.&#8221;<\/p>\n<p>Em nota, a assessoria de Melo afirma que &#8220;a exonera\u00e7\u00e3o do jornalista Ricardo Melo da presid\u00eancia da Empresa Brasil de Comunica\u00e7\u00e3o, publicada no Di\u00e1rio Oficial da Uni\u00e3o desta sexta-feira (2), \u00e9 um flagrante desrespeito \u00e0 decis\u00e3o do Supremo Tribunal Federal (STF)&#8221;.<\/p>\n<p>&#8220;Melo tomar\u00e1 todas as medidas legais cab\u00edveis, junto ao Supremo para manter mandato leg\u00edtimo de presidente da EBC, j\u00e1 assegurado em decis\u00e3o do ministro Dias Toffoli&#8221;, prossegue o comunicado.<\/p>\n","protected":false},"excerpt":{"rendered":"<p>MAIA DESAFIA STF E NOMEIA ALIADO DE CUNHA NA EBC<\/p>\n","protected":false},"author":1,"featured_media":0,"comment_status":"closed","ping_status":"open","sticky":false,"template":"","format":"standard","meta":{"_exactmetrics_skip_tracking":false,"_exactmetrics_sitenote_active":false,"_exactmetrics_sitenote_note":"","_exactmetrics_sitenote_category":0,"jetpack_post_was_ever_published":false,"_jetpack_newsletter_access":"","_jetpack_dont_email_post_to_subs":false,"_jetpack_newsletter_tier_id":0,"_jetpack_memberships_contains_paywalled_content":false,"_jetpack_memberships_contains_paid_content":false,"footnotes":"","jetpack_publicize_message":"","jetpack_publicize_feature_enabled":true,"jetpack_social_post_already_shared":true,"jetpack_social_options":{"image_generator_settings":{"template":"highway","enabled":false},"version":2}},"categories":[1],"tags":[],"class_list":["post-3640","post","type-post","status-publish","format-standard","hentry","category-notas"],"jetpack_publicize_connections":[],"jetpack_sharing_enabled":true,"jetpack_featured_media_url":"","jetpack_shortlink":"https:\/\/wp.me\/p7wKYW-WI","jetpack-related-posts":[],"_links":{"self":[{"href":"http:\/\/blogdalucianaoliveira.com.br\/blog\/wp-json\/wp\/v2\/posts\/3640","targetHints":{"allow":["GET"]}}],"collection":[{"href":"http:\/\/blogdalucianaoliveira.com.br\/blog\/wp-json\/wp\/v2\/posts"}],"about":[{"href":"http:\/\/blogdalucianaoliveira.com.br\/blog\/wp-json\/wp\/v2\/types\/post"}],"author":[{"embeddable":true,"href":"http:\/\/blogdalucianaoliveira.com.br\/blog\/wp-json\/wp\/v2\/users\/1"}],"replies":[{"embeddable":true,"href":"http:\/\/blogdalucianaoliveira.com.br\/blog\/wp-json\/wp\/v2\/comments?post=3640"}],"version-history":[{"count":6,"href":"http:\/\/blogdalucianaoliveira.com.br\/blog\/wp-json\/wp\/v2\/posts\/3640\/revisions"}],"predecessor-version":[{"id":3647,"href":"http:\/\/blogdalucianaoliveira.com.br\/blog\/wp-json\/wp\/v2\/posts\/3640\/revisions\/3647"}],"wp:attachment":[{"href":"http:\/\/blogdalucianaoliveira.com.br\/blog\/wp-json\/wp\/v2\/media?parent=3640"}],"wp:term":[{"taxonomy":"category","embeddable":true,"href":"http:\/\/blogdalucianaoliveira.com.br\/blog\/wp-json\/wp\/v2\/categories?post=3640"},{"taxonomy":"post_tag","embeddable":true,"href":"http:\/\/blogdalucianaoliveira.com.br\/blog\/wp-json\/wp\/v2\/tags?post=3640"}],"curies":[{"name":"wp","href":"https:\/\/api.w.org\/{rel}","templated":true}]}}