{"id":36405,"date":"2025-01-07T14:00:38","date_gmt":"2025-01-07T18:00:38","guid":{"rendered":"http:\/\/blogdalucianaoliveira.com.br\/blog\/?p=36405"},"modified":"2025-01-07T14:00:38","modified_gmt":"2025-01-07T18:00:38","slug":"alinhada-a-trump-meta-acaba-checagem-de-fatos-para-combater-censura","status":"publish","type":"post","link":"http:\/\/blogdalucianaoliveira.com.br\/blog\/2025\/01\/07\/alinhada-a-trump-meta-acaba-checagem-de-fatos-para-combater-censura\/","title":{"rendered":"Alinhada a Trump, Meta acaba checagem de fatos para \u201ccombater censura\u201d"},"content":{"rendered":"<p><img data-recalc-dims=\"1\" loading=\"lazy\" decoding=\"async\" data-attachment-id=\"36406\" data-permalink=\"http:\/\/blogdalucianaoliveira.com.br\/blog\/2025\/01\/07\/alinhada-a-trump-meta-acaba-checagem-de-fatos-para-combater-censura\/img_5511\/\" data-orig-file=\"https:\/\/i0.wp.com\/blogdalucianaoliveira.com.br\/blog\/wp-content\/uploads\/2025\/01\/IMG_5511.jpeg?fit=700%2C467\" data-orig-size=\"700,467\" data-comments-opened=\"0\" data-image-meta=\"{&quot;aperture&quot;:&quot;0&quot;,&quot;credit&quot;:&quot;&quot;,&quot;camera&quot;:&quot;&quot;,&quot;caption&quot;:&quot;&quot;,&quot;created_timestamp&quot;:&quot;0&quot;,&quot;copyright&quot;:&quot;&quot;,&quot;focal_length&quot;:&quot;0&quot;,&quot;iso&quot;:&quot;0&quot;,&quot;shutter_speed&quot;:&quot;0&quot;,&quot;title&quot;:&quot;&quot;,&quot;orientation&quot;:&quot;1&quot;}\" data-image-title=\"IMG_5511\" data-image-description=\"\" data-image-caption=\"\" data-medium-file=\"https:\/\/i0.wp.com\/blogdalucianaoliveira.com.br\/blog\/wp-content\/uploads\/2025\/01\/IMG_5511.jpeg?fit=300%2C200\" data-large-file=\"https:\/\/i0.wp.com\/blogdalucianaoliveira.com.br\/blog\/wp-content\/uploads\/2025\/01\/IMG_5511.jpeg?fit=600%2C400\" class=\"alignnone size-medium wp-image-36406\" src=\"https:\/\/i0.wp.com\/blogdalucianaoliveira.com.br\/blog\/wp-content\/uploads\/2025\/01\/IMG_5511.jpeg?resize=300%2C200\" alt=\"\" width=\"300\" height=\"200\" srcset=\"https:\/\/i0.wp.com\/blogdalucianaoliveira.com.br\/blog\/wp-content\/uploads\/2025\/01\/IMG_5511.jpeg?resize=300%2C200 300w, https:\/\/i0.wp.com\/blogdalucianaoliveira.com.br\/blog\/wp-content\/uploads\/2025\/01\/IMG_5511.jpeg?resize=450%2C300 450w, https:\/\/i0.wp.com\/blogdalucianaoliveira.com.br\/blog\/wp-content\/uploads\/2025\/01\/IMG_5511.jpeg?w=700 700w\" sizes=\"auto, (max-width: 300px) 100vw, 300px\" \/><\/p>\n<p class=\"added-to-list1\" data-pf_style_display=\"block\" data-pf_style_visibility=\"visible\"><span class=\"text-node\">Metr\u00f3poles &#8211; O CEO da Meta, <\/span><a href=\"https:\/\/www.metropoles.com\/tag\/mark-zuckerberg\" target=\"_blank\" rel=\"noopener\" data-pf_style_display=\"inline\" data-pf_style_visibility=\"visible\"><span class=\"text-node\">Mark Zuckerberg<\/span><\/a><span class=\"text-node\">, anunciou, nesta ter\u00e7a-feira (7\/1) que as redes sociais da empresa, WhatsApp, <\/span><a href=\"https:\/\/www.metropoles.com\/tag\/instagram\" target=\"_blank\" rel=\"noopener\" data-pf_style_display=\"inline\" data-pf_style_visibility=\"visible\"><span class=\"text-node\">Instagram<\/span><\/a><span class=\"text-node\"> e <\/span><a href=\"https:\/\/www.metropoles.com\/tag\/facebook\" target=\"_blank\" rel=\"noopener\" data-pf_style_display=\"inline\" data-pf_style_visibility=\"visible\"><span class=\"text-node\">Facebook<\/span><\/a><span class=\"text-node\">, deixar\u00e3o de usar o seu programa de checagem de fatos para adotar as \u201cnotas de comunidade\u201d, sistema que \u00e9 semelhante ao implementado pela rede social X, o antigo Twitter, de Elon Musk.<\/span><!--more--><\/p>\n<p class=\"m-banner-wrap m-banner-rectangle m-publicity-content-middle added-to-list1\">\u201c\u00c9 hora de voltar \u00e0s nossas ra\u00edzes em torno da liberdade de express\u00e3o. Chegou a um ponto em que h\u00e1 muitos erros e muita censura. Estamos substituindo os verificadores de fatos por \u2018notas da comunidade\u2019, simplificando nossas pol\u00edticas e nos concentrando na redu\u00e7\u00e3o de erros. Ansioso por este pr\u00f3ximo cap\u00edtulo\u201d, afirmou o CEO.<\/p>\n<p class=\"added-to-list1\" data-pf_style_display=\"block\" data-pf_style_visibility=\"visible\"><span class=\"text-node\">O an\u00fancio foi feito por Zuckerberg em um v\u00eddeo postado no Instagram. Segundo ele, \u201cos checadores de fato simplesmente t\u00eam sido politicamente parciais demais, destruindo mais confian\u00e7a do que criaram\u201d.<\/span><\/p>\n<p class=\"added-to-list1\" data-pf_style_display=\"block\" data-pf_style_visibility=\"visible\"><span class=\"text-node\">O an\u00fancio da Meta repete muitas das reclama\u00e7\u00f5es de pol\u00edticos republicanos e de Elon Musk, que equiparam os programas de checagem de fatos a uma forma de \u201ccensura\u201d.<\/span><\/p>\n<div class=\"m-wrapper-banner-video\" data-pf_style_display=\"block\" data-pf_style_visibility=\"visible\">\n<p class=\"m-banner-video m-banner-wrap m-banner-rectangle m-publicity-content-middle added-to-list1\">\n<\/div>\n<p class=\"added-to-list1\" data-pf_style_display=\"block\" data-pf_style_visibility=\"visible\"><span class=\"text-node\">O pr\u00f3prio Zuckerberg concedeu que as mudan\u00e7as s\u00e3o, em parte, determinadas por eventos pol\u00edticos, inclusive a vit\u00f3ria de Donald Trump nas presidenciais americanas: \u201cAs elei\u00e7\u00f5es recentes tamb\u00e9m parecem um ponto de inflex\u00e3o cultural, no sentido de voltar a priorizar o discurso\u201d, ressaltou<\/span><\/p>\n<p class=\"added-to-list1\" data-pf_style_display=\"block\" data-pf_style_visibility=\"visible\"><span class=\"text-node\">Com a modalidade \u201cnotas da comunidade\u201d, a modera\u00e7\u00e3o do conte\u00fado da plataforma fica cargo dos pr\u00f3prios usu\u00e1rios da rede, em um sistema de vota\u00e7\u00e3o. Nesse caso, ele pode adicionar notas explicativas \u00e0s publica\u00e7\u00f5es, assim como se faz no X, e outros usu\u00e1rios votam na relev\u00e2ncia do que \u00e9 sugerido. As notas podem fornecer conte\u00fados adicionais em contrapartida a material enganoso, fake news ou pol\u00eamicos.<\/span><\/p>\n<p class=\"m-banner-wrap m-banner-rectangle m-publicity-content-middle added-to-list1\">\n<blockquote data-pf_style_display=\"block\" data-pf_style_visibility=\"visible\">\n<p class=\"added-to-list1\" data-pf_style_display=\"block\" data-pf_style_visibility=\"visible\"><span class=\"text-node\">\u201cAgora, nosso foco ser\u00e1 em filtros para combater viola\u00e7\u00f5es legais e de alta gravidade. Para casos de menor gravidade, iremos depender de den\u00fancias, antes de tomarmos qualquer a\u00e7\u00e3o. Isso significa que identificaremos menos conte\u00fados problem\u00e1ticos, mas tamb\u00e9m reduziremos a remo\u00e7\u00e3o acidental de postagens e contas de pessoas inocentes\u201d, afirmou Zuckerberg no v\u00eddeo.<\/span><\/p>\n<\/blockquote>\n<p class=\"added-to-list1\" data-pf_style_display=\"block\" data-pf_style_visibility=\"visible\"><span class=\"text-node\">O CEO explica que os\u00a0filtros de verifica\u00e7\u00e3o ser\u00e3o ajustados e aprimorados para se tornarem mais eficientes e precisos antes da remo\u00e7\u00e3o dos conte\u00fado.<\/span><\/p>\n<p class=\"m-banner-wrap m-banner-rectangle m-publicity-content-middle added-to-list1\">\n<h4 data-pf_style_display=\"block\" data-pf_style_visibility=\"visible\"><span class=\"text-node\">Novo governo Trump<\/span><\/h4>\n<p class=\"added-to-list1\" data-pf_style_display=\"block\" data-pf_style_visibility=\"visible\"><span class=\"text-node\">Essa mudan\u00e7a ocorre em um momento de aproxima\u00e7\u00e3o do CEO da Meta com o presidente eleito dos EUA, Donald Trump. No v\u00eddeo de an\u00fancio, ele afirma estar entusiasmado por trabalhar ao lado de Trump no pr\u00f3ximo mandato.<\/span><\/p>\n<p class=\"added-to-list1\" data-pf_style_display=\"block\" data-pf_style_visibility=\"visible\"><span class=\"text-node\">\u201cVamos trabalhar com o presidente Trump para pressionar os governos de todo o mundo, que visam perseguir empresas americanas e pressionando para implementar mais censura. A \u00fanica maneira de combater essa tend\u00eancia global \u00e9 com o apoio do governo dos EUA. E \u00e9 por isso que tem sido t\u00e3o dif\u00edcil nos \u00faltimos quatro anos, quando at\u00e9 mesmo o governo dos EUA pressionou pela censura\u201d, afirmou Zuckerberg.<\/span><\/p>\n<p class=\"added-to-list1\" data-pf_style_display=\"block\" data-pf_style_visibility=\"visible\"><span class=\"text-node\">Zuckerberg acrescentou, ainda, que a equipe de \u201cconfian\u00e7a, seguran\u00e7a e modera\u00e7\u00e3o de conte\u00fado\u201d ser\u00e1 transferida para a Calif\u00f3rnia, enquanto a revis\u00e3o dos conte\u00fados postados nos EUA ser\u00e1 centralizada no Texas (EUA).<\/span><\/p>\n<p class=\"m-banner-wrap m-banner-rectangle m-publicity-content-middle added-to-list1\">\n<h4 data-pf_style_display=\"block\" data-pf_style_visibility=\"visible\"><span class=\"text-node\">Veja o pronunciamento<\/span><\/h4>\n<h4 data-pf_style_display=\"block\" data-pf_style_visibility=\"visible\"><a class=\"youtube-replace-link\" href=\"https:\/\/youtu.be\/GrYw6Ku0Zuk\" data-pf-allow-empty=\"1\"><img data-recalc-dims=\"1\" decoding=\"async\" class=\"youtube-replace-img flex-width pf-size-full mediumImage\" src=\"https:\/\/i0.wp.com\/img.youtube.com\/vi\/GrYw6Ku0Zuk\/hqdefault.jpg?w=600&#038;ssl=1\" \/><\/a><\/h4>\n","protected":false},"excerpt":{"rendered":"<p>Metr\u00f3poles &#8211; O CEO da Meta, Mark Zuckerberg, anunciou, nesta ter\u00e7a-feira (7\/1) que as redes sociais da empresa, WhatsApp, Instagram e Facebook, deixar\u00e3o de usar o seu programa de checagem de fatos para adotar as \u201cnotas de comunidade\u201d, sistema que \u00e9 semelhante ao implementado pela rede social X, o antigo Twitter, de Elon Musk.<\/p>\n","protected":false},"author":1,"featured_media":0,"comment_status":"closed","ping_status":"open","sticky":false,"template":"","format":"standard","meta":{"_exactmetrics_skip_tracking":false,"_exactmetrics_sitenote_active":false,"_exactmetrics_sitenote_note":"","_exactmetrics_sitenote_category":0,"jetpack_post_was_ever_published":false,"_jetpack_newsletter_access":"","_jetpack_dont_email_post_to_subs":false,"_jetpack_newsletter_tier_id":0,"_jetpack_memberships_contains_paywalled_content":false,"_jetpack_memberships_contains_paid_content":false,"footnotes":"","jetpack_publicize_message":"","jetpack_publicize_feature_enabled":true,"jetpack_social_post_already_shared":true,"jetpack_social_options":{"image_generator_settings":{"template":"highway","enabled":false},"version":2}},"categories":[1],"tags":[1143,1233,1234],"class_list":["post-36405","post","type-post","status-publish","format-standard","hentry","category-notas","tag-facebook","tag-meta","tag-mudancas"],"jetpack_publicize_connections":[],"jetpack_sharing_enabled":true,"jetpack_featured_media_url":"","jetpack_shortlink":"https:\/\/wp.me\/p7wKYW-9tb","jetpack-related-posts":[],"_links":{"self":[{"href":"http:\/\/blogdalucianaoliveira.com.br\/blog\/wp-json\/wp\/v2\/posts\/36405","targetHints":{"allow":["GET"]}}],"collection":[{"href":"http:\/\/blogdalucianaoliveira.com.br\/blog\/wp-json\/wp\/v2\/posts"}],"about":[{"href":"http:\/\/blogdalucianaoliveira.com.br\/blog\/wp-json\/wp\/v2\/types\/post"}],"author":[{"embeddable":true,"href":"http:\/\/blogdalucianaoliveira.com.br\/blog\/wp-json\/wp\/v2\/users\/1"}],"replies":[{"embeddable":true,"href":"http:\/\/blogdalucianaoliveira.com.br\/blog\/wp-json\/wp\/v2\/comments?post=36405"}],"version-history":[{"count":1,"href":"http:\/\/blogdalucianaoliveira.com.br\/blog\/wp-json\/wp\/v2\/posts\/36405\/revisions"}],"predecessor-version":[{"id":36407,"href":"http:\/\/blogdalucianaoliveira.com.br\/blog\/wp-json\/wp\/v2\/posts\/36405\/revisions\/36407"}],"wp:attachment":[{"href":"http:\/\/blogdalucianaoliveira.com.br\/blog\/wp-json\/wp\/v2\/media?parent=36405"}],"wp:term":[{"taxonomy":"category","embeddable":true,"href":"http:\/\/blogdalucianaoliveira.com.br\/blog\/wp-json\/wp\/v2\/categories?post=36405"},{"taxonomy":"post_tag","embeddable":true,"href":"http:\/\/blogdalucianaoliveira.com.br\/blog\/wp-json\/wp\/v2\/tags?post=36405"}],"curies":[{"name":"wp","href":"https:\/\/api.w.org\/{rel}","templated":true}]}}