{"id":36408,"date":"2025-01-07T16:18:44","date_gmt":"2025-01-07T20:18:44","guid":{"rendered":"http:\/\/blogdalucianaoliveira.com.br\/blog\/?p=36408"},"modified":"2025-01-07T16:19:31","modified_gmt":"2025-01-07T20:19:31","slug":"amacro-e-a-desamazonizacao-da-amazonia","status":"publish","type":"post","link":"http:\/\/blogdalucianaoliveira.com.br\/blog\/2025\/01\/07\/amacro-e-a-desamazonizacao-da-amazonia\/","title":{"rendered":"AMACRO e a \u201cdesamazoniza\u00e7\u00e3o\u201d da Amaz\u00f4nia"},"content":{"rendered":"<p><img data-recalc-dims=\"1\" loading=\"lazy\" decoding=\"async\" data-attachment-id=\"36409\" data-permalink=\"http:\/\/blogdalucianaoliveira.com.br\/blog\/2025\/01\/07\/amacro-e-a-desamazonizacao-da-amazonia\/img_5522\/\" data-orig-file=\"https:\/\/i0.wp.com\/blogdalucianaoliveira.com.br\/blog\/wp-content\/uploads\/2025\/01\/IMG_5522.jpeg?fit=302%2C450\" data-orig-size=\"302,450\" data-comments-opened=\"0\" data-image-meta=\"{&quot;aperture&quot;:&quot;0&quot;,&quot;credit&quot;:&quot;&quot;,&quot;camera&quot;:&quot;&quot;,&quot;caption&quot;:&quot;&quot;,&quot;created_timestamp&quot;:&quot;0&quot;,&quot;copyright&quot;:&quot;&quot;,&quot;focal_length&quot;:&quot;0&quot;,&quot;iso&quot;:&quot;0&quot;,&quot;shutter_speed&quot;:&quot;0&quot;,&quot;title&quot;:&quot;&quot;,&quot;orientation&quot;:&quot;0&quot;}\" data-image-title=\"IMG_5522\" data-image-description=\"\" data-image-caption=\"\" data-medium-file=\"https:\/\/i0.wp.com\/blogdalucianaoliveira.com.br\/blog\/wp-content\/uploads\/2025\/01\/IMG_5522.jpeg?fit=201%2C300\" data-large-file=\"https:\/\/i0.wp.com\/blogdalucianaoliveira.com.br\/blog\/wp-content\/uploads\/2025\/01\/IMG_5522.jpeg?fit=302%2C450\" class=\"alignnone size-medium wp-image-36409\" src=\"https:\/\/i0.wp.com\/blogdalucianaoliveira.com.br\/blog\/wp-content\/uploads\/2025\/01\/IMG_5522.jpeg?resize=201%2C300\" alt=\"\" width=\"201\" height=\"300\" srcset=\"https:\/\/i0.wp.com\/blogdalucianaoliveira.com.br\/blog\/wp-content\/uploads\/2025\/01\/IMG_5522.jpeg?resize=201%2C300 201w, https:\/\/i0.wp.com\/blogdalucianaoliveira.com.br\/blog\/wp-content\/uploads\/2025\/01\/IMG_5522.jpeg?w=302 302w\" sizes=\"auto, (max-width: 201px) 100vw, 201px\" \/><\/p>\n<p><strong>Por Claudinei dos Santos &#8211; <\/strong>O livro <em><a href=\"https:\/\/loja.editoradialetica.com\/humanidades\/amacro-a-reorganizacao-do-capital-no-campo-na-amazonia?srsltid=AfmBOoqsbR1h7knLFlaSyOkShgHoA1WJY5-p5-tqnrdmDYAPUsuQ6E_j\">Amacro: a reorganiza\u00e7\u00e3o do capital no campo na Amaz\u00f4nia<\/a><\/em>, de Afonso Chagas, publicado pela Editora Dial\u00e9tica, abre um debate essencial para compreendermos as transforma\u00e7\u00f5es em curso na Amaz\u00f4nia sul-ocidental.<!--more--><\/p>\n<p>Sob uma lente que combina rigor cient\u00edfico e acad\u00eamico, Chagas desvela a din\u00e2mica de incorpora\u00e7\u00e3o monopolista dos territ\u00f3rios amaz\u00f4nicos, um processo que vem redesenhando rela\u00e7\u00f5es com florestas, rios e comunidades tradicionais.<\/p>\n<p>A <a href=\"https:\/\/rosalux.org.br\/amacro-ofensiva-do-agro-sobre-territorios-indigenas-e-tradicionais\/\">AMACRO<\/a>, sigla para a regi\u00e3o que engloba partes dos estados do Amazonas, Acre e Rond\u00f4nia, emerge como experi\u00eancia de regionaliza\u00e7\u00e3o da explora\u00e7\u00e3o capitalista, inserida na l\u00f3gica prim\u00e1rio-agroexportadora.<\/p>\n<p>Segundo o autor, esta \u201ccorrida por terra e territ\u00f3rios\u201d n\u00e3o \u00e9 apenas uma disputa por recursos naturais, mas uma complexa reorganiza\u00e7\u00e3o territorial que envolve a desterritorializa\u00e7\u00e3o de Povos e Comunidades Tradicionais e a adapta\u00e7\u00e3o das cidades a servi\u00e7o desse modelo de acumula\u00e7\u00e3o.<\/p>\n<p>A pesquisa demonstra como os impactos imediatos \u2014 desigualdade, esgotamento de recursos naturais e riscos clim\u00e1ticos extremos \u2014 s\u00e3o naturalizados como \u201ccustos inerentes\u201d, enquanto a ret\u00f3rica da sustentabilidade ganha contornos de subterf\u00fagio.<\/p>\n<p>Termos como \u201cbioeconomia\u201d, \u201cintegra\u00e7\u00e3o\u201d e \u201cseguran\u00e7a jur\u00eddica\u201d s\u00e3o apresentados como solu\u00e7\u00f5es inovadoras, mascarando os efeitos devastadores desse modelo.<\/p>\n<p>Para Chagas, a AMACRO exemplifica o projeto de \u201cdesamazoniza\u00e7\u00e3o\u201d: uma tentativa de transformar a Amaz\u00f4nia em uma regi\u00e3o funcional ao capital global, ignorando sua identidade ecol\u00f3gica e cultural.<\/p>\n<div class=\"wordads-ad-wrapper wordads-ad-wrapper--inline\">\n<div class=\"wordads-ad wordads-ad-responsive\">\n<p>Esta reorganiza\u00e7\u00e3o inclui a remodela\u00e7\u00e3o de infraestruturas e log\u00edstica, integrando cidades em uma cadeia produtiva que prioriza a explora\u00e7\u00e3o em detrimento do bem-estar humano e ambiental.<\/p>\n<p>Ao tornar vis\u00edveis as engrenagens deste sistema, <em>Amacro: a reorganiza\u00e7\u00e3o do capital no campo na Amaz\u00f4nia<\/em> reafirma a necessidade de um debate p\u00fablico informado e de a\u00e7\u00f5es coletivas que priorizem a justi\u00e7a social e ambiental.<\/p>\n<p>Leitura indispens\u00e1vel para pesquisadores, militantes e todos que desejam compreender os desafios de um dos biomas mais importantes do planeta, esta obra de Afonso Chagas \u2013 um importante membro do Instituto Territ\u00f3rios e Justi\u00e7a (INTERJUS) e da Rede Nacional de advogados e advogadas Populares (RENAP) \u2013 nos convoca a repensar a rela\u00e7\u00e3o entre desenvolvimento e sustentabilidade na Amaz\u00f4nia.<\/p>\n<\/div>\n<\/div>\n","protected":false},"excerpt":{"rendered":"<p>Por Claudinei dos Santos &#8211; O livro Amacro: a reorganiza\u00e7\u00e3o do capital no campo na Amaz\u00f4nia, de Afonso Chagas, publicado pela Editora Dial\u00e9tica, abre um debate essencial para compreendermos as transforma\u00e7\u00f5es em curso na Amaz\u00f4nia sul-ocidental.<\/p>\n","protected":false},"author":1,"featured_media":0,"comment_status":"closed","ping_status":"open","sticky":false,"template":"","format":"standard","meta":{"_exactmetrics_skip_tracking":false,"_exactmetrics_sitenote_active":false,"_exactmetrics_sitenote_note":"","_exactmetrics_sitenote_category":0,"jetpack_post_was_ever_published":false,"_jetpack_newsletter_access":"","_jetpack_dont_email_post_to_subs":false,"_jetpack_newsletter_tier_id":0,"_jetpack_memberships_contains_paywalled_content":false,"_jetpack_memberships_contains_paid_content":false,"footnotes":"","jetpack_publicize_message":"","jetpack_publicize_feature_enabled":true,"jetpack_social_post_already_shared":true,"jetpack_social_options":{"image_generator_settings":{"template":"highway","enabled":false},"version":2}},"categories":[1],"tags":[1235,252],"class_list":["post-36408","post","type-post","status-publish","format-standard","hentry","category-notas","tag-amacro","tag-amazonia"],"jetpack_publicize_connections":[],"jetpack_sharing_enabled":true,"jetpack_featured_media_url":"","jetpack_shortlink":"https:\/\/wp.me\/p7wKYW-9te","jetpack-related-posts":[],"_links":{"self":[{"href":"http:\/\/blogdalucianaoliveira.com.br\/blog\/wp-json\/wp\/v2\/posts\/36408","targetHints":{"allow":["GET"]}}],"collection":[{"href":"http:\/\/blogdalucianaoliveira.com.br\/blog\/wp-json\/wp\/v2\/posts"}],"about":[{"href":"http:\/\/blogdalucianaoliveira.com.br\/blog\/wp-json\/wp\/v2\/types\/post"}],"author":[{"embeddable":true,"href":"http:\/\/blogdalucianaoliveira.com.br\/blog\/wp-json\/wp\/v2\/users\/1"}],"replies":[{"embeddable":true,"href":"http:\/\/blogdalucianaoliveira.com.br\/blog\/wp-json\/wp\/v2\/comments?post=36408"}],"version-history":[{"count":2,"href":"http:\/\/blogdalucianaoliveira.com.br\/blog\/wp-json\/wp\/v2\/posts\/36408\/revisions"}],"predecessor-version":[{"id":36411,"href":"http:\/\/blogdalucianaoliveira.com.br\/blog\/wp-json\/wp\/v2\/posts\/36408\/revisions\/36411"}],"wp:attachment":[{"href":"http:\/\/blogdalucianaoliveira.com.br\/blog\/wp-json\/wp\/v2\/media?parent=36408"}],"wp:term":[{"taxonomy":"category","embeddable":true,"href":"http:\/\/blogdalucianaoliveira.com.br\/blog\/wp-json\/wp\/v2\/categories?post=36408"},{"taxonomy":"post_tag","embeddable":true,"href":"http:\/\/blogdalucianaoliveira.com.br\/blog\/wp-json\/wp\/v2\/tags?post=36408"}],"curies":[{"name":"wp","href":"https:\/\/api.w.org\/{rel}","templated":true}]}}