{"id":36413,"date":"2025-01-08T11:19:10","date_gmt":"2025-01-08T15:19:10","guid":{"rendered":"http:\/\/blogdalucianaoliveira.com.br\/blog\/?p=36413"},"modified":"2025-01-08T11:19:10","modified_gmt":"2025-01-08T15:19:10","slug":"politicos-e-jornalistas-revivem-8-de-janeiro-dia-entrou-para-historia","status":"publish","type":"post","link":"http:\/\/blogdalucianaoliveira.com.br\/blog\/2025\/01\/08\/politicos-e-jornalistas-revivem-8-de-janeiro-dia-entrou-para-historia\/","title":{"rendered":"Pol\u00edticos e jornalistas revivem 8 de janeiro: dia entrou para hist\u00f3ria"},"content":{"rendered":"<p><img data-recalc-dims=\"1\" loading=\"lazy\" decoding=\"async\" data-attachment-id=\"36414\" data-permalink=\"http:\/\/blogdalucianaoliveira.com.br\/blog\/2025\/01\/08\/politicos-e-jornalistas-revivem-8-de-janeiro-dia-entrou-para-historia\/img_5554-2\/\" data-orig-file=\"https:\/\/i0.wp.com\/blogdalucianaoliveira.com.br\/blog\/wp-content\/uploads\/2025\/01\/IMG_5554.webp?fit=1170%2C700\" data-orig-size=\"1170,700\" data-comments-opened=\"0\" data-image-meta=\"{&quot;aperture&quot;:&quot;0&quot;,&quot;credit&quot;:&quot;&quot;,&quot;camera&quot;:&quot;&quot;,&quot;caption&quot;:&quot;&quot;,&quot;created_timestamp&quot;:&quot;0&quot;,&quot;copyright&quot;:&quot;&quot;,&quot;focal_length&quot;:&quot;0&quot;,&quot;iso&quot;:&quot;0&quot;,&quot;shutter_speed&quot;:&quot;0&quot;,&quot;title&quot;:&quot;&quot;,&quot;orientation&quot;:&quot;0&quot;}\" data-image-title=\"IMG_5554\" data-image-description=\"\" data-image-caption=\"\" data-medium-file=\"https:\/\/i0.wp.com\/blogdalucianaoliveira.com.br\/blog\/wp-content\/uploads\/2025\/01\/IMG_5554.webp?fit=300%2C179\" data-large-file=\"https:\/\/i0.wp.com\/blogdalucianaoliveira.com.br\/blog\/wp-content\/uploads\/2025\/01\/IMG_5554.webp?fit=600%2C359\" class=\"alignnone size-medium wp-image-36414\" src=\"https:\/\/i0.wp.com\/blogdalucianaoliveira.com.br\/blog\/wp-content\/uploads\/2025\/01\/IMG_5554.webp?resize=300%2C179\" alt=\"\" width=\"300\" height=\"179\" srcset=\"https:\/\/i0.wp.com\/blogdalucianaoliveira.com.br\/blog\/wp-content\/uploads\/2025\/01\/IMG_5554.webp?resize=300%2C179 300w, https:\/\/i0.wp.com\/blogdalucianaoliveira.com.br\/blog\/wp-content\/uploads\/2025\/01\/IMG_5554.webp?resize=1024%2C613 1024w, https:\/\/i0.wp.com\/blogdalucianaoliveira.com.br\/blog\/wp-content\/uploads\/2025\/01\/IMG_5554.webp?resize=768%2C459 768w, https:\/\/i0.wp.com\/blogdalucianaoliveira.com.br\/blog\/wp-content\/uploads\/2025\/01\/IMG_5554.webp?resize=501%2C300 501w, https:\/\/i0.wp.com\/blogdalucianaoliveira.com.br\/blog\/wp-content\/uploads\/2025\/01\/IMG_5554.webp?w=1170 1170w\" sizes=\"auto, (max-width: 300px) 100vw, 300px\" \/><\/p>\n<p>Ag\u00eancia Brasil, por Gilberto Costa &#8211; O conjunto de invas\u00f5es e depreda\u00e7\u00f5es nos pr\u00e9dios da Pra\u00e7a dos Tr\u00eas Poderes em Bras\u00edlia na tarde de 8 janeiro de 2023, um domingo, chocou pela viol\u00eancia protagonizada por manifestantes bolsonaristas, mas n\u00e3o surpreendeu a todos os personagens que, por raz\u00f5es de of\u00edcio, acompanham o cotidiano institucional da capital federal, como jornalistas e pol\u00edticos.<img data-recalc-dims=\"1\" decoding=\"async\" src=\"https:\/\/i0.wp.com\/agenciabrasil.ebc.com.br\/ebc.png?w=600&#038;ssl=1\" \/><img data-recalc-dims=\"1\" decoding=\"async\" src=\"https:\/\/i0.wp.com\/agenciabrasil.ebc.com.br\/ebc.gif?w=600&#038;ssl=1\" \/><\/p>\n<p><!--more--><\/p>\n<p>Naquele dia, a senadora Eliziane Gama (PSD-MA) recorda-se que estava em sua casa em S\u00e3o Lu\u00eds, depois de ter ido \u00e0 Assembleia de Deus, onde atua como professora de escola b\u00edblica dominical, quando viu uma mensagem em grupo de Whatsapp com imagens de destrui\u00e7\u00e3o em Bras\u00edlia.<\/p>\n<p>\u201cEu falei: gente, isso aqui n\u00e3o pode ser verdade. Isso \u00e9 uma montagem, n\u00e3o \u00e9 verdade\u201d, contou ao <a href=\"https:\/\/www.youtube.com\/watch?v=N7rbXi2eZP8\" target=\"_blank\" rel=\"noopener\">programa <em>Caminhos da Reportagem<\/em><\/a>, da <strong>TV Brasil<\/strong>,\u00a0com participa\u00e7\u00e3o da\u00a0<strong>Ag\u00eancia Brasil<\/strong>.<\/p>\n<div class=\"dnd-widget-wrapper context-grande_6colunas type-image atom-align-left\">\n<div class=\"dnd-atom-rendered\"><img data-recalc-dims=\"1\" decoding=\"async\" title=\"Lula Marques\/ Ag\u00eancia Brasil\" src=\"https:\/\/i0.wp.com\/imagens.ebc.com.br\/Ed1PiVOeXiVIXh1diCjMt4XD_cI%3D\/463x0\/smart\/https%3A\/\/agenciabrasil.ebc.com.br\/sites\/default\/files\/thumbnails\/image\/lula5298-24.jpg?w=600&#038;ssl=1\" alt=\"Bras\u00edlia (DF) 06\/06\/2023 Senadora e relatora da CPMI do golpe, Eliziane Gama, leu o seu plano de trabalho ao colegiado. Foto Lula Marques\/ Ag\u00eancia Brasil.\" \/><\/div>\n<div class=\"dnd-caption-wrapper\">\n<h6 class=\"meta\">Bras\u00edlia (DF) 06\/06\/2023 Senadora e relatora da CPMI do golpe, Eliziane Gama. <strong>Foto:\u00a0Lula Marques\/ Ag\u00eancia Brasil<\/strong><\/h6>\n<\/div>\n<\/div>\n<p>Assustada, a parlamentar foi \u00e0 casa de sua m\u00e3e onde a televis\u00e3o estava transmitindo a barb\u00e1rie ao vivo.<\/p>\n<blockquote><p>\u201cEu fiquei estarrecida. Levei minutos para acreditar no que estava vendo\u201d, diz se recordando da multid\u00e3o subindo a rampa do Congresso Nacional, quebrando vidros do pr\u00e9dio e ocupando um peda\u00e7o do Senado Federal,\u00a0onde cumpre mandato h\u00e1 cinco anos.<\/p><\/blockquote>\n<p>O impacto foi revivido quando na segunda-feira seguinte (9), de volta de S\u00e3o Lu\u00eds, Eliziane Gama encontrou \u201cum ambiente desolador, de guerra\u201d no Senado. \u201cParecia um filme de terror: o pr\u00e9dio totalmente escuro, [com] o ch\u00e3o totalmente molhado, [e] as vidra\u00e7as destru\u00eddas. Voc\u00ea n\u00e3o conseguia caminhar dentro do Congresso Nacional.\u201d<\/p>\n<p>Ainda pasma\u00a0com a voracidade destrutiva dos invasores, a senadora revela que a possibilidade de dist\u00farbio ainda que absurda estava no horizonte.<\/p>\n<blockquote><p>\u201cO que ocorreu era algo que a gente vigiava, que a gente dizia que n\u00e3o pode acontecer, mas a gente nunca parou para pensar e dizer que isso vai acontecer.\u201d<\/p><\/blockquote>\n<p>Na opini\u00e3o de Eliziane Gama, que foi relatora da CPMI do 8 de janeiro, tudo que se viu foi semeado durante anos por Jair Bolsonaro quando ocupava a Presid\u00eancia da Rep\u00fablica (2019-2022) e atentava contra a democracia.<\/p>\n<p>\u201cEle questionava o processo da elei\u00e7\u00e3o, colocava em xeque a vulnerabilidade da urna eletr\u00f4nica. Ent\u00e3o, essa coisa de criar uma instabilidade do processo democr\u00e1tico, ele automaticamente criou um colch\u00e3o de condi\u00e7\u00f5es para que o movimento mais extremista brasileiro chegasse ao que n\u00f3s acompanhamos no 8 de janeiro.\u201d<\/p>\n<h2>Assinatura de Bolsonaro<\/h2>\n<p>O 8 de janeiro tornou-se uma data na qual as pessoas costumam lembrar onde estava, e o que estavam fazendo quando receberam a not\u00edcia de impacto, como aconteceu nas transmiss\u00f5es do primeiro pouso do homem na lua (1969), do acidente fatal de Ayrton Senna (1994) ou do choque dos avi\u00f5es contra as Torres G\u00eameas do World Trade Center em Nova York\u00a0(2001).<\/p>\n<p>Como aconteceu com a senadora, a jornalista e escritora Bianca Santana lembra-se vivamente onde estava quando soube dos incidentes: tinha aterrissado em Bras\u00edlia vindo de S\u00e3o Paulo naquela tarde de domingo. Ainda estava no avi\u00e3o quando come\u00e7ou a receber mensagens no celular indagando se tinha chegado bem.<\/p>\n<p>Curiosa, come\u00e7ou a pesquisar no aparelho o que estava acontecendo. Uma amiga a buscou no aeroporto da capital federal e a levou direto para casa.<\/p>\n<blockquote><p>\u201cA gente decidiu ficar recolhida. Nem saiu para comer.\u201d<\/p><\/blockquote>\n<p>Para Bianca Santana, a intentona que viu inicialmente pela tela do celular \u201ctinha uma assinatura muito forte.\u201d Ela rememora que Jair Bolsonaro instigou a balb\u00fardia, esvaziando a credibilidade do sistema de vota\u00e7\u00e3o. \u201cEle anunciou in\u00fameras vezes que n\u00e3o aceitaria o resultado das urnas.\u201d Para ela, o ex-presidente \u201co tempo todo colocou em xeque a confian\u00e7a da popula\u00e7\u00e3o no processo eleitoral. Isso j\u00e1 \u00e9 um processo de tentativa de golpe.\u201d<\/p>\n<div class=\"dnd-widget-wrapper context-grande_6colunas type-image atom-align-right\">\n<div class=\"dnd-atom-rendered\"><img data-recalc-dims=\"1\" decoding=\"async\" title=\"Bruno Peres\/Ag\u00eancia Brasil\" src=\"https:\/\/i0.wp.com\/imagens.ebc.com.br\/Yc1x-hfZRt2cJQvnEPPuiAJ532Y%3D\/463x0\/smart\/https%3A\/\/agenciabrasil.ebc.com.br\/sites\/default\/files\/thumbnails\/image\/2024\/09\/11\/_mg_0784.jpg?w=600&#038;ssl=1\" alt=\"Bras\u00edlia (DF), 11\/09\/2024 - O atleta de marcha ol\u00edmpica medalhista de prata nas Olimp\u00edadas de Paris 2024, Caio Bonfim, \u00e9 o convidado do programa DR com Demori na Empresa Brasil de Comunica\u00e7\u00e3o (EBC). Foto: Bruno Peres\/Ag\u00eancia Brasil\" \/><\/div>\n<div class=\"dnd-caption-wrapper\">\n<h6 class=\"meta\">Bras\u00edlia (DF), 11\/09\/2024 &#8211; Leandro Demori no programa DR com Demori. <strong>Foto:\u00a0Bruno Peres\/Ag\u00eancia Brasil<\/strong><\/h6>\n<\/div>\n<\/div>\n<p>Na opini\u00e3o do jornalista Leandro Demori, que apresenta o programa <em>Dando a Real com Leandro Demori<\/em>,\u00a0na\u00a0<strong>TV Brasil<\/strong>,\u00a0os sentimentos contra a democracia foram provocados por Jair Bolsonaro antes mesmo de chegar ao poder.<\/p>\n<blockquote><p>\u201cNa elei\u00e7\u00e3o de 2018, [Bolsonaro] j\u00e1 havia aventando a possibilidade de fraude eleitoral, a pauta do voto impresso, e [a ideia] que o sistema n\u00e3o era seguro. Isso tudo acaba desembocando no 8 de janeiro.\u201d<\/p><\/blockquote>\n<p>A jornalista Juliana Dal Piva, autora do livro<em> O Neg\u00f3cio do Jair: a hist\u00f3ria proibida do cl\u00e3 Bolsonaro<\/em>, avalia que o ex-presidente \u201ccriou uma narrativa em cima de uma mentira e foi intensificando essa mentira\u201d com o passar do tempo, especialmente nos dois \u00faltimos anos de mandato, e apesar da dissemina\u00e7\u00e3o de falsidades \u201dse recusava a admitir que ele n\u00e3o tinha prova.\u201d Ela lembra que Bolsonaro \u201cfoi eleito e reeleito [para] v\u00e1rios mandatos como deputado federal [total de seis mandatos] e como presidente da Rep\u00fablica pelo sistema eletr\u00f4nico de vota\u00e7\u00e3o.\u201c<\/p>\n<h2>Golpe encenado<\/h2>\n<p>Ter atos contra a elei\u00e7\u00e3o de Luiz In\u00e1cio Lula da Silva era esperado pelo senador do Randolfe\u00a0Rodrigues (PT-AP).<\/p>\n<blockquote><p>\u201cEu sabia que eles n\u00e3o aceitariam pacificamente o resultado das elei\u00e7\u00f5es de 30 de outubro de 2022. Eu tinha consci\u00eancia disso. Ent\u00e3o, para mim, n\u00e3o foi surpresa.\u201d<\/p><\/blockquote>\n<p>Ele, no entanto, admite o estarrecimento com a falta de iniciativa das for\u00e7as de seguran\u00e7a para proteger os pr\u00e9dios p\u00fablicos.<\/p>\n<blockquote><p>\u201cO que eu n\u00e3o esperava era a neglig\u00eancia coordenada e organizada para permitir que eles acessassem as sedes dos Tr\u00eas Poderes &#8211; os terroristas daquele dia. Mas quando eu os vi invadindo o Congresso Nacional, o meu sentimento naquele momento \u00e9 que tinha um golpe de Estado em curso.\u201d<\/p><\/blockquote>\n<p>Randolfe Rodrigues, que \u00e9 formado em Hist\u00f3ria, diz que temeu um desfecho semelhante ao do Chile nos anos 1970, quando o presidente Salvador Allende foi cercado no Pal\u00e1cio de La Moneda pelas tropas lideradas pelo general Augusto Pinochet. \u201cEu tive receio daquele Bras\u00edlia &#8211; 8 de janeiro ser um 11 de setembro chileno de 1973.\u201d<\/p>\n<div class=\"dnd-widget-wrapper context-grande_6colunas type-image atom-align-left\">\n<div class=\"dnd-atom-rendered\"><img data-recalc-dims=\"1\" decoding=\"async\" title=\"Lula Marques\/ Ag\u00eancia Brasil\" src=\"https:\/\/i0.wp.com\/imagens.ebc.com.br\/Vxvo76VdbhJC5_yZhZPqH4ITQKo%3D\/463x0\/smart\/https%3A\/\/agenciabrasil.ebc.com.br\/sites\/default\/files\/thumbnails\/image\/2024\/04\/11\/lula9116-3.jpg?w=600&#038;ssl=1\" alt=\"Bras\u00edlia (DF) 11\/04\/2024 Senador, Randolfe Rodrigues, durante coletiva no Senado.  Foto Lula Marques\/ Ag\u00eancia Brasil\" \/><\/div>\n<div class=\"dnd-caption-wrapper\">\n<h6 class=\"meta\">Bras\u00edlia (DF) 11\/04\/2024 Senador\u00a0Randolfe Rodrigues. <strong>Foto:<\/strong>\u00a0<strong>Lula Marques\/ Ag\u00eancia Brasil<\/strong><\/h6>\n<\/div>\n<\/div>\n<p>A possibilidade de haver um novo golpe de Estado no Brasil era t\u00e3o aventada que os roteiristas da produtora Porta dos Fundos criaram dois esquetes humor\u00edsticos simulando a mobiliza\u00e7\u00e3o de militares para fazer uma nova interven\u00e7\u00e3o golpista.<\/p>\n<p>\u201cHavia j\u00e1, n\u00e9, essa sombra do golpe. Ela j\u00e1 estava presente h\u00e1 muito tempo, n\u00e9?\u201d, recorda-se o publicit\u00e1rio Antonio Tabet, um dos s\u00f3cios e roteiristas da produtora. \u201cFalava-se muito disso, havia muitas indiretas, uma comunica\u00e7\u00e3o truncada, umas amea\u00e7as veladas, e o fato de o governo da \u00e9poca [2019-2022] ser alinhado com ideais e interesses n\u00e3o exatamente democr\u00e1ticos, fazia com que esse assunto fosse efervescente.\u201d<\/p>\n<p>Na opini\u00e3o de Tabet, os esquetes <em>Golpe em Bras\u00edlia\u00a0<\/em>e <em>Golpe no Rio<\/em>\u00a0foram dissuasivos de alguns esp\u00edritos menos democr\u00e1ticos. \u201cEu tenho certeza que esses v\u00eddeos circularam muito, tem milh\u00f5es de\u00a0views\u00a0cada um deles. E certamente bateu em algu\u00e9m que queria fazer e que mudou de ideia vendo aquilo.\u201d<\/p>\n<p>\u201cO humor informa de uma maneira simp\u00e1tica. \u00c0s vezes, uma pessoa assistindo a um telejornal, ela n\u00e3o consegue entender direito como funcionam as institui\u00e7\u00f5es, para que servem, o que \u00e9 isso, qual \u00e9 o real perigo, o real rid\u00edculo disso. O humor vai l\u00e1 e joga um holofote na cara daquilo\u201d, acredita o roteirista.<\/p>\n<p>No dia 8 de janeiro, como que seguindo um roteiro bem ensaiado, milhares de pessoas que estavam acampadas no Setor Militar Urbano em Bras\u00edlia iniciaram \u00e0s 13h\u00a0uma longa marcha at\u00e9 a Pra\u00e7a dos Tr\u00eas Poderes.<\/p>\n<p>\u00c0s 15h, os golpistas conseguiram subir a rampa do Congresso para invadir e destruir pr\u00e9dio. Vinte minutos depois, outros v\u00e2ndalos derrubaram as grades de isolamento do Pal\u00e1cio do Planalto, subiram a rampa, quebraram os vidros da fachada e entraram no pr\u00e9dio. \u00c0s 15h37, iniciaram a invas\u00e3o do edif\u00edcio-sede do Supremo Tribunal Federal (STF).<\/p>\n<p>A <strong>Ag\u00eancia Brasil<\/strong>\u00a0enviou mensagem, na segunda-feira (6),\u00a0ao advogado Paulo Bueno, defensor do ex-presidente Jair Bolsonaro, para manifesta\u00e7\u00e3o, mas n\u00e3o obteve resposta at\u00e9 o momento. O espa\u00e7o segue aberto.<\/p>\n","protected":false},"excerpt":{"rendered":"<p>Ag\u00eancia Brasil, por Gilberto Costa &#8211; O conjunto de invas\u00f5es e depreda\u00e7\u00f5es nos pr\u00e9dios da Pra\u00e7a dos Tr\u00eas Poderes em Bras\u00edlia na tarde de 8 janeiro de 2023, um domingo, chocou pela viol\u00eancia protagonizada por manifestantes bolsonaristas, mas n\u00e3o surpreendeu a todos os personagens que, por raz\u00f5es de of\u00edcio, acompanham o cotidiano institucional da capital&#8230;<a class=\"more-link\" href=\"http:\/\/blogdalucianaoliveira.com.br\/blog\/2025\/01\/08\/politicos-e-jornalistas-revivem-8-de-janeiro-dia-entrou-para-historia\/\">Continue a leitura <span class=\"meta-nav\">&raquo;<\/span><\/a><\/p>\n","protected":false},"author":1,"featured_media":0,"comment_status":"closed","ping_status":"open","sticky":false,"template":"","format":"standard","meta":{"_exactmetrics_skip_tracking":false,"_exactmetrics_sitenote_active":false,"_exactmetrics_sitenote_note":"","_exactmetrics_sitenote_category":0,"jetpack_post_was_ever_published":false,"_jetpack_newsletter_access":"","_jetpack_dont_email_post_to_subs":false,"_jetpack_newsletter_tier_id":0,"_jetpack_memberships_contains_paywalled_content":false,"_jetpack_memberships_contains_paid_content":false,"footnotes":"","jetpack_publicize_message":"","jetpack_publicize_feature_enabled":true,"jetpack_social_post_already_shared":true,"jetpack_social_options":{"image_generator_settings":{"template":"highway","enabled":false},"version":2}},"categories":[1],"tags":[1236,64,39],"class_list":["post-36413","post","type-post","status-publish","format-standard","hentry","category-notas","tag-8-de-janeiro","tag-democracia","tag-golpe"],"jetpack_publicize_connections":[],"jetpack_sharing_enabled":true,"jetpack_featured_media_url":"","jetpack_shortlink":"https:\/\/wp.me\/p7wKYW-9tj","jetpack-related-posts":[],"_links":{"self":[{"href":"http:\/\/blogdalucianaoliveira.com.br\/blog\/wp-json\/wp\/v2\/posts\/36413","targetHints":{"allow":["GET"]}}],"collection":[{"href":"http:\/\/blogdalucianaoliveira.com.br\/blog\/wp-json\/wp\/v2\/posts"}],"about":[{"href":"http:\/\/blogdalucianaoliveira.com.br\/blog\/wp-json\/wp\/v2\/types\/post"}],"author":[{"embeddable":true,"href":"http:\/\/blogdalucianaoliveira.com.br\/blog\/wp-json\/wp\/v2\/users\/1"}],"replies":[{"embeddable":true,"href":"http:\/\/blogdalucianaoliveira.com.br\/blog\/wp-json\/wp\/v2\/comments?post=36413"}],"version-history":[{"count":1,"href":"http:\/\/blogdalucianaoliveira.com.br\/blog\/wp-json\/wp\/v2\/posts\/36413\/revisions"}],"predecessor-version":[{"id":36415,"href":"http:\/\/blogdalucianaoliveira.com.br\/blog\/wp-json\/wp\/v2\/posts\/36413\/revisions\/36415"}],"wp:attachment":[{"href":"http:\/\/blogdalucianaoliveira.com.br\/blog\/wp-json\/wp\/v2\/media?parent=36413"}],"wp:term":[{"taxonomy":"category","embeddable":true,"href":"http:\/\/blogdalucianaoliveira.com.br\/blog\/wp-json\/wp\/v2\/categories?post=36413"},{"taxonomy":"post_tag","embeddable":true,"href":"http:\/\/blogdalucianaoliveira.com.br\/blog\/wp-json\/wp\/v2\/tags?post=36413"}],"curies":[{"name":"wp","href":"https:\/\/api.w.org\/{rel}","templated":true}]}}