{"id":36416,"date":"2025-01-08T11:41:41","date_gmt":"2025-01-08T15:41:41","guid":{"rendered":"http:\/\/blogdalucianaoliveira.com.br\/blog\/?p=36416"},"modified":"2025-01-08T11:41:41","modified_gmt":"2025-01-08T15:41:41","slug":"dois-anos-do-8-de-janeiro-imagens-ineditas-relembram-terror","status":"publish","type":"post","link":"http:\/\/blogdalucianaoliveira.com.br\/blog\/2025\/01\/08\/dois-anos-do-8-de-janeiro-imagens-ineditas-relembram-terror\/","title":{"rendered":"Dois anos do 8 de janeiro: Imagens in\u00e9ditas relembram terror"},"content":{"rendered":"<p><img data-recalc-dims=\"1\" loading=\"lazy\" decoding=\"async\" data-attachment-id=\"36417\" data-permalink=\"http:\/\/blogdalucianaoliveira.com.br\/blog\/2025\/01\/08\/dois-anos-do-8-de-janeiro-imagens-ineditas-relembram-terror\/img_5556\/\" data-orig-file=\"https:\/\/i0.wp.com\/blogdalucianaoliveira.com.br\/blog\/wp-content\/uploads\/2025\/01\/IMG_5556.jpeg?fit=880%2C772\" data-orig-size=\"880,772\" data-comments-opened=\"0\" data-image-meta=\"{&quot;aperture&quot;:&quot;0&quot;,&quot;credit&quot;:&quot;&quot;,&quot;camera&quot;:&quot;&quot;,&quot;caption&quot;:&quot;&quot;,&quot;created_timestamp&quot;:&quot;0&quot;,&quot;copyright&quot;:&quot;&quot;,&quot;focal_length&quot;:&quot;0&quot;,&quot;iso&quot;:&quot;0&quot;,&quot;shutter_speed&quot;:&quot;0&quot;,&quot;title&quot;:&quot;&quot;,&quot;orientation&quot;:&quot;0&quot;}\" data-image-title=\"IMG_5556\" data-image-description=\"\" data-image-caption=\"\" data-medium-file=\"https:\/\/i0.wp.com\/blogdalucianaoliveira.com.br\/blog\/wp-content\/uploads\/2025\/01\/IMG_5556.jpeg?fit=300%2C263\" data-large-file=\"https:\/\/i0.wp.com\/blogdalucianaoliveira.com.br\/blog\/wp-content\/uploads\/2025\/01\/IMG_5556.jpeg?fit=600%2C526\" class=\"alignnone size-medium wp-image-36417\" src=\"https:\/\/i0.wp.com\/blogdalucianaoliveira.com.br\/blog\/wp-content\/uploads\/2025\/01\/IMG_5556.jpeg?resize=300%2C263\" alt=\"\" width=\"300\" height=\"263\" srcset=\"https:\/\/i0.wp.com\/blogdalucianaoliveira.com.br\/blog\/wp-content\/uploads\/2025\/01\/IMG_5556.jpeg?resize=300%2C263 300w, https:\/\/i0.wp.com\/blogdalucianaoliveira.com.br\/blog\/wp-content\/uploads\/2025\/01\/IMG_5556.jpeg?resize=768%2C674 768w, https:\/\/i0.wp.com\/blogdalucianaoliveira.com.br\/blog\/wp-content\/uploads\/2025\/01\/IMG_5556.jpeg?resize=342%2C300 342w, https:\/\/i0.wp.com\/blogdalucianaoliveira.com.br\/blog\/wp-content\/uploads\/2025\/01\/IMG_5556.jpeg?w=880 880w\" sizes=\"auto, (max-width: 300px) 100vw, 300px\" \/><br \/>\nProcessos e condena\u00e7\u00f5es ainda est\u00e3o em curso, assim como objetos destru\u00eddos est\u00e3o em fase de restaura\u00e7\u00e3o.<!--more--><\/p>\n<article>\n<div id=\"article-content\">\n<p>H\u00e1 dois anos, em 8 de janeiro de 2023, a democracia brasileira enfrentou um de seus maiores testes quando extremistas invadiram pr\u00e9dios p\u00fablicos em Bras\u00edlia, incluindo o Congresso Nacional, o STF e o Pal\u00e1cio do Planalto.<\/p>\n<p>Um balan\u00e7o dos desdobramentos jur\u00eddicos do <strong>Dia da Inf\u00e2mia<\/strong> mostra a r\u00e1pida rea\u00e7\u00e3o dos Poderes e do Judici\u00e1rio brasileiro. No segundo anivers\u00e1rio deste ato de insurrei\u00e7\u00e3o, imagens in\u00e9ditas publicadas hoje por este rotativo lembram a extens\u00e3o da viol\u00eancia, refor\u00e7ando a necessidade de vigil\u00e2ncia constante na prote\u00e7\u00e3o da democracia.<\/p>\n<p><img data-recalc-dims=\"1\" decoding=\"async\" class=\"i-amphtml-fill-content amp-hidden\" src=\"https:\/\/i0.wp.com\/i.ytimg.com\/vi\/nMDoYtJ5drE\/sddefault.jpg?w=600&#038;ssl=1\" alt=\"Loading video\" \/><iframe class=\"i-amphtml-fill-content\" title=\"YouTube video\" src=\"https:\/\/www.youtube.com\/embed\/nMDoYtJ5drE?enablejsapi=1&amp;amp=1&amp;si=KCrowKydiMqsWmSS&amp;playsinline=1\" frameborder=\"0\" allowfullscreen=\"allowfullscreen\" data-mce-fragment=\"1\"><\/iframe><\/p>\n<p><img data-recalc-dims=\"1\" decoding=\"async\" class=\"i-amphtml-fill-content i-amphtml-replaced-content\" src=\"https:\/\/i0.wp.com\/img2.migalhas.com.br\/_MEDPROC_\/https__img.migalhas.com.br__SL__gf_base__SL__empresas__SL__MIGA__SL__imagens__SL__2025__SL__01__SL__07__SL__4f1e2be1-0656-4270-bf37-c448b006278d.jpg._PROC_CP65.jpg?w=600&#038;ssl=1\" \/><\/p>\n<div class=\"img-info\"><span class=\"img-legenda\">8 de janeiro: dois anos do &#8220;Dia da Inf\u00e2mia&#8221;. <\/span><span class=\"img-credito\">(IMAGEM: MIGALHAS\/REDA\u00c7\u00c3O)<\/span><\/div>\n<p><strong>Condena\u00e7\u00f5es<\/strong><\/p>\n<p>Em dois anos, o <strong>STF <a href=\"https:\/\/www.migalhas.com.br\/quentes\/418474\/stf-condena-14-reus-pelo-8-de-janeiro-lira-recomeca-pl-da-anistia\" target=\"_blank\" rel=\"noopener\">condenou<\/a> 375<\/strong> das <strong>1.682 pessoas denunciadas<\/strong>. Dentre estas, 1.204 foram acusadas como incitadores, 407 como executores, 63 como financiadores, e h\u00e1 8 autoridades envolvidas, segundo a classifica\u00e7\u00e3o do MPF.<\/p>\n<p>Apenas<strong> quatro<\/strong> <strong>foram <a href=\"https:\/\/www.migalhas.com.br\/quentes\/403505\/stf-forma-maioria-para-absolver-reu-do-8-1-pela-primeira-vez\" target=\"_blank\" rel=\"noopener\">absolvidos<\/a><\/strong>, enquanto 527 optaram por acordos de n\u00e3o persecu\u00e7\u00e3o penal, encerrando as a\u00e7\u00f5es e aceitando medidas alternativas como servi\u00e7o comunit\u00e1rio e cursos sobre democracia. Durante este per\u00edodo, os r\u00e9us t\u00eam seus passaportes e porte de arma suspensos e s\u00e3o proibidos de usar redes sociais.<\/p>\n<div class=\"img-info\"><span class=\"img-legenda\">1.682 pessoas foram denunciadas pelos atos do 8 de janeiro.<\/span><\/div>\n<p>Ao todo, <strong>155<\/strong> <strong>r\u00e9us est\u00e3o<\/strong> <strong>presos<\/strong>: 78, provisoriamente, 70 definitivamente, e 7 est\u00e3o em pris\u00e3o em domiciliar.<\/p>\n<p><img data-recalc-dims=\"1\" decoding=\"async\" class=\"i-amphtml-fill-content i-amphtml-replaced-content\" src=\"https:\/\/i0.wp.com\/img2.migalhas.com.br\/_MEDPROC_\/https__img.migalhas.com.br__SL__gf_base__SL__empresas__SL__MIGA__SL__imagens__SL__2025__SL__01__SL__07__SL__9702bde8-ced9-43e4-b897-87004b51ae9e.jpg._PROC_CP65.jpg?w=600&#038;ssl=1\" \/><\/p>\n<div class=\"img-info\"><span class=\"img-legenda\">155 pessoas permanecem presas pelos atos de 8 de janeiro de 2023.<\/span><span class=\"img-credito\">(IMAGEM: ARTE MIGALHAS)<\/span><\/div>\n<p>A maior parte dos invasores foi condenada por crimes como associa\u00e7\u00e3o criminosa armada, aboli\u00e7\u00e3o violenta do Estado Democr\u00e1tico de Direito, tentativa de golpe de Estado, dano qualificado e deteriora\u00e7\u00e3o de patrim\u00f4nio tombado.<\/p>\n<p>H\u00e1 hoje 1.552 a\u00e7\u00f5es penais em curso no STF: 1.093 casos com crimes simples e 459 de crimes graves.<\/p>\n<p><strong>Arte e di\u00e1logo<\/strong><\/p>\n<p>Neste ano, o STF utilizar\u00e1 a arte e o di\u00e1logo para relembrar os atos antidemocr\u00e1ticos.<\/p>\n<p>A Corte promover\u00e1 nesta quarta-feira, \u00e0s 14h, uma <strong>roda de conversa<\/strong>, que ser\u00e1 aberta pelo vice-presidente do Tribunal, ministro Edson Fachin. Participar\u00e3o da conversa servidores e colaboradores que atuaram na limpeza e reconstru\u00e7\u00e3o das instala\u00e7\u00f5es depredadas, al\u00e9m da restaura\u00e7\u00e3o das obras destru\u00eddas durante a invas\u00e3o \u00e0 Suprema Corte.<\/p>\n<p>\u00c0s 15h30, ser\u00e3o recebidas no Supremo<strong>obras de arte<\/strong> produzidas com destro\u00e7os da invas\u00e3o, de quatro artistas pl\u00e1sticos de Bras\u00edlia: Val\u00e9ria Pena-Costa, Carppio de Morais, Marilu Cerqueira e M\u00e1rio Jardim. As obras simbolizam a reconstru\u00e7\u00e3o do pr\u00e9dio do STF e a preval\u00eancia da democracia.<\/p>\n<ul>\n<li><strong>O Manto da Democracia<\/strong> \u00e9 o t\u00edtulo da obra de <strong>Val\u00e9ria Pena-Costa<\/strong>. A artista convidou cerca de 60 mulheres para reconstruir simbolicamente a toga da ministra Rosa Weber, presidente do STF na data dos ataques.<\/li>\n<li><strong>Carppio de Morais<\/strong> produziu uma pintura sobre tela com tonalidade em preto inspirada no luto das p\u00e1ginas carbonizadas da Constitui\u00e7\u00e3o Federal.\u00a0Apresentada dentro de uma caixa de acr\u00edlico,\u00a0a obra trar\u00e1 um percurso hist\u00f3rico em que se retrata a sociedade brasileira, desde a escravid\u00e3o at\u00e9 os dias atuais.<\/li>\n<li>A produ\u00e7\u00e3o de <strong>Marilu Cerqueira<\/strong> se deu em pedra m\u00e1rmore azul retalhada, com peda\u00e7os de vidro\u00a0blindex\u00a0esverdeado, vidro de l\u00e2mpada, peda\u00e7os de tela de dispositivo m\u00f3vel\/tablet, cacos de espelho, m\u00e1rmore branco triturado, pedra portuguesa triturada e a impress\u00e3o do s\u00edmbolo da bandeira com frases representando a destrui\u00e7\u00e3o do Tribunal.<\/li>\n<li>A obra do artista <strong>M\u00e1rio Jardim<\/strong>, feita em parceria com Val\u00e9ria Pena-Costa, ter\u00e1 a palavra \u201cdemocracia\u201d referida no espelho e repetida em seus fragmentos. A ideia \u00e9 baseada em serm\u00f5es do <a href=\"https:\/\/www.migalhas.com.br\/literarias\/autor\/padre-antonio-vieira\" target=\"_blank\" rel=\"noopener\">Padre Ant\u00f4nio Vieira<\/a>, para quem as propriedades e as virtudes da eucaristia n\u00e3o se deixam afetar pela fragmenta\u00e7\u00e3o, j\u00e1 que cada parte trazia em si o todo da divindade.<\/li>\n<\/ul>\n<p>O Supremo tamb\u00e9m lan\u00e7ar\u00e1 um <strong>hotsite<\/strong>de mem\u00f3ria com informa\u00e7\u00f5es completas, que v\u00e3o desde os ataques e a destrui\u00e7\u00e3o do pr\u00e9dio at\u00e9 o processo de reconstru\u00e7\u00e3o e a responsabiliza\u00e7\u00e3o daqueles que invadiram e depredaram as instala\u00e7\u00f5es da Corte.<\/p>\n<p><strong>Obras restauradas<\/strong><\/p>\n<p>Nesta ter\u00e7a-feira, 7, um rel\u00f3gio hist\u00f3rico que foi vandalizado em ato golpista retornou ao Pal\u00e1cio do Planalto ap\u00f3s passar por restaura\u00e7\u00e3o.<\/p>\n<p><img data-recalc-dims=\"1\" decoding=\"async\" class=\"i-amphtml-fill-content i-amphtml-replaced-content\" src=\"https:\/\/i0.wp.com\/img2.migalhas.com.br\/_MEDPROC_\/https__img.migalhas.com.br__SL__gf_base__SL__empresas__SL__MIGA__SL__imagens__SL__2025__SL__01__SL__07__SL__cropped_lczazdds.mai.jpeg._PROC_CP65.jpeg?w=600&#038;ssl=1\" \/><\/p>\n<div class=\"img-info\"><span class=\"img-legenda\">Rel\u00f3gio presenteado por Dom Jo\u00e3o VI chega \u00e0 Bras\u00edlia ap\u00f3s restaura\u00e7\u00e3o.<\/span><span class=\"img-credito\">(IMAGEM: GABRIELA BIL\u00d3\/FOLHAPRESS)<\/span><\/div>\n<p>&nbsp;<\/p>\n<p>O <strong>rel\u00f3gio de Balthazar Martinot<\/strong>, pe\u00e7a do s\u00e9culo XVII, foi um presente da Corte Francesa para Dom Jo\u00e3o VI e veio com a fam\u00edlia real portuguesa para o Brasil. Martinot era o relojoeiro do rei franc\u00eas Lu\u00eds XIV.<\/p>\n<p>Segundo o governo brasileiro, restaram apenas dois rel\u00f3gios do artista, um exposto no Pal\u00e1cio de Versailles, na Fran\u00e7a. O rel\u00f3gio \u00e9 feito de casco de tartaruga e com um bronze que n\u00e3o \u00e9 fabricado h\u00e1 dezenas de anos.<\/p>\n<p>O objeto foi destru\u00eddo por <a href=\"https:\/\/www.migalhas.com.br\/quentes\/410347\/stf-condena-a-17-anos-homem-que-destruiu-relogio-no-planalto-no-8-1\" target=\"_blank\" rel=\"noopener\">Ant\u00f4nio Cl\u00e1udio Alves Ferreira<\/a>, um dos extremistas que invadiu o Planalto \u2014 ele foi condenado a 17 anos de pris\u00e3o.<\/p>\n<p>O rel\u00f3gio passou por um processo de restauro em parceria com o governo da Su\u00ed\u00e7a. Agora, juntamente com outras pe\u00e7as, foi agora reintegrado ao acervo da Presid\u00eancia.<\/p>\n<p>Obras como o quadro <strong>As Mulatas<\/strong>, do pintor Di Cavalcanti, tamb\u00e9m passaram a ser levadas de volta ao planalto na segunda-feira, 6. Tamb\u00e9m est\u00e3o na lista a escultura em bronze <strong>O Flautista<\/strong>, de Bruno Giorgi, e a escultura de madeira <strong>Galhos e Sombras<\/strong>, de Frans Krajcberg.<\/p>\n<p><img data-recalc-dims=\"1\" decoding=\"async\" class=\"i-amphtml-fill-content i-amphtml-replaced-content\" src=\"https:\/\/i0.wp.com\/img2.migalhas.com.br\/_MEDPROC_\/https__img.migalhas.com.br__SL__gf_base__SL__empresas__SL__MIGA__SL__imagens__SL__2025__SL__01__SL__07__SL__b2a2938b-5bde-46f8-ae6b-dcc3270eba6c.png._PROC_CP65.png?w=600&#038;ssl=1\" \/><\/p>\n<div class=\"img-info\"><span class=\"img-legenda\">Obras de arte e objetos foram depredadas pelos golpistas de 8\/1.<\/span><span class=\"img-credito\">(IMAGEM: REPRODU\u00c7\u00c3O\/ARTE MIGALHAS)<\/span><\/div>\n<p>O restauro dessas e outras pe\u00e7as foi realizado em um laborat\u00f3rio que o governo montou no Pal\u00e1cio da Alvorada em parceria com o Instituto do Patrim\u00f4nio Hist\u00f3rico e Art\u00edstico Nacional (Iphan), que assumiu os custos do trabalho realizado por uma equipe de dez restauradores da Universidade Federal de Pelotas (UFPel).<\/p>\n<p>O presidente Lula convidou representantes dos demais poderes para uma solenidade no Planalto, seguida de um abra\u00e7o simb\u00f3lico \u00e0 Pra\u00e7a dos Tr\u00eas Poderes.<\/p>\n<\/div>\n<\/article>\n","protected":false},"excerpt":{"rendered":"<p>Processos e condena\u00e7\u00f5es ainda est\u00e3o em curso, assim como objetos destru\u00eddos est\u00e3o em fase de restaura\u00e7\u00e3o.<\/p>\n","protected":false},"author":1,"featured_media":0,"comment_status":"closed","ping_status":"open","sticky":false,"template":"","format":"standard","meta":{"_exactmetrics_skip_tracking":false,"_exactmetrics_sitenote_active":false,"_exactmetrics_sitenote_note":"","_exactmetrics_sitenote_category":0,"jetpack_post_was_ever_published":false,"_jetpack_newsletter_access":"","_jetpack_dont_email_post_to_subs":false,"_jetpack_newsletter_tier_id":0,"_jetpack_memberships_contains_paywalled_content":false,"_jetpack_memberships_contains_paid_content":false,"footnotes":"","jetpack_publicize_message":"","jetpack_publicize_feature_enabled":true,"jetpack_social_post_already_shared":true,"jetpack_social_options":{"image_generator_settings":{"template":"highway","enabled":false},"version":2}},"categories":[1],"tags":[1236,547,64],"class_list":["post-36416","post","type-post","status-publish","format-standard","hentry","category-notas","tag-8-de-janeiro","tag-atos","tag-democracia"],"jetpack_publicize_connections":[],"jetpack_sharing_enabled":true,"jetpack_featured_media_url":"","jetpack_shortlink":"https:\/\/wp.me\/p7wKYW-9tm","jetpack-related-posts":[],"_links":{"self":[{"href":"http:\/\/blogdalucianaoliveira.com.br\/blog\/wp-json\/wp\/v2\/posts\/36416","targetHints":{"allow":["GET"]}}],"collection":[{"href":"http:\/\/blogdalucianaoliveira.com.br\/blog\/wp-json\/wp\/v2\/posts"}],"about":[{"href":"http:\/\/blogdalucianaoliveira.com.br\/blog\/wp-json\/wp\/v2\/types\/post"}],"author":[{"embeddable":true,"href":"http:\/\/blogdalucianaoliveira.com.br\/blog\/wp-json\/wp\/v2\/users\/1"}],"replies":[{"embeddable":true,"href":"http:\/\/blogdalucianaoliveira.com.br\/blog\/wp-json\/wp\/v2\/comments?post=36416"}],"version-history":[{"count":1,"href":"http:\/\/blogdalucianaoliveira.com.br\/blog\/wp-json\/wp\/v2\/posts\/36416\/revisions"}],"predecessor-version":[{"id":36418,"href":"http:\/\/blogdalucianaoliveira.com.br\/blog\/wp-json\/wp\/v2\/posts\/36416\/revisions\/36418"}],"wp:attachment":[{"href":"http:\/\/blogdalucianaoliveira.com.br\/blog\/wp-json\/wp\/v2\/media?parent=36416"}],"wp:term":[{"taxonomy":"category","embeddable":true,"href":"http:\/\/blogdalucianaoliveira.com.br\/blog\/wp-json\/wp\/v2\/categories?post=36416"},{"taxonomy":"post_tag","embeddable":true,"href":"http:\/\/blogdalucianaoliveira.com.br\/blog\/wp-json\/wp\/v2\/tags?post=36416"}],"curies":[{"name":"wp","href":"https:\/\/api.w.org\/{rel}","templated":true}]}}