{"id":36420,"date":"2025-01-09T10:08:18","date_gmt":"2025-01-09T14:08:18","guid":{"rendered":"http:\/\/blogdalucianaoliveira.com.br\/blog\/?p=36420"},"modified":"2025-01-09T10:08:18","modified_gmt":"2025-01-09T14:08:18","slug":"forum-nacional-pela-democratizacao-da-comunicacao-alerta-para-os-riscos-do-anuncio-de-zuckerberg","status":"publish","type":"post","link":"http:\/\/blogdalucianaoliveira.com.br\/blog\/2025\/01\/09\/forum-nacional-pela-democratizacao-da-comunicacao-alerta-para-os-riscos-do-anuncio-de-zuckerberg\/","title":{"rendered":"F\u00f3rum Nacional pela Democratiza\u00e7\u00e3o da Comunica\u00e7\u00e3o alerta para os riscos do an\u00fancio de Zuckerberg"},"content":{"rendered":"<p><img data-recalc-dims=\"1\" loading=\"lazy\" decoding=\"async\" data-attachment-id=\"36421\" data-permalink=\"http:\/\/blogdalucianaoliveira.com.br\/blog\/2025\/01\/09\/forum-nacional-pela-democratizacao-da-comunicacao-alerta-para-os-riscos-do-anuncio-de-zuckerberg\/miniatura-youtube-dinheiro-internet-chamativa-gratis-1\/\" data-orig-file=\"https:\/\/i0.wp.com\/blogdalucianaoliveira.com.br\/blog\/wp-content\/uploads\/2025\/01\/IMG_5610.jpeg?fit=1280%2C720\" data-orig-size=\"1280,720\" data-comments-opened=\"0\" data-image-meta=\"{&quot;aperture&quot;:&quot;0&quot;,&quot;credit&quot;:&quot;Jaimacy Andrade Martins&quot;,&quot;camera&quot;:&quot;&quot;,&quot;caption&quot;:&quot;xr:d:DAF6DYDLYS4:83,j:1374014999192181014,t:24013012&quot;,&quot;created_timestamp&quot;:&quot;0&quot;,&quot;copyright&quot;:&quot;&quot;,&quot;focal_length&quot;:&quot;0&quot;,&quot;iso&quot;:&quot;0&quot;,&quot;shutter_speed&quot;:&quot;0&quot;,&quot;title&quot;:&quot;Miniatura YouTube dinheiro internet chamativa gr\\u00e1tis - 1&quot;,&quot;orientation&quot;:&quot;1&quot;}\" data-image-title=\"Miniatura YouTube dinheiro internet chamativa gr\u00e1tis &amp;#8211; 1\" data-image-description=\"\" data-image-caption=\"&lt;p&gt;xr:d:DAF6DYDLYS4:83,j:1374014999192181014,t:24013012&lt;\/p&gt;\n\" data-medium-file=\"https:\/\/i0.wp.com\/blogdalucianaoliveira.com.br\/blog\/wp-content\/uploads\/2025\/01\/IMG_5610.jpeg?fit=300%2C169\" data-large-file=\"https:\/\/i0.wp.com\/blogdalucianaoliveira.com.br\/blog\/wp-content\/uploads\/2025\/01\/IMG_5610.jpeg?fit=600%2C338\" class=\"size-medium wp-image-36421\" src=\"https:\/\/i0.wp.com\/blogdalucianaoliveira.com.br\/blog\/wp-content\/uploads\/2025\/01\/IMG_5610.jpeg?resize=300%2C169\" alt=\"\" width=\"300\" height=\"169\" srcset=\"https:\/\/i0.wp.com\/blogdalucianaoliveira.com.br\/blog\/wp-content\/uploads\/2025\/01\/IMG_5610.jpeg?resize=300%2C169 300w, https:\/\/i0.wp.com\/blogdalucianaoliveira.com.br\/blog\/wp-content\/uploads\/2025\/01\/IMG_5610.jpeg?resize=1024%2C576 1024w, https:\/\/i0.wp.com\/blogdalucianaoliveira.com.br\/blog\/wp-content\/uploads\/2025\/01\/IMG_5610.jpeg?resize=768%2C432 768w, https:\/\/i0.wp.com\/blogdalucianaoliveira.com.br\/blog\/wp-content\/uploads\/2025\/01\/IMG_5610.jpeg?resize=533%2C300 533w, https:\/\/i0.wp.com\/blogdalucianaoliveira.com.br\/blog\/wp-content\/uploads\/2025\/01\/IMG_5610.jpeg?w=1280 1280w, https:\/\/i0.wp.com\/blogdalucianaoliveira.com.br\/blog\/wp-content\/uploads\/2025\/01\/IMG_5610.jpeg?w=1200 1200w\" sizes=\"auto, (max-width: 300px) 100vw, 300px\" \/><\/p>\n<p>BigPB &#8211; O F\u00f3rum Nacional pela Democratiza\u00e7\u00e3o da Comunica\u00e7\u00e3o (FNDC) manifesta sua profunda preocupa\u00e7\u00e3o e repudia o recente an\u00fancio feito por Mark Zuckerberg, presidente-executivo da Meta, que explicita o alinhamento da empresa com o governo de Donald Trump e sinaliza uma ofensiva contra esfor\u00e7os internacionais de regula\u00e7\u00e3o das plataformas digitais.<!--more--><\/p>\n<p>Sob o pretexto de defender uma suposta liberdade de express\u00e3o irrestrita, a Meta anunciou o desligamento de filtros de modera\u00e7\u00e3o de conte\u00fado relacionados a temas sens\u00edveis como imigra\u00e7\u00e3o e g\u00eanero, assim como o enfraquecimento de iniciativas de checagem de fatos, o que contribui para a prolifera\u00e7\u00e3o de fake news e, consequentemente, refor\u00e7a conte\u00fados que promovem a extrema-direita, colocando em risco a democracia, a liberdade de express\u00e3o respons\u00e1vel e o pr\u00f3prio tecido social. Tais medidas representam um ataque direto \u00e0 prote\u00e7\u00e3o de direitos individuais e coletivos no ambiente digital, promovendo a desinforma\u00e7\u00e3o e ampliando a margem para discursos de \u00f3dio.<br \/>\nZuckerberg tamb\u00e9m criticou abertamente institui\u00e7\u00f5es democr\u00e1ticas, como o Supremo Tribunal Federal (STF) do Brasil, apontando-o como uma \u201ccorte secreta\u201d, e se posicionou contra regula\u00e7\u00e3o das big techs propostas ou promovidas por pa\u00edses como Brasil, Alemanha e China. Essa postura revela as big techs como verdadeiras ferramentas geopol\u00edticas que visam desestabilizar a ordem internacional e impedir a constru\u00e7\u00e3o de um novo equil\u00edbrio geopol\u00edtico, que inclua maior autonomia para os pa\u00edses do Sul Global, especialmente diante do fortalecimento dos BRICS e da ascens\u00e3o chinesa.<br \/>\nPor isso, para o FNDC, o an\u00fancio da Meta n\u00e3o se limita a uma nova pol\u00edtica de modera\u00e7\u00e3o de conte\u00fado, mas configura um movimento pol\u00edtico que amea\u00e7a a integridade das democracias em todo o mundo. Ao alinhar-se \u00e0s ideias de Donald Trump, Elon Musk, e outros representantes da extrema-direita, a Meta refor\u00e7a uma agenda pol\u00edtica destrutiva internacional, com objetivo de fragilizar as institui\u00e7\u00f5es democr\u00e1ticas e a justi\u00e7a social, e concentrando ainda mais poder pol\u00edtico e econ\u00f4mico nas m\u00e3os de poucos, preferencialmente, nos Estados Unidos.<br \/>\nEssa \u00e9 uma declara\u00e7\u00e3o de guerra ao mundo que exige uma resposta robusta e imediata. \u00c9 imprescind\u00edvel que governos democr\u00e1ticos e organiza\u00e7\u00f5es da sociedade civil de todos os pa\u00edses intensifiquem os esfor\u00e7os para regular as plataformas digitais, a fim de garantir um ambiente online mais justo, seguro e respeitoso, livre de manipula\u00e7\u00e3o, desinforma\u00e7\u00e3o e \u00f3dio. Regula\u00e7\u00e3o n\u00e3o \u00e9 censura, mas um mecanismo essencial para defender as pessoas e proteger as democracias, preservando os direitos humanos e a liberdade de express\u00e3o respons\u00e1vel.<br \/>\nO FNDC reafirma seu compromisso com a luta pela democratiza\u00e7\u00e3o da comunica\u00e7\u00e3o e est\u00e1 entre os primeiros signat\u00e1rios da _Carta Contra o Retrocesso na Modera\u00e7\u00e3o de Conte\u00fado da Meta e os Ataques \u00e0 Regula\u00e7\u00e3o Democr\u00e1tica do Espa\u00e7o Digital_ e conclama os movimentos sociais, sindicatos e todas as entidades democr\u00e1ticas a se unirem nessa luta em defesa da soberania dos povos e dos direitos humanos dentro e fora do ambiente digital.<\/p>\n","protected":false},"excerpt":{"rendered":"<p>BigPB &#8211; O F\u00f3rum Nacional pela Democratiza\u00e7\u00e3o da Comunica\u00e7\u00e3o (FNDC) manifesta sua profunda preocupa\u00e7\u00e3o e repudia o recente an\u00fancio feito por Mark Zuckerberg, presidente-executivo da Meta, que explicita o alinhamento da empresa com o governo de Donald Trump e sinaliza uma ofensiva contra esfor\u00e7os internacionais de regula\u00e7\u00e3o das plataformas digitais.<\/p>\n","protected":false},"author":1,"featured_media":0,"comment_status":"closed","ping_status":"open","sticky":false,"template":"","format":"standard","meta":{"_exactmetrics_skip_tracking":false,"_exactmetrics_sitenote_active":false,"_exactmetrics_sitenote_note":"","_exactmetrics_sitenote_category":0,"jetpack_post_was_ever_published":false,"_jetpack_newsletter_access":"","_jetpack_dont_email_post_to_subs":false,"_jetpack_newsletter_tier_id":0,"_jetpack_memberships_contains_paywalled_content":false,"_jetpack_memberships_contains_paid_content":false,"footnotes":"","jetpack_publicize_message":"","jetpack_publicize_feature_enabled":true,"jetpack_social_post_already_shared":true,"jetpack_social_options":{"image_generator_settings":{"template":"highway","enabled":false},"version":2}},"categories":[1],"tags":[15,1233,1237],"class_list":["post-36420","post","type-post","status-publish","format-standard","hentry","category-notas","tag-internet","tag-meta","tag-regulacao"],"jetpack_publicize_connections":[],"jetpack_sharing_enabled":true,"jetpack_featured_media_url":"","jetpack_shortlink":"https:\/\/wp.me\/p7wKYW-9tq","jetpack-related-posts":[],"_links":{"self":[{"href":"http:\/\/blogdalucianaoliveira.com.br\/blog\/wp-json\/wp\/v2\/posts\/36420","targetHints":{"allow":["GET"]}}],"collection":[{"href":"http:\/\/blogdalucianaoliveira.com.br\/blog\/wp-json\/wp\/v2\/posts"}],"about":[{"href":"http:\/\/blogdalucianaoliveira.com.br\/blog\/wp-json\/wp\/v2\/types\/post"}],"author":[{"embeddable":true,"href":"http:\/\/blogdalucianaoliveira.com.br\/blog\/wp-json\/wp\/v2\/users\/1"}],"replies":[{"embeddable":true,"href":"http:\/\/blogdalucianaoliveira.com.br\/blog\/wp-json\/wp\/v2\/comments?post=36420"}],"version-history":[{"count":1,"href":"http:\/\/blogdalucianaoliveira.com.br\/blog\/wp-json\/wp\/v2\/posts\/36420\/revisions"}],"predecessor-version":[{"id":36422,"href":"http:\/\/blogdalucianaoliveira.com.br\/blog\/wp-json\/wp\/v2\/posts\/36420\/revisions\/36422"}],"wp:attachment":[{"href":"http:\/\/blogdalucianaoliveira.com.br\/blog\/wp-json\/wp\/v2\/media?parent=36420"}],"wp:term":[{"taxonomy":"category","embeddable":true,"href":"http:\/\/blogdalucianaoliveira.com.br\/blog\/wp-json\/wp\/v2\/categories?post=36420"},{"taxonomy":"post_tag","embeddable":true,"href":"http:\/\/blogdalucianaoliveira.com.br\/blog\/wp-json\/wp\/v2\/tags?post=36420"}],"curies":[{"name":"wp","href":"https:\/\/api.w.org\/{rel}","templated":true}]}}