{"id":36423,"date":"2025-01-10T12:25:28","date_gmt":"2025-01-10T16:25:28","guid":{"rendered":"http:\/\/blogdalucianaoliveira.com.br\/blog\/?p=36423"},"modified":"2025-01-10T12:36:36","modified_gmt":"2025-01-10T16:36:36","slug":"reportagem-no-brasil-247","status":"publish","type":"post","link":"http:\/\/blogdalucianaoliveira.com.br\/blog\/2025\/01\/10\/reportagem-no-brasil-247\/","title":{"rendered":"Reportagem no Brasil 247"},"content":{"rendered":"<p><img data-recalc-dims=\"1\" loading=\"lazy\" decoding=\"async\" data-attachment-id=\"36424\" data-permalink=\"http:\/\/blogdalucianaoliveira.com.br\/blog\/2025\/01\/10\/reportagem-no-brasil-247\/374006a2-e399-42a3-bd9d-f65f84abbf60\/\" data-orig-file=\"https:\/\/i0.wp.com\/blogdalucianaoliveira.com.br\/blog\/wp-content\/uploads\/2025\/01\/374006a2-e399-42a3-bd9d-f65f84abbf60.jpeg?fit=1600%2C900\" data-orig-size=\"1600,900\" data-comments-opened=\"0\" data-image-meta=\"{&quot;aperture&quot;:&quot;0&quot;,&quot;credit&quot;:&quot;&quot;,&quot;camera&quot;:&quot;&quot;,&quot;caption&quot;:&quot;&quot;,&quot;created_timestamp&quot;:&quot;1736525488&quot;,&quot;copyright&quot;:&quot;&quot;,&quot;focal_length&quot;:&quot;0&quot;,&quot;iso&quot;:&quot;0&quot;,&quot;shutter_speed&quot;:&quot;0&quot;,&quot;title&quot;:&quot;&quot;,&quot;orientation&quot;:&quot;1&quot;}\" data-image-title=\"374006a2-e399-42a3-bd9d-f65f84abbf60\" data-image-description=\"\" data-image-caption=\"\" data-medium-file=\"https:\/\/i0.wp.com\/blogdalucianaoliveira.com.br\/blog\/wp-content\/uploads\/2025\/01\/374006a2-e399-42a3-bd9d-f65f84abbf60.jpeg?fit=300%2C169\" data-large-file=\"https:\/\/i0.wp.com\/blogdalucianaoliveira.com.br\/blog\/wp-content\/uploads\/2025\/01\/374006a2-e399-42a3-bd9d-f65f84abbf60.jpeg?fit=600%2C338\" class=\"alignnone size-medium wp-image-36424\" src=\"https:\/\/i0.wp.com\/blogdalucianaoliveira.com.br\/blog\/wp-content\/uploads\/2025\/01\/374006a2-e399-42a3-bd9d-f65f84abbf60.jpeg?resize=300%2C169\" alt=\"\" width=\"300\" height=\"169\" srcset=\"https:\/\/i0.wp.com\/blogdalucianaoliveira.com.br\/blog\/wp-content\/uploads\/2025\/01\/374006a2-e399-42a3-bd9d-f65f84abbf60.jpeg?resize=300%2C169 300w, https:\/\/i0.wp.com\/blogdalucianaoliveira.com.br\/blog\/wp-content\/uploads\/2025\/01\/374006a2-e399-42a3-bd9d-f65f84abbf60.jpeg?resize=1024%2C576 1024w, https:\/\/i0.wp.com\/blogdalucianaoliveira.com.br\/blog\/wp-content\/uploads\/2025\/01\/374006a2-e399-42a3-bd9d-f65f84abbf60.jpeg?resize=768%2C432 768w, https:\/\/i0.wp.com\/blogdalucianaoliveira.com.br\/blog\/wp-content\/uploads\/2025\/01\/374006a2-e399-42a3-bd9d-f65f84abbf60.jpeg?resize=1536%2C864 1536w, https:\/\/i0.wp.com\/blogdalucianaoliveira.com.br\/blog\/wp-content\/uploads\/2025\/01\/374006a2-e399-42a3-bd9d-f65f84abbf60.jpeg?resize=533%2C300 533w, https:\/\/i0.wp.com\/blogdalucianaoliveira.com.br\/blog\/wp-content\/uploads\/2025\/01\/374006a2-e399-42a3-bd9d-f65f84abbf60.jpeg?w=1600 1600w, https:\/\/i0.wp.com\/blogdalucianaoliveira.com.br\/blog\/wp-content\/uploads\/2025\/01\/374006a2-e399-42a3-bd9d-f65f84abbf60.jpeg?w=1200 1200w\" sizes=\"auto, (max-width: 300px) 100vw, 300px\" \/><\/p>\n<p>Caminhar em solo com s\u00edtio arqueol\u00f3gico \u00e9 explorar riqueza em cultura, mem\u00f3ria e identidade. Os vest\u00edgios hist\u00f3ricos ajudam a compreender o modo de vida de diferentes povos ao longo de tempo.<!--more--><\/p>\n<p>Dados do IPHAN, o Instituto do Patrim\u00f4nio Hist\u00f3rico e Art\u00edstico Nacional, apontam milhares de s\u00edtios arqueol\u00f3gicos registrados na Amaz\u00f4nia Legal, com ind\u00edcios de presen\u00e7a humana que remontam mais de 10 mil anos. Na regi\u00e3o Norte s\u00e3o mais de 6400 s\u00edtios.<br \/>\nRond\u00f4nia tem grande potencial arqueol\u00f3gico na regi\u00e3o do vale do Guapor\u00e9 e na divisa com o Mato Grosso h\u00e1 vest\u00edgios de ocupa\u00e7\u00e3o humana de 14 mil anos. Acompanhamos a equipe do IPHAN em fiscaliza\u00e7\u00e3o a s\u00edtios arqueol\u00f3gicos em territ\u00f3rios ind\u00edgenas e quilombolas atingidos por inc\u00eandios florestais e amea\u00e7ados com a expans\u00e3o do agroneg\u00f3cio e do turismo predat\u00f3rio.<\/p>\n<p>&nbsp;<\/p>\n<p>assista:<\/p>\n<p>&nbsp;<\/p>\n<div class=\"jetpack-video-wrapper\"><iframe loading=\"lazy\" title=\"O DESAFIO DE PROTEGER POVOS E PATRIM\u00d4NIO ARQUEOL\u00d3GICO NA AMAZ\u00d4NIA\" width=\"600\" height=\"338\" src=\"https:\/\/www.youtube.com\/embed\/1jk-eUlJ6Fc?feature=oembed\" frameborder=\"0\" allow=\"accelerometer; autoplay; clipboard-write; encrypted-media; gyroscope; picture-in-picture; web-share\" referrerpolicy=\"strict-origin-when-cross-origin\" allowfullscreen><\/iframe><\/div>\n","protected":false},"excerpt":{"rendered":"<p>Caminhar em solo com s\u00edtio arqueol\u00f3gico \u00e9 explorar riqueza em cultura, mem\u00f3ria e identidade. Os vest\u00edgios hist\u00f3ricos ajudam a compreender o modo de vida de diferentes povos ao longo de tempo.<\/p>\n","protected":false},"author":1,"featured_media":0,"comment_status":"closed","ping_status":"open","sticky":false,"template":"","format":"standard","meta":{"_exactmetrics_skip_tracking":false,"_exactmetrics_sitenote_active":false,"_exactmetrics_sitenote_note":"","_exactmetrics_sitenote_category":0,"jetpack_post_was_ever_published":false,"_jetpack_newsletter_access":"","_jetpack_dont_email_post_to_subs":false,"_jetpack_newsletter_tier_id":0,"_jetpack_memberships_contains_paywalled_content":false,"_jetpack_memberships_contains_paid_content":false,"footnotes":"","jetpack_publicize_message":"","jetpack_publicize_feature_enabled":true,"jetpack_social_post_already_shared":true,"jetpack_social_options":{"image_generator_settings":{"template":"highway","enabled":false},"version":2}},"categories":[1],"tags":[1238,1217,1239],"class_list":["post-36423","post","type-post","status-publish","format-standard","hentry","category-notas","tag-arqueologia","tag-iphan","tag-patrimonio"],"jetpack_publicize_connections":[],"jetpack_sharing_enabled":true,"jetpack_featured_media_url":"","jetpack_shortlink":"https:\/\/wp.me\/p7wKYW-9tt","jetpack-related-posts":[],"_links":{"self":[{"href":"http:\/\/blogdalucianaoliveira.com.br\/blog\/wp-json\/wp\/v2\/posts\/36423","targetHints":{"allow":["GET"]}}],"collection":[{"href":"http:\/\/blogdalucianaoliveira.com.br\/blog\/wp-json\/wp\/v2\/posts"}],"about":[{"href":"http:\/\/blogdalucianaoliveira.com.br\/blog\/wp-json\/wp\/v2\/types\/post"}],"author":[{"embeddable":true,"href":"http:\/\/blogdalucianaoliveira.com.br\/blog\/wp-json\/wp\/v2\/users\/1"}],"replies":[{"embeddable":true,"href":"http:\/\/blogdalucianaoliveira.com.br\/blog\/wp-json\/wp\/v2\/comments?post=36423"}],"version-history":[{"count":2,"href":"http:\/\/blogdalucianaoliveira.com.br\/blog\/wp-json\/wp\/v2\/posts\/36423\/revisions"}],"predecessor-version":[{"id":36426,"href":"http:\/\/blogdalucianaoliveira.com.br\/blog\/wp-json\/wp\/v2\/posts\/36423\/revisions\/36426"}],"wp:attachment":[{"href":"http:\/\/blogdalucianaoliveira.com.br\/blog\/wp-json\/wp\/v2\/media?parent=36423"}],"wp:term":[{"taxonomy":"category","embeddable":true,"href":"http:\/\/blogdalucianaoliveira.com.br\/blog\/wp-json\/wp\/v2\/categories?post=36423"},{"taxonomy":"post_tag","embeddable":true,"href":"http:\/\/blogdalucianaoliveira.com.br\/blog\/wp-json\/wp\/v2\/tags?post=36423"}],"curies":[{"name":"wp","href":"https:\/\/api.w.org\/{rel}","templated":true}]}}