{"id":36428,"date":"2025-01-14T12:26:14","date_gmt":"2025-01-14T16:26:14","guid":{"rendered":"http:\/\/blogdalucianaoliveira.com.br\/blog\/?p=36428"},"modified":"2025-01-15T08:33:11","modified_gmt":"2025-01-15T12:33:11","slug":"compositor-e-sambista-toninho-tavernard-lanca-novo-album-musical","status":"publish","type":"post","link":"http:\/\/blogdalucianaoliveira.com.br\/blog\/2025\/01\/14\/compositor-e-sambista-toninho-tavernard-lanca-novo-album-musical\/","title":{"rendered":"COMPOSITOR E SAMBISTA TONINHO TAVERNARD LAN\u00c7A NOVO ALBUM MUSICAL"},"content":{"rendered":"<p><img data-recalc-dims=\"1\" loading=\"lazy\" decoding=\"async\" data-attachment-id=\"36429\" data-permalink=\"http:\/\/blogdalucianaoliveira.com.br\/blog\/2025\/01\/14\/compositor-e-sambista-toninho-tavernard-lanca-novo-album-musical\/img_5741\/\" data-orig-file=\"https:\/\/i0.wp.com\/blogdalucianaoliveira.com.br\/blog\/wp-content\/uploads\/2025\/01\/IMG_5741.jpeg?fit=1080%2C1350\" data-orig-size=\"1080,1350\" data-comments-opened=\"0\" data-image-meta=\"{&quot;aperture&quot;:&quot;0&quot;,&quot;credit&quot;:&quot;&quot;,&quot;camera&quot;:&quot;&quot;,&quot;caption&quot;:&quot;&quot;,&quot;created_timestamp&quot;:&quot;0&quot;,&quot;copyright&quot;:&quot;&quot;,&quot;focal_length&quot;:&quot;0&quot;,&quot;iso&quot;:&quot;0&quot;,&quot;shutter_speed&quot;:&quot;0&quot;,&quot;title&quot;:&quot;&quot;,&quot;orientation&quot;:&quot;0&quot;}\" data-image-title=\"IMG_5741\" data-image-description=\"\" data-image-caption=\"\" data-medium-file=\"https:\/\/i0.wp.com\/blogdalucianaoliveira.com.br\/blog\/wp-content\/uploads\/2025\/01\/IMG_5741.jpeg?fit=240%2C300\" data-large-file=\"https:\/\/i0.wp.com\/blogdalucianaoliveira.com.br\/blog\/wp-content\/uploads\/2025\/01\/IMG_5741.jpeg?fit=600%2C750\" class=\"alignnone size-medium wp-image-36429\" src=\"https:\/\/i0.wp.com\/blogdalucianaoliveira.com.br\/blog\/wp-content\/uploads\/2025\/01\/IMG_5741.jpeg?resize=240%2C300\" alt=\"\" width=\"240\" height=\"300\" srcset=\"https:\/\/i0.wp.com\/blogdalucianaoliveira.com.br\/blog\/wp-content\/uploads\/2025\/01\/IMG_5741.jpeg?resize=240%2C300 240w, https:\/\/i0.wp.com\/blogdalucianaoliveira.com.br\/blog\/wp-content\/uploads\/2025\/01\/IMG_5741.jpeg?resize=819%2C1024 819w, https:\/\/i0.wp.com\/blogdalucianaoliveira.com.br\/blog\/wp-content\/uploads\/2025\/01\/IMG_5741.jpeg?resize=768%2C960 768w, https:\/\/i0.wp.com\/blogdalucianaoliveira.com.br\/blog\/wp-content\/uploads\/2025\/01\/IMG_5741.jpeg?w=1080 1080w\" sizes=\"auto, (max-width: 240px) 100vw, 240px\" \/><\/p>\n<p>Neste dia 15 de janeiro, o cantor e compositor Toninho Tavernard estar\u00e1 lan\u00e7ando seu novo \u00e1lbum musical em todas as plataformas digitais.<br \/>\nSer\u00e1 um EP composto por quatro musicas in\u00e9ditas de autoria pr\u00f3pria, com a participa\u00e7\u00e3o especial da Cantora paraense Brenda Moraes, na faixa: \u201cBrinquei de amar\u201d.<!--more--><br \/>\nO EP traz as m\u00fasicas \u201cA magia do boteco\u201d, um samba irreverente e bem humorado que aborda com humor o universo dos botecos e a alegria contagiante dos amigos de boteco.<br \/>\nAs demais m\u00fasicas t\u00eam um vi\u00e9s mais rom\u00e2ntico, como nas m\u00fasicas \u201cS\u00f3 sei te amar\u201d e \u201cRetalhos de emo\u00e7\u00f5es\u201d e, por fim, a m\u00fasica \u201cBrinquei de amar\u201d bem no estilo Alcione, gravada pela cantora Brenda Moraes.<br \/>\nO cantor \u00e9 s\u00f3 felicidade com o lan\u00e7amento de mais esse trabalho, tratando-se da concretiza\u00e7\u00e3o de mais um sonho realizado e disponibilizado para o p\u00fablico que ama o samba e a boa m\u00fasica.<\/p>\n<p>Escute aqui:<\/p>\n<p><iframe title=\"Spotify Embed: A Magia do Boteco\" style=\"border-radius: 12px\" width=\"100%\" height=\"352\" frameborder=\"0\" allowfullscreen allow=\"autoplay; clipboard-write; encrypted-media; fullscreen; picture-in-picture\" loading=\"lazy\" src=\"https:\/\/open.spotify.com\/embed\/album\/5zmeSNbsVrfFLjgq0E20CO?si=XJJqsZu-RBmiSzHzJ5FmJQ&#038;utm_source=oembed\"><\/iframe><\/p>\n<p>&nbsp;<\/p>\n<p>&nbsp;<\/p>\n<p>&nbsp;<\/p>\n<div class=\"jetpack-video-wrapper\"><iframe loading=\"lazy\" title=\"A Magia do Boteco\" width=\"600\" height=\"338\" src=\"https:\/\/www.youtube.com\/embed\/videoseries?list=OLAK5uy_lkBdDPKMsBFu4ZS_WKsy43CuNooU_x0zE\" frameborder=\"0\" allow=\"accelerometer; autoplay; clipboard-write; encrypted-media; gyroscope; picture-in-picture; web-share\" referrerpolicy=\"strict-origin-when-cross-origin\" allowfullscreen><\/iframe><\/div>\n","protected":false},"excerpt":{"rendered":"<p>Neste dia 15 de janeiro, o cantor e compositor Toninho Tavernard estar\u00e1 lan\u00e7ando seu novo \u00e1lbum musical em todas as plataformas digitais. Ser\u00e1 um EP composto por quatro musicas in\u00e9ditas de autoria pr\u00f3pria, com a participa\u00e7\u00e3o especial da Cantora paraense Brenda Moraes, na faixa: \u201cBrinquei de amar\u201d.<\/p>\n","protected":false},"author":1,"featured_media":0,"comment_status":"closed","ping_status":"open","sticky":false,"template":"","format":"standard","meta":{"_exactmetrics_skip_tracking":false,"_exactmetrics_sitenote_active":false,"_exactmetrics_sitenote_note":"","_exactmetrics_sitenote_category":0,"jetpack_post_was_ever_published":false,"_jetpack_newsletter_access":"","_jetpack_dont_email_post_to_subs":false,"_jetpack_newsletter_tier_id":0,"_jetpack_memberships_contains_paywalled_content":false,"_jetpack_memberships_contains_paid_content":false,"footnotes":"","jetpack_publicize_message":"","jetpack_publicize_feature_enabled":true,"jetpack_social_post_already_shared":true,"jetpack_social_options":{"image_generator_settings":{"template":"highway","enabled":false},"version":2}},"categories":[1],"tags":[1240,827],"class_list":["post-36428","post","type-post","status-publish","format-standard","hentry","category-notas","tag-album","tag-toninho-tavernard"],"jetpack_publicize_connections":[],"jetpack_sharing_enabled":true,"jetpack_featured_media_url":"","jetpack_shortlink":"https:\/\/wp.me\/p7wKYW-9ty","jetpack-related-posts":[],"_links":{"self":[{"href":"http:\/\/blogdalucianaoliveira.com.br\/blog\/wp-json\/wp\/v2\/posts\/36428","targetHints":{"allow":["GET"]}}],"collection":[{"href":"http:\/\/blogdalucianaoliveira.com.br\/blog\/wp-json\/wp\/v2\/posts"}],"about":[{"href":"http:\/\/blogdalucianaoliveira.com.br\/blog\/wp-json\/wp\/v2\/types\/post"}],"author":[{"embeddable":true,"href":"http:\/\/blogdalucianaoliveira.com.br\/blog\/wp-json\/wp\/v2\/users\/1"}],"replies":[{"embeddable":true,"href":"http:\/\/blogdalucianaoliveira.com.br\/blog\/wp-json\/wp\/v2\/comments?post=36428"}],"version-history":[{"count":3,"href":"http:\/\/blogdalucianaoliveira.com.br\/blog\/wp-json\/wp\/v2\/posts\/36428\/revisions"}],"predecessor-version":[{"id":36439,"href":"http:\/\/blogdalucianaoliveira.com.br\/blog\/wp-json\/wp\/v2\/posts\/36428\/revisions\/36439"}],"wp:attachment":[{"href":"http:\/\/blogdalucianaoliveira.com.br\/blog\/wp-json\/wp\/v2\/media?parent=36428"}],"wp:term":[{"taxonomy":"category","embeddable":true,"href":"http:\/\/blogdalucianaoliveira.com.br\/blog\/wp-json\/wp\/v2\/categories?post=36428"},{"taxonomy":"post_tag","embeddable":true,"href":"http:\/\/blogdalucianaoliveira.com.br\/blog\/wp-json\/wp\/v2\/tags?post=36428"}],"curies":[{"name":"wp","href":"https:\/\/api.w.org\/{rel}","templated":true}]}}