{"id":36435,"date":"2025-01-14T19:27:13","date_gmt":"2025-01-14T23:27:13","guid":{"rendered":"http:\/\/blogdalucianaoliveira.com.br\/blog\/?p=36435"},"modified":"2025-01-14T19:27:13","modified_gmt":"2025-01-14T23:27:13","slug":"governo-federal-autoriza-envio-da-forca-nacional-a-rondonia","status":"publish","type":"post","link":"http:\/\/blogdalucianaoliveira.com.br\/blog\/2025\/01\/14\/governo-federal-autoriza-envio-da-forca-nacional-a-rondonia\/","title":{"rendered":"Governo federal autoriza envio da For\u00e7a Nacional a Rond\u00f4nia"},"content":{"rendered":"<p><img data-recalc-dims=\"1\" loading=\"lazy\" decoding=\"async\" data-attachment-id=\"36436\" data-permalink=\"http:\/\/blogdalucianaoliveira.com.br\/blog\/2025\/01\/14\/governo-federal-autoriza-envio-da-forca-nacional-a-rondonia\/img_5766\/\" data-orig-file=\"https:\/\/i0.wp.com\/blogdalucianaoliveira.com.br\/blog\/wp-content\/uploads\/2025\/01\/IMG_5766.webp?fit=1170%2C700\" data-orig-size=\"1170,700\" data-comments-opened=\"0\" data-image-meta=\"{&quot;aperture&quot;:&quot;0&quot;,&quot;credit&quot;:&quot;&quot;,&quot;camera&quot;:&quot;&quot;,&quot;caption&quot;:&quot;&quot;,&quot;created_timestamp&quot;:&quot;0&quot;,&quot;copyright&quot;:&quot;&quot;,&quot;focal_length&quot;:&quot;0&quot;,&quot;iso&quot;:&quot;0&quot;,&quot;shutter_speed&quot;:&quot;0&quot;,&quot;title&quot;:&quot;&quot;,&quot;orientation&quot;:&quot;0&quot;}\" data-image-title=\"IMG_5766\" data-image-description=\"\" data-image-caption=\"\" data-medium-file=\"https:\/\/i0.wp.com\/blogdalucianaoliveira.com.br\/blog\/wp-content\/uploads\/2025\/01\/IMG_5766.webp?fit=300%2C179\" data-large-file=\"https:\/\/i0.wp.com\/blogdalucianaoliveira.com.br\/blog\/wp-content\/uploads\/2025\/01\/IMG_5766.webp?fit=600%2C359\" class=\"alignnone size-medium wp-image-36436\" src=\"https:\/\/i0.wp.com\/blogdalucianaoliveira.com.br\/blog\/wp-content\/uploads\/2025\/01\/IMG_5766.webp?resize=300%2C179\" alt=\"\" width=\"300\" height=\"179\" srcset=\"https:\/\/i0.wp.com\/blogdalucianaoliveira.com.br\/blog\/wp-content\/uploads\/2025\/01\/IMG_5766.webp?resize=300%2C179 300w, https:\/\/i0.wp.com\/blogdalucianaoliveira.com.br\/blog\/wp-content\/uploads\/2025\/01\/IMG_5766.webp?resize=1024%2C613 1024w, https:\/\/i0.wp.com\/blogdalucianaoliveira.com.br\/blog\/wp-content\/uploads\/2025\/01\/IMG_5766.webp?resize=768%2C459 768w, https:\/\/i0.wp.com\/blogdalucianaoliveira.com.br\/blog\/wp-content\/uploads\/2025\/01\/IMG_5766.webp?resize=501%2C300 501w, https:\/\/i0.wp.com\/blogdalucianaoliveira.com.br\/blog\/wp-content\/uploads\/2025\/01\/IMG_5766.webp?w=1170 1170w\" sizes=\"auto, (max-width: 300px) 100vw, 300px\" \/><\/p>\n<p>ALEX RODRIGUES &#8211; REP\u00d3RTER DA AG\u00caNCIA BRASIL &#8211; Minist\u00e9rio da Justi\u00e7a e Seguran\u00e7a P\u00fablica vai enviar a Rond\u00f4nia um efetivo da For\u00e7a Nacional. Os agentes da tropa federativa chegar\u00e3o ao estado nos pr\u00f3ximos dias, com a miss\u00e3o de auxiliar os \u00f3rg\u00e3os de seguran\u00e7a p\u00fablica estaduais a conter os ataques criminosos registrados nos \u00faltimos dias, na capital, Porto Velho, e em ao menos mais uma cidade, Mirante da Serra.<img data-recalc-dims=\"1\" decoding=\"async\" src=\"https:\/\/i0.wp.com\/agenciabrasil.ebc.com.br\/ebc.png?w=600&#038;ssl=1\" \/><img data-recalc-dims=\"1\" decoding=\"async\" src=\"https:\/\/i0.wp.com\/agenciabrasil.ebc.com.br\/ebc.gif?w=600&#038;ssl=1\" \/><!--more--><\/p>\n<p>O emprego da For\u00e7a Nacional por 90 dias foi autorizado pelo ministro Ricardo Lewandowski, a pedido do governo estadual. Os agentes atuar\u00e3o nas atividades e nos servi\u00e7os imprescind\u00edveis \u00e0 preserva\u00e7\u00e3o da ordem p\u00fablica e garantia da seguran\u00e7a das pessoas e patrimonial. Por motivos estrat\u00e9gicos, o minist\u00e9rio n\u00e3o divulga o n\u00famero de agentes mobilizados.<\/p>\n<p>Ataques orquestrados a \u00f4nibus<a href=\"https:\/\/agenciabrasil.ebc.com.br\/geral\/noticia\/2025-01\/ataques-criminosos-alarmam-populacao-de-porto-velho\" target=\"_blank\" rel=\"noopener\"> v\u00eam alarmando a popula\u00e7\u00e3o<\/a> de Porto Velho. A\u00a0cidade amanheceu sem transporte p\u00fablico nesta ter\u00e7a-feira (14). Temendo pela integridade de motoristas, cobradores e dos usu\u00e1rios, rodovi\u00e1rios decidiram recolher os \u00f4nibus logo nas primeiras horas da manh\u00e3. Pouco depois, o prefeito da capital rondoniense, L\u00e9o Moraes, pediu ao governo estadual que reforce a seguran\u00e7a p\u00fablica na cidade a fim de garantir a ordem e o funcionamento do transporte p\u00fablico.<\/p>\n<p>No <a href=\"https:\/\/www.portovelho.ro.gov.br\/uploads\/editor\/files\/Of%C3%ADcio%20-%20Seguran%C3%A7a%20%C3%94nibus.pdf\" target=\"_blank\" rel=\"noopener\">of\u00edcio<\/a> que enviou hoje ao governador Marcos Rocha e ao secret\u00e1rio estadual da Seguran\u00e7a, Defesa e Cidadania, Felipe Bernardo Vital, o prefeito atribui a \u201crecente onda de ataques\u201d a fac\u00e7\u00f5es criminosas. Ao menos tr\u00eas \u00f4nibus foram incendiados em Porto Velho, al\u00e9m de um \u00f4nibus e um caminh\u00e3o em Mirante da Serra, munic\u00edpio a cerca de 390 quil\u00f4metros da capital.<\/p>\n<p>De acordo com autoridades locais, os ataques e as amea\u00e7as a trabalhadores s\u00e3o uma rea\u00e7\u00e3o \u00e0 Opera\u00e7\u00e3o Alian\u00e7a Pela Vida, Moradia Segura, cuja primeira fase foi deflagrada no fim de 2024. Concentrada em conjuntos habitacionais que, segundo a Pol\u00edcia Militar (PM), s\u00e3o dominados por organiza\u00e7\u00f5es criminosas, a opera\u00e7\u00e3o j\u00e1 resultou na retomada de cerca de 70 apartamentos invadidos por bandidos que expulsaram os moradores, bem como na apreens\u00e3o de drogas e armas.<\/p>\n<p>\u201cA fac\u00e7\u00e3o [criminosa] obt\u00e9m lucro n\u00e3o apenas com a venda de drogas, mas tamb\u00e9m com roubos e com venda e alugu\u00e9is desses im\u00f3veis\u201d, afirma o comandante do 9\u00ba Batalh\u00e3o, tenente-coronel Ewerson Pontes, em nota divulgada pela PM.<\/p>\n<p>Na noite do \u00faltimo domingo (12), poucos dias ap\u00f3s a PM deflagrar a primeira fase da opera\u00e7\u00e3o, criminosos\u00a0mataram a tiros o cabo F\u00e1bio Martins, do Batalh\u00e3o de Pol\u00edcia Ambiental. J\u00e1 no dia seguinte, a corpora\u00e7\u00e3o deflagrou a segunda fase da Opera\u00e7\u00e3o Alian\u00e7a Pela Vida, Moradia Segura, desta vez no conjunto habitacional Orgulho do Madeira. A pr\u00f3pria PM reconheceu, em nota, que mobilizou mais de 200 policiais em uma \u201cresposta en\u00e9rgica do Estado ao crime que vitimou o cabo F\u00e1bio Martins\u201d.<\/p>\n","protected":false},"excerpt":{"rendered":"<p>ALEX RODRIGUES &#8211; REP\u00d3RTER DA AG\u00caNCIA BRASIL &#8211; Minist\u00e9rio da Justi\u00e7a e Seguran\u00e7a P\u00fablica vai enviar a Rond\u00f4nia um efetivo da For\u00e7a Nacional. Os agentes da tropa federativa chegar\u00e3o ao estado nos pr\u00f3ximos dias, com a miss\u00e3o de auxiliar os \u00f3rg\u00e3os de seguran\u00e7a p\u00fablica estaduais a conter os ataques criminosos registrados nos \u00faltimos dias, na&#8230;<a class=\"more-link\" href=\"http:\/\/blogdalucianaoliveira.com.br\/blog\/2025\/01\/14\/governo-federal-autoriza-envio-da-forca-nacional-a-rondonia\/\">Continue a leitura <span class=\"meta-nav\">&raquo;<\/span><\/a><\/p>\n","protected":false},"author":1,"featured_media":0,"comment_status":"closed","ping_status":"open","sticky":false,"template":"","format":"standard","meta":{"_exactmetrics_skip_tracking":false,"_exactmetrics_sitenote_active":false,"_exactmetrics_sitenote_note":"","_exactmetrics_sitenote_category":0,"jetpack_post_was_ever_published":false,"_jetpack_newsletter_access":"","_jetpack_dont_email_post_to_subs":false,"_jetpack_newsletter_tier_id":0,"_jetpack_memberships_contains_paywalled_content":false,"_jetpack_memberships_contains_paid_content":false,"footnotes":"","jetpack_publicize_message":"","jetpack_publicize_feature_enabled":true,"jetpack_social_post_already_shared":true,"jetpack_social_options":{"image_generator_settings":{"template":"highway","enabled":false},"version":2}},"categories":[1],"tags":[],"class_list":["post-36435","post","type-post","status-publish","format-standard","hentry","category-notas"],"jetpack_publicize_connections":[],"jetpack_sharing_enabled":true,"jetpack_featured_media_url":"","jetpack_shortlink":"https:\/\/wp.me\/p7wKYW-9tF","jetpack-related-posts":[],"_links":{"self":[{"href":"http:\/\/blogdalucianaoliveira.com.br\/blog\/wp-json\/wp\/v2\/posts\/36435","targetHints":{"allow":["GET"]}}],"collection":[{"href":"http:\/\/blogdalucianaoliveira.com.br\/blog\/wp-json\/wp\/v2\/posts"}],"about":[{"href":"http:\/\/blogdalucianaoliveira.com.br\/blog\/wp-json\/wp\/v2\/types\/post"}],"author":[{"embeddable":true,"href":"http:\/\/blogdalucianaoliveira.com.br\/blog\/wp-json\/wp\/v2\/users\/1"}],"replies":[{"embeddable":true,"href":"http:\/\/blogdalucianaoliveira.com.br\/blog\/wp-json\/wp\/v2\/comments?post=36435"}],"version-history":[{"count":1,"href":"http:\/\/blogdalucianaoliveira.com.br\/blog\/wp-json\/wp\/v2\/posts\/36435\/revisions"}],"predecessor-version":[{"id":36437,"href":"http:\/\/blogdalucianaoliveira.com.br\/blog\/wp-json\/wp\/v2\/posts\/36435\/revisions\/36437"}],"wp:attachment":[{"href":"http:\/\/blogdalucianaoliveira.com.br\/blog\/wp-json\/wp\/v2\/media?parent=36435"}],"wp:term":[{"taxonomy":"category","embeddable":true,"href":"http:\/\/blogdalucianaoliveira.com.br\/blog\/wp-json\/wp\/v2\/categories?post=36435"},{"taxonomy":"post_tag","embeddable":true,"href":"http:\/\/blogdalucianaoliveira.com.br\/blog\/wp-json\/wp\/v2\/tags?post=36435"}],"curies":[{"name":"wp","href":"https:\/\/api.w.org\/{rel}","templated":true}]}}