{"id":36440,"date":"2025-01-15T16:59:27","date_gmt":"2025-01-15T20:59:27","guid":{"rendered":"http:\/\/blogdalucianaoliveira.com.br\/blog\/?p=36440"},"modified":"2025-01-15T16:59:27","modified_gmt":"2025-01-15T20:59:27","slug":"como-funcionara-cessar-fogo-em-gaza-e-libertacao-de-refens-apos-acordo-fechado-entre-israel-e-hamas","status":"publish","type":"post","link":"http:\/\/blogdalucianaoliveira.com.br\/blog\/2025\/01\/15\/como-funcionara-cessar-fogo-em-gaza-e-libertacao-de-refens-apos-acordo-fechado-entre-israel-e-hamas\/","title":{"rendered":"Como funcionar\u00e1 cessar-fogo em Gaza e liberta\u00e7\u00e3o de ref\u00e9ns ap\u00f3s acordo fechado entre Israel e Hamas"},"content":{"rendered":"<p><img data-recalc-dims=\"1\" loading=\"lazy\" decoding=\"async\" data-attachment-id=\"36441\" data-permalink=\"http:\/\/blogdalucianaoliveira.com.br\/blog\/2025\/01\/15\/como-funcionara-cessar-fogo-em-gaza-e-libertacao-de-refens-apos-acordo-fechado-entre-israel-e-hamas\/img_5834\/\" data-orig-file=\"https:\/\/i0.wp.com\/blogdalucianaoliveira.com.br\/blog\/wp-content\/uploads\/2025\/01\/IMG_5834.webp?fit=800%2C449\" data-orig-size=\"800,449\" data-comments-opened=\"0\" data-image-meta=\"{&quot;aperture&quot;:&quot;0&quot;,&quot;credit&quot;:&quot;&quot;,&quot;camera&quot;:&quot;&quot;,&quot;caption&quot;:&quot;&quot;,&quot;created_timestamp&quot;:&quot;0&quot;,&quot;copyright&quot;:&quot;&quot;,&quot;focal_length&quot;:&quot;0&quot;,&quot;iso&quot;:&quot;0&quot;,&quot;shutter_speed&quot;:&quot;0&quot;,&quot;title&quot;:&quot;&quot;,&quot;orientation&quot;:&quot;0&quot;}\" data-image-title=\"IMG_5834\" data-image-description=\"\" data-image-caption=\"\" data-medium-file=\"https:\/\/i0.wp.com\/blogdalucianaoliveira.com.br\/blog\/wp-content\/uploads\/2025\/01\/IMG_5834.webp?fit=300%2C168\" data-large-file=\"https:\/\/i0.wp.com\/blogdalucianaoliveira.com.br\/blog\/wp-content\/uploads\/2025\/01\/IMG_5834.webp?fit=600%2C337\" class=\"alignnone size-medium wp-image-36441\" src=\"https:\/\/i0.wp.com\/blogdalucianaoliveira.com.br\/blog\/wp-content\/uploads\/2025\/01\/IMG_5834.webp?resize=300%2C168\" alt=\"\" width=\"300\" height=\"168\" srcset=\"https:\/\/i0.wp.com\/blogdalucianaoliveira.com.br\/blog\/wp-content\/uploads\/2025\/01\/IMG_5834.webp?resize=300%2C168 300w, https:\/\/i0.wp.com\/blogdalucianaoliveira.com.br\/blog\/wp-content\/uploads\/2025\/01\/IMG_5834.webp?resize=768%2C431 768w, https:\/\/i0.wp.com\/blogdalucianaoliveira.com.br\/blog\/wp-content\/uploads\/2025\/01\/IMG_5834.webp?resize=535%2C300 535w, https:\/\/i0.wp.com\/blogdalucianaoliveira.com.br\/blog\/wp-content\/uploads\/2025\/01\/IMG_5834.webp?w=800 800w\" sizes=\"auto, (max-width: 300px) 100vw, 300px\" \/><\/p>\n<div class=\"bbc-19j92fr ebmt73l0\" dir=\"ltr\">\n<p class=\"bbc-hhl7in e17g058b0\" dir=\"ltr\"><a class=\"focusIndicatorReducedWidth bbc-n8oauk e1p3sufg0\" href=\"https:\/\/www.bbc.com\/portuguese\/articles\/ckgn7w97l48o\">Israel e o Hamas<\/a> fecharam um acordo de cessar-fogo e liberta\u00e7\u00e3o de <a class=\"focusIndicatorReducedWidth bbc-n8oauk e1p3sufg0\" href=\"https:\/\/www.bbc.com\/portuguese\/articles\/c4gxpjd96nko\">ref\u00e9ns<\/a> nesta quarta-feira (15\/1).<\/p>\n<\/div>\n<p><!--more--><\/p>\n<div class=\"bbc-19j92fr ebmt73l0\" dir=\"ltr\">\n<p class=\"bbc-hhl7in e17g058b0\" dir=\"ltr\">BBC &#8211; O an\u00fancio oficial foi feito pelo primeiro-ministro da Catar, Mohammed bin Abdulrahman Al Thani, respons\u00e1vel pelas reuni\u00f5es com os negociadores do Hamas e, separadamente, os negociadores israelenses. O acordo tamb\u00e9m envolveu negociadores do Egito.<\/p>\n<\/div>\n<div class=\"bbc-19j92fr ebmt73l0\" dir=\"ltr\">\n<p class=\"bbc-hhl7in e17g058b0\" dir=\"ltr\">&#8220;Esperan\u00e7osamente, esta ser\u00e1 a \u00faltima p\u00e1gina&#8221;, declarou o primeiro-ministro catari sobre <a class=\"focusIndicatorReducedWidth bbc-n8oauk e1p3sufg0\" href=\"https:\/\/www.bbc.com\/portuguese\/articles\/ckgn7w97l48o\">a guerra<\/a>.<\/p>\n<\/div>\n<div class=\"bbc-19j92fr ebmt73l0\" dir=\"ltr\">\n<p class=\"bbc-hhl7in e17g058b0\" dir=\"ltr\">De acordo com ele, o cessar-fogo come\u00e7ar\u00e1 no pr\u00f3ximo domingo (19\/1).<\/p>\n<p dir=\"ltr\">O acordo foi confirmado logo em seguida pelo presidente dos Estados Unidos, Joe Biden.<\/p>\n<div class=\"bbc-19j92fr ebmt73l0\" dir=\"ltr\">\n<p class=\"bbc-hhl7in e17g058b0\" dir=\"ltr\">Ele disse que o acordo &#8220;interromper\u00e1 os combates em Gaza, enviar\u00e1 a assist\u00eancia humanit\u00e1ria t\u00e3o necess\u00e1ria para os civis palestinos e reunir\u00e1 os ref\u00e9ns com suas fam\u00edlias ap\u00f3s mais de 15 meses de cativeiro&#8221;.<\/p>\n<\/div>\n<div class=\"bbc-19j92fr ebmt73l0\" dir=\"ltr\">\n<p class=\"bbc-hhl7in e17g058b0\" dir=\"ltr\">Nas redes sociais, o presidente eleito dos Estados Unidos, <a class=\"focusIndicatorReducedWidth bbc-n8oauk e1p3sufg0\" href=\"https:\/\/www.bbc.com\/portuguese\/articles\/cvg0j9k5plqo\">Donald Trump<\/a> disse: &#8220;Temos um acordo para os ref\u00e9ns no Oriente M\u00e9dio. Eles ser\u00e3o libertados em breve&#8221;, escreveu.<\/p>\n<div class=\"bbc-19j92fr ebmt73l0\" dir=\"ltr\">\n<p class=\"bbc-hhl7in e17g058b0\" dir=\"ltr\">De acordo o servi\u00e7o de verifica\u00e7\u00e3o da BBC, dos 251 ref\u00e9ns capturados pelo Hamas em 7 de outubro de 2023, <a class=\"focusIndicatorReducedWidth bbc-n8oauk e1p3sufg0\" href=\"https:\/\/www.bbc.com\/portuguese\/articles\/c4gxpjd96nko\">94 continuam em Gaza<\/a> \u2014 acredita-se que 60 estejam vivos e 34, mortos.<\/p>\n<\/div>\n<div class=\"bbc-19j92fr ebmt73l0\" dir=\"ltr\">\n<p class=\"bbc-hhl7in e17g058b0\" dir=\"ltr\">Ainda n\u00e3o foram divulgados os detalhes do acordo, mas o gabinete do primeiro-ministro de Israel, <a class=\"focusIndicatorReducedWidth bbc-n8oauk e1p3sufg0\" href=\"https:\/\/www.bbc.com\/portuguese\/topics\/ckdxnd3830pt\">Benjamin Netanyahu<\/a>, afirmou que o Hamas &#8220;cedeu&#8221; devido \u00e0 &#8220;postura firme&#8221; do l\u00edder israelense contra as demandas de \u00faltima hora relacionadas ao posicionamento de for\u00e7as israelenses no chamado Corredor Filad\u00e9lfia, entre Gaza e Egito.<\/p>\n<\/div>\n<div class=\"bbc-19j92fr ebmt73l0\" dir=\"ltr\">\n<p class=\"bbc-hhl7in e17g058b0\" dir=\"ltr\">No entanto, o gabinete de Netanyahu destacou que &#8220;ainda h\u00e1 v\u00e1rias cl\u00e1usulas n\u00e3o resolvidas&#8221; no acordo que precisam ser tratadas.<\/p>\n<\/div>\n<div class=\"bbc-19j92fr ebmt73l0\" dir=\"ltr\">\n<p class=\"bbc-hhl7in e17g058b0\" dir=\"ltr\">A expectativa \u00e9 de que os detalhes sejam finalizados nas pr\u00f3ximas horas desta quarta e que o acordo seja aprovado pelo gabinete israelense na manh\u00e3 de quinta-feira (16\/1).<\/p>\n<\/div>\n<div class=\"bbc-19j92fr ebmt73l0\" dir=\"ltr\">\n<p class=\"bbc-hhl7in e17g058b0\" dir=\"ltr\">Segundo o correspondente da BBC em Gaza, Rushdi Abualouf, o acordo permitir\u00e1 que centenas de milhares de <a class=\"focusIndicatorReducedWidth bbc-n8oauk e1p3sufg0\" href=\"https:\/\/www.bbc.com\/portuguese\/articles\/c5y5j7r75p5o\">pessoas deslocadas<\/a> voltem para suas casas, vilas e cidades na Faixa de Gaza.<\/p>\n<\/div>\n<div class=\"bbc-19j92fr ebmt73l0\" dir=\"ltr\">\n<p class=\"bbc-hhl7in e17g058b0\" dir=\"ltr\">O acordo incluiria a entrada de 600 caminh\u00f5es de ajuda humanit\u00e1ria por dia de cessar-fogo com suprimentos m\u00e9dicos, incluindo tendas, vindos da fronteira de Rafah, em Gaza, com o Egito.<\/p>\n<\/div>\n<div class=\"bbc-19j92fr ebmt73l0\" dir=\"ltr\">\n<p class=\"bbc-hhl7in e17g058b0\" dir=\"ltr\">Tamb\u00e9m devem estar inclusos 50 caminh\u00f5es de combust\u00edvel para operar os hospitais que ainda est\u00e3o funcionando, consertar as esta\u00e7\u00f5es de energia e reparar os sistemas de esgoto e \u00e1gua.<\/p>\n<\/div>\n<div class=\"bbc-19j92fr ebmt73l0\" dir=\"ltr\">\n<p class=\"bbc-hhl7in e17g058b0\" dir=\"ltr\">Logo ap\u00f3s a not\u00edcia do cessar-fogo, moradores de Gaza e de Israel foram para as ruas celebrar o acordo.<\/p>\n<\/div>\n<div class=\"bbc-19j92fr ebmt73l0\" dir=\"ltr\">\n<p class=\"bbc-hhl7in e17g058b0\" dir=\"ltr\">O ex\u00e9rcito israelense iniciou uma campanha contra o Hamas em resposta ao <a class=\"focusIndicatorReducedWidth bbc-n8oauk e1p3sufg0\" href=\"https:\/\/www.bbc.com\/portuguese\/articles\/crgp0qj39y4o\">ataque<\/a> sem precedentes do grupo no sul de Israel em 7 de outubro de 2023, no qual cerca de 1.200 pessoas foram mortas e 251 outras foram feitas ref\u00e9ns.<\/p>\n<\/div>\n<div class=\"bbc-19j92fr ebmt73l0\" dir=\"ltr\">\n<p class=\"bbc-hhl7in e17g058b0\" dir=\"ltr\">Mais de 46 mil pessoas foram mortas em Gaza desde ent\u00e3o, de acordo com o Minist\u00e9rio da Sa\u00fade do territ\u00f3rio, controlado pelo Hamas.<\/p>\n<\/div>\n<figure class=\"bbc-1qn0xuy\">\n<div class=\"bbc-j1srjl\"><img data-recalc-dims=\"1\" decoding=\"async\" class=\"i-amphtml-fill-content i-amphtml-replaced-content\" src=\"https:\/\/i0.wp.com\/ichef.bbci.co.uk\/ace\/ws\/640\/cpsprodpb\/fd1d\/live\/c5b8ade0-d36f-11ef-9159-33fc6bbd8ac5.jpg.webp?w=600&#038;ssl=1\" sizes=\"(max-width: 390px) 390px, 100vw\" srcset=\"https:\/\/ichef.bbci.co.uk\/ace\/ws\/240\/cpsprodpb\/fd1d\/live\/c5b8ade0-d36f-11ef-9159-33fc6bbd8ac5.jpg.webp 240w, https:\/\/ichef.bbci.co.uk\/ace\/ws\/320\/cpsprodpb\/fd1d\/live\/c5b8ade0-d36f-11ef-9159-33fc6bbd8ac5.jpg.webp 320w, https:\/\/ichef.bbci.co.uk\/ace\/ws\/480\/cpsprodpb\/fd1d\/live\/c5b8ade0-d36f-11ef-9159-33fc6bbd8ac5.jpg.webp 480w, https:\/\/ichef.bbci.co.uk\/ace\/ws\/624\/cpsprodpb\/fd1d\/live\/c5b8ade0-d36f-11ef-9159-33fc6bbd8ac5.jpg.webp 624w, https:\/\/ichef.bbci.co.uk\/ace\/ws\/800\/cpsprodpb\/fd1d\/live\/c5b8ade0-d36f-11ef-9159-33fc6bbd8ac5.jpg.webp 800w\" alt=\"Palestinos celebram em Gaza ap\u00f3s divulga\u00e7\u00e3o do acordo de cessar-fogo\" \/><\/p>\n<p class=\"bbc-by8ykd\" role=\"text\"><span class=\"bbc-m04vo2\">CR\u00c9DITO, <\/span><span lang=\"en-GB\">REUTERS\/HATEM KHALED<\/span><\/p>\n<\/div><figcaption class=\"bbc-15f1ujd\" dir=\"ltr\"><span role=\"text\"><span class=\"bbc-m04vo2\">Legenda da foto, <\/span><span data-testid=\"caption-paragraph\">Palestinos celebram em Gaza ap\u00f3s divulga\u00e7\u00e3o do acordo de cessar-fogo<\/span><\/span><\/figcaption><\/figure>\n<div class=\"bbc-19j92fr ebmt73l0\" dir=\"ltr\">\n<h2 id=\"Detalhes-do-acordo\" class=\"bbc-1lgzob2 eglt09e0\" tabindex=\"-1\">Detalhes do acordo<\/h2>\n<\/div>\n<div class=\"bbc-19j92fr ebmt73l0\" dir=\"ltr\">\n<p class=\"bbc-hhl7in e17g058b0\" dir=\"ltr\">O esbo\u00e7o deste acordo j\u00e1 havia sido amplamente divulgado e envolve v\u00e1rias fases<\/p>\n<\/div>\n<div class=\"etpldq00 bbc-oa9drk ebmt73l0\" dir=\"ltr\">\n<ul class=\"bbc-1lxq1jn\" role=\"list\">\n<li class=\"bbc-1maxgwy\" role=\"listitem\"><b>Fase 1<\/b><\/li>\n<\/ul>\n<\/div>\n<div class=\"bbc-19j92fr ebmt73l0\" dir=\"ltr\">\n<p class=\"bbc-hhl7in e17g058b0\" dir=\"ltr\">Biden confirmou nesta quarta que, durante a primeira fase do acordo de cessar-fogo, os palestinos poder\u00e3o retornar aos seus bairros e a assist\u00eancia humanit\u00e1ria na Faixa de Gaza aumentar\u00e1.<\/p>\n<\/div>\n<div class=\"bbc-19j92fr ebmt73l0\" dir=\"ltr\">\n<p class=\"bbc-hhl7in e17g058b0\" dir=\"ltr\">A primeira fase envolveria um cessar-fogo inicial de seis semanas. Durante esse per\u00edodo, o Hamas libertaria 33 dos ref\u00e9ns capturados no ataque de 7 de outubro. N\u00e3o est\u00e1 claro quantos desses 33 ainda est\u00e3o vivos.<\/p>\n<\/div>\n<div class=\"bbc-19j92fr ebmt73l0\" dir=\"ltr\">\n<p class=\"bbc-hhl7in e17g058b0\" dir=\"ltr\">Entre o grupo libertado, estariam crian\u00e7as, mulheres, homens acima de 50 anos, al\u00e9m de pessoas feridas ou doentes.<\/p>\n<\/div>\n<div class=\"bbc-19j92fr ebmt73l0\" dir=\"ltr\">\n<p class=\"bbc-hhl7in e17g058b0\" dir=\"ltr\">Em troca de cada ref\u00e9m libertado, Israel soltaria dezenas de prisioneiros palestinos.<\/p>\n<\/div>\n<figure class=\"bbc-1qn0xuy\">\n<div class=\"bbc-j1srjl\"><img data-recalc-dims=\"1\" decoding=\"async\" class=\"i-amphtml-fill-content i-amphtml-replaced-content\" src=\"https:\/\/i0.wp.com\/ichef.bbci.co.uk\/ace\/ws\/640\/cpsprodpb\/2963\/live\/ddd2b820-d37a-11ef-94cb-5f844ceb9e30.jpg.webp?w=600&#038;ssl=1\" sizes=\"(max-width: 390px) 390px, 100vw\" srcset=\"https:\/\/ichef.bbci.co.uk\/ace\/ws\/240\/cpsprodpb\/2963\/live\/ddd2b820-d37a-11ef-94cb-5f844ceb9e30.jpg.webp 240w, https:\/\/ichef.bbci.co.uk\/ace\/ws\/320\/cpsprodpb\/2963\/live\/ddd2b820-d37a-11ef-94cb-5f844ceb9e30.jpg.webp 320w, https:\/\/ichef.bbci.co.uk\/ace\/ws\/480\/cpsprodpb\/2963\/live\/ddd2b820-d37a-11ef-94cb-5f844ceb9e30.jpg.webp 480w, https:\/\/ichef.bbci.co.uk\/ace\/ws\/624\/cpsprodpb\/2963\/live\/ddd2b820-d37a-11ef-94cb-5f844ceb9e30.jpg.webp 624w, https:\/\/ichef.bbci.co.uk\/ace\/ws\/800\/cpsprodpb\/2963\/live\/ddd2b820-d37a-11ef-94cb-5f844ceb9e30.jpg.webp 800w\" alt=\"Mulher anda em meio a escombros em Gaza \" \/><\/p>\n<p class=\"bbc-by8ykd\" role=\"text\"><span class=\"bbc-m04vo2\">CR\u00c9DITO, <\/span><span lang=\"en-GB\">MOHAMMED SABER\/EPA-EFE\/REX\/SHUTTERSTOCK<\/span><\/p>\n<\/div><figcaption class=\"bbc-15f1ujd\" dir=\"ltr\"><span role=\"text\"><span class=\"bbc-m04vo2\">Legenda da foto, <\/span><span data-testid=\"caption-paragraph\">Moradores de Gaza poder\u00e3o voltar \u00e0s suas vilas e cidades &#8211; ou o que sobrou delas<\/span><\/span><\/figcaption><\/figure>\n<div class=\"bbc-19j92fr ebmt73l0\" dir=\"ltr\">\n<p class=\"bbc-hhl7in e17g058b0\" dir=\"ltr\">Israel retiraria seus soldados das \u00e1reas mais densamente povoadas da Faixa de Gaza, movendo-os para uma zona de seguran\u00e7a no lado leste.<\/p>\n<\/div>\n<div class=\"bbc-19j92fr ebmt73l0\" dir=\"ltr\">\n<p class=\"bbc-hhl7in e17g058b0\" dir=\"ltr\">Mais ajuda e combust\u00edvel seriam permitidos imediatamente \u2014 e haveria um retorno organizado dos 2 milh\u00f5es de deslocados de Gaza para suas casas ou o que restou delas.<\/p>\n<\/div>\n<div class=\"bbc-19j92fr ebmt73l0\" dir=\"ltr\">\n<p class=\"bbc-hhl7in e17g058b0\" dir=\"ltr\">As pessoas que viajarem a p\u00e9 ter\u00e3o que seguir pela estrada costeira. As pessoas que viajarem com ve\u00edculos ou carrinhos poder\u00e3o viajar pelo centro da Faixa de Gaza.<\/p>\n<\/div>\n<div class=\"bbc-19j92fr ebmt73l0\" dir=\"ltr\">\n<p class=\"bbc-hhl7in e17g058b0\" dir=\"ltr\">Quase todos os 2,3 milh\u00f5es de habitantes de Gaza tiveram que deixar suas casas devido a ordens de evacua\u00e7\u00e3o israelenses, ataques a\u00e9reos e combates em terra.<\/p>\n<div class=\"etpldq00 bbc-oa9drk ebmt73l0\" dir=\"ltr\">\n<ul class=\"bbc-1lxq1jn\" role=\"list\">\n<li class=\"bbc-1maxgwy\" role=\"listitem\"><b>Fase 2<\/b><\/li>\n<\/ul>\n<\/div>\n<div class=\"bbc-19j92fr ebmt73l0\" dir=\"ltr\">\n<p class=\"bbc-hhl7in e17g058b0\" dir=\"ltr\">Na segunda fase, cujas negocia\u00e7\u00f5es come\u00e7aria 16 dias ap\u00f3s o in\u00edcio do cessar-fogo, os ref\u00e9ns vivos restantes \u2014 soldados masculinos e homens civis mais jovens \u2014 seriam liberados e os corpos dos ref\u00e9ns mortos seriam retornados a Israel.<\/p>\n<\/div>\n<div class=\"bbc-19j92fr ebmt73l0\" dir=\"ltr\">\n<p class=\"bbc-hhl7in e17g058b0\" dir=\"ltr\">Em troca, Israel liberaria prisioneiros e detidos palestinos, incluindo condenados a longas penas por ataques mortais.<\/p>\n<\/div>\n<div class=\"bbc-19j92fr ebmt73l0\" dir=\"ltr\">\n<p class=\"bbc-hhl7in e17g058b0\" dir=\"ltr\">Um oficial palestino que falou \u00e0 BBC estimou o n\u00famero em 1 mil, enquanto um oficial do governo israelense afirmou que seriam &#8220;muitas centenas&#8221;.<\/p>\n<\/div>\n<div class=\"bbc-19j92fr ebmt73l0\" dir=\"ltr\">\n<p class=\"bbc-hhl7in e17g058b0\" dir=\"ltr\">A ag\u00eancia de not\u00edcias Reuters e outras fontes afirmam que combatentes do Hamas que participaram do <a class=\"focusIndicatorReducedWidth bbc-n8oauk e1p3sufg0\" href=\"https:\/\/www.bbc.com\/portuguese\/articles\/cz6w8wj12v0o\">ataque a Israel em 7 de outubro <\/a>de 2023 n\u00e3o seriam liberados.<\/p>\n<\/div>\n<div class=\"bbc-19j92fr ebmt73l0\" dir=\"ltr\">\n<p class=\"bbc-hhl7in e17g058b0\" dir=\"ltr\">Israel afirmou que s\u00f3 retirar\u00e1 totalmente suas tropas quando todos os ref\u00e9ns forem liberados.<\/p>\n<\/div>\n<div class=\"bbc-19j92fr ebmt73l0\" dir=\"ltr\">\n<p class=\"bbc-hhl7in e17g058b0\" dir=\"ltr\">Ap\u00f3s isso, seriam mantidas zonas de seguran\u00e7a de 800 metros de largura nos lados leste e norte de Gaza, na fronteira com Israel, e o controle de seguran\u00e7a sobre Gaza.<\/p>\n<\/div>\n<div class=\"bbc-19j92fr ebmt73l0\" dir=\"ltr\">\n<p class=\"bbc-hhl7in e17g058b0\" dir=\"ltr\">Biden declarou que a fase dois envolve negociar &#8220;um fim permanente da guerra&#8221;. Se as negocia\u00e7\u00f5es durarem mais de seis semanas (prazo da fase um), o cessar-fogo continuar\u00e1, disse Biden.<\/p>\n<\/div>\n<div class=\"etpldq00 bbc-oa9drk ebmt73l0\" dir=\"ltr\">\n<ul class=\"bbc-1lxq1jn\" role=\"list\">\n<li class=\"bbc-1maxgwy\" role=\"listitem\"><b>Fase 3<\/b><\/li>\n<\/ul>\n<\/div>\n<div class=\"bbc-19j92fr ebmt73l0\" dir=\"ltr\">\n<p class=\"bbc-hhl7in e17g058b0\" dir=\"ltr\">As negocia\u00e7\u00f5es sobre a fase envolvendo a reconstru\u00e7\u00e3o de Gaza tamb\u00e9m come\u00e7ariam no 16\u00ba dia do cessar-fogo preliminar.<\/p>\n<\/div>\n<div class=\"bbc-19j92fr ebmt73l0\" dir=\"ltr\">\n<p class=\"bbc-hhl7in e17g058b0\" dir=\"ltr\">No entanto, ainda existiriam pontos de impasse. Um deles seria a quest\u00e3o de quem governar\u00e1 Gaza.<\/p>\n<\/div>\n<div class=\"bbc-19j92fr ebmt73l0\" dir=\"ltr\">\n<p class=\"bbc-hhl7in e17g058b0\" dir=\"ltr\">Israel insiste que qualquer acordo de paz duradouro deve remover o Hamas do poder em Gaza e se recusa a permitir que a Autoridade Palestina (AP), que j\u00e1 controla a <a class=\"focusIndicatorReducedWidth bbc-n8oauk e1p3sufg0\" href=\"https:\/\/www.bbc.com\/portuguese\/articles\/cgl25jjepywo\">Cisjord\u00e2nia<\/a>, governe o territ\u00f3rio.<\/p>\n<\/div>\n<div class=\"bbc-19j92fr ebmt73l0\" dir=\"ltr\">\n<p class=\"bbc-hhl7in e17g058b0\" dir=\"ltr\">Israel tamb\u00e9m quer manter o controle de seguran\u00e7a sobre Gaza ap\u00f3s o fim do conflito.<\/p>\n<\/div>\n<div class=\"bbc-19j92fr ebmt73l0\" dir=\"ltr\">\n<p class=\"bbc-hhl7in e17g058b0\" dir=\"ltr\">Os israelenses est\u00e3o, no entanto, trabalhando com os Estados Unidos e os Emirados \u00c1rabes Unidos em um plano para uma administra\u00e7\u00e3o provis\u00f3ria em Gaza enquanto a AP \u00e9 reformada.<\/p>\n<\/div>\n<div class=\"bbc-19j92fr ebmt73l0\" dir=\"ltr\">\n<p class=\"bbc-hhl7in e17g058b0\" dir=\"ltr\">Essa nova administra\u00e7\u00e3o assumiria posteriormente como governo permanente.<\/p>\n<\/div>\n<div class=\"bbc-19j92fr ebmt73l0\" dir=\"ltr\">\n<p class=\"bbc-hhl7in e17g058b0\" dir=\"ltr\">Al\u00e9m disso, membros da direita do Parlamento de Israel, como Itamar Ben-Gvir e Bezalel Smotrich, se op\u00f5em ao acordo de paz atual, o que pode dificultar a aprova\u00e7\u00e3o do processo.<\/p>\n<\/div>\n<figure class=\"bbc-1qn0xuy\">\n<div class=\"bbc-j1srjl\"><img data-recalc-dims=\"1\" decoding=\"async\" class=\"i-amphtml-fill-content i-amphtml-replaced-content\" src=\"https:\/\/i0.wp.com\/ichef.bbci.co.uk\/ace\/ws\/640\/cpsprodpb\/227b\/live\/bd64dfb0-d36f-11ef-9159-33fc6bbd8ac5.jpg.webp?w=600&#038;ssl=1\" sizes=\"(max-width: 390px) 390px, 100vw\" srcset=\"https:\/\/ichef.bbci.co.uk\/ace\/ws\/240\/cpsprodpb\/227b\/live\/bd64dfb0-d36f-11ef-9159-33fc6bbd8ac5.jpg.webp 240w, https:\/\/ichef.bbci.co.uk\/ace\/ws\/320\/cpsprodpb\/227b\/live\/bd64dfb0-d36f-11ef-9159-33fc6bbd8ac5.jpg.webp 320w, https:\/\/ichef.bbci.co.uk\/ace\/ws\/480\/cpsprodpb\/227b\/live\/bd64dfb0-d36f-11ef-9159-33fc6bbd8ac5.jpg.webp 480w, https:\/\/ichef.bbci.co.uk\/ace\/ws\/624\/cpsprodpb\/227b\/live\/bd64dfb0-d36f-11ef-9159-33fc6bbd8ac5.jpg.webp 624w, https:\/\/ichef.bbci.co.uk\/ace\/ws\/800\/cpsprodpb\/227b\/live\/bd64dfb0-d36f-11ef-9159-33fc6bbd8ac5.jpg.webp 800w\" alt=\"Duas mulheres se abra\u00e7am\" \/><\/p>\n<p class=\"bbc-by8ykd\" role=\"text\"><span class=\"bbc-m04vo2\">CR\u00c9DITO, <\/span><span lang=\"en-GB\">REUTERS\/RONEN ZVULUN<\/span><\/p>\n<\/div><figcaption class=\"bbc-15f1ujd\" dir=\"ltr\"><span role=\"text\"><span class=\"bbc-m04vo2\">Legenda da foto, <\/span><span data-testid=\"caption-paragraph\">Manifestantes que pedem liberta\u00e7\u00e3o de ref\u00e9ns e fim da Guerra em Gaza celebram em Tel Aviv, em Israel<\/span><\/span><\/figcaption><\/figure>\n<div class=\"bbc-19j92fr ebmt73l0\" dir=\"ltr\">\n<h2 id=\"Trump-e-Biden-celebram-cessarfogo\" class=\"bbc-1lgzob2 eglt09e0\" tabindex=\"-1\">Trump e Biden celebram cessar-fogo<\/h2>\n<\/div>\n<div class=\"bbc-19j92fr ebmt73l0\" dir=\"ltr\">\n<p class=\"bbc-hhl7in e17g058b0\" dir=\"ltr\">Na rede social Truth Social, Donald Trump declarou que o &#8220;acordo \u00e9pico de cessar-fogo s\u00f3 poderia ter acontecido como resultado de nossa vit\u00f3ria hist\u00f3rica em novembro&#8221;, referindo-se \u00e0 sua <a class=\"focusIndicatorReducedWidth bbc-n8oauk e1p3sufg0\" href=\"https:\/\/www.bbc.com\/portuguese\/topics\/c30gn378n6kt\">elei\u00e7\u00e3o nos EUA<\/a>.<\/p>\n<\/div>\n<div class=\"bbc-19j92fr ebmt73l0\" dir=\"ltr\">\n<p class=\"bbc-hhl7in e17g058b0\" dir=\"ltr\">Ele afirmou que sua volta para a Casa Branca sinalizou ao mundo que sua administra\u00e7\u00e3o &#8220;buscar\u00e1 a paz e negociar\u00e1 acordos para garantir a seguran\u00e7a de todos os americanos e de nossos aliados&#8221;.<\/p>\n<\/div>\n<div class=\"bbc-19j92fr ebmt73l0\" dir=\"ltr\">\n<p class=\"bbc-hhl7in e17g058b0\" dir=\"ltr\">Trump disse estar &#8220;entusiasmado&#8221; com o retorno de ref\u00e9ns americanos e israelenses para casa.<\/p>\n<\/div>\n<figure class=\"bbc-1qn0xuy\">\n<div class=\"bbc-j1srjl\"><img data-recalc-dims=\"1\" decoding=\"async\" class=\"i-amphtml-fill-content i-amphtml-replaced-content\" src=\"https:\/\/i0.wp.com\/ichef.bbci.co.uk\/ace\/ws\/640\/cpsprodpb\/1adf\/live\/958f44c0-d37a-11ef-94cb-5f844ceb9e30.jpg.webp?w=600&#038;ssl=1\" sizes=\"(max-width: 390px) 390px, 100vw\" srcset=\"https:\/\/ichef.bbci.co.uk\/ace\/ws\/240\/cpsprodpb\/1adf\/live\/958f44c0-d37a-11ef-94cb-5f844ceb9e30.jpg.webp 240w, https:\/\/ichef.bbci.co.uk\/ace\/ws\/320\/cpsprodpb\/1adf\/live\/958f44c0-d37a-11ef-94cb-5f844ceb9e30.jpg.webp 320w, https:\/\/ichef.bbci.co.uk\/ace\/ws\/480\/cpsprodpb\/1adf\/live\/958f44c0-d37a-11ef-94cb-5f844ceb9e30.jpg.webp 480w, https:\/\/ichef.bbci.co.uk\/ace\/ws\/624\/cpsprodpb\/1adf\/live\/958f44c0-d37a-11ef-94cb-5f844ceb9e30.jpg.webp 624w, https:\/\/ichef.bbci.co.uk\/ace\/ws\/800\/cpsprodpb\/1adf\/live\/958f44c0-d37a-11ef-94cb-5f844ceb9e30.jpg.webp 800w\" alt=\"Biden fala em coletiva, com Kamala Harris e Antony Blinken\" \/><\/p>\n<p class=\"bbc-by8ykd\" role=\"text\"><span class=\"bbc-m04vo2\">CR\u00c9DITO, <\/span><span lang=\"en-GB\">REUTERS\/EVELYN HOCKSTEIN<\/span><\/p>\n<\/div><figcaption class=\"bbc-15f1ujd\" dir=\"ltr\"><span role=\"text\"><span class=\"bbc-m04vo2\">Legenda da foto, <\/span><span data-testid=\"caption-paragraph\">Biden confirmou acordo em coletiva de imprensa<\/span><\/span><\/figcaption><\/figure>\n<div class=\"bbc-19j92fr ebmt73l0\" dir=\"ltr\">\n<p class=\"bbc-hhl7in e17g058b0\" dir=\"ltr\">Segundo an\u00e1lise de Tom Bateman, rep\u00f3rter que cobre o Departamento de Estado americano em Washington para a BBC, &#8220;a transi\u00e7\u00e3o para a presid\u00eancia de Trump e o prazo iminente de sua posse \u2014 em 20 de janeiro \u2014 efetivamente deram um prazo para essas negocia\u00e7\u00f5es&#8221;.<\/p>\n<\/div>\n<div class=\"bbc-19j92fr ebmt73l0\" dir=\"ltr\">\n<p class=\"bbc-hhl7in e17g058b0\" dir=\"ltr\">&#8220;Ambos os lados sabiam que os termos atualmente propostos, garantidos pelos Estados Unidos, poderiam enfrentar muita incerteza ap\u00f3s essa data&#8221;, disse.<\/p>\n<\/div>\n<div class=\"bbc-19j92fr ebmt73l0\" dir=\"ltr\">\n<p class=\"bbc-hhl7in e17g058b0\" dir=\"ltr\">Em Jerusal\u00e9m, o editor internacional da BBC, Jeremy BoweI, tamb\u00e9m avalia que a imin\u00eancia da posse da Trump contribui para a chegada a um acordo, que est\u00e1 na mesa de negocia\u00e7\u00f5es desde maio do ano passado.<\/p>\n<\/div>\n<div class=\"bbc-19j92fr ebmt73l0\" dir=\"ltr\">\n<p class=\"bbc-hhl7in e17g058b0\" dir=\"ltr\">&#8220;Este \u00e9 um grande feito, n\u00e3o h\u00e1 d\u00favida disso. Eles chegaram at\u00e9 aqui, mas o grande desafio agora \u00e9 o que acontecer\u00e1 na primeira fase \u2013 42 dias, durante os quais haver\u00e1 a libera\u00e7\u00e3o de ref\u00e9ns israelenses e prisioneiros palestinos&#8221;, escreve Bowel.<\/p>\n<\/div>\n<div class=\"bbc-19j92fr ebmt73l0\" dir=\"ltr\">\n<p class=\"bbc-hhl7in e17g058b0\" dir=\"ltr\">J\u00e1 em seu comunicado, Biden ressaltou que &#8220;apresentou os contornos precisos deste plano em 31 de maio de 2024, ap\u00f3s o que foi endossado de forma un\u00e2nime pelo Conselho de Seguran\u00e7a da ONU.&#8221;<\/p>\n<\/div>\n<div class=\"bbc-19j92fr ebmt73l0\" dir=\"ltr\">\n<p class=\"bbc-hhl7in e17g058b0\" dir=\"ltr\">&#8220;Ele \u00e9 o resultado n\u00e3o apenas da press\u00e3o extrema sob a qual o Hamas tem estado e da mudan\u00e7a na equa\u00e7\u00e3o regional ap\u00f3s um cessar-fogo no L\u00edbano e o enfraquecimento do Ir\u00e3, mas tamb\u00e9m da diplomacia americana persistente e minuciosa. Minha diplomacia nunca cessou em seus esfor\u00e7os para concretizar isso&#8221;, disse Biden.<\/p>\n<\/div>\n<div class=\"bbc-19j92fr ebmt73l0\" dir=\"ltr\">\n<p class=\"bbc-hhl7in e17g058b0\" dir=\"ltr\">O presidente dos EUA afirmou ainda que o caminho para esse acordo &#8220;n\u00e3o foi f\u00e1cil&#8221; e o considera uma das negocia\u00e7\u00f5es mais dif\u00edceis que j\u00e1 vivenciou.<\/p>\n<\/div>\n<\/div>\n<\/div>\n<\/div>\n","protected":false},"excerpt":{"rendered":"<p>Israel e o Hamas fecharam um acordo de cessar-fogo e liberta\u00e7\u00e3o de ref\u00e9ns nesta quarta-feira (15\/1).<\/p>\n","protected":false},"author":1,"featured_media":0,"comment_status":"closed","ping_status":"open","sticky":false,"template":"","format":"standard","meta":{"_exactmetrics_skip_tracking":false,"_exactmetrics_sitenote_active":false,"_exactmetrics_sitenote_note":"","_exactmetrics_sitenote_category":0,"jetpack_post_was_ever_published":false,"_jetpack_newsletter_access":"","_jetpack_dont_email_post_to_subs":false,"_jetpack_newsletter_tier_id":0,"_jetpack_memberships_contains_paywalled_content":false,"_jetpack_memberships_contains_paid_content":false,"footnotes":"","jetpack_publicize_message":"","jetpack_publicize_feature_enabled":true,"jetpack_social_post_already_shared":true,"jetpack_social_options":{"image_generator_settings":{"template":"highway","enabled":false},"version":2}},"categories":[1],"tags":[1243,887,218],"class_list":["post-36440","post","type-post","status-publish","format-standard","hentry","category-notas","tag-acordo","tag-gaza","tag-israel"],"jetpack_publicize_connections":[],"jetpack_sharing_enabled":true,"jetpack_featured_media_url":"","jetpack_shortlink":"https:\/\/wp.me\/p7wKYW-9tK","jetpack-related-posts":[],"_links":{"self":[{"href":"http:\/\/blogdalucianaoliveira.com.br\/blog\/wp-json\/wp\/v2\/posts\/36440","targetHints":{"allow":["GET"]}}],"collection":[{"href":"http:\/\/blogdalucianaoliveira.com.br\/blog\/wp-json\/wp\/v2\/posts"}],"about":[{"href":"http:\/\/blogdalucianaoliveira.com.br\/blog\/wp-json\/wp\/v2\/types\/post"}],"author":[{"embeddable":true,"href":"http:\/\/blogdalucianaoliveira.com.br\/blog\/wp-json\/wp\/v2\/users\/1"}],"replies":[{"embeddable":true,"href":"http:\/\/blogdalucianaoliveira.com.br\/blog\/wp-json\/wp\/v2\/comments?post=36440"}],"version-history":[{"count":1,"href":"http:\/\/blogdalucianaoliveira.com.br\/blog\/wp-json\/wp\/v2\/posts\/36440\/revisions"}],"predecessor-version":[{"id":36442,"href":"http:\/\/blogdalucianaoliveira.com.br\/blog\/wp-json\/wp\/v2\/posts\/36440\/revisions\/36442"}],"wp:attachment":[{"href":"http:\/\/blogdalucianaoliveira.com.br\/blog\/wp-json\/wp\/v2\/media?parent=36440"}],"wp:term":[{"taxonomy":"category","embeddable":true,"href":"http:\/\/blogdalucianaoliveira.com.br\/blog\/wp-json\/wp\/v2\/categories?post=36440"},{"taxonomy":"post_tag","embeddable":true,"href":"http:\/\/blogdalucianaoliveira.com.br\/blog\/wp-json\/wp\/v2\/tags?post=36440"}],"curies":[{"name":"wp","href":"https:\/\/api.w.org\/{rel}","templated":true}]}}