{"id":36443,"date":"2025-01-17T11:58:12","date_gmt":"2025-01-17T15:58:12","guid":{"rendered":"http:\/\/blogdalucianaoliveira.com.br\/blog\/?p=36443"},"modified":"2025-01-17T11:58:12","modified_gmt":"2025-01-17T15:58:12","slug":"paris-deixa-x-por-rede-alimentar-discurso-de-odio-e-desinformacao","status":"publish","type":"post","link":"http:\/\/blogdalucianaoliveira.com.br\/blog\/2025\/01\/17\/paris-deixa-x-por-rede-alimentar-discurso-de-odio-e-desinformacao\/","title":{"rendered":"Paris deixa X por rede \u201calimentar discurso de \u00f3dio e desinforma\u00e7\u00e3o&#8221;"},"content":{"rendered":"<p><img data-recalc-dims=\"1\" loading=\"lazy\" decoding=\"async\" data-attachment-id=\"36444\" data-permalink=\"http:\/\/blogdalucianaoliveira.com.br\/blog\/2025\/01\/17\/paris-deixa-x-por-rede-alimentar-discurso-de-odio-e-desinformacao\/img_5921\/\" data-orig-file=\"https:\/\/i0.wp.com\/blogdalucianaoliveira.com.br\/blog\/wp-content\/uploads\/2025\/01\/IMG_5921.jpeg?fit=1600%2C800\" data-orig-size=\"1600,800\" data-comments-opened=\"0\" data-image-meta=\"{&quot;aperture&quot;:&quot;0&quot;,&quot;credit&quot;:&quot;&quot;,&quot;camera&quot;:&quot;&quot;,&quot;caption&quot;:&quot;&quot;,&quot;created_timestamp&quot;:&quot;0&quot;,&quot;copyright&quot;:&quot;&quot;,&quot;focal_length&quot;:&quot;0&quot;,&quot;iso&quot;:&quot;0&quot;,&quot;shutter_speed&quot;:&quot;0&quot;,&quot;title&quot;:&quot;&quot;,&quot;orientation&quot;:&quot;0&quot;}\" data-image-title=\"IMG_5921\" data-image-description=\"\" data-image-caption=\"\" data-medium-file=\"https:\/\/i0.wp.com\/blogdalucianaoliveira.com.br\/blog\/wp-content\/uploads\/2025\/01\/IMG_5921.jpeg?fit=300%2C150\" data-large-file=\"https:\/\/i0.wp.com\/blogdalucianaoliveira.com.br\/blog\/wp-content\/uploads\/2025\/01\/IMG_5921.jpeg?fit=600%2C300\" class=\"alignnone size-medium wp-image-36444\" src=\"https:\/\/i0.wp.com\/blogdalucianaoliveira.com.br\/blog\/wp-content\/uploads\/2025\/01\/IMG_5921.jpeg?resize=300%2C150\" alt=\"\" width=\"300\" height=\"150\" srcset=\"https:\/\/i0.wp.com\/blogdalucianaoliveira.com.br\/blog\/wp-content\/uploads\/2025\/01\/IMG_5921.jpeg?resize=300%2C150 300w, https:\/\/i0.wp.com\/blogdalucianaoliveira.com.br\/blog\/wp-content\/uploads\/2025\/01\/IMG_5921.jpeg?resize=1024%2C512 1024w, https:\/\/i0.wp.com\/blogdalucianaoliveira.com.br\/blog\/wp-content\/uploads\/2025\/01\/IMG_5921.jpeg?resize=768%2C384 768w, https:\/\/i0.wp.com\/blogdalucianaoliveira.com.br\/blog\/wp-content\/uploads\/2025\/01\/IMG_5921.jpeg?resize=1536%2C768 1536w, https:\/\/i0.wp.com\/blogdalucianaoliveira.com.br\/blog\/wp-content\/uploads\/2025\/01\/IMG_5921.jpeg?resize=600%2C300 600w, https:\/\/i0.wp.com\/blogdalucianaoliveira.com.br\/blog\/wp-content\/uploads\/2025\/01\/IMG_5921.jpeg?w=1600 1600w, https:\/\/i0.wp.com\/blogdalucianaoliveira.com.br\/blog\/wp-content\/uploads\/2025\/01\/IMG_5921.jpeg?w=1200 1200w\" sizes=\"auto, (max-width: 300px) 100vw, 300px\" \/><\/p>\n<p class=\"added-to-list1\" data-pf_style_display=\"block\" data-pf_style_visibility=\"visible\"><span class=\"text-node\">Ag\u00eancia Brasil &#8211; A cidade de Paris anunciou nesta sexta-feira (17) que deixar\u00e1 de ter conta no X, justificando que a rede social promove o discurso de \u00f3dio e a desinforma\u00e7\u00e3o.<\/span><img data-recalc-dims=\"1\" decoding=\"async\" class=\"flex-width pf-size-full smallImage\" src=\"https:\/\/i0.wp.com\/agenciabrasil.ebc.com.br\/ebc.png?w=600&#038;ssl=1\" data-pf_style_display=\"inline\" data-pf_style_visibility=\"visible\" data-pf_rect_width=\"1\" data-pf_rect_height=\"1\" \/><img data-recalc-dims=\"1\" decoding=\"async\" class=\"flex-width pf-size-full smallImage\" src=\"https:\/\/i0.wp.com\/agenciabrasil.ebc.com.br\/ebc.gif?w=600&#038;ssl=1\" data-pf_style_display=\"inline\" data-pf_style_visibility=\"visible\" data-pf_rect_width=\"1\" data-pf_rect_height=\"1\" \/><!--more--><\/p>\n<p class=\"added-to-list1\" data-pf_style_display=\"block\" data-pf_style_visibility=\"visible\"><span class=\"text-node\">&#8220;\u00c9 uma decis\u00e3o dif\u00edcil&#8221;, informou o perfil da prefeitura em uma publica\u00e7\u00e3o no X, na qual indicou que, com o tempo, a rede social tornou-se &#8220;complexa e depois imposs\u00edvel&#8221;.<\/span><\/p>\n<p class=\"added-to-list1\" data-pf_style_display=\"block\" data-pf_style_visibility=\"visible\"><span class=\"text-node\">&#8220;\u00c9 complexo, porque esta rede reduz o alcance das mensagens factuais e objetivas. \u00c9 imposs\u00edvel, porque alimenta o discurso de \u00f3dio e a desinforma\u00e7\u00e3o, cuja falta de modera\u00e7\u00e3o se torna problem\u00e1tica&#8221;, explicou.<\/span><\/p>\n<p class=\"added-to-list1\" data-pf_style_display=\"block\" data-pf_style_visibility=\"visible\"><span class=\"text-node\">A prefeitura acrescentou que continuar\u00e1 a operar em outras redes sociais, especialmente na Bluesky, que tem um servi\u00e7o similar ao do antigo Twitter.<\/span><\/p>\n<p class=\"added-to-list1\" data-pf_style_display=\"block\" data-pf_style_visibility=\"visible\"><span class=\"text-node\">A prefeita da cidade, Anne Hidalgo, abandonou o X h\u00e1 mais de um ano, em novembro de 2023, alegando que a rede social se tornou uma &#8220;arma de destrui\u00e7\u00e3o em massa das democracias&#8221;.<\/span><\/p>\n<p class=\"added-to-list1\" data-pf_style_display=\"block\" data-pf_style_visibility=\"visible\"><span class=\"text-node\">Em um artigo publicado no jornal <\/span><em data-pf_style_display=\"inline\" data-pf_style_visibility=\"visible\"><span class=\"text-node\">Le Monde<\/span><\/em><span class=\"text-node\">, Hidalgo recordou que no in\u00edcio o Twitter era &#8220;uma ferramenta revolucion\u00e1ria&#8221;, mas que atualmente &#8220;esta plataforma e o seu dono [Elon Musk] agem deliberadamente para exacerbar tens\u00f5es e conflitos&#8221;.<\/span><\/p>\n<p class=\"added-to-list1\" data-pf_style_display=\"block\" data-pf_style_visibility=\"visible\"><span class=\"text-node\">Nas \u00faltimas semanas, v\u00e1rias cidades, departamentos e regi\u00f5es francesas comunicaram tamb\u00e9m o abandono do X. Por exemplo, a regi\u00e3o de Nouvelle-Aquitaine saiu da rede em novembro e a Bretanha fez o mesmo an\u00fancio na \u00faltima ter\u00e7a-feira (14).<\/span><\/p>\n<p class=\"added-to-list1\" data-pf_style_display=\"block\" data-pf_style_visibility=\"visible\"><span class=\"text-node\">No mesmo dia, um grupo de 86 associa\u00e7\u00f5es francesas de solidariedade e meio ambiente tamb\u00e9m anunciou o abandono da rede social em uma coluna no <\/span><em data-pf_style_display=\"inline\" data-pf_style_visibility=\"visible\"><span class=\"text-node\">Le Monde<\/span><\/em><span class=\"text-node\">.<\/span><\/p>\n","protected":false},"excerpt":{"rendered":"<p>Ag\u00eancia Brasil &#8211; A cidade de Paris anunciou nesta sexta-feira (17) que deixar\u00e1 de ter conta no X, justificando que a rede social promove o discurso de \u00f3dio e a desinforma\u00e7\u00e3o.<\/p>\n","protected":false},"author":1,"featured_media":0,"comment_status":"closed","ping_status":"open","sticky":false,"template":"","format":"standard","meta":{"_exactmetrics_skip_tracking":false,"_exactmetrics_sitenote_active":false,"_exactmetrics_sitenote_note":"","_exactmetrics_sitenote_category":0,"jetpack_post_was_ever_published":false,"_jetpack_newsletter_access":"","_jetpack_dont_email_post_to_subs":false,"_jetpack_newsletter_tier_id":0,"_jetpack_memberships_contains_paywalled_content":false,"_jetpack_memberships_contains_paid_content":false,"footnotes":"","jetpack_publicize_message":"","jetpack_publicize_feature_enabled":true,"jetpack_social_post_already_shared":true,"jetpack_social_options":{"image_generator_settings":{"template":"highway","enabled":false},"version":2}},"categories":[1],"tags":[331,1060,897],"class_list":["post-36443","post","type-post","status-publish","format-standard","hentry","category-notas","tag-ebc","tag-paris","tag-x"],"jetpack_publicize_connections":[],"jetpack_sharing_enabled":true,"jetpack_featured_media_url":"","jetpack_shortlink":"https:\/\/wp.me\/p7wKYW-9tN","jetpack-related-posts":[],"_links":{"self":[{"href":"http:\/\/blogdalucianaoliveira.com.br\/blog\/wp-json\/wp\/v2\/posts\/36443","targetHints":{"allow":["GET"]}}],"collection":[{"href":"http:\/\/blogdalucianaoliveira.com.br\/blog\/wp-json\/wp\/v2\/posts"}],"about":[{"href":"http:\/\/blogdalucianaoliveira.com.br\/blog\/wp-json\/wp\/v2\/types\/post"}],"author":[{"embeddable":true,"href":"http:\/\/blogdalucianaoliveira.com.br\/blog\/wp-json\/wp\/v2\/users\/1"}],"replies":[{"embeddable":true,"href":"http:\/\/blogdalucianaoliveira.com.br\/blog\/wp-json\/wp\/v2\/comments?post=36443"}],"version-history":[{"count":1,"href":"http:\/\/blogdalucianaoliveira.com.br\/blog\/wp-json\/wp\/v2\/posts\/36443\/revisions"}],"predecessor-version":[{"id":36445,"href":"http:\/\/blogdalucianaoliveira.com.br\/blog\/wp-json\/wp\/v2\/posts\/36443\/revisions\/36445"}],"wp:attachment":[{"href":"http:\/\/blogdalucianaoliveira.com.br\/blog\/wp-json\/wp\/v2\/media?parent=36443"}],"wp:term":[{"taxonomy":"category","embeddable":true,"href":"http:\/\/blogdalucianaoliveira.com.br\/blog\/wp-json\/wp\/v2\/categories?post=36443"},{"taxonomy":"post_tag","embeddable":true,"href":"http:\/\/blogdalucianaoliveira.com.br\/blog\/wp-json\/wp\/v2\/tags?post=36443"}],"curies":[{"name":"wp","href":"https:\/\/api.w.org\/{rel}","templated":true}]}}