{"id":36449,"date":"2025-01-18T08:22:34","date_gmt":"2025-01-18T12:22:34","guid":{"rendered":"http:\/\/blogdalucianaoliveira.com.br\/blog\/?p=36449"},"modified":"2025-01-18T08:22:34","modified_gmt":"2025-01-18T12:22:34","slug":"pirarucu-do-madeira-abre-seu-carnaval-na-feijoada-com-folia","status":"publish","type":"post","link":"http:\/\/blogdalucianaoliveira.com.br\/blog\/2025\/01\/18\/pirarucu-do-madeira-abre-seu-carnaval-na-feijoada-com-folia\/","title":{"rendered":"Pirarucu do Madeira abre seu carnaval na Feijoada com folia"},"content":{"rendered":"<p><img data-recalc-dims=\"1\" loading=\"lazy\" decoding=\"async\" data-attachment-id=\"36451\" data-permalink=\"http:\/\/blogdalucianaoliveira.com.br\/blog\/2025\/01\/18\/pirarucu-do-madeira-abre-seu-carnaval-na-feijoada-com-folia\/ac2b41a1-13e4-4838-b6af-f9958d85a88e\/\" data-orig-file=\"https:\/\/i0.wp.com\/blogdalucianaoliveira.com.br\/blog\/wp-content\/uploads\/2025\/01\/ac2b41a1-13e4-4838-b6af-f9958d85a88e.jpeg?fit=1080%2C1350\" data-orig-size=\"1080,1350\" data-comments-opened=\"0\" data-image-meta=\"{&quot;aperture&quot;:&quot;0&quot;,&quot;credit&quot;:&quot;&quot;,&quot;camera&quot;:&quot;&quot;,&quot;caption&quot;:&quot;&quot;,&quot;created_timestamp&quot;:&quot;1736886332&quot;,&quot;copyright&quot;:&quot;&quot;,&quot;focal_length&quot;:&quot;0&quot;,&quot;iso&quot;:&quot;0&quot;,&quot;shutter_speed&quot;:&quot;0&quot;,&quot;title&quot;:&quot;&quot;,&quot;orientation&quot;:&quot;1&quot;}\" data-image-title=\"ac2b41a1-13e4-4838-b6af-f9958d85a88e\" data-image-description=\"\" data-image-caption=\"\" data-medium-file=\"https:\/\/i0.wp.com\/blogdalucianaoliveira.com.br\/blog\/wp-content\/uploads\/2025\/01\/ac2b41a1-13e4-4838-b6af-f9958d85a88e.jpeg?fit=240%2C300\" data-large-file=\"https:\/\/i0.wp.com\/blogdalucianaoliveira.com.br\/blog\/wp-content\/uploads\/2025\/01\/ac2b41a1-13e4-4838-b6af-f9958d85a88e.jpeg?fit=600%2C750\" class=\"alignnone size-medium wp-image-36451\" src=\"https:\/\/i0.wp.com\/blogdalucianaoliveira.com.br\/blog\/wp-content\/uploads\/2025\/01\/ac2b41a1-13e4-4838-b6af-f9958d85a88e.jpeg?resize=240%2C300\" alt=\"\" width=\"240\" height=\"300\" srcset=\"https:\/\/i0.wp.com\/blogdalucianaoliveira.com.br\/blog\/wp-content\/uploads\/2025\/01\/ac2b41a1-13e4-4838-b6af-f9958d85a88e.jpeg?resize=240%2C300 240w, https:\/\/i0.wp.com\/blogdalucianaoliveira.com.br\/blog\/wp-content\/uploads\/2025\/01\/ac2b41a1-13e4-4838-b6af-f9958d85a88e.jpeg?resize=819%2C1024 819w, https:\/\/i0.wp.com\/blogdalucianaoliveira.com.br\/blog\/wp-content\/uploads\/2025\/01\/ac2b41a1-13e4-4838-b6af-f9958d85a88e.jpeg?resize=768%2C960 768w, https:\/\/i0.wp.com\/blogdalucianaoliveira.com.br\/blog\/wp-content\/uploads\/2025\/01\/ac2b41a1-13e4-4838-b6af-f9958d85a88e.jpeg?w=1080 1080w\" sizes=\"auto, (max-width: 240px) 100vw, 240px\" \/><\/p>\n<p class=\"p1\">Aos 32 anos o bloco que \u00e9 Patrim\u00f4nio Cultural de natureza Imaterial da capital, se prepara para mais um carnaval.<\/p>\n<p class=\"p3\"><span class=\"s2\">Ser\u00e3o v\u00e1rios eventos pr\u00e9-carnavalescos e o primeiro \u00e9 uma Feijoada com <\/span>Folia no pr\u00f3ximo dia 25, no Mercado Cultural de Porto Velho.<!--more--><\/p>\n<p class=\"p3\"><span class=\"s2\">\u00c9 uma parceria com o empres\u00e1rio Sin\u00e9sio Tapaj\u00f3s, incentivador da cultura popular, para ajudar o bloco que n\u00e3o tem finalidade lucrativa e precisa arcar com os custos do desfile marcado para o dia 23 de fevereiro.\u00a0<\/span><\/p>\n<p class=\"p3\"><span class=\"s2\">A feijoada no estilo buffet custa 40 reais por pessoa para consumo no local e pode ser adquirida atrav\u00e9s do telefone 69-99981-6691 ou no local durante o evento.<\/span><\/p>\n<p class=\"p3\"><span class=\"s2\">A anima\u00e7\u00e3o musical ser\u00e1 com a banda oficial do bloco, a<span class=\"Apple-converted-space\">\u00a0 <\/span>Puraqu\u00e9. O repert\u00f3rio variado inclui marchinhas tradicionais, samba, ax\u00e9, frevo e MPB remixada no ritmo de carnaval. <\/span><\/p>\n<p class=\"p3\"><span class=\"s2\">Waldison e As Pastoras far\u00e3o uma participa\u00e7\u00e3o especial a partir das 13 hs e em seguida a vers\u00e1til cantora Patr\u00edcia Morais assume o palco. <\/span><\/p>\n<p class=\"p3\"><span class=\"s2\">Este ano o bloco homenageia a Bailarina da Pra\u00e7a, uma artista de rua que dedica sua vida a dan\u00e7ar em eventos p\u00fablicos, espalhando alegria. <\/span><\/p>\n<p class=\"p3\"><span class=\"s2\">\u201cJ\u00e1 tiraram a Bailarina de v\u00e1rios palcos e at\u00e9 \u00e0 for\u00e7a de alguns eventos. Nos pareceu justo e necess\u00e1rio dar a ela um palco e uma multid\u00e3o de foli\u00f5es como forma de exaltar sua arte e resist\u00eancia\u201d, disse Ernande Segismundo, presidente do bloco.<\/span><\/p>\n<p><img data-recalc-dims=\"1\" loading=\"lazy\" decoding=\"async\" data-attachment-id=\"36450\" data-permalink=\"http:\/\/blogdalucianaoliveira.com.br\/blog\/2025\/01\/18\/pirarucu-do-madeira-abre-seu-carnaval-na-feijoada-com-folia\/2c3ea4ff-cc8e-43ac-9738-ac1ee59aa645\/\" data-orig-file=\"https:\/\/i0.wp.com\/blogdalucianaoliveira.com.br\/blog\/wp-content\/uploads\/2025\/01\/2c3ea4ff-cc8e-43ac-9738-ac1ee59aa645.jpeg?fit=720%2C1280\" data-orig-size=\"720,1280\" data-comments-opened=\"0\" data-image-meta=\"{&quot;aperture&quot;:&quot;0&quot;,&quot;credit&quot;:&quot;&quot;,&quot;camera&quot;:&quot;&quot;,&quot;caption&quot;:&quot;&quot;,&quot;created_timestamp&quot;:&quot;0&quot;,&quot;copyright&quot;:&quot;&quot;,&quot;focal_length&quot;:&quot;0&quot;,&quot;iso&quot;:&quot;0&quot;,&quot;shutter_speed&quot;:&quot;0&quot;,&quot;title&quot;:&quot;&quot;,&quot;orientation&quot;:&quot;0&quot;}\" data-image-title=\"2c3ea4ff-cc8e-43ac-9738-ac1ee59aa645\" data-image-description=\"\" data-image-caption=\"\" data-medium-file=\"https:\/\/i0.wp.com\/blogdalucianaoliveira.com.br\/blog\/wp-content\/uploads\/2025\/01\/2c3ea4ff-cc8e-43ac-9738-ac1ee59aa645.jpeg?fit=169%2C300\" data-large-file=\"https:\/\/i0.wp.com\/blogdalucianaoliveira.com.br\/blog\/wp-content\/uploads\/2025\/01\/2c3ea4ff-cc8e-43ac-9738-ac1ee59aa645.jpeg?fit=576%2C1024\" class=\"alignnone size-medium wp-image-36450\" src=\"https:\/\/i0.wp.com\/blogdalucianaoliveira.com.br\/blog\/wp-content\/uploads\/2025\/01\/2c3ea4ff-cc8e-43ac-9738-ac1ee59aa645.jpeg?resize=169%2C300\" alt=\"\" width=\"169\" height=\"300\" srcset=\"https:\/\/i0.wp.com\/blogdalucianaoliveira.com.br\/blog\/wp-content\/uploads\/2025\/01\/2c3ea4ff-cc8e-43ac-9738-ac1ee59aa645.jpeg?resize=169%2C300 169w, https:\/\/i0.wp.com\/blogdalucianaoliveira.com.br\/blog\/wp-content\/uploads\/2025\/01\/2c3ea4ff-cc8e-43ac-9738-ac1ee59aa645.jpeg?resize=576%2C1024 576w, https:\/\/i0.wp.com\/blogdalucianaoliveira.com.br\/blog\/wp-content\/uploads\/2025\/01\/2c3ea4ff-cc8e-43ac-9738-ac1ee59aa645.jpeg?w=720 720w\" sizes=\"auto, (max-width: 169px) 100vw, 169px\" \/><\/p>\n<p>O tema do desfile \u00e9 Bailarina da Pra\u00e7a &#8211; a dan\u00e7a da resist\u00eancia. S\u00e3o parceiros do bloco, a Prefeitura de Porto Velho, atrav\u00e9s da Funcultural, o GRES Asfalt\u00e3o, a Cervejaria Louvada, gr\u00e1fica Vers\u00e1til, Bar do Calixto. Dmais Makeup e a Saltenharia da Duque.<\/p>\n<p><img data-recalc-dims=\"1\" loading=\"lazy\" decoding=\"async\" data-attachment-id=\"36452\" data-permalink=\"http:\/\/blogdalucianaoliveira.com.br\/blog\/2025\/01\/18\/pirarucu-do-madeira-abre-seu-carnaval-na-feijoada-com-folia\/b4cfef11-d571-4c7b-96f4-b7bfd5737c48\/\" data-orig-file=\"https:\/\/i0.wp.com\/blogdalucianaoliveira.com.br\/blog\/wp-content\/uploads\/2025\/01\/b4cfef11-d571-4c7b-96f4-b7bfd5737c48.jpeg?fit=730%2C914\" data-orig-size=\"730,914\" data-comments-opened=\"0\" data-image-meta=\"{&quot;aperture&quot;:&quot;0&quot;,&quot;credit&quot;:&quot;&quot;,&quot;camera&quot;:&quot;&quot;,&quot;caption&quot;:&quot;&quot;,&quot;created_timestamp&quot;:&quot;0&quot;,&quot;copyright&quot;:&quot;&quot;,&quot;focal_length&quot;:&quot;0&quot;,&quot;iso&quot;:&quot;0&quot;,&quot;shutter_speed&quot;:&quot;0&quot;,&quot;title&quot;:&quot;&quot;,&quot;orientation&quot;:&quot;0&quot;}\" data-image-title=\"b4cfef11-d571-4c7b-96f4-b7bfd5737c48\" data-image-description=\"\" data-image-caption=\"\" data-medium-file=\"https:\/\/i0.wp.com\/blogdalucianaoliveira.com.br\/blog\/wp-content\/uploads\/2025\/01\/b4cfef11-d571-4c7b-96f4-b7bfd5737c48.jpeg?fit=240%2C300\" data-large-file=\"https:\/\/i0.wp.com\/blogdalucianaoliveira.com.br\/blog\/wp-content\/uploads\/2025\/01\/b4cfef11-d571-4c7b-96f4-b7bfd5737c48.jpeg?fit=600%2C751\" class=\"alignnone size-medium wp-image-36452\" src=\"https:\/\/i0.wp.com\/blogdalucianaoliveira.com.br\/blog\/wp-content\/uploads\/2025\/01\/b4cfef11-d571-4c7b-96f4-b7bfd5737c48.jpeg?resize=240%2C300\" alt=\"\" width=\"240\" height=\"300\" srcset=\"https:\/\/i0.wp.com\/blogdalucianaoliveira.com.br\/blog\/wp-content\/uploads\/2025\/01\/b4cfef11-d571-4c7b-96f4-b7bfd5737c48.jpeg?resize=240%2C300 240w, https:\/\/i0.wp.com\/blogdalucianaoliveira.com.br\/blog\/wp-content\/uploads\/2025\/01\/b4cfef11-d571-4c7b-96f4-b7bfd5737c48.jpeg?w=730 730w\" sizes=\"auto, (max-width: 240px) 100vw, 240px\" \/><\/p>\n","protected":false},"excerpt":{"rendered":"<p>Aos 32 anos o bloco que \u00e9 Patrim\u00f4nio Cultural de natureza Imaterial da capital, se prepara para mais um carnaval. Ser\u00e3o v\u00e1rios eventos pr\u00e9-carnavalescos e o primeiro \u00e9 uma Feijoada com Folia no pr\u00f3ximo dia 25, no Mercado Cultural de Porto Velho.<\/p>\n","protected":false},"author":1,"featured_media":0,"comment_status":"closed","ping_status":"open","sticky":false,"template":"","format":"standard","meta":{"_exactmetrics_skip_tracking":false,"_exactmetrics_sitenote_active":false,"_exactmetrics_sitenote_note":"","_exactmetrics_sitenote_category":0,"jetpack_post_was_ever_published":false,"_jetpack_newsletter_access":"","_jetpack_dont_email_post_to_subs":false,"_jetpack_newsletter_tier_id":0,"_jetpack_memberships_contains_paywalled_content":false,"_jetpack_memberships_contains_paid_content":false,"footnotes":"","jetpack_publicize_message":"","jetpack_publicize_feature_enabled":true,"jetpack_social_post_already_shared":true,"jetpack_social_options":{"image_generator_settings":{"template":"highway","enabled":false},"version":2}},"categories":[1],"tags":[821,927,1245],"class_list":["post-36449","post","type-post","status-publish","format-standard","hentry","category-notas","tag-bloco-pirarucu-do-madeira","tag-carnaval-de-rua","tag-folia"],"jetpack_publicize_connections":[],"jetpack_sharing_enabled":true,"jetpack_featured_media_url":"","jetpack_shortlink":"https:\/\/wp.me\/p7wKYW-9tT","jetpack-related-posts":[],"_links":{"self":[{"href":"http:\/\/blogdalucianaoliveira.com.br\/blog\/wp-json\/wp\/v2\/posts\/36449","targetHints":{"allow":["GET"]}}],"collection":[{"href":"http:\/\/blogdalucianaoliveira.com.br\/blog\/wp-json\/wp\/v2\/posts"}],"about":[{"href":"http:\/\/blogdalucianaoliveira.com.br\/blog\/wp-json\/wp\/v2\/types\/post"}],"author":[{"embeddable":true,"href":"http:\/\/blogdalucianaoliveira.com.br\/blog\/wp-json\/wp\/v2\/users\/1"}],"replies":[{"embeddable":true,"href":"http:\/\/blogdalucianaoliveira.com.br\/blog\/wp-json\/wp\/v2\/comments?post=36449"}],"version-history":[{"count":1,"href":"http:\/\/blogdalucianaoliveira.com.br\/blog\/wp-json\/wp\/v2\/posts\/36449\/revisions"}],"predecessor-version":[{"id":36453,"href":"http:\/\/blogdalucianaoliveira.com.br\/blog\/wp-json\/wp\/v2\/posts\/36449\/revisions\/36453"}],"wp:attachment":[{"href":"http:\/\/blogdalucianaoliveira.com.br\/blog\/wp-json\/wp\/v2\/media?parent=36449"}],"wp:term":[{"taxonomy":"category","embeddable":true,"href":"http:\/\/blogdalucianaoliveira.com.br\/blog\/wp-json\/wp\/v2\/categories?post=36449"},{"taxonomy":"post_tag","embeddable":true,"href":"http:\/\/blogdalucianaoliveira.com.br\/blog\/wp-json\/wp\/v2\/tags?post=36449"}],"curies":[{"name":"wp","href":"https:\/\/api.w.org\/{rel}","templated":true}]}}