{"id":36454,"date":"2025-01-20T11:33:53","date_gmt":"2025-01-20T15:33:53","guid":{"rendered":"http:\/\/blogdalucianaoliveira.com.br\/blog\/?p=36454"},"modified":"2025-01-20T11:33:53","modified_gmt":"2025-01-20T15:33:53","slug":"bilionarios-lucram-r-34-bilhoes-por-dia-enquanto-pobreza-global-segue-intocada-desde-1990-aponta-oxfam","status":"publish","type":"post","link":"http:\/\/blogdalucianaoliveira.com.br\/blog\/2025\/01\/20\/bilionarios-lucram-r-34-bilhoes-por-dia-enquanto-pobreza-global-segue-intocada-desde-1990-aponta-oxfam\/","title":{"rendered":"Bilion\u00e1rios lucram R$ 34 bilh\u00f5es por dia enquanto pobreza global segue intocada desde 1990, aponta Oxfam"},"content":{"rendered":"<p><img data-recalc-dims=\"1\" loading=\"lazy\" decoding=\"async\" data-attachment-id=\"36456\" data-permalink=\"http:\/\/blogdalucianaoliveira.com.br\/blog\/2025\/01\/20\/bilionarios-lucram-r-34-bilhoes-por-dia-enquanto-pobreza-global-segue-intocada-desde-1990-aponta-oxfam\/img_6005\/\" data-orig-file=\"https:\/\/i0.wp.com\/blogdalucianaoliveira.com.br\/blog\/wp-content\/uploads\/2025\/01\/IMG_6005.webp?fit=800%2C533\" data-orig-size=\"800,533\" data-comments-opened=\"0\" data-image-meta=\"{&quot;aperture&quot;:&quot;0&quot;,&quot;credit&quot;:&quot;&quot;,&quot;camera&quot;:&quot;&quot;,&quot;caption&quot;:&quot;&quot;,&quot;created_timestamp&quot;:&quot;0&quot;,&quot;copyright&quot;:&quot;&quot;,&quot;focal_length&quot;:&quot;0&quot;,&quot;iso&quot;:&quot;0&quot;,&quot;shutter_speed&quot;:&quot;0&quot;,&quot;title&quot;:&quot;&quot;,&quot;orientation&quot;:&quot;0&quot;}\" data-image-title=\"IMG_6005\" data-image-description=\"\" data-image-caption=\"\" data-medium-file=\"https:\/\/i0.wp.com\/blogdalucianaoliveira.com.br\/blog\/wp-content\/uploads\/2025\/01\/IMG_6005.webp?fit=300%2C200\" data-large-file=\"https:\/\/i0.wp.com\/blogdalucianaoliveira.com.br\/blog\/wp-content\/uploads\/2025\/01\/IMG_6005.webp?fit=600%2C400\" class=\"alignnone size-medium wp-image-36456\" src=\"https:\/\/i0.wp.com\/blogdalucianaoliveira.com.br\/blog\/wp-content\/uploads\/2025\/01\/IMG_6005.webp?resize=300%2C200\" alt=\"\" width=\"300\" height=\"200\" srcset=\"https:\/\/i0.wp.com\/blogdalucianaoliveira.com.br\/blog\/wp-content\/uploads\/2025\/01\/IMG_6005.webp?resize=300%2C200 300w, https:\/\/i0.wp.com\/blogdalucianaoliveira.com.br\/blog\/wp-content\/uploads\/2025\/01\/IMG_6005.webp?resize=768%2C512 768w, https:\/\/i0.wp.com\/blogdalucianaoliveira.com.br\/blog\/wp-content\/uploads\/2025\/01\/IMG_6005.webp?resize=450%2C300 450w, https:\/\/i0.wp.com\/blogdalucianaoliveira.com.br\/blog\/wp-content\/uploads\/2025\/01\/IMG_6005.webp?w=800 800w\" sizes=\"auto, (max-width: 300px) 100vw, 300px\" \/><\/p>\n<h2 class=\"description\">Relat\u00f3rio diz que conta dos mais ricos cresceu quase R$ 12 trilh\u00f5es em 2024, tr\u00eas vezes mais r\u00e1pido que no ano anterior<\/h2>\n<p><!--more--><\/p>\n<div class=\"details-bar\">\n<div class=\"author-time\">\n<div class=\"author\">Reda\u00e7\u00e3o<\/div>\n<div class=\"place-and-time\">\n<div class=\"place\">Brasil de Fato<\/div>\n<\/div>\n<div>\n<p>A riqueza somada dos<a href=\"https:\/\/www.brasildefato.com.br\/2025\/01\/10\/dia-dos-ricos-poluidores-1-mais-rico-ja-emitiu-cota-anual-de-co2-de-2025-50-mais-pobres-levarao-3-anos\" target=\"_blank\" rel=\"noopener\"> bilion\u00e1rios do mundo <\/a>aumentou US$ 2 trilh\u00f5es (cerca de R$ 12 trilh\u00f5es) em 2024. Isso representa crescimento tr\u00eas vezes maior do que o registrado no ano anterior. Ocorreu enquanto o n\u00famero de pessoas pobres quase n\u00e3o muda desde 1990.<\/p>\n<div class=\"ads-googletag article_1\"><\/div>\n<p>Esses dados fazem parte de um relat\u00f3rio divulgado nesta segunda-feira (20) pela <a href=\"https:\/\/www.brasildefato.com.br\/2025\/01\/10\/dia-dos-ricos-poluidores-1-mais-rico-ja-emitiu-cota-anual-de-co2-de-2025-50-mais-pobres-levarao-3-anos\" target=\"_blank\" rel=\"noopener\">Oxfam<\/a>. O documento &#8220;As custas de quem: A origem da riqueza e a constru\u00e7\u00e3o da injusti\u00e7a no colonialismo&#8221; foi revelado no mesmo dia em que pol\u00edticos e grandes empres\u00e1rios se re\u00fanem para mais uma edi\u00e7\u00e3o do F\u00f3rum Econ\u00f4mico de Davos, na Su\u00ed\u00e7a.<\/p>\n<p>Segundo a Oxfam, durante 2024, o n\u00famero de bilion\u00e1rios no mundo subiu de 2.565 para 2.769. O patrim\u00f4nio combinado deles passou de 13 trilh\u00f5es de d\u00f3lares para 15 trilh\u00f5es de d\u00f3lares (R$ 78 trilh\u00f5es para de R$ 90 trilh\u00f5es).<\/p>\n<p class=\"ckeditor-img-caption\"><img data-recalc-dims=\"1\" decoding=\"async\" src=\"https:\/\/i0.wp.com\/images03.brasildefato.com.br\/78353f72b098c477276a6ac6d433c159.webp?w=600&#038;ssl=1\" \/><br \/>\nRelat\u00f3rio da Oxfam mostra que acumula\u00e7\u00e3o de riqueza dos bilion\u00e1rios triplicou em 2024 ante 2023 \/ Reprodu\u00e7\u00e3o\/Oxfam<\/p>\n<div class=\"ads-googletag article_4\">\n<div id=\"div-gpt-ad-1720010829506-0\"><\/div>\n<\/div>\n<p>Essa \u00ednfima minoria da popula\u00e7\u00e3o ficou 5,7 bilh\u00f5es de d\u00f3lares mais rica por dia \u2013 R$ 34 bilh\u00f5es. Cada um dos dez mais ricos do mundo, em m\u00e9dia, ganhou 100 milh\u00f5es de d\u00f3lares por dia, ou cerca de R$ 600 milh\u00f5es.<\/p>\n<p>De acordo com a Oxfam, mesmo que essas dez pessoas perdessem 99% de sua riqueza, eles ainda permaneceriam bilion\u00e1rias.<\/p>\n<p class=\"ckeditor-subtitle\"><strong>Trilion\u00e1rios em 2035<\/strong><\/p>\n<p>A Oxfam dedica-se a monitorar a desigualdade social no mundo h\u00e1 anos. Ela denuncia por meio de estudos o crescimento vertiginoso da concentra\u00e7\u00e3o de renda.<\/p>\n<p>Por conta dessa concentra\u00e7\u00e3o, em 2023, a Oxfam previu o surgimento do primeiro trilion\u00e1rio dentro de uma d\u00e9cada. Neste ano, por\u00e9m, por conta do aumento do ritmo de acumula\u00e7\u00e3o dos bilion\u00e1rios, ela alertou que em dez anos o mundo deve ter pelo menos cinco trilion\u00e1rios.<\/p>\n<p>\u201cEssa crescente concentra\u00e7\u00e3o de riqueza \u00e9 possibilitada por uma concentra\u00e7\u00e3o monopolista de poder, com os bilion\u00e1rios exercendo cada vez mais influ\u00eancia\u201d, declarou a organiza\u00e7\u00e3o.<\/p>\n<p>\u201cO auge dessa oligarquia \u00e9 um presidente bilion\u00e1rio [<a href=\"https:\/\/www.brasildefato.com.br\/2025\/01\/10\/donald-trump-se-torna-o-primeiro-presidente-dos-eua-condenado-por-crimes-federais-nesta-sexta-9\" target=\"_blank\" rel=\"noopener\">Donaldo Trump<\/a>], apoiado e comprado pelo homem mais rico do mundo, <a href=\"https:\/\/www.brasildefato.com.br\/2024\/09\/09\/estabelecer-limites-a-elon-musk-e-defender-a-democracia-mas-o-que-vem-depois\" target=\"_blank\" rel=\"noopener\">Elon Musk<\/a>, governando a maior economia do planeta [EUA]. Apresentamos este relat\u00f3rio como um alerta severo de que as pessoas comuns em todo o mundo est\u00e3o sendo esmagadas pela enorme riqueza de um n\u00famero \u00ednfimo de pessoas\u201d, acrescentou Amitabh Behar, diretor-executivo da Oxfam.<\/p>\n<p class=\"ckeditor-subtitle\"><strong>Riqueza n\u00e3o merecida<\/strong><\/p>\n<p>De acordo com a Oxfam, boa parte da riqueza dos mais ricos n\u00e3o \u00e9 fruto do trabalho deles. \u00c9 imerecida. \u201c60% da riqueza dos bilion\u00e1rios de hoje vem de heran\u00e7a, monop\u00f3lio ou conex\u00f5es com poderosos\u201d.<\/p>\n<p class=\"ckeditor-img-caption\"><img data-recalc-dims=\"1\" decoding=\"async\" src=\"https:\/\/i0.wp.com\/images02.brasildefato.com.br\/6febf4f77a05879d0c52e29d142e6f20.webp?w=600&#038;ssl=1\" \/><br \/>\nRelat\u00f3rio da Oxfam indica fonte da riqueza dos bilion\u00e1rios do mundo \/ Reprodu\u00e7\u00e3o\/Oxfam<\/p>\n<p>Uma pesquisa da revista Forbes citada pela Oxfam aponta que todos os bilion\u00e1rios com menos de 30 anos herdaram sua riqueza. Outro levantamento, este do banco UBS, mil bilion\u00e1rios deixar\u00e3o 5,2 trilh\u00f5es de d\u00f3lares (mais de R$ 30 trilh\u00f5es) para seus herdeiros.<\/p>\n<p>\u201cOs super-ricos gostam de nos dizer que ficar rico exige habilidade, determina\u00e7\u00e3o e trabalho \u00e1rduo. Mas a verdade \u00e9 que a maioria da riqueza \u00e9 tomada, n\u00e3o criada. Muitos dos chamados \u2018autodidatas\u2019 na verdade s\u00e3o herdeiros de vastas fortunas, passadas por gera\u00e7\u00f5es de privil\u00e9gio imerecido\u201d, disse Behar.<\/p>\n<p>\u201cMuitos dos super-ricos, particularmente na Europa, devem parte de sua riqueza ao colonialismo hist\u00f3rico e \u00e0 explora\u00e7\u00e3o de pa\u00edses mais pobres\u201d, acrescenta a Oxfam, que denuncia que tal explora\u00e7\u00e3o existe ainda hoje.<\/p>\n<p>De acordo com a organiza\u00e7\u00e3o, o 1% mais rico em pa\u00edses do Norte Global, como EUA, Reino Unido e Fran\u00e7a, <a href=\"https:\/\/www.brasildefato.com.br\/2023\/07\/19\/divida-de-paises-quintuplica-em-20-anos-e-compromete-orcamento-de-nacoes-mais-pobres\" target=\"_blank\" rel=\"noopener\">extraiu 30 milh\u00f5es de d\u00f3lares (cerca de R$ 180 milh\u00f5es) por hora de pa\u00edses de baixa e m\u00e9dia renda em 2023<\/a>.\u00a0 \u201cO Norte Global controla 69% da riqueza global, 77% da riqueza dos bilion\u00e1rios e abrigam 68% dos bilion\u00e1rios, apesar de representarem apenas 21% da popula\u00e7\u00e3o global.\u201d<\/p>\n<p>\u201cO dinheiro desesperadamente necess\u00e1rio em todos os pa\u00edses para investir em professores, comprar rem\u00e9dios e criar bons empregos est\u00e1 sendo desviado para as contas banc\u00e1rias dos super-ricos&#8221;, disse Behar.<\/p>\n<p class=\"ckeditor-img-caption\"><img data-recalc-dims=\"1\" decoding=\"async\" src=\"https:\/\/i0.wp.com\/images03.brasildefato.com.br\/316cf4cac6f308a16c4b0ff1c89094a2.webp?w=600&#038;ssl=1\" \/><br \/>\nRelat\u00f3rio da Oxfam indica onde vive a popula\u00e7\u00e3o mais rica do mundo \/ Reprodu\u00e7\u00e3o\/Oxfam<\/p>\n<p>Dados da<a href=\"https:\/\/www.brasildefato.com.br\/2024\/09\/18\/40-da-populacao-mundial-vive-em-paises-que-gastam-mais-com-juros-do-que-com-saude-e-educacao\" target=\"_blank\" rel=\"noopener\"> Organiza\u00e7\u00e3o das Na\u00e7\u00f5es Unidas (ONU) citados pela Oxfam indicam que pa\u00edses de baixa e m\u00e9dia renda gastam em m\u00e9dia quase metade de seus or\u00e7amentos para pagar d\u00edvidas com credores ricos<\/a>. Isso supera em muito o investimento combinado em <a href=\"https:\/\/www.brasildefato.com.br\/2023\/07\/19\/divida-de-paises-quintuplica-em-20-anos-e-compromete-orcamento-de-nacoes-mais-pobres\" target=\"_blank\" rel=\"noopener\">educa\u00e7\u00e3o e sa\u00fade<\/a>. Entre 1970 e 2023, os governos do Sul Global pagaram 3,3 trilh\u00f5es de d\u00f3lares (cerca de R$ 20 trilh\u00f5es) em juros para credores do Norte.<\/p>\n<p>A Oxfam recomenda que governo<a href=\"https:\/\/www.brasildefato.com.br\/2025\/01\/03\/taxacao-de-ricos-garante-isencao-de-salario-de-ate-r-5-mil-sem-perda-na-arrecadacao-diz-estudo\" target=\"_blank\" rel=\"noopener\"> taxem os mais ricos<\/a>, acabem para\u00edsos fiscais e com o fluxo de riqueza do Sul para o Norte. \u201cIsso significa desmontar monop\u00f3lios, democratizar patentes e regular as corpora\u00e7\u00f5es para garantir que paguem sal\u00e1rios dignos, como limite aos [sal\u00e1rios] dos CEOs.\u201d<\/p>\n<p>\u201cOs governos precisam se comprometer a garantir que as rendas dos 10% mais ricos n\u00e3o sejam mais altas do que as dos 40% mais pobres\u201d, pediu a entidade. \u201cReduzir a desigualdade poderia acabar com a pobreza tr\u00eas vezes mais r\u00e1pido&#8221;.<\/p>\n<div class=\"ads-googletag article_last\"><\/div>\n<p>&nbsp;<\/p>\n<p class=\"editor\">Edi\u00e7\u00e3o: Nathallia Fonseca<\/p>\n<\/div>\n<div class=\"place-and-time\">\n<div><\/div>\n<\/div>\n<\/div>\n<\/div>\n","protected":false},"excerpt":{"rendered":"<p>Relat\u00f3rio diz que conta dos mais ricos cresceu quase R$ 12 trilh\u00f5es em 2024, tr\u00eas vezes mais r\u00e1pido que no ano anterior<\/p>\n","protected":false},"author":1,"featured_media":0,"comment_status":"closed","ping_status":"open","sticky":false,"template":"","format":"standard","meta":{"_exactmetrics_skip_tracking":false,"_exactmetrics_sitenote_active":false,"_exactmetrics_sitenote_note":"","_exactmetrics_sitenote_category":0,"jetpack_post_was_ever_published":false,"_jetpack_newsletter_access":"","_jetpack_dont_email_post_to_subs":false,"_jetpack_newsletter_tier_id":0,"_jetpack_memberships_contains_paywalled_content":false,"_jetpack_memberships_contains_paid_content":false,"footnotes":"","jetpack_publicize_message":"","jetpack_publicize_feature_enabled":true,"jetpack_social_post_already_shared":true,"jetpack_social_options":{"image_generator_settings":{"template":"highway","enabled":false},"version":2}},"categories":[1],"tags":[1247,1246,220],"class_list":["post-36454","post","type-post","status-publish","format-standard","hentry","category-notas","tag-oxfam","tag-riqueza","tag-trump"],"jetpack_publicize_connections":[],"jetpack_sharing_enabled":true,"jetpack_featured_media_url":"","jetpack_shortlink":"https:\/\/wp.me\/p7wKYW-9tY","jetpack-related-posts":[],"_links":{"self":[{"href":"http:\/\/blogdalucianaoliveira.com.br\/blog\/wp-json\/wp\/v2\/posts\/36454","targetHints":{"allow":["GET"]}}],"collection":[{"href":"http:\/\/blogdalucianaoliveira.com.br\/blog\/wp-json\/wp\/v2\/posts"}],"about":[{"href":"http:\/\/blogdalucianaoliveira.com.br\/blog\/wp-json\/wp\/v2\/types\/post"}],"author":[{"embeddable":true,"href":"http:\/\/blogdalucianaoliveira.com.br\/blog\/wp-json\/wp\/v2\/users\/1"}],"replies":[{"embeddable":true,"href":"http:\/\/blogdalucianaoliveira.com.br\/blog\/wp-json\/wp\/v2\/comments?post=36454"}],"version-history":[{"count":1,"href":"http:\/\/blogdalucianaoliveira.com.br\/blog\/wp-json\/wp\/v2\/posts\/36454\/revisions"}],"predecessor-version":[{"id":36457,"href":"http:\/\/blogdalucianaoliveira.com.br\/blog\/wp-json\/wp\/v2\/posts\/36454\/revisions\/36457"}],"wp:attachment":[{"href":"http:\/\/blogdalucianaoliveira.com.br\/blog\/wp-json\/wp\/v2\/media?parent=36454"}],"wp:term":[{"taxonomy":"category","embeddable":true,"href":"http:\/\/blogdalucianaoliveira.com.br\/blog\/wp-json\/wp\/v2\/categories?post=36454"},{"taxonomy":"post_tag","embeddable":true,"href":"http:\/\/blogdalucianaoliveira.com.br\/blog\/wp-json\/wp\/v2\/tags?post=36454"}],"curies":[{"name":"wp","href":"https:\/\/api.w.org\/{rel}","templated":true}]}}