{"id":36459,"date":"2025-01-21T16:33:22","date_gmt":"2025-01-21T20:33:22","guid":{"rendered":"http:\/\/blogdalucianaoliveira.com.br\/blog\/?p=36459"},"modified":"2025-01-21T16:33:22","modified_gmt":"2025-01-21T20:33:22","slug":"morte-de-familia-em-flutuante-de-manicore-comocao-e-indignacao-dos-ribeirinhos-de-humaita","status":"publish","type":"post","link":"http:\/\/blogdalucianaoliveira.com.br\/blog\/2025\/01\/21\/morte-de-familia-em-flutuante-de-manicore-comocao-e-indignacao-dos-ribeirinhos-de-humaita\/","title":{"rendered":"Morte de fam\u00edlia em flutuante de Manicor\u00e9: como\u00e7\u00e3o e indigna\u00e7\u00e3o dos ribeirinhos de Humait\u00e1"},"content":{"rendered":"<p><img data-recalc-dims=\"1\" loading=\"lazy\" decoding=\"async\" data-attachment-id=\"36460\" data-permalink=\"http:\/\/blogdalucianaoliveira.com.br\/blog\/2025\/01\/21\/morte-de-familia-em-flutuante-de-manicore-comocao-e-indignacao-dos-ribeirinhos-de-humaita\/img_6058\/\" data-orig-file=\"https:\/\/i0.wp.com\/blogdalucianaoliveira.com.br\/blog\/wp-content\/uploads\/2025\/01\/IMG_6058.jpeg?fit=600%2C450\" data-orig-size=\"600,450\" data-comments-opened=\"0\" data-image-meta=\"{&quot;aperture&quot;:&quot;0&quot;,&quot;credit&quot;:&quot;&quot;,&quot;camera&quot;:&quot;&quot;,&quot;caption&quot;:&quot;&quot;,&quot;created_timestamp&quot;:&quot;0&quot;,&quot;copyright&quot;:&quot;&quot;,&quot;focal_length&quot;:&quot;0&quot;,&quot;iso&quot;:&quot;0&quot;,&quot;shutter_speed&quot;:&quot;0&quot;,&quot;title&quot;:&quot;&quot;,&quot;orientation&quot;:&quot;0&quot;}\" data-image-title=\"IMG_6058\" data-image-description=\"\" data-image-caption=\"\" data-medium-file=\"https:\/\/i0.wp.com\/blogdalucianaoliveira.com.br\/blog\/wp-content\/uploads\/2025\/01\/IMG_6058.jpeg?fit=300%2C225\" data-large-file=\"https:\/\/i0.wp.com\/blogdalucianaoliveira.com.br\/blog\/wp-content\/uploads\/2025\/01\/IMG_6058.jpeg?fit=600%2C450\" class=\"alignnone size-medium wp-image-36460\" src=\"https:\/\/i0.wp.com\/blogdalucianaoliveira.com.br\/blog\/wp-content\/uploads\/2025\/01\/IMG_6058.jpeg?resize=300%2C225\" alt=\"\" width=\"300\" height=\"225\" srcset=\"https:\/\/i0.wp.com\/blogdalucianaoliveira.com.br\/blog\/wp-content\/uploads\/2025\/01\/IMG_6058.jpeg?resize=300%2C225 300w, https:\/\/i0.wp.com\/blogdalucianaoliveira.com.br\/blog\/wp-content\/uploads\/2025\/01\/IMG_6058.jpeg?resize=400%2C300 400w, https:\/\/i0.wp.com\/blogdalucianaoliveira.com.br\/blog\/wp-content\/uploads\/2025\/01\/IMG_6058.jpeg?w=600 600w\" sizes=\"auto, (max-width: 300px) 100vw, 300px\" \/><\/p>\n<p><strong>Por *Jo\u00e3o Maciel de Ara\u00fajo<\/strong> &#8211; \u00a0Na manh\u00e3 de ontem (20\/01\/2025) foi noticiado que a equipe de resgate encontrou o corpo da jovem Talita Ferreira Lago, de 22 anos, desaparecida na manh\u00e3 da \u00faltima sexta-feira (17\/01\/2025), ap\u00f3s a colis\u00e3o entre uma balsa e duas casas flutuantes \u00e0s margens do rio Madeira, munic\u00edpio de Manicor\u00e9 (AM).<!--more--><\/p>\n<p>As tr\u00eas crian\u00e7as, filhas de Talita, continuavam desaparecidas.<br \/>\nSegundo noticiado em alguns ve\u00edculos da imprensa regional, a embarca\u00e7\u00e3o que atingiu e destruiu o flutuante onde Talita morava, trata-se de um comboio de 12 balsas, carregadas com soja, que havia partido de Porto Velho (RO).<\/p>\n<p>Segundo tamb\u00e9m os notici\u00e1rios, o comandante da embarca\u00e7\u00e3o declarou \u00e0 Pol\u00edcia Civil que<br \/>\ntentou desviar o flutuante, mas n\u00e3o conseguiu, devido ao peso do comboio de balsas e da correnteza do Rio Madeira.<\/p>\n<p>Este lament\u00e1vel epis\u00f3dio foi recebido por moradores de comunidades ribeirinhas<br \/>\nda regi\u00e3o do munic\u00edpio de Humait\u00e1 (AM) com muita tristeza e indigna\u00e7\u00e3o. Tristeza pela perda da vida de pessoas inocentes que nada fizeram para merecer tal fim.<br \/>\nIndigna\u00e7\u00e3o porque, segundo v\u00e1rios moradores destas comunidades, eles t\u00eam recorrentemente alertado as autoridades n\u00e1uticas a respeito do perigo que estas enormes embarca\u00e7\u00f5es representam para as comunidades que habitam as margens do Madeira.<br \/>\nEm Humait\u00e1, s\u00e3o v\u00e1rios os casos de perda de canoas e motores atracados nos portos das comunidades, devido ao grande banzeiro (ondas) causado pelos comboios. Segundo os comunit\u00e1rios, em muitos casos estas grandes<br \/>\nembarca\u00e7\u00f5es n\u00e3o respeitam as normas de navega\u00e7\u00e3o, ultrapassando as \u00e1reas destinadas ao seu tr\u00e1fego, sendo conduzidas muito pr\u00f3ximas \u00e0s margens do rio.<\/p>\n<p>\u201cN\u00e3o s\u00e3o tomadas provid\u00eancias quando apresentamos reclama\u00e7\u00f5es. \u00c9 como se a<br \/>\nperda de nossos bens nada importasse para as autoridades e estas empresas, que agem como se fossem donas do Rio Madeira. Quando chega essa \u00e9poca do ano, que o rio aumenta o volume de \u00e1gua, nossa preocupa\u00e7\u00e3o passa a ser com estasgrandes embarca\u00e7\u00f5es\u201d, relata um comunit\u00e1rio.<\/p>\n<p>A julgar pelo que verifica-se na internet, em rela\u00e7\u00e3o ao tratamento concedido pelo Estado brasileiro \u00e0 estas empresas, o comunit\u00e1rio est\u00e1 coberto de raz\u00e3o. A empresa que, segundo a imprensa regional, \u00e9 respons\u00e1vel pelo comboio que atingiu a moradia da jovem Talita \u00e9 benefici\u00e1ria de recursos vultuosos do Fundo Nacional da Marinha Mercante, redu\u00e7\u00e3o da al\u00edquota de imposto de renda e em abril de 2024 recebeu autoriza\u00e7\u00e3o da Capitania dos Portos de Porto Velho para trafegar rio Madeira com comboios de at\u00e9 30 balsas (mais de 300 metros de comprimento).<\/p>\n<p>Portanto, estamos diante de mais um caso em que o Estado subsidia grandes projetos econ\u00f4micos que geram desrespeito e destrui\u00e7\u00e3o \u00e0s popula\u00e7\u00f5es tradicionais amaz\u00f4nicas.<\/p>\n<p>*Jo\u00e3o Maciel de Ara\u00fajo, doutor em Sociologia pela UNESP, Professor do Instituto Federal do Amazonas &#8211; Campus Boca do Acre. Coordenador do projeto de pesquisa &#8220;Os impactos do avan\u00e7o do agroneg\u00f3cio sobre as comunidades ribeirinhas das calhas dos rios Madeira e Purus.&#8221;<\/p>\n<p>*foto divulga\u00e7\u00e3o Marinha<\/p>\n","protected":false},"excerpt":{"rendered":"<p>Por *Jo\u00e3o Maciel de Ara\u00fajo &#8211; \u00a0Na manh\u00e3 de ontem (20\/01\/2025) foi noticiado que a equipe de resgate encontrou o corpo da jovem Talita Ferreira Lago, de 22 anos, desaparecida na manh\u00e3 da \u00faltima sexta-feira (17\/01\/2025), ap\u00f3s a colis\u00e3o entre uma balsa e duas casas flutuantes \u00e0s margens do rio Madeira, munic\u00edpio de Manicor\u00e9 (AM).<\/p>\n","protected":false},"author":1,"featured_media":0,"comment_status":"closed","ping_status":"open","sticky":false,"template":"","format":"standard","meta":{"_exactmetrics_skip_tracking":false,"_exactmetrics_sitenote_active":false,"_exactmetrics_sitenote_note":"","_exactmetrics_sitenote_category":0,"jetpack_post_was_ever_published":false,"_jetpack_newsletter_access":"","_jetpack_dont_email_post_to_subs":false,"_jetpack_newsletter_tier_id":0,"_jetpack_memberships_contains_paywalled_content":false,"_jetpack_memberships_contains_paid_content":false,"footnotes":"","jetpack_publicize_message":"","jetpack_publicize_feature_enabled":true,"jetpack_social_post_already_shared":true,"jetpack_social_options":{"image_generator_settings":{"template":"highway","enabled":false},"version":2}},"categories":[1],"tags":[1251,1250,1248,1249],"class_list":["post-36459","post","type-post","status-publish","format-standard","hentry","category-notas","tag-acidente","tag-balsa","tag-flutuante","tag-manicore"],"jetpack_publicize_connections":[],"jetpack_sharing_enabled":true,"jetpack_featured_media_url":"","jetpack_shortlink":"https:\/\/wp.me\/p7wKYW-9u3","jetpack-related-posts":[],"_links":{"self":[{"href":"http:\/\/blogdalucianaoliveira.com.br\/blog\/wp-json\/wp\/v2\/posts\/36459","targetHints":{"allow":["GET"]}}],"collection":[{"href":"http:\/\/blogdalucianaoliveira.com.br\/blog\/wp-json\/wp\/v2\/posts"}],"about":[{"href":"http:\/\/blogdalucianaoliveira.com.br\/blog\/wp-json\/wp\/v2\/types\/post"}],"author":[{"embeddable":true,"href":"http:\/\/blogdalucianaoliveira.com.br\/blog\/wp-json\/wp\/v2\/users\/1"}],"replies":[{"embeddable":true,"href":"http:\/\/blogdalucianaoliveira.com.br\/blog\/wp-json\/wp\/v2\/comments?post=36459"}],"version-history":[{"count":2,"href":"http:\/\/blogdalucianaoliveira.com.br\/blog\/wp-json\/wp\/v2\/posts\/36459\/revisions"}],"predecessor-version":[{"id":36462,"href":"http:\/\/blogdalucianaoliveira.com.br\/blog\/wp-json\/wp\/v2\/posts\/36459\/revisions\/36462"}],"wp:attachment":[{"href":"http:\/\/blogdalucianaoliveira.com.br\/blog\/wp-json\/wp\/v2\/media?parent=36459"}],"wp:term":[{"taxonomy":"category","embeddable":true,"href":"http:\/\/blogdalucianaoliveira.com.br\/blog\/wp-json\/wp\/v2\/categories?post=36459"},{"taxonomy":"post_tag","embeddable":true,"href":"http:\/\/blogdalucianaoliveira.com.br\/blog\/wp-json\/wp\/v2\/tags?post=36459"}],"curies":[{"name":"wp","href":"https:\/\/api.w.org\/{rel}","templated":true}]}}