{"id":36463,"date":"2025-01-22T08:40:38","date_gmt":"2025-01-22T12:40:38","guid":{"rendered":"http:\/\/blogdalucianaoliveira.com.br\/blog\/?p=36463"},"modified":"2025-01-22T08:40:38","modified_gmt":"2025-01-22T12:40:38","slug":"casa-branca-encerra-programas-de-diversidade-e-coloca-funcionarios-em-licenca-remunerada","status":"publish","type":"post","link":"http:\/\/blogdalucianaoliveira.com.br\/blog\/2025\/01\/22\/casa-branca-encerra-programas-de-diversidade-e-coloca-funcionarios-em-licenca-remunerada\/","title":{"rendered":"Casa Branca encerra programas de diversidade e coloca funcion\u00e1rios em licen\u00e7a remunerada"},"content":{"rendered":"<p><img data-recalc-dims=\"1\" loading=\"lazy\" decoding=\"async\" data-attachment-id=\"36464\" data-permalink=\"http:\/\/blogdalucianaoliveira.com.br\/blog\/2025\/01\/22\/casa-branca-encerra-programas-de-diversidade-e-coloca-funcionarios-em-licenca-remunerada\/img_6077\/\" data-orig-file=\"https:\/\/i0.wp.com\/blogdalucianaoliveira.com.br\/blog\/wp-content\/uploads\/2025\/01\/IMG_6077.jpeg?fit=600%2C338\" data-orig-size=\"600,338\" data-comments-opened=\"0\" data-image-meta=\"{&quot;aperture&quot;:&quot;0&quot;,&quot;credit&quot;:&quot;&quot;,&quot;camera&quot;:&quot;&quot;,&quot;caption&quot;:&quot;&quot;,&quot;created_timestamp&quot;:&quot;0&quot;,&quot;copyright&quot;:&quot;&quot;,&quot;focal_length&quot;:&quot;0&quot;,&quot;iso&quot;:&quot;0&quot;,&quot;shutter_speed&quot;:&quot;0&quot;,&quot;title&quot;:&quot;&quot;,&quot;orientation&quot;:&quot;0&quot;}\" data-image-title=\"IMG_6077\" data-image-description=\"\" data-image-caption=\"\" data-medium-file=\"https:\/\/i0.wp.com\/blogdalucianaoliveira.com.br\/blog\/wp-content\/uploads\/2025\/01\/IMG_6077.jpeg?fit=300%2C169\" data-large-file=\"https:\/\/i0.wp.com\/blogdalucianaoliveira.com.br\/blog\/wp-content\/uploads\/2025\/01\/IMG_6077.jpeg?fit=600%2C338\" class=\"alignnone size-medium wp-image-36464\" src=\"https:\/\/i0.wp.com\/blogdalucianaoliveira.com.br\/blog\/wp-content\/uploads\/2025\/01\/IMG_6077.jpeg?resize=300%2C169\" alt=\"\" width=\"300\" height=\"169\" srcset=\"https:\/\/i0.wp.com\/blogdalucianaoliveira.com.br\/blog\/wp-content\/uploads\/2025\/01\/IMG_6077.jpeg?resize=300%2C169 300w, https:\/\/i0.wp.com\/blogdalucianaoliveira.com.br\/blog\/wp-content\/uploads\/2025\/01\/IMG_6077.jpeg?resize=533%2C300 533w, https:\/\/i0.wp.com\/blogdalucianaoliveira.com.br\/blog\/wp-content\/uploads\/2025\/01\/IMG_6077.jpeg?w=600 600w\" sizes=\"auto, (max-width: 300px) 100vw, 300px\" \/><\/p>\n<p>An\u00fancio foi feito pela secret\u00e1ria de imprensa de Donald Trump, que afirmou que a medida vale para funcion\u00e1rios da ag\u00eancia de Diversidade, Equidade, Inclus\u00e3o e Acessibilidade. Vers\u00e3o espanhol do site oficial da Casa Branca tamb\u00e9m foi retirada do ar.<\/p>\n<p><!--more--><\/p>\n<div id=\"chunk-3ug22\">\n<p>G1 &#8211; A administra\u00e7\u00e3o de <a class=\"\" href=\"https:\/\/g1.globo.com\/tudo-sobre\/donald-trump\/\">Donald Trump<\/a>ordenou o fechamento dos programas de diversidade do governo federal e colocou seus funcion\u00e1rios em licen\u00e7a remunerada a partir da tarde desta quarta-feira (22), disse a secret\u00e1ria de imprensa da <a class=\"\" href=\"https:\/\/g1.globo.com\/tudo-sobre\/casa-branca\/\">Casa Branca<\/a>.<\/p>\n<\/div>\n<div id=\"chunk-eg3su\">\n<p>Karoline Leavitt confirmou o conte\u00fado de um memorando do Escrit\u00f3rio de Gest\u00e3o de Pessoal do governo federal solicitando a notifica\u00e7\u00e3o at\u00e9 as 17h de quarta-feira <em>\u201cque todos os funcion\u00e1rios da DEIA (Diversidade, Equidade, Inclus\u00e3o, Acessibilidade) de que eles est\u00e3o sendo colocados em licen\u00e7a administrativa remunerada imediatamente, \u00e0 medida que a ag\u00eancia toma medidas para fechar\/terminar todas as iniciativas, escrit\u00f3rios e programas da DEIA\u201d<\/em>.<\/p>\n<\/div>\n<div id=\"chunk-5mh88\">\n<p>J\u00e1 na segunda-feira (20), nas primeiras horas de seu segundo mandato como presidente, Trump revogou v\u00e1rias ordens executivas que promoviam a igualdade LGBTQ+ e emitiu novas ordens para encerrar programas federais de diversidade ou <a class=\"\" href=\"https:\/\/g1.globo.com\/mundo\/noticia\/2025\/01\/20\/agora-so-existem-dois-generos-masculino-e-feminino-diz-trump-em-discurso-de-posse.ghtml\">reconhecer oficialmente apenas dois g\u00eaneros.<\/a><\/p>\n<\/div>\n<div id=\"chunk-7kbag\">\n<p><a class=\"\" href=\"https:\/\/g1.globo.com\/mundo\/noticia\/2025\/01\/20\/trump-capitolio-presidente-dos-eua.ghtml\">Durante seu primeiro discurso como presidente dos Estados Unidos, <\/a>o presidente falou:<span style=\"text-align: center;\">&#8220;Esta semana, tamb\u00e9m porei fim \u00e0 pol\u00edtica governamental de tentar incorporar socialmente a ra\u00e7a e o g\u00eanero em todos os aspectos da vida p\u00fablica e privada. Vamos forjar sociedade que n\u00e3o enxergar\u00e1 duas cores e ser\u00e1 baseada no m\u00e9rito. Ser\u00e1 pol\u00edtica oficial dos EUA que existam apenas dois g\u00eaneros, masculino e feminino&#8221;, afirmou.<br \/>\n<\/span>Segundo o site<strong> POLITICO<\/strong>, a Casa Branca instruir\u00e1 o Departamento de Estado e o Departamento de Seguran\u00e7a Interna, bem como outras ag\u00eancias, a removerem as op\u00e7\u00f5es \u201cn\u00e3o bin\u00e1rio\u201d ou \u201coutras\u201d de documentos federais, incluindo passaportes e vistos.<\/p>\n<\/div>\n<div id=\"chunk-cmgn\">\n<p>Nesta ter\u00e7a-feira (21), o <a class=\"\" href=\"https:\/\/g1.globo.com\/mundo\/noticia\/2025\/01\/21\/trump-demite-primeira-mulher-a-dirigir-uma-forca-armada-dos-eua.ghtml\">governo Trump destituiu a almirante Linda Fagan, primeira mulher a liderar uma das seis For\u00e7as Armadas<\/a> dos <a class=\"\" href=\"https:\/\/g1.globo.com\/tudo-sobre\/estados-unidos\/\">Estados Unidos<\/a>, do cargo de chefe da Guarda Costeira.<\/p>\n<\/div>\n<div id=\"chunk-cckqa\">\n<p>Tamb\u00e9m nesta ter\u00e7a, <span class=\"highlight\">a Casa Branca retirou do ar a vers\u00e3o em espanhol de seu site oficial.<\/span> A p\u00e1gina https:\/\/www.whitehouse.gov\/es\/ agora d\u00e1 aos usu\u00e1rios uma mensagem de \u201cErro 404\u201d.<\/p>\n<\/div>\n<div id=\"chunk-b90tu\">\n<p><span class=\"highlight\">O perfil em espanhol da Casa Branca&#8217; X, @LaCasaBlanca e a p\u00e1gina do governo sobre liberdade reprodutiva tamb\u00e9m foram desfeitos. <\/span><\/p>\n<\/div>\n<div id=\"chunk-703ng\">\n<div class=\"globo-amp-ad-container\">\n<div class=\"globo-amp-ad\">Grupos de defesa dos hisp\u00e2nicos e outros expressaram confus\u00e3o com a mudan\u00e7a abrupta e frustra\u00e7\u00e3o com o que alguns chamaram de falta de esfor\u00e7os do governo para manter a comunica\u00e7\u00e3o com a comunidade latina.<\/div>\n<\/div>\n<div>\n<div id=\"chunk-1c01o\">\n<p>Em dezembro, durante o AmericaFest, confer\u00eancia para jovens conservadores em Phoenix, o presidente <a class=\"\" href=\"https:\/\/g1.globo.com\/mundo\/noticia\/2024\/12\/23\/trump-promete-deter-a-loucura-transgenero-em-seu-primeiro-dia-de-governo.ghtml\">prometeu &#8220;deter&#8221; o que chamou de &#8220;loucura transg\u00eanero&#8221; no primeiro dia de seu segundo mandato. <\/a>Ele tamb\u00e9m afirmou que iria &#8220;manter os homens fora dos esportes femininos&#8221;.<\/p>\n<\/div>\n<div id=\"chunk-8gu83\">\n<p>As falas, no entanto, n\u00e3o foram bem vista por entidades que protegem e defendem os direitos de pessoas trans. O grupo Advocates for Trans Equality, por exemplo, publicou nesta segunda (20) nas redes sociais: &#8220;Hoje \u00e9 um dia dif\u00edcil para a nossa comunidade. O novo governo atacou a vida de pessoas trans, a sa\u00fade e a dignidade [&#8230;] N\u00f3s pr\u00f3ximos meses, dar apoio e suporte para cada uma [das pessoas trans] ser\u00e1 mais importante do que nunca&#8221;.<\/p>\n<\/div>\n<div id=\"chunk-4gbrh\">\n<div class=\"globo-amp-ad-container\">\n<div class=\"globo-amp-ad\"><\/div>\n<\/div>\n<\/div>\n<div id=\"chunk-cru1t\"><iframe class=\"i-amphtml-fill-content\" title=\"Instagram: null\" src=\"https:\/\/www.instagram.com\/p\/DFDoO8qRSTv\/embed\/captioned\/?cr=1&amp;v=12\" frameborder=\"0\" scrolling=\"no\"><\/iframe><\/div>\n<div id=\"chunk-3erqg\">\n<p>&nbsp;<\/p>\n<\/div>\n<\/div>\n<\/div>\n<p>&nbsp;<\/p>\n","protected":false},"excerpt":{"rendered":"<p>An\u00fancio foi feito pela secret\u00e1ria de imprensa de Donald Trump, que afirmou que a medida vale para funcion\u00e1rios da ag\u00eancia de Diversidade, Equidade, Inclus\u00e3o e Acessibilidade. Vers\u00e3o espanhol do site oficial da Casa Branca tamb\u00e9m foi retirada do ar.<\/p>\n","protected":false},"author":1,"featured_media":0,"comment_status":"closed","ping_status":"open","sticky":false,"template":"","format":"standard","meta":{"_exactmetrics_skip_tracking":false,"_exactmetrics_sitenote_active":false,"_exactmetrics_sitenote_note":"","_exactmetrics_sitenote_category":0,"jetpack_post_was_ever_published":false,"_jetpack_newsletter_access":"","_jetpack_dont_email_post_to_subs":false,"_jetpack_newsletter_tier_id":0,"_jetpack_memberships_contains_paywalled_content":false,"_jetpack_memberships_contains_paid_content":false,"footnotes":"","jetpack_publicize_message":"","jetpack_publicize_feature_enabled":true,"jetpack_social_post_already_shared":true,"jetpack_social_options":{"image_generator_settings":{"template":"highway","enabled":false},"version":2}},"categories":[1],"tags":[1001,304,723,220],"class_list":["post-36463","post","type-post","status-publish","format-standard","hentry","category-notas","tag-diversidade","tag-eua","tag-lgbtqia-2","tag-trump"],"jetpack_publicize_connections":[],"jetpack_sharing_enabled":true,"jetpack_featured_media_url":"","jetpack_shortlink":"https:\/\/wp.me\/p7wKYW-9u7","jetpack-related-posts":[],"_links":{"self":[{"href":"http:\/\/blogdalucianaoliveira.com.br\/blog\/wp-json\/wp\/v2\/posts\/36463","targetHints":{"allow":["GET"]}}],"collection":[{"href":"http:\/\/blogdalucianaoliveira.com.br\/blog\/wp-json\/wp\/v2\/posts"}],"about":[{"href":"http:\/\/blogdalucianaoliveira.com.br\/blog\/wp-json\/wp\/v2\/types\/post"}],"author":[{"embeddable":true,"href":"http:\/\/blogdalucianaoliveira.com.br\/blog\/wp-json\/wp\/v2\/users\/1"}],"replies":[{"embeddable":true,"href":"http:\/\/blogdalucianaoliveira.com.br\/blog\/wp-json\/wp\/v2\/comments?post=36463"}],"version-history":[{"count":1,"href":"http:\/\/blogdalucianaoliveira.com.br\/blog\/wp-json\/wp\/v2\/posts\/36463\/revisions"}],"predecessor-version":[{"id":36465,"href":"http:\/\/blogdalucianaoliveira.com.br\/blog\/wp-json\/wp\/v2\/posts\/36463\/revisions\/36465"}],"wp:attachment":[{"href":"http:\/\/blogdalucianaoliveira.com.br\/blog\/wp-json\/wp\/v2\/media?parent=36463"}],"wp:term":[{"taxonomy":"category","embeddable":true,"href":"http:\/\/blogdalucianaoliveira.com.br\/blog\/wp-json\/wp\/v2\/categories?post=36463"},{"taxonomy":"post_tag","embeddable":true,"href":"http:\/\/blogdalucianaoliveira.com.br\/blog\/wp-json\/wp\/v2\/tags?post=36463"}],"curies":[{"name":"wp","href":"https:\/\/api.w.org\/{rel}","templated":true}]}}