{"id":36466,"date":"2025-01-22T11:12:00","date_gmt":"2025-01-22T15:12:00","guid":{"rendered":"http:\/\/blogdalucianaoliveira.com.br\/blog\/?p=36466"},"modified":"2025-01-22T11:12:00","modified_gmt":"2025-01-22T15:12:00","slug":"calendario-oficial-do-carnaval-2025-e-divulgado-pela-prefeitura-de-porto-velho","status":"publish","type":"post","link":"http:\/\/blogdalucianaoliveira.com.br\/blog\/2025\/01\/22\/calendario-oficial-do-carnaval-2025-e-divulgado-pela-prefeitura-de-porto-velho\/","title":{"rendered":"Calend\u00e1rio Oficial do Carnaval 2025 \u00e9 divulgado pela Prefeitura de Porto Velho"},"content":{"rendered":"<p><img data-recalc-dims=\"1\" loading=\"lazy\" decoding=\"async\" data-attachment-id=\"36467\" data-permalink=\"http:\/\/blogdalucianaoliveira.com.br\/blog\/2025\/01\/22\/calendario-oficial-do-carnaval-2025-e-divulgado-pela-prefeitura-de-porto-velho\/img_6618\/\" data-orig-file=\"https:\/\/i0.wp.com\/blogdalucianaoliveira.com.br\/blog\/wp-content\/uploads\/2025\/01\/IMG_6618.jpeg?fit=1200%2C667\" data-orig-size=\"1200,667\" data-comments-opened=\"0\" data-image-meta=\"{&quot;aperture&quot;:&quot;0&quot;,&quot;credit&quot;:&quot;&quot;,&quot;camera&quot;:&quot;&quot;,&quot;caption&quot;:&quot;&quot;,&quot;created_timestamp&quot;:&quot;0&quot;,&quot;copyright&quot;:&quot;&quot;,&quot;focal_length&quot;:&quot;0&quot;,&quot;iso&quot;:&quot;0&quot;,&quot;shutter_speed&quot;:&quot;0&quot;,&quot;title&quot;:&quot;&quot;,&quot;orientation&quot;:&quot;1&quot;}\" data-image-title=\"IMG_6618\" data-image-description=\"\" data-image-caption=\"\" data-medium-file=\"https:\/\/i0.wp.com\/blogdalucianaoliveira.com.br\/blog\/wp-content\/uploads\/2025\/01\/IMG_6618.jpeg?fit=300%2C167\" data-large-file=\"https:\/\/i0.wp.com\/blogdalucianaoliveira.com.br\/blog\/wp-content\/uploads\/2025\/01\/IMG_6618.jpeg?fit=600%2C333\" class=\"alignnone size-medium wp-image-36467\" src=\"https:\/\/i0.wp.com\/blogdalucianaoliveira.com.br\/blog\/wp-content\/uploads\/2025\/01\/IMG_6618.jpeg?resize=300%2C167\" alt=\"\" width=\"300\" height=\"167\" srcset=\"https:\/\/i0.wp.com\/blogdalucianaoliveira.com.br\/blog\/wp-content\/uploads\/2025\/01\/IMG_6618.jpeg?resize=300%2C167 300w, https:\/\/i0.wp.com\/blogdalucianaoliveira.com.br\/blog\/wp-content\/uploads\/2025\/01\/IMG_6618.jpeg?resize=1024%2C569 1024w, https:\/\/i0.wp.com\/blogdalucianaoliveira.com.br\/blog\/wp-content\/uploads\/2025\/01\/IMG_6618.jpeg?resize=768%2C427 768w, https:\/\/i0.wp.com\/blogdalucianaoliveira.com.br\/blog\/wp-content\/uploads\/2025\/01\/IMG_6618.jpeg?resize=540%2C300 540w, https:\/\/i0.wp.com\/blogdalucianaoliveira.com.br\/blog\/wp-content\/uploads\/2025\/01\/IMG_6618.jpeg?w=1200 1200w\" sizes=\"auto, (max-width: 300px) 100vw, 300px\" \/><\/p>\n<p>A Prefeitura de Porto Velho, por meio da Funda\u00e7\u00e3o Cultural do Munic\u00edpio de Porto Velho (Funcultural), divulgou no di\u00e1rio oficial, na segunda-feira (20), o calend\u00e1rio oficial do carnaval 2025. O per\u00edodo momesco vai contar com cerca de 20 eventos que acontecer\u00e3o em diversas regi\u00f5es da capital.<!--more--><\/p>\n<p>A programa\u00e7\u00e3o come\u00e7a com a abertura oficial do carnaval na cidade com o tradicional Baile Municipal, no dia 15 de fevereiro, no Mercado Cultural, a partir das 17h. A Corte do Rei Momo \u00e9 a cerim\u00f4nia com a entrega da chave do munic\u00edpio para um dos principais personagens da folia, o Rei Momo, que conduzir\u00e1 os foli\u00f5es durante todo o per\u00edodo festivo.<\/p>\n<p>O primeiro bloco que desfilar\u00e1 pelas ruas da capital ser\u00e1 o Areal Folia, no dia 21 de fevereiro, no Circuito zona Norte\/Centro com concentra\u00e7\u00e3o a partir das 22h, na rua Rog\u00e9rio Weber. O \u00faltimo ser\u00e1 o Leste Folia, no dia 9 de mar\u00e7o, no corredor cultural da zona Leste, a partir das 14h ,na rua Jos\u00e9 Amador dos Reis. J\u00e1 o tradicional desfile da Banda do Vai Quem Quer acontece no dia 1\u00ba de mar\u00e7o.<\/p>\n<p>&nbsp;<\/p>\n<div id=\"myDiv1\" class=\"artigo-img-wrap\" title=\"Primeiro bloco que desfilar\u00e1 pelas ruas da capital ser\u00e1 o Areal Folia\"><a href=\"https:\/\/i0.wp.com\/www.portovelho.ro.gov.br\/uploads\/editor\/images\/1707741302img-9690.jpg?ssl=1\" data-fancybox=\"gallery\"><img data-recalc-dims=\"1\" decoding=\"async\" src=\"https:\/\/i0.wp.com\/www.portovelho.ro.gov.br\/uploads\/editor\/images\/1707741302img-9690.jpg?w=600&#038;ssl=1\" alt=\"Primeiro bloco que desfilar\u00e1 pelas ruas da capital ser\u00e1 o Areal Folia\" \/><\/a><small class=\"legenda\">Primeiro bloco que desfilar\u00e1 pelas ruas da capital ser\u00e1 o Areal Folia<\/small><\/div>\n<p>Al\u00e9m dos blocos, o calend\u00e1rio tamb\u00e9m conta com programa\u00e7\u00e3o para as crian\u00e7as com o &#8220;Curumim Folia&#8221;, evento dedicado ao p\u00fablico infantil\/ infanto juvenil. A festa \u00e9 gratuita e vai acontecer no dia 16 de fevereiro, no Mercado Cultural, a partir das 17h. A novidade deste ano \u00e9 a inclus\u00e3o do &#8220;Desfile na Comunidade&#8221;, da Escola de Samba Asfalt\u00e3o, que acontecer\u00e1 no dia 8 de mar\u00e7o na rua Jaci Paran\u00e1, tradicional reduto do samba em Porto Velho.<\/p>\n<p>&nbsp;<\/p>\n<p>De acordo com o presidente da Funcultural, Ant\u00f4nio Ferreira, os desfiles dos blocos acontecer\u00e3o em v\u00e1rios pontos da capital: na zona Norte\/Centro, zona Norte\/Areal, zona Sul (avenida Jatuarana), Centro\/Caiari e zona Leste.<\/p>\n<p>&#8220;Por determina\u00e7\u00e3o do prefeito L\u00e9o Moraes, o nosso carnaval em Porto Velho ser\u00e1 uma festa animada e organizada, principalmente com apoio estrutural e institucional de \u00f3rg\u00e3os e entidades de tr\u00e2nsito, seguran\u00e7a p\u00fablica e sa\u00fade&#8221;, finaliza o presidente.<\/p>\n<p><strong>Confira o calend\u00e1rio:<\/strong><\/p>\n<p>Dia 15 de Fevereiro &#8211; Baile Municipal<br \/>\nDia 16 de Fevereiro &#8211; Curumim Folia<br \/>\nDia 21 de Fevereiro &#8211; Areal Folia<br \/>\nDia 22 de Fevereiro &#8211; At\u00e9 que a Noite Vire Dia<br \/>\nDia 23 de Fevereiro &#8211; Pirarucu do Madeira e Furac\u00e3o da Zona Sul<br \/>\nDia 27 de Fevereiro &#8211; 3 Marias (Carnaboi)<br \/>\nDia 28 de Fevereiro &#8211; Us Dy Phora e Canto da coruja<br \/>\nDia 1\u00ba de Mar\u00e7o &#8211; Banda do Vai Quem Quer<br \/>\nDia 2 de Mar\u00e7o &#8211; Murupi<br \/>\nDia 3 de Mar\u00e7o &#8211; Jatuarana Sul<br \/>\nDia 4 de Mar\u00e7o &#8211; Bloco das Kaxorras e Porto Maria<br \/>\nDia 7 de Mar\u00e7o &#8211; Canal Remix Folia<br \/>\nDia 8 de Mar\u00e7o &#8211; Desfile na Comunidade e Ax\u00e9 Folia Mix<br \/>\nDia 9 de Mar\u00e7o &#8211; Leste Folia<\/p>\n<p>Para a programa\u00e7\u00e3o completa com hor\u00e1rios e endere\u00e7os <a href=\"https:\/\/www.diariomunicipal.com.br\/arom\/load\/CA788FB8\">acesse aqui<\/a>.<\/p>\n","protected":false},"excerpt":{"rendered":"<p>A Prefeitura de Porto Velho, por meio da Funda\u00e7\u00e3o Cultural do Munic\u00edpio de Porto Velho (Funcultural), divulgou no di\u00e1rio oficial, na segunda-feira (20), o calend\u00e1rio oficial do carnaval 2025. O per\u00edodo momesco vai contar com cerca de 20 eventos que acontecer\u00e3o em diversas regi\u00f5es da capital.<\/p>\n","protected":false},"author":1,"featured_media":0,"comment_status":"closed","ping_status":"open","sticky":false,"template":"","format":"standard","meta":{"_exactmetrics_skip_tracking":false,"_exactmetrics_sitenote_active":false,"_exactmetrics_sitenote_note":"","_exactmetrics_sitenote_category":0,"jetpack_post_was_ever_published":false,"_jetpack_newsletter_access":"","_jetpack_dont_email_post_to_subs":false,"_jetpack_newsletter_tier_id":0,"_jetpack_memberships_contains_paywalled_content":false,"_jetpack_memberships_contains_paid_content":false,"footnotes":"","jetpack_publicize_message":"","jetpack_publicize_feature_enabled":true,"jetpack_social_post_already_shared":true,"jetpack_social_options":{"image_generator_settings":{"template":"highway","enabled":false},"version":2}},"categories":[1],"tags":[1253,1252,1254],"class_list":["post-36466","post","type-post","status-publish","format-standard","hentry","category-notas","tag-calendario-oficial","tag-carnaval-2025","tag-programacao"],"jetpack_publicize_connections":[],"jetpack_sharing_enabled":true,"jetpack_featured_media_url":"","jetpack_shortlink":"https:\/\/wp.me\/p7wKYW-9ua","jetpack-related-posts":[],"_links":{"self":[{"href":"http:\/\/blogdalucianaoliveira.com.br\/blog\/wp-json\/wp\/v2\/posts\/36466","targetHints":{"allow":["GET"]}}],"collection":[{"href":"http:\/\/blogdalucianaoliveira.com.br\/blog\/wp-json\/wp\/v2\/posts"}],"about":[{"href":"http:\/\/blogdalucianaoliveira.com.br\/blog\/wp-json\/wp\/v2\/types\/post"}],"author":[{"embeddable":true,"href":"http:\/\/blogdalucianaoliveira.com.br\/blog\/wp-json\/wp\/v2\/users\/1"}],"replies":[{"embeddable":true,"href":"http:\/\/blogdalucianaoliveira.com.br\/blog\/wp-json\/wp\/v2\/comments?post=36466"}],"version-history":[{"count":1,"href":"http:\/\/blogdalucianaoliveira.com.br\/blog\/wp-json\/wp\/v2\/posts\/36466\/revisions"}],"predecessor-version":[{"id":36468,"href":"http:\/\/blogdalucianaoliveira.com.br\/blog\/wp-json\/wp\/v2\/posts\/36466\/revisions\/36468"}],"wp:attachment":[{"href":"http:\/\/blogdalucianaoliveira.com.br\/blog\/wp-json\/wp\/v2\/media?parent=36466"}],"wp:term":[{"taxonomy":"category","embeddable":true,"href":"http:\/\/blogdalucianaoliveira.com.br\/blog\/wp-json\/wp\/v2\/categories?post=36466"},{"taxonomy":"post_tag","embeddable":true,"href":"http:\/\/blogdalucianaoliveira.com.br\/blog\/wp-json\/wp\/v2\/tags?post=36466"}],"curies":[{"name":"wp","href":"https:\/\/api.w.org\/{rel}","templated":true}]}}