{"id":36469,"date":"2025-01-27T08:05:31","date_gmt":"2025-01-27T12:05:31","guid":{"rendered":"http:\/\/blogdalucianaoliveira.com.br\/blog\/?p=36469"},"modified":"2025-01-27T08:05:31","modified_gmt":"2025-01-27T12:05:31","slug":"grande-rival-de-ainda-estou-aqui-emilia-perez-e-repudiado-no-mexico-pais-que-o-inspirou","status":"publish","type":"post","link":"http:\/\/blogdalucianaoliveira.com.br\/blog\/2025\/01\/27\/grande-rival-de-ainda-estou-aqui-emilia-perez-e-repudiado-no-mexico-pais-que-o-inspirou\/","title":{"rendered":"Grande rival de &#8216;Ainda Estou Aqui&#8217;, &#8216;Emilia P\u00e9rez&#8217; \u00e9 repudiado no M\u00e9xico, pa\u00eds que o inspirou"},"content":{"rendered":"<p><img data-recalc-dims=\"1\" loading=\"lazy\" decoding=\"async\" data-attachment-id=\"36470\" data-permalink=\"http:\/\/blogdalucianaoliveira.com.br\/blog\/2025\/01\/27\/grande-rival-de-ainda-estou-aqui-emilia-perez-e-repudiado-no-mexico-pais-que-o-inspirou\/img_6467-2\/\" data-orig-file=\"https:\/\/i0.wp.com\/blogdalucianaoliveira.com.br\/blog\/wp-content\/uploads\/2025\/01\/IMG_6467.webp?fit=800%2C534\" data-orig-size=\"800,534\" data-comments-opened=\"0\" data-image-meta=\"{&quot;aperture&quot;:&quot;0&quot;,&quot;credit&quot;:&quot;&quot;,&quot;camera&quot;:&quot;&quot;,&quot;caption&quot;:&quot;&quot;,&quot;created_timestamp&quot;:&quot;0&quot;,&quot;copyright&quot;:&quot;&quot;,&quot;focal_length&quot;:&quot;0&quot;,&quot;iso&quot;:&quot;0&quot;,&quot;shutter_speed&quot;:&quot;0&quot;,&quot;title&quot;:&quot;&quot;,&quot;orientation&quot;:&quot;0&quot;}\" data-image-title=\"IMG_6467\" data-image-description=\"\" data-image-caption=\"\" data-medium-file=\"https:\/\/i0.wp.com\/blogdalucianaoliveira.com.br\/blog\/wp-content\/uploads\/2025\/01\/IMG_6467.webp?fit=300%2C200\" data-large-file=\"https:\/\/i0.wp.com\/blogdalucianaoliveira.com.br\/blog\/wp-content\/uploads\/2025\/01\/IMG_6467.webp?fit=600%2C401\" class=\"alignnone size-medium wp-image-36470\" src=\"https:\/\/i0.wp.com\/blogdalucianaoliveira.com.br\/blog\/wp-content\/uploads\/2025\/01\/IMG_6467.webp?resize=300%2C200\" alt=\"\" width=\"300\" height=\"200\" srcset=\"https:\/\/i0.wp.com\/blogdalucianaoliveira.com.br\/blog\/wp-content\/uploads\/2025\/01\/IMG_6467.webp?resize=300%2C200 300w, https:\/\/i0.wp.com\/blogdalucianaoliveira.com.br\/blog\/wp-content\/uploads\/2025\/01\/IMG_6467.webp?resize=768%2C513 768w, https:\/\/i0.wp.com\/blogdalucianaoliveira.com.br\/blog\/wp-content\/uploads\/2025\/01\/IMG_6467.webp?resize=449%2C300 449w, https:\/\/i0.wp.com\/blogdalucianaoliveira.com.br\/blog\/wp-content\/uploads\/2025\/01\/IMG_6467.webp?w=800 800w\" sizes=\"auto, (max-width: 300px) 100vw, 300px\" \/><\/p>\n<h2 class=\"description\">Figuras art\u00edsticas mexicanas consideram que filme banaliza o desaparecimento de milhares de pessoas pelo narcotr\u00e1fico<\/h2>\n<p><!--more--><\/p>\n<div class=\"details-bar\">\n<div class=\"author-time\">\n<div class=\"author\">Reda\u00e7\u00e3o<\/div>\n<div class=\"place-and-time\">\n<div class=\"place\">Brasil de Fato<\/div>\n<\/div>\n<div>\n<p>Na \u00faltima quinta-feira (23), o filme <em>Emilia P\u00e9rez<\/em>(2024), musical franc\u00eas dirigido Jacques Audiard sobre uma narcotraficante transg\u00eanero, recebeu 13 indica\u00e7\u00f5es ao Oscar e disputa com o longa brasileiro <em>Ainda Estou Aqui<\/em> (2024) <a href=\"https:\/\/www.brasildefato.com.br\/2025\/01\/23\/ainda-estou-aqui-e-indicado-como-melhor-filme-internacional-ao-oscar-2025\" target=\"_blank\" rel=\"noopener\">nas tr\u00eas categorias em que foi indicado<\/a>: Melhor Filme, Melhor Filme Internacional e Melhor Atriz.<\/p>\n<div class=\"ads-googletag article_1\">\n<div id=\"div-gpt-ad-1713271774671-0\" data-google-query-id=\"CKaRrMntlYsDFRKUywEdXqMT1Q\">No Globo de Ouro, premia\u00e7\u00e3o que antecede os Pr\u00eamios da Academia, o longa venceu em oito das 10 categorias em que foi indicado, incluindo a categoria \u201cMelhor filme de l\u00edngua n\u00e3o inglesa\u201d, em que tamb\u00e9m disputava contra o <a href=\"https:\/\/www.brasildefato.com.br\/2025\/01\/06\/assim-como-a-mae-fernanda-torres-retratou-identidade-brasileira-em-transe-define-walter-salles\" target=\"_blank\" rel=\"noopener\">filme brasileiro\u00a0dirigido por Walter Salles<\/a>.<br \/>\nApesar de ser aplaudido em Hollywood, o filme que seduziu o mundo cin\u00e9filo irritou o pa\u00eds em que se inspirou por banalizar o <a href=\"https:\/\/www.brasildefato.com.br\/2024\/06\/02\/por-que-o-projeto-progressista-de-obrador-funcionou-no-mexico-e-quais-os-desafios-agora\" target=\"_blank\" rel=\"noopener\">drama da viol\u00eancia criminal<\/a>. No M\u00e9xico, o longa foi altamente repudiado.<\/p>\n<p>&#8220;Emilia P\u00e9rez \u00e9 tudo de ruim em um filme: estere\u00f3tipos, ignor\u00e2ncia, falta de respeito, lucro em cima de uma das crises humanit\u00e1rias mais graves do mundo [desaparecimentos massivos no M\u00e9xico]. Ofensivo. Fr\u00edvolo. Ganhar\u00e1 pr\u00eamios, mas tamb\u00e9m o desprezo das v\u00edtimas&#8221;, resumiu no X Cecilia Gonzalez, jornalista mexicana.<\/p>\n<p>O diretor de fotografia mexicano Rodrigo Prieto, respons\u00e1vel por <em>Barbie<\/em> (2023) fez a primeira cr\u00edtica negativa ao filme, que foi gravado em um cen\u00e1rio franc\u00eas com algumas externas noturnas no M\u00e9xico. Salvo o trabalho da atriz mexicana Adriana Paz, ele afirmou em uma entrevista \u00e0 revista <em>Deadline<\/em>\u00a0que &#8220;tudo parece inveross\u00edmil&#8221;.<\/p>\n<p>&#8220;Principalmente quando o tema \u00e9 muito importante para os mexicanos&#8221; acrescentou, se referindo aos mais de 30 mil assassinatos anuais e mais de 100 mil pessoas desaparecidas, registros ligados em sua maioria \u00e0 narco-criminalidade no pa\u00eds.<\/p>\n<p>\u201cN\u00e3o tenho nada contra o fato de n\u00e3o mexicanos dirigirem filmes sobre o M\u00e9xico, mas os detalhes s\u00e3o importantes. Temos o caso de Ang Lee. Ele \u00e9 de Taiwan e fez <em>Brokeback Mountain<\/em> (2005) [longa sobre um romance no faroeste estadunidense], mas se concentrou nos detalhes\u201d, explicou.<\/p>\n<p>\u201cO filme banaliza o problema dos desaparecidos no M\u00e9xico\u201d, acusa Artemisa Belmonte, gerente de propriedades mexicana que lan\u00e7ou uma peti\u00e7\u00e3o no site para se opor ao lan\u00e7amento do filme no pa\u00eds. A iniciativa angariou mais de 11 mil assinaturas desde 9 de janeiro, mas n\u00e3o chegou at\u00e9 a meta de 15 mil at\u00e9 a \u00faltima quinta-feira (23), data programada para o filme ser lan\u00e7ado.<\/p>\n<p>\u00c9 \u201cum dos filmes mais grosseiros e enganosos do s\u00e9culo XXI\u201d, escreveu o escritor Jorge Volpi no di\u00e1rio <em>El Pa\u00eds <\/em>no in\u00edcio de janeiro, que tamb\u00e9m destacou o terr\u00edvel sotaque de Selena G\u00f3mez [que interpreta Jessi Del Monte], atriz e cantora estadunidense que apesar da ascend\u00eancia mexicana, n\u00e3o fala o idioma espanhol com flu\u00eancia, o que foi considerado irritante para a fibra nacionalista dos mexicanos.<\/p>\n<p>Volpi ainda questionou qual seria a rea\u00e7\u00e3o se um cineasta mexicano, como Alfonso Cuar\u00f3n, Alejandro Gonz\u00e1lez I\u00f1\u00e1rritu ou Guillermo Del Toro, tivesse feito um filme sobre os tumultos nos sub\u00farbios franceses em um est\u00fadio no M\u00e9xico e com atores latinos de Hollywood interpretando franceses.<\/p>\n<p>O ator mexicano Eugenio Derbez, que tamb\u00e9m tem uma carreira em Hollywood, chamou o sotaque de G\u00f3mez de \u201cindefens\u00e1vel\u201d.<\/p>\n<p>\u201cDesculpe-me, fiz o que pude com o tempo que me foi dado\u201d, respondeu a atriz. O mexicano terminou pedindo desculpas: \u201cComo latinos, devemos apoiar uns aos outros\u201d.<\/p>\n<p>O diretor franc\u00eas Audiard se defende com o argumento de que \u201c\u00e9 uma \u00f3pera\u201d e, portanto, \u201cirreal\u201d. Contudo, em uma apresenta\u00e7\u00e3o no M\u00e9xico declarou que se os mexicanos \u201cacharem chocante\u201d ele \u201cest\u00e1 pronto para pedir desculpas\u201d.<\/p>\n<p>Audiard foi questionado sobre os poucos mexicanos no elenco, no caso, apenas Adriana Paz, que interpretou Epifan\u00eda, e respondeu que as atrizes Selena Gomez e Zo\u00e9 Salda\u00f1a [Rita Mora Castro], conhecida por seus pap\u00e9is nas franquias de Avatar e Marvel d\u00e3o ao filme \u201cuma dimens\u00e3o comercial\u201d.<\/p>\n<div class=\"ads-googletag article_last\"><\/div>\n<p><em>*Com AFP<\/em><\/p>\n<p class=\"editor\">Edi\u00e7\u00e3o: Leandro Melito<\/p>\n<\/div>\n<\/div>\n<\/div>\n<\/div>\n<\/div>\n","protected":false},"excerpt":{"rendered":"<p>Figuras art\u00edsticas mexicanas consideram que filme banaliza o desaparecimento de milhares de pessoas pelo narcotr\u00e1fico<\/p>\n","protected":false},"author":1,"featured_media":0,"comment_status":"closed","ping_status":"open","sticky":false,"template":"","format":"standard","meta":{"_exactmetrics_skip_tracking":false,"_exactmetrics_sitenote_active":false,"_exactmetrics_sitenote_note":"","_exactmetrics_sitenote_category":0,"jetpack_post_was_ever_published":false,"_jetpack_newsletter_access":"","_jetpack_dont_email_post_to_subs":false,"_jetpack_newsletter_tier_id":0,"_jetpack_memberships_contains_paywalled_content":false,"_jetpack_memberships_contains_paid_content":false,"footnotes":"","jetpack_publicize_message":"","jetpack_publicize_feature_enabled":true,"jetpack_social_post_already_shared":true,"jetpack_social_options":{"image_generator_settings":{"template":"highway","enabled":false},"version":2}},"categories":[1],"tags":[1205,1255,1256],"class_list":["post-36469","post","type-post","status-publish","format-standard","hentry","category-notas","tag-ainda-estou-aqui","tag-emilia-perez","tag-oscar"],"jetpack_publicize_connections":[],"jetpack_sharing_enabled":true,"jetpack_featured_media_url":"","jetpack_shortlink":"https:\/\/wp.me\/p7wKYW-9ud","jetpack-related-posts":[],"_links":{"self":[{"href":"http:\/\/blogdalucianaoliveira.com.br\/blog\/wp-json\/wp\/v2\/posts\/36469","targetHints":{"allow":["GET"]}}],"collection":[{"href":"http:\/\/blogdalucianaoliveira.com.br\/blog\/wp-json\/wp\/v2\/posts"}],"about":[{"href":"http:\/\/blogdalucianaoliveira.com.br\/blog\/wp-json\/wp\/v2\/types\/post"}],"author":[{"embeddable":true,"href":"http:\/\/blogdalucianaoliveira.com.br\/blog\/wp-json\/wp\/v2\/users\/1"}],"replies":[{"embeddable":true,"href":"http:\/\/blogdalucianaoliveira.com.br\/blog\/wp-json\/wp\/v2\/comments?post=36469"}],"version-history":[{"count":1,"href":"http:\/\/blogdalucianaoliveira.com.br\/blog\/wp-json\/wp\/v2\/posts\/36469\/revisions"}],"predecessor-version":[{"id":36471,"href":"http:\/\/blogdalucianaoliveira.com.br\/blog\/wp-json\/wp\/v2\/posts\/36469\/revisions\/36471"}],"wp:attachment":[{"href":"http:\/\/blogdalucianaoliveira.com.br\/blog\/wp-json\/wp\/v2\/media?parent=36469"}],"wp:term":[{"taxonomy":"category","embeddable":true,"href":"http:\/\/blogdalucianaoliveira.com.br\/blog\/wp-json\/wp\/v2\/categories?post=36469"},{"taxonomy":"post_tag","embeddable":true,"href":"http:\/\/blogdalucianaoliveira.com.br\/blog\/wp-json\/wp\/v2\/tags?post=36469"}],"curies":[{"name":"wp","href":"https:\/\/api.w.org\/{rel}","templated":true}]}}