{"id":36472,"date":"2025-01-27T08:13:09","date_gmt":"2025-01-27T12:13:09","guid":{"rendered":"http:\/\/blogdalucianaoliveira.com.br\/blog\/?p=36472"},"modified":"2025-01-27T08:13:09","modified_gmt":"2025-01-27T12:13:09","slug":"numero-de-pessoas-trans-e-travestis-assassinadas-no-brasil-cai-em-2024","status":"publish","type":"post","link":"http:\/\/blogdalucianaoliveira.com.br\/blog\/2025\/01\/27\/numero-de-pessoas-trans-e-travestis-assassinadas-no-brasil-cai-em-2024\/","title":{"rendered":"N\u00famero de pessoas trans e travestis assassinadas no Brasil cai em 2024"},"content":{"rendered":"<p><img data-recalc-dims=\"1\" loading=\"lazy\" decoding=\"async\" data-attachment-id=\"36473\" data-permalink=\"http:\/\/blogdalucianaoliveira.com.br\/blog\/2025\/01\/27\/numero-de-pessoas-trans-e-travestis-assassinadas-no-brasil-cai-em-2024\/img_6468-2\/\" data-orig-file=\"https:\/\/i0.wp.com\/blogdalucianaoliveira.com.br\/blog\/wp-content\/uploads\/2025\/01\/IMG_6468.webp?fit=1170%2C700\" data-orig-size=\"1170,700\" data-comments-opened=\"0\" data-image-meta=\"{&quot;aperture&quot;:&quot;0&quot;,&quot;credit&quot;:&quot;&quot;,&quot;camera&quot;:&quot;&quot;,&quot;caption&quot;:&quot;&quot;,&quot;created_timestamp&quot;:&quot;0&quot;,&quot;copyright&quot;:&quot;&quot;,&quot;focal_length&quot;:&quot;0&quot;,&quot;iso&quot;:&quot;0&quot;,&quot;shutter_speed&quot;:&quot;0&quot;,&quot;title&quot;:&quot;&quot;,&quot;orientation&quot;:&quot;0&quot;}\" data-image-title=\"IMG_6468\" data-image-description=\"\" data-image-caption=\"\" data-medium-file=\"https:\/\/i0.wp.com\/blogdalucianaoliveira.com.br\/blog\/wp-content\/uploads\/2025\/01\/IMG_6468.webp?fit=300%2C179\" data-large-file=\"https:\/\/i0.wp.com\/blogdalucianaoliveira.com.br\/blog\/wp-content\/uploads\/2025\/01\/IMG_6468.webp?fit=600%2C359\" class=\"alignnone size-medium wp-image-36473\" src=\"https:\/\/i0.wp.com\/blogdalucianaoliveira.com.br\/blog\/wp-content\/uploads\/2025\/01\/IMG_6468.webp?resize=300%2C179\" alt=\"\" width=\"300\" height=\"179\" srcset=\"https:\/\/i0.wp.com\/blogdalucianaoliveira.com.br\/blog\/wp-content\/uploads\/2025\/01\/IMG_6468.webp?resize=300%2C179 300w, https:\/\/i0.wp.com\/blogdalucianaoliveira.com.br\/blog\/wp-content\/uploads\/2025\/01\/IMG_6468.webp?resize=1024%2C613 1024w, https:\/\/i0.wp.com\/blogdalucianaoliveira.com.br\/blog\/wp-content\/uploads\/2025\/01\/IMG_6468.webp?resize=768%2C459 768w, https:\/\/i0.wp.com\/blogdalucianaoliveira.com.br\/blog\/wp-content\/uploads\/2025\/01\/IMG_6468.webp?resize=501%2C300 501w, https:\/\/i0.wp.com\/blogdalucianaoliveira.com.br\/blog\/wp-content\/uploads\/2025\/01\/IMG_6468.webp?w=1170 1170w\" sizes=\"auto, (max-width: 300px) 100vw, 300px\" \/><\/p>\n<h1 class=\"titulo-materia\">Queda \u00e9 de 16% em rela\u00e7\u00e3o a 2023<\/h1>\n<p><!--more--><\/p>\n<p>EBC &#8211; Em 2024, 122 pessoas trans e travestis foram assassinadas no Brasil, sendo que cinco eram defensoras de direitos humanos. De acordo com a \u00faltima edi\u00e7\u00e3o do dossi\u00ea da Associa\u00e7\u00e3o Nacional de Travestis e Transexuais (Antra), lan\u00e7ado nesta segunda-feira (27), esse n\u00famero \u00e9 16% menor do que em 2023, quando se teve not\u00edcia de 145 assassinatos de pessoas com tais identidades de g\u00eanero.<img data-recalc-dims=\"1\" decoding=\"async\" src=\"https:\/\/i0.wp.com\/agenciabrasil.ebc.com.br\/ebc.png?w=600&#038;ssl=1\" \/><img data-recalc-dims=\"1\" decoding=\"async\" src=\"https:\/\/i0.wp.com\/agenciabrasil.ebc.com.br\/ebc.gif?w=600&#038;ssl=1\" \/><\/p>\n<p>Apesar da queda, a associa\u00e7\u00e3o diz que, embora o resultado do ano passado tamb\u00e9m tenha ficado abaixo da m\u00e9dia de 125 assassinatos por ano, obtida a partir dos registros de 2008 a 2024, a diferen\u00e7a \u00e9 pouca e os n\u00fameros se aproximam bastante.<\/p>\n<p>Uma das v\u00edtimas de 2024 que se enquadra\u00a0na categoria de defensora\u00a0de direitos humanos era uma suplente de\u00a0vereadora.\u00a0Outra j\u00e1 havia se candidatado a um cargo pol\u00edtico.<\/p>\n<p>Ainda em rela\u00e7\u00e3o \u00e0s caracter\u00edsticas das v\u00edtimas, a Antra destaca que 117 (95,9%) das v\u00edtimas executadas eram travestis e mulheres trans\/transexuais. Somente cinco eram\u00a0homens trans e pessoas transmasculinas.<\/p>\n<p>A Antra lembra que a identifica\u00e7\u00e3o dos casos que constam do levantamento corre paralelamente\u00a0ao acompanhamento oficial, justamente porque ele\u00a0n\u00e3o contempla as ocorr\u00eancias com v\u00edtimas LGBTQIA+ de maneira satisfat\u00f3ria. &#8220;O problema da subnotifica\u00e7\u00e3o \u00e9 evidente. Quando uma not\u00edcia chega aos jornais,\u00a0seria natural imaginar que esses casos estariam registrados nos \u00f3rg\u00e3os respons\u00e1veis, como\u00a0delegacias, institutos m\u00e9dicos legais (IML) ou secretarias de Seguran\u00e7a P\u00fablica. Mas a\u00a0realidade mostra o oposto&#8221;, lembra.<\/p>\n<p>&#8220;Dados sobre essas viol\u00eancias simplesmente n\u00e3o aparecem ou s\u00e3o inconsistentes, como j\u00e1 apontou o F\u00f3rum Brasileiro de Seguran\u00e7a P\u00fablica, que critica a aus\u00eancia\u00a0de informa\u00e7\u00f5es sobre pessoas LGBTQIA+ e as grandes discrep\u00e2ncias entre os n\u00fameros oficiais\u00a0e o que vemos nos notici\u00e1rios. Embora esse cen\u00e1rio venha melhorando nos \u00faltimos anos, n\u00e3o h\u00e1\u00a0dados desagregados sobre o assassinato de pessoas trans.&#8221;<\/p>\n<p>Mesmo com a aus\u00eancia de dados oficiais qualificados, a Antra confirmou a exist\u00eancia de pelo menos 1.179 assassinatos de pessoas trans, travestis, homens trans, pessoas transmasculinas\u00a0e n\u00e3o bin\u00e1rias. Os anos com maior concentra\u00e7\u00e3o de casos foram 2017, com\u00a0179, e 2020, com 175. Foi no ano de 2017 que a organiza\u00e7\u00e3o come\u00e7ou a realizar a pesquisa detalhada.<\/p>\n<p>Quanto \u00e0 ordem de estados com pior cen\u00e1rio em 2024, S\u00e3o Paulo lidera, respondendo por 16 assassinatos.\u00a0Minas Gerais fica em segundo lugar, com 12 ocorr\u00eancias, e o Cear\u00e1 em terceiro, somando\u00a011. &#8220;Nos estados do Acre, Rio Grande do Norte e Roraima n\u00e3o foram encontrados registros de assassinatos em 2024. Al\u00e9m disso, foi identificado um caso cuja localiza\u00e7\u00e3o n\u00e3o p\u00f4de ser determinada. Chama a aten\u00e7\u00e3o que pelo menos 68% (83 casos) aconteceram fora das capitais dos estados, em cidades do interior&#8221;, acrescenta a Antra.<\/p>\n<p>Na lista que leva em conta os registros acumulados por cada unidade federativa no p\u00e9r\u00edodo\u00a0de 2017 a 2024, S\u00e3o Paulo continua no topo, com 151 casos. O Cear\u00e1, por\u00e9m, sobe para a segunda posi\u00e7\u00e3o, com 107 assassinatos, e a Bahia ocupa a terceira, com 97.<\/p>\n<p>O relat\u00f3rio tamb\u00e9m situa\u00a0o Brasil em rela\u00e7\u00e3o a outros pa\u00edses. &#8220;Ao observar o primeiro ano em que a organiza\u00e7\u00e3o n\u00e3o governamental (ONG) Transgender Europe passou a organizar o <em>ranking<\/em> global em 2008, haviam sido notificados\u00a058 assassinatos. O ano de 2024 mostrou\u00a0aumento de 110% em rela\u00e7\u00e3o a 2008, o ano que apresentou o n\u00famero mais baixo de casos relatados, saindo de 58 assassinatos em 2008 para 122 em 2024. De l\u00e1 para c\u00e1, a cada ano, os n\u00fameros se mant\u00eam acima quando observamos o dado inicial de an\u00e1lise.&#8221;<\/p>\n","protected":false},"excerpt":{"rendered":"<p>Queda \u00e9 de 16% em rela\u00e7\u00e3o a 2023<\/p>\n","protected":false},"author":1,"featured_media":0,"comment_status":"closed","ping_status":"open","sticky":false,"template":"","format":"standard","meta":{"_exactmetrics_skip_tracking":false,"_exactmetrics_sitenote_active":false,"_exactmetrics_sitenote_note":"","_exactmetrics_sitenote_category":0,"jetpack_post_was_ever_published":false,"_jetpack_newsletter_access":"","_jetpack_dont_email_post_to_subs":false,"_jetpack_newsletter_tier_id":0,"_jetpack_memberships_contains_paywalled_content":false,"_jetpack_memberships_contains_paid_content":false,"footnotes":"","jetpack_publicize_message":"","jetpack_publicize_feature_enabled":true,"jetpack_social_post_already_shared":true,"jetpack_social_options":{"image_generator_settings":{"template":"highway","enabled":false},"version":2}},"categories":[1],"tags":[317,721,1257],"class_list":["post-36472","post","type-post","status-publish","format-standard","hentry","category-notas","tag-direitos-humanos","tag-trans","tag-travestis"],"jetpack_publicize_connections":[],"jetpack_sharing_enabled":true,"jetpack_featured_media_url":"","jetpack_shortlink":"https:\/\/wp.me\/p7wKYW-9ug","jetpack-related-posts":[],"_links":{"self":[{"href":"http:\/\/blogdalucianaoliveira.com.br\/blog\/wp-json\/wp\/v2\/posts\/36472","targetHints":{"allow":["GET"]}}],"collection":[{"href":"http:\/\/blogdalucianaoliveira.com.br\/blog\/wp-json\/wp\/v2\/posts"}],"about":[{"href":"http:\/\/blogdalucianaoliveira.com.br\/blog\/wp-json\/wp\/v2\/types\/post"}],"author":[{"embeddable":true,"href":"http:\/\/blogdalucianaoliveira.com.br\/blog\/wp-json\/wp\/v2\/users\/1"}],"replies":[{"embeddable":true,"href":"http:\/\/blogdalucianaoliveira.com.br\/blog\/wp-json\/wp\/v2\/comments?post=36472"}],"version-history":[{"count":1,"href":"http:\/\/blogdalucianaoliveira.com.br\/blog\/wp-json\/wp\/v2\/posts\/36472\/revisions"}],"predecessor-version":[{"id":36474,"href":"http:\/\/blogdalucianaoliveira.com.br\/blog\/wp-json\/wp\/v2\/posts\/36472\/revisions\/36474"}],"wp:attachment":[{"href":"http:\/\/blogdalucianaoliveira.com.br\/blog\/wp-json\/wp\/v2\/media?parent=36472"}],"wp:term":[{"taxonomy":"category","embeddable":true,"href":"http:\/\/blogdalucianaoliveira.com.br\/blog\/wp-json\/wp\/v2\/categories?post=36472"},{"taxonomy":"post_tag","embeddable":true,"href":"http:\/\/blogdalucianaoliveira.com.br\/blog\/wp-json\/wp\/v2\/tags?post=36472"}],"curies":[{"name":"wp","href":"https:\/\/api.w.org\/{rel}","templated":true}]}}