{"id":36495,"date":"2025-02-04T09:20:00","date_gmt":"2025-02-04T13:20:00","guid":{"rendered":"http:\/\/blogdalucianaoliveira.com.br\/blog\/?p=36495"},"modified":"2025-02-04T09:21:55","modified_gmt":"2025-02-04T13:21:55","slug":"esquenta-do-bloco-pirarucu-do-madeira-e-nesta-sexta-no-bar-do-calixto","status":"publish","type":"post","link":"http:\/\/blogdalucianaoliveira.com.br\/blog\/2025\/02\/04\/esquenta-do-bloco-pirarucu-do-madeira-e-nesta-sexta-no-bar-do-calixto\/","title":{"rendered":"Esquenta do Bloco Pirarucu do Madeira \u00e9 nesta sexta no Bar do Calixto"},"content":{"rendered":"<p><img data-recalc-dims=\"1\" loading=\"lazy\" decoding=\"async\" data-attachment-id=\"36497\" data-permalink=\"http:\/\/blogdalucianaoliveira.com.br\/blog\/2025\/02\/04\/esquenta-do-bloco-pirarucu-do-madeira-e-nesta-sexta-no-bar-do-calixto\/58eb6492-85ae-4881-a407-1d504eabbf4f\/\" data-orig-file=\"https:\/\/i0.wp.com\/blogdalucianaoliveira.com.br\/blog\/wp-content\/uploads\/2025\/02\/58EB6492-85AE-4881-A407-1D504EABBF4F.jpeg?fit=1170%2C1039\" data-orig-size=\"1170,1039\" data-comments-opened=\"0\" data-image-meta=\"{&quot;aperture&quot;:&quot;0&quot;,&quot;credit&quot;:&quot;&quot;,&quot;camera&quot;:&quot;&quot;,&quot;caption&quot;:&quot;&quot;,&quot;created_timestamp&quot;:&quot;0&quot;,&quot;copyright&quot;:&quot;&quot;,&quot;focal_length&quot;:&quot;0&quot;,&quot;iso&quot;:&quot;0&quot;,&quot;shutter_speed&quot;:&quot;0&quot;,&quot;title&quot;:&quot;&quot;,&quot;orientation&quot;:&quot;1&quot;}\" data-image-title=\"58EB6492-85AE-4881-A407-1D504EABBF4F\" data-image-description=\"\" data-image-caption=\"\" data-medium-file=\"https:\/\/i0.wp.com\/blogdalucianaoliveira.com.br\/blog\/wp-content\/uploads\/2025\/02\/58EB6492-85AE-4881-A407-1D504EABBF4F.jpeg?fit=300%2C266\" data-large-file=\"https:\/\/i0.wp.com\/blogdalucianaoliveira.com.br\/blog\/wp-content\/uploads\/2025\/02\/58EB6492-85AE-4881-A407-1D504EABBF4F.jpeg?fit=600%2C533\" class=\"alignnone size-medium wp-image-36497\" src=\"https:\/\/i0.wp.com\/blogdalucianaoliveira.com.br\/blog\/wp-content\/uploads\/2025\/02\/58EB6492-85AE-4881-A407-1D504EABBF4F.jpeg?resize=300%2C266\" alt=\"\" width=\"300\" height=\"266\" srcset=\"https:\/\/i0.wp.com\/blogdalucianaoliveira.com.br\/blog\/wp-content\/uploads\/2025\/02\/58EB6492-85AE-4881-A407-1D504EABBF4F.jpeg?resize=300%2C266 300w, https:\/\/i0.wp.com\/blogdalucianaoliveira.com.br\/blog\/wp-content\/uploads\/2025\/02\/58EB6492-85AE-4881-A407-1D504EABBF4F.jpeg?resize=1024%2C909 1024w, https:\/\/i0.wp.com\/blogdalucianaoliveira.com.br\/blog\/wp-content\/uploads\/2025\/02\/58EB6492-85AE-4881-A407-1D504EABBF4F.jpeg?resize=768%2C682 768w, https:\/\/i0.wp.com\/blogdalucianaoliveira.com.br\/blog\/wp-content\/uploads\/2025\/02\/58EB6492-85AE-4881-A407-1D504EABBF4F.jpeg?resize=338%2C300 338w, https:\/\/i0.wp.com\/blogdalucianaoliveira.com.br\/blog\/wp-content\/uploads\/2025\/02\/58EB6492-85AE-4881-A407-1D504EABBF4F.jpeg?w=1170 1170w\" sizes=\"auto, (max-width: 300px) 100vw, 300px\" \/><\/p>\n<p class=\"p1\">J\u00e1 \u00e9 tradi\u00e7\u00e3o o esquenta do bloco mais democr\u00e1tico de Porto Velho no Bar do Calixto, reduto da cultura popular de Porto Velho.<\/p>\n<p class=\"p3\"><span class=\"s2\">O bloco e o bar s\u00e3o reconhecidos como Patrim\u00f4nio Cultural de natureza imaterial da capital. <\/span><!--more--><\/p>\n<p class=\"p3\"><span class=\"s2\">O reduto do samba vai abrigar o frevo da Banda Puraqu\u00e9, que tamb\u00e9m toca cl\u00e1ssicos de marchinhas e ax\u00e9s e exalta o carimb\u00f3.<\/span><\/p>\n<p class=\"p3\"><span class=\"s2\">O esquenta come\u00e7a a partir das 20 horas, na esquina das ruas Jaci-Paran\u00e1 e Bras\u00edlia. <\/span><\/p>\n<p class=\"p3\"><span class=\"s2\">Este ano o bloco homenageia a Bailarina da Pra\u00e7a, artista de rua que dan\u00e7a para alegrar o povo e demonstrar resist\u00eancia perform\u00e1tica cultural. O desfile est\u00e1 marcado para o dia 23 de fevereiro, com concentra\u00e7\u00e3o a partir das 16 hs no \u00a0Circuito da Pinheiro.\u00a0<\/span><\/p>\n<p><img data-recalc-dims=\"1\" loading=\"lazy\" decoding=\"async\" data-attachment-id=\"36499\" data-permalink=\"http:\/\/blogdalucianaoliveira.com.br\/blog\/2025\/02\/04\/esquenta-do-bloco-pirarucu-do-madeira-e-nesta-sexta-no-bar-do-calixto\/b4cfef11-d571-4c7b-96f4-b7bfd5737c48-2\/\" data-orig-file=\"https:\/\/i0.wp.com\/blogdalucianaoliveira.com.br\/blog\/wp-content\/uploads\/2025\/02\/b4cfef11-d571-4c7b-96f4-b7bfd5737c48.jpeg?fit=730%2C914\" data-orig-size=\"730,914\" data-comments-opened=\"0\" data-image-meta=\"{&quot;aperture&quot;:&quot;0&quot;,&quot;credit&quot;:&quot;&quot;,&quot;camera&quot;:&quot;&quot;,&quot;caption&quot;:&quot;&quot;,&quot;created_timestamp&quot;:&quot;0&quot;,&quot;copyright&quot;:&quot;&quot;,&quot;focal_length&quot;:&quot;0&quot;,&quot;iso&quot;:&quot;0&quot;,&quot;shutter_speed&quot;:&quot;0&quot;,&quot;title&quot;:&quot;&quot;,&quot;orientation&quot;:&quot;0&quot;}\" data-image-title=\"b4cfef11-d571-4c7b-96f4-b7bfd5737c48\" data-image-description=\"\" data-image-caption=\"\" data-medium-file=\"https:\/\/i0.wp.com\/blogdalucianaoliveira.com.br\/blog\/wp-content\/uploads\/2025\/02\/b4cfef11-d571-4c7b-96f4-b7bfd5737c48.jpeg?fit=240%2C300\" data-large-file=\"https:\/\/i0.wp.com\/blogdalucianaoliveira.com.br\/blog\/wp-content\/uploads\/2025\/02\/b4cfef11-d571-4c7b-96f4-b7bfd5737c48.jpeg?fit=600%2C751\" class=\"alignnone size-medium wp-image-36499\" src=\"https:\/\/i0.wp.com\/blogdalucianaoliveira.com.br\/blog\/wp-content\/uploads\/2025\/02\/b4cfef11-d571-4c7b-96f4-b7bfd5737c48.jpeg?resize=240%2C300\" alt=\"\" width=\"240\" height=\"300\" srcset=\"https:\/\/i0.wp.com\/blogdalucianaoliveira.com.br\/blog\/wp-content\/uploads\/2025\/02\/b4cfef11-d571-4c7b-96f4-b7bfd5737c48.jpeg?resize=240%2C300 240w, https:\/\/i0.wp.com\/blogdalucianaoliveira.com.br\/blog\/wp-content\/uploads\/2025\/02\/b4cfef11-d571-4c7b-96f4-b7bfd5737c48.jpeg?w=730 730w\" sizes=\"auto, (max-width: 240px) 100vw, 240px\" \/><\/p>\n<p class=\"p3\"><span class=\"s2\">Algumas marchinhas e frevos feitas em sua homenagem ser\u00e3o conhecidas no esquenta do bloco.<\/span><\/p>\n<p class=\"p3\"><span class=\"s2\">\u201cO Bar do Calixto \u00e9 nosso parceiro na promo\u00e7\u00e3o e defesa da cultura popular. \u00c9 l\u00e1 que o povo se encontra pra ouvir a boa m\u00fasica. Vamos unir nossas tradi\u00e7\u00f5es num sextou de carnaval pra ningu\u00e9m botar defeito\u201d, disse Ernande Segismundo, presidente do bloco. <\/span><\/p>\n","protected":false},"excerpt":{"rendered":"<p>J\u00e1 \u00e9 tradi\u00e7\u00e3o o esquenta do bloco mais democr\u00e1tico de Porto Velho no Bar do Calixto, reduto da cultura popular de Porto Velho. O bloco e o bar s\u00e3o reconhecidos como Patrim\u00f4nio Cultural de natureza imaterial da capital.<\/p>\n","protected":false},"author":1,"featured_media":0,"comment_status":"closed","ping_status":"open","sticky":false,"template":"","format":"standard","meta":{"_exactmetrics_skip_tracking":false,"_exactmetrics_sitenote_active":false,"_exactmetrics_sitenote_note":"","_exactmetrics_sitenote_category":0,"jetpack_post_was_ever_published":false,"_jetpack_newsletter_access":"","_jetpack_dont_email_post_to_subs":false,"_jetpack_newsletter_tier_id":0,"_jetpack_memberships_contains_paywalled_content":false,"_jetpack_memberships_contains_paid_content":false,"footnotes":"","jetpack_publicize_message":"","jetpack_publicize_feature_enabled":true,"jetpack_social_post_already_shared":true,"jetpack_social_options":{"image_generator_settings":{"template":"highway","enabled":false},"version":2}},"categories":[1],"tags":[691,821,1252],"class_list":["post-36495","post","type-post","status-publish","format-standard","hentry","category-notas","tag-bar-do-calixto","tag-bloco-pirarucu-do-madeira","tag-carnaval-2025"],"jetpack_publicize_connections":[],"jetpack_sharing_enabled":true,"jetpack_featured_media_url":"","jetpack_shortlink":"https:\/\/wp.me\/p7wKYW-9uD","jetpack-related-posts":[],"_links":{"self":[{"href":"http:\/\/blogdalucianaoliveira.com.br\/blog\/wp-json\/wp\/v2\/posts\/36495","targetHints":{"allow":["GET"]}}],"collection":[{"href":"http:\/\/blogdalucianaoliveira.com.br\/blog\/wp-json\/wp\/v2\/posts"}],"about":[{"href":"http:\/\/blogdalucianaoliveira.com.br\/blog\/wp-json\/wp\/v2\/types\/post"}],"author":[{"embeddable":true,"href":"http:\/\/blogdalucianaoliveira.com.br\/blog\/wp-json\/wp\/v2\/users\/1"}],"replies":[{"embeddable":true,"href":"http:\/\/blogdalucianaoliveira.com.br\/blog\/wp-json\/wp\/v2\/comments?post=36495"}],"version-history":[{"count":3,"href":"http:\/\/blogdalucianaoliveira.com.br\/blog\/wp-json\/wp\/v2\/posts\/36495\/revisions"}],"predecessor-version":[{"id":36501,"href":"http:\/\/blogdalucianaoliveira.com.br\/blog\/wp-json\/wp\/v2\/posts\/36495\/revisions\/36501"}],"wp:attachment":[{"href":"http:\/\/blogdalucianaoliveira.com.br\/blog\/wp-json\/wp\/v2\/media?parent=36495"}],"wp:term":[{"taxonomy":"category","embeddable":true,"href":"http:\/\/blogdalucianaoliveira.com.br\/blog\/wp-json\/wp\/v2\/categories?post=36495"},{"taxonomy":"post_tag","embeddable":true,"href":"http:\/\/blogdalucianaoliveira.com.br\/blog\/wp-json\/wp\/v2\/tags?post=36495"}],"curies":[{"name":"wp","href":"https:\/\/api.w.org\/{rel}","templated":true}]}}