{"id":36502,"date":"2025-02-06T15:46:27","date_gmt":"2025-02-06T19:46:27","guid":{"rendered":"http:\/\/blogdalucianaoliveira.com.br\/blog\/?p=36502"},"modified":"2025-02-06T15:46:27","modified_gmt":"2025-02-06T19:46:27","slug":"janeiro-de-2025-foi-o-mes-mais-quente-do-planeta","status":"publish","type":"post","link":"http:\/\/blogdalucianaoliveira.com.br\/blog\/2025\/02\/06\/janeiro-de-2025-foi-o-mes-mais-quente-do-planeta\/","title":{"rendered":"Janeiro de 2025 foi o m\u00eas mais quente do planeta"},"content":{"rendered":"<p><img data-recalc-dims=\"1\" loading=\"lazy\" decoding=\"async\" data-attachment-id=\"36503\" data-permalink=\"http:\/\/blogdalucianaoliveira.com.br\/blog\/2025\/02\/06\/janeiro-de-2025-foi-o-mes-mais-quente-do-planeta\/img_6987\/\" data-orig-file=\"https:\/\/i0.wp.com\/blogdalucianaoliveira.com.br\/blog\/wp-content\/uploads\/2025\/02\/IMG_6987.jpeg?fit=1170%2C700\" data-orig-size=\"1170,700\" data-comments-opened=\"0\" data-image-meta=\"{&quot;aperture&quot;:&quot;0&quot;,&quot;credit&quot;:&quot;&quot;,&quot;camera&quot;:&quot;&quot;,&quot;caption&quot;:&quot;&quot;,&quot;created_timestamp&quot;:&quot;0&quot;,&quot;copyright&quot;:&quot;&quot;,&quot;focal_length&quot;:&quot;0&quot;,&quot;iso&quot;:&quot;0&quot;,&quot;shutter_speed&quot;:&quot;0&quot;,&quot;title&quot;:&quot;&quot;,&quot;orientation&quot;:&quot;0&quot;}\" data-image-title=\"IMG_6987\" data-image-description=\"\" data-image-caption=\"\" data-medium-file=\"https:\/\/i0.wp.com\/blogdalucianaoliveira.com.br\/blog\/wp-content\/uploads\/2025\/02\/IMG_6987.jpeg?fit=300%2C179\" data-large-file=\"https:\/\/i0.wp.com\/blogdalucianaoliveira.com.br\/blog\/wp-content\/uploads\/2025\/02\/IMG_6987.jpeg?fit=600%2C359\" class=\"alignnone size-medium wp-image-36503\" src=\"https:\/\/i0.wp.com\/blogdalucianaoliveira.com.br\/blog\/wp-content\/uploads\/2025\/02\/IMG_6987.jpeg?resize=300%2C179\" alt=\"\" width=\"300\" height=\"179\" srcset=\"https:\/\/i0.wp.com\/blogdalucianaoliveira.com.br\/blog\/wp-content\/uploads\/2025\/02\/IMG_6987.jpeg?resize=300%2C179 300w, https:\/\/i0.wp.com\/blogdalucianaoliveira.com.br\/blog\/wp-content\/uploads\/2025\/02\/IMG_6987.jpeg?resize=1024%2C613 1024w, https:\/\/i0.wp.com\/blogdalucianaoliveira.com.br\/blog\/wp-content\/uploads\/2025\/02\/IMG_6987.jpeg?resize=768%2C459 768w, https:\/\/i0.wp.com\/blogdalucianaoliveira.com.br\/blog\/wp-content\/uploads\/2025\/02\/IMG_6987.jpeg?resize=501%2C300 501w, https:\/\/i0.wp.com\/blogdalucianaoliveira.com.br\/blog\/wp-content\/uploads\/2025\/02\/IMG_6987.jpeg?w=1170 1170w\" sizes=\"auto, (max-width: 300px) 100vw, 300px\" \/><\/p>\n<p>EBC, por Fab\u00edula Sinimb\u00fa &#8211; Em janeiro de 2025, a temperatura do planeta registrou 1,75 grau Celsius (\u00b0C) acima do n\u00edvel pr\u00e9-industrial. Foi a maior j\u00e1 anotada pela s\u00e9rie hist\u00f3rica do Servi\u00e7o Copernicus para Mudan\u00e7as Clim\u00e1ticas da Uni\u00e3o Europeia, ficando 0,79\u00b0C acima da m\u00e9dia de 1991-2020 para o m\u00eas, com temperatura do ar na superf\u00edcie de 13,23\u00baC.<img data-recalc-dims=\"1\" decoding=\"async\" src=\"https:\/\/i0.wp.com\/agenciabrasil.ebc.com.br\/ebc.png?w=600&#038;ssl=1\" \/><img data-recalc-dims=\"1\" decoding=\"async\" src=\"https:\/\/i0.wp.com\/agenciabrasil.ebc.com.br\/ebc.gif?w=600&#038;ssl=1\" \/><!--more--><\/p>\n<p>\u201cJaneiro de 2025 \u00e9 outro m\u00eas surpreendente, continuando as temperaturas recordes observadas nos \u00faltimos dois anos, apesar do desenvolvimento das condi\u00e7\u00f5es de La Ni\u00f1a no Pac\u00edfico tropical e seu efeito de resfriamento tempor\u00e1rio nas temperaturas globais\u201d, diz Samantha Burgess, l\u00edder estrat\u00e9gica para o clima do Centro Europeu de Previs\u00f5es Meteorol\u00f3gicas de M\u00e9dio Prazo (ECMWF, na sigla em ingl\u00eas).<\/p>\n<p>O registro leva o planeta ao 18\u00ba m\u00eas &#8211; dos \u00faltimos 19 meses &#8211; em que a temperatura m\u00e9dia global do ar superficial foi superior a 1,5\u00b0C acima do n\u00edvel pr\u00e9-industrial. De fevereiro de 2024 a janeiro de 2025, o planeta ficou 1,61\u00b0C acima da m\u00e9dia estimada de 1850-1900 usada para definir o n\u00edvel pr\u00e9-industrial.<\/p>\n<p>De acordo com o relat\u00f3rio da institui\u00e7\u00e3o divulgado nesta quinta-feira (6), as temperaturas acima da m\u00e9dia foram observadas principalmente no sudeste da Europa, nordeste e noroeste do Canad\u00e1, Alasca e Sib\u00e9ria, sul da Am\u00e9rica do Sul, \u00c1frica e grande parte da Austr\u00e1lia e Ant\u00e1rtica.<\/p>\n<div class=\"dnd-widget-wrapper context-cheio_8colunas type-image\">\n<div class=\"dnd-atom-rendered\"><img data-recalc-dims=\"1\" decoding=\"async\" title=\"T\u00e2nia R\u00eago\/Ag\u00eancia Brasil\" src=\"https:\/\/i0.wp.com\/imagens.ebc.com.br\/cYzOPPsJeMEvJJUGcU0SIEVbsrs%3D\/754x0\/smart\/https%3A\/\/agenciabrasil.ebc.com.br\/sites\/default\/files\/thumbnails\/image\/2024\/12\/31\/_rbr2802.jpg?w=600&#038;ssl=1\" alt=\"Rio de Janeiro(RJ), 31\/12\/2024 - Praia cheia com palcos montados na areia da Praia de Copacabana no \u00faltimo dia do ano.  Foto: T\u00e2nia R\u00eago\/Ag\u00eancia Brasil\" \/><\/div>\n<div class=\"dnd-caption-wrapper\">\n<div class=\"meta\">Calor excessivo lota praias do Rio de Janeiro e de outras capitais &#8211; <strong>T\u00e2nia R\u00eago\/Ag\u00eancia Brasil<\/strong><\/div>\n<\/div>\n<\/div>\n<p>J\u00e1 no norte da Europa, Estados Unidos e nas regi\u00f5es mais orientais da R\u00fassia, Pen\u00ednsula Ar\u00e1bica e sudeste Asi\u00e1tico, as temperaturas foram abaixo da m\u00e9dia.<\/p>\n<p>A temperatura m\u00e9dia da superf\u00edcie do mar para janeiro foi de 20,78\u00baC, considerando as zonas temperadas e intertropical, a cerca de 10 metros de profundidade. De acordo com o Copernicus, esse \u00e9 o segundo valor mais alto anotado para o m\u00eas: 0,19\u00b0C abaixo de janeiro de 2024.<\/p>\n<h2>Chuvas<\/h2>\n<p>O relat\u00f3rio informou ainda que janeiro tamb\u00e9m foi predominantemente mais \u00famido do que a m\u00e9dia, com fortes precipita\u00e7\u00f5es que levaram a inunda\u00e7\u00f5es em algumas regi\u00f5es.<\/p>\n<p>A m\u00e9dia de chuvas foi maior na Europa Ocidental, em partes da It\u00e1lia, Escandin\u00e1via e pa\u00edses b\u00e1lticos; no Alasca, Canad\u00e1, centro e leste da R\u00fassia, leste da Austr\u00e1lia, sudeste da \u00c1frica e sul do Brasil.<\/p>\n<h2>Medi\u00e7\u00f5es<\/h2>\n<p>O Copernicus \u00e9 um programa de observa\u00e7\u00e3o da Terra que utiliza medi\u00e7\u00f5es de sat\u00e9lites, navios, aeronaves e esta\u00e7\u00f5es meteorol\u00f3gicas em todo o mundo para produzir an\u00e1lises de dados da atmosfera, marinho, Terra, altera\u00e7\u00f5es clim\u00e1ticas, seguran\u00e7a e emerg\u00eancia.<\/p>\n<p>O programa \u00e9 coordenado e gerido pela Comiss\u00e3o Europeia e implementado em parceria com estados-membros, Ag\u00eancia Espacial Europeia (ESA), Organiza\u00e7\u00e3o Europeia para a Explora\u00e7\u00e3o de Sat\u00e9lites Meteorol\u00f3gicos e Centro Europeu de Previs\u00f5es Meteorol\u00f3gicas em M\u00e9dio Prazo, entre outros.<\/p>\n","protected":false},"excerpt":{"rendered":"<p>EBC, por Fab\u00edula Sinimb\u00fa &#8211; Em janeiro de 2025, a temperatura do planeta registrou 1,75 grau Celsius (\u00b0C) acima do n\u00edvel pr\u00e9-industrial. Foi a maior j\u00e1 anotada pela s\u00e9rie hist\u00f3rica do Servi\u00e7o Copernicus para Mudan\u00e7as Clim\u00e1ticas da Uni\u00e3o Europeia, ficando 0,79\u00b0C acima da m\u00e9dia de 1991-2020 para o m\u00eas, com temperatura do ar na superf\u00edcie&#8230;<a class=\"more-link\" href=\"http:\/\/blogdalucianaoliveira.com.br\/blog\/2025\/02\/06\/janeiro-de-2025-foi-o-mes-mais-quente-do-planeta\/\">Continue a leitura <span class=\"meta-nav\">&raquo;<\/span><\/a><\/p>\n","protected":false},"author":1,"featured_media":0,"comment_status":"closed","ping_status":"open","sticky":false,"template":"","format":"standard","meta":{"_exactmetrics_skip_tracking":false,"_exactmetrics_sitenote_active":false,"_exactmetrics_sitenote_note":"","_exactmetrics_sitenote_category":0,"jetpack_post_was_ever_published":false,"_jetpack_newsletter_access":"","_jetpack_dont_email_post_to_subs":false,"_jetpack_newsletter_tier_id":0,"_jetpack_memberships_contains_paywalled_content":false,"_jetpack_memberships_contains_paid_content":false,"footnotes":"","jetpack_publicize_message":"","jetpack_publicize_feature_enabled":true,"jetpack_social_post_already_shared":true,"jetpack_social_options":{"image_generator_settings":{"template":"highway","enabled":false},"version":2}},"categories":[1],"tags":[904,1064,906],"class_list":["post-36502","post","type-post","status-publish","format-standard","hentry","category-notas","tag-calor","tag-planeta","tag-temperatura"],"jetpack_publicize_connections":[],"jetpack_sharing_enabled":true,"jetpack_featured_media_url":"","jetpack_shortlink":"https:\/\/wp.me\/p7wKYW-9uK","jetpack-related-posts":[],"_links":{"self":[{"href":"http:\/\/blogdalucianaoliveira.com.br\/blog\/wp-json\/wp\/v2\/posts\/36502","targetHints":{"allow":["GET"]}}],"collection":[{"href":"http:\/\/blogdalucianaoliveira.com.br\/blog\/wp-json\/wp\/v2\/posts"}],"about":[{"href":"http:\/\/blogdalucianaoliveira.com.br\/blog\/wp-json\/wp\/v2\/types\/post"}],"author":[{"embeddable":true,"href":"http:\/\/blogdalucianaoliveira.com.br\/blog\/wp-json\/wp\/v2\/users\/1"}],"replies":[{"embeddable":true,"href":"http:\/\/blogdalucianaoliveira.com.br\/blog\/wp-json\/wp\/v2\/comments?post=36502"}],"version-history":[{"count":1,"href":"http:\/\/blogdalucianaoliveira.com.br\/blog\/wp-json\/wp\/v2\/posts\/36502\/revisions"}],"predecessor-version":[{"id":36504,"href":"http:\/\/blogdalucianaoliveira.com.br\/blog\/wp-json\/wp\/v2\/posts\/36502\/revisions\/36504"}],"wp:attachment":[{"href":"http:\/\/blogdalucianaoliveira.com.br\/blog\/wp-json\/wp\/v2\/media?parent=36502"}],"wp:term":[{"taxonomy":"category","embeddable":true,"href":"http:\/\/blogdalucianaoliveira.com.br\/blog\/wp-json\/wp\/v2\/categories?post=36502"},{"taxonomy":"post_tag","embeddable":true,"href":"http:\/\/blogdalucianaoliveira.com.br\/blog\/wp-json\/wp\/v2\/tags?post=36502"}],"curies":[{"name":"wp","href":"https:\/\/api.w.org\/{rel}","templated":true}]}}