{"id":36505,"date":"2025-02-06T15:53:45","date_gmt":"2025-02-06T19:53:45","guid":{"rendered":"http:\/\/blogdalucianaoliveira.com.br\/blog\/?p=36505"},"modified":"2025-02-06T15:53:45","modified_gmt":"2025-02-06T19:53:45","slug":"geracao-eletrica-fossil-na-china-pode-cair-pela-1a-vez-em-uma-decada","status":"publish","type":"post","link":"http:\/\/blogdalucianaoliveira.com.br\/blog\/2025\/02\/06\/geracao-eletrica-fossil-na-china-pode-cair-pela-1a-vez-em-uma-decada\/","title":{"rendered":"Gera\u00e7\u00e3o el\u00e9trica f\u00f3ssil na China pode cair pela 1\u00aa vez em uma d\u00e9cada"},"content":{"rendered":"<p><img data-recalc-dims=\"1\" loading=\"lazy\" decoding=\"async\" data-attachment-id=\"36506\" data-permalink=\"http:\/\/blogdalucianaoliveira.com.br\/blog\/2025\/02\/06\/geracao-eletrica-fossil-na-china-pode-cair-pela-1a-vez-em-uma-decada\/img_6989-2\/\" data-orig-file=\"https:\/\/i0.wp.com\/blogdalucianaoliveira.com.br\/blog\/wp-content\/uploads\/2025\/02\/IMG_6989.png?fit=1200%2C400\" data-orig-size=\"1200,400\" data-comments-opened=\"0\" data-image-meta=\"{&quot;aperture&quot;:&quot;0&quot;,&quot;credit&quot;:&quot;&quot;,&quot;camera&quot;:&quot;&quot;,&quot;caption&quot;:&quot;&quot;,&quot;created_timestamp&quot;:&quot;0&quot;,&quot;copyright&quot;:&quot;&quot;,&quot;focal_length&quot;:&quot;0&quot;,&quot;iso&quot;:&quot;0&quot;,&quot;shutter_speed&quot;:&quot;0&quot;,&quot;title&quot;:&quot;&quot;,&quot;orientation&quot;:&quot;0&quot;}\" data-image-title=\"IMG_6989\" data-image-description=\"\" data-image-caption=\"\" data-medium-file=\"https:\/\/i0.wp.com\/blogdalucianaoliveira.com.br\/blog\/wp-content\/uploads\/2025\/02\/IMG_6989.png?fit=300%2C100\" data-large-file=\"https:\/\/i0.wp.com\/blogdalucianaoliveira.com.br\/blog\/wp-content\/uploads\/2025\/02\/IMG_6989.png?fit=600%2C200\" class=\"alignnone size-medium wp-image-36506\" src=\"https:\/\/i0.wp.com\/blogdalucianaoliveira.com.br\/blog\/wp-content\/uploads\/2025\/02\/IMG_6989.png?resize=300%2C100\" alt=\"\" width=\"300\" height=\"100\" srcset=\"https:\/\/i0.wp.com\/blogdalucianaoliveira.com.br\/blog\/wp-content\/uploads\/2025\/02\/IMG_6989.png?resize=300%2C100 300w, https:\/\/i0.wp.com\/blogdalucianaoliveira.com.br\/blog\/wp-content\/uploads\/2025\/02\/IMG_6989.png?resize=1024%2C341 1024w, https:\/\/i0.wp.com\/blogdalucianaoliveira.com.br\/blog\/wp-content\/uploads\/2025\/02\/IMG_6989.png?resize=768%2C256 768w, https:\/\/i0.wp.com\/blogdalucianaoliveira.com.br\/blog\/wp-content\/uploads\/2025\/02\/IMG_6989.png?resize=800%2C267 800w, https:\/\/i0.wp.com\/blogdalucianaoliveira.com.br\/blog\/wp-content\/uploads\/2025\/02\/IMG_6989.png?w=1200 1200w\" sizes=\"auto, (max-width: 300px) 100vw, 300px\" \/><\/p>\n<p data-pf_style_display=\"block\" data-pf_style_visibility=\"visible\"><span class=\"text-node\">Decl\u00ednio da fonte para produ\u00e7\u00e3o de eletricidade ajudaria <\/span><a href=\"https:\/\/www.ihu.unisinos.br\/categorias\/642853-china-sinaliza-impulso-as-energias-renovaveis-depois-de-brecar-novas-permissoes-a-carvao\" target=\"_blank\" rel=\"noopener noreferrer\" data-pf_style_display=\"inline\" data-pf_style_visibility=\"visible\"><span class=\"text-node\">descarboniza\u00e7\u00e3o do setor el\u00e9trico chin\u00eas<\/span><\/a><span class=\"text-node\">, que responde por cerca de 60% das emiss\u00f5es de carbono do pa\u00eds.<\/span><!--more--><\/p>\n<p data-pf_style_display=\"block\" data-pf_style_visibility=\"visible\"><span class=\"text-node\">A informa\u00e7\u00e3o \u00e9 publicada por <\/span><a href=\"https:\/\/climainfo.org.br\/2025\/02\/03\/geracao-eletrica-fossil-na-china-pode-cair-pela-1a-vez-em-uma-decada\/\" target=\"_blank\" rel=\"noopener noreferrer\" data-pf_style_display=\"inline\" data-pf_style_visibility=\"visible\"><span class=\"text-node\">ClimaInfo<\/span><\/a><span class=\"text-node\">, 04-05-2025.<\/span><\/p>\n<p data-pf_style_display=\"block\" data-pf_style_visibility=\"visible\"><span class=\"text-node\">O ano de 2025 come\u00e7ou com <\/span><a href=\"https:\/\/ihu.unisinos.br\/648120-trump-tira-eua-do-acordo-de-paris-e-assina-atos-promovendo-combustiveis-fosseis-e-mineracao\" target=\"_blank\" rel=\"noopener noreferrer\" data-pf_style_display=\"inline\" data-pf_style_visibility=\"visible\"><span class=\"text-node\">Donald Trump paralisando investimentos em fontes renov\u00e1veis de energia<\/span><\/a><span class=\"text-node\"> e estimulando o aumento da produ\u00e7\u00e3o de combust\u00edveis f\u00f3sseis nos Estados Unidos. Mas pode terminar com uma grata surpresa envolvendo o maior emissor global de gases de efeito estufa: a <\/span><strong data-pf_style_display=\"inline\" data-pf_style_visibility=\"visible\"><span class=\"text-node\">China<\/span><\/strong><span class=\"text-node\">.<\/span><\/p>\n<p data-pf_style_display=\"block\" data-pf_style_visibility=\"visible\"><span class=\"text-node\">Pela primeira vez em uma d\u00e9cada, a gera\u00e7\u00e3o termel\u00e9trica chinesa, baseada principalmente em carv\u00e3o, dever\u00e1 cair em 2025, segundo estimativas de analistas, informa a <\/span><strong data-pf_style_display=\"inline\" data-pf_style_visibility=\"visible\"><span class=\"text-node\">Reuters<\/span><\/strong><span class=\"text-node\">, em mat\u00e9ria traduzida por <\/span><strong data-pf_style_display=\"inline\" data-pf_style_visibility=\"visible\"><span class=\"text-node\">Folha<\/span><\/strong><span class=\"text-node\"> e<\/span><strong data-pf_style_display=\"inline\" data-pf_style_visibility=\"visible\"><span class=\"text-node\"> Isto \u00c9 Dinheiro<\/span><\/strong><span class=\"text-node\">. Eles alertam, contudo, que condi\u00e7\u00f5es clim\u00e1ticas extremas ou um crescimento industrial mais forte do que o esperado podem alterar essa previs\u00e3o.<\/span><\/p>\n<p data-pf_style_display=\"block\" data-pf_style_visibility=\"visible\"><span class=\"text-node\">Se o pa\u00eds conseguir esse feito, ser\u00e1 um sinal positivo para a <\/span><strong data-pf_style_display=\"inline\" data-pf_style_visibility=\"visible\"><span class=\"text-node\">descarboniza\u00e7\u00e3o<\/span><\/strong><span class=\"text-node\"> do setor de energia el\u00e9trica chin\u00eas, que representa cerca de 60% das emiss\u00f5es de <\/span><strong data-pf_style_display=\"inline\" data-pf_style_visibility=\"visible\"><span class=\"text-node\">GEE<\/span><\/strong><span class=\"text-node\"> do pa\u00eds. A <\/span><strong data-pf_style_display=\"inline\" data-pf_style_visibility=\"visible\"><span class=\"text-node\">China<\/span><\/strong><span class=\"text-node\">planeja que suas emiss\u00f5es totais atinjam o pico antes de 2030 e sejam reduzidas a emiss\u00f5es l\u00edquidas zero antes de 2060.<\/span><\/p>\n<p data-pf_style_display=\"block\" data-pf_style_visibility=\"visible\"><span class=\"text-node\">E se no ano passado a <\/span><strong data-pf_style_display=\"inline\" data-pf_style_visibility=\"visible\"><span class=\"text-node\">China<\/span><\/strong><span class=\"text-node\"> quebrou o seu pr\u00f3prio recorde de implanta\u00e7\u00e3o de fontes renov\u00e1veis de energia, com pouco mais de 350 gigawatts (GW) e\u00f3licos e solares instalados, lembra a <\/span><strong data-pf_style_display=\"inline\" data-pf_style_visibility=\"visible\"><span class=\"text-node\">Bloomberg<\/span><\/strong><span class=\"text-node\">, a expectativa para 2025 \u00e9 igualar ou superar esse patamar. Os desenvolvedores est\u00e3o correndo para cumprir as metas do 14\u00ba plano quinquenal at\u00e9 o fim do ano, o que, segundo analistas, cria condi\u00e7\u00f5es para que as renov\u00e1veis atendam a toda a nova demanda de energia neste ano.<\/span><\/p>\n<p data-pf_style_display=\"block\" data-pf_style_visibility=\"visible\"><span class=\"text-node\">A demanda chinesa de eletricidade est\u00e1 se tornando um ponto focal importante na luta global contra as <\/span><a href=\"https:\/\/ihu.unisinos.br\/categorias\/627275-a-mudanca-climatica-transformara-a-maneira-como-vivemos\" target=\"_blank\" rel=\"noopener noreferrer\" data-pf_style_display=\"inline\" data-pf_style_visibility=\"visible\"><span class=\"text-node\">mudan\u00e7as do clima<\/span><\/a><span class=\"text-node\">, mas cria um \u201cenigma clim\u00e1tico\u201d, destaca a <\/span><strong data-pf_style_display=\"inline\" data-pf_style_visibility=\"visible\"><span class=\"text-node\">Bloomberg<\/span><\/strong><span class=\"text-node\">. Por um lado, a ado\u00e7\u00e3o vertiginosa de energia renov\u00e1vel pelo pa\u00eds criou esperan\u00e7a de atingir o pico de emiss\u00f5es e come\u00e7ar a reduzir os <\/span><strong data-pf_style_display=\"inline\" data-pf_style_visibility=\"visible\"><span class=\"text-node\">gases de efeito estufa<\/span><\/strong><span class=\"text-node\"> muito antes da meta declarada de 2030. Mas, por outro, a demanda energ\u00e9tica do pa\u00eds cresce de forma sem precedentes, exigindo cada vez mais carv\u00e3o para ser queimado em termel\u00e9tricas.<\/span><\/p>\n<h2 data-pf_style_display=\"block\" data-pf_style_visibility=\"visible\"><span class=\"text-node\">Em tempo<\/span><\/h2>\n<p data-pf_style_display=\"block\" data-pf_style_visibility=\"visible\"><strong data-pf_style_display=\"inline\" data-pf_style_visibility=\"visible\"><span class=\"text-node\">Amit Forlit<\/span><\/strong><span class=\"text-node\">, israelense acusado de hacking, indicou, em documentos judiciais apresentados em <\/span><strong data-pf_style_display=\"inline\" data-pf_style_visibility=\"visible\"><span class=\"text-node\">Londres<\/span><\/strong><span class=\"text-node\">, que um vasto caso criminal decorrente do roubo de informa\u00e7\u00f5es de ativistas do clima ocorreu a mando da <\/span><strong data-pf_style_display=\"inline\" data-pf_style_visibility=\"visible\"><span class=\"text-node\">Exxon Mobil<\/span><\/strong><span class=\"text-node\"> e da empresa de lobby<\/span><strong data-pf_style_display=\"inline\" data-pf_style_visibility=\"visible\"><span class=\"text-node\"> DCI Group<\/span><\/strong><span class=\"text-node\">, relata o <\/span><strong data-pf_style_display=\"inline\" data-pf_style_visibility=\"visible\"><span class=\"text-node\">E&amp;ENews<\/span><\/strong><span class=\"text-node\">. Foi a primeira vez que a <\/span><strong data-pf_style_display=\"inline\" data-pf_style_visibility=\"visible\"><span class=\"text-node\">Exxon<\/span><\/strong><span class=\"text-node\"> e a <\/span><strong data-pf_style_display=\"inline\" data-pf_style_visibility=\"visible\"><span class=\"text-node\">DCI<\/span><\/strong><span class=\"text-node\">, que atua como sua firma de lobby, s\u00e3o publicamente vinculadas ao que os promotores descrevem como uma campanha de hacking de v\u00e1rios anos para roubar informa\u00e7\u00f5es de ativistas que ajudaram estados e cidades a processar empresas de combust\u00edveis f\u00f3sseis por sua contribui\u00e7\u00e3o para as mudan\u00e7as clim\u00e1ticas. Os munic\u00edpios buscam bilh\u00f5es de d\u00f3lares em indeniza\u00e7\u00f5es das petrol\u00edferas, incluindo a Exxon, por danos relacionados a enchentes e outros impactos clim\u00e1ticos.<\/span><\/p>\n","protected":false},"excerpt":{"rendered":"<p>Decl\u00ednio da fonte para produ\u00e7\u00e3o de eletricidade ajudaria descarboniza\u00e7\u00e3o do setor el\u00e9trico chin\u00eas, que responde por cerca de 60% das emiss\u00f5es de carbono do pa\u00eds.<\/p>\n","protected":false},"author":1,"featured_media":0,"comment_status":"closed","ping_status":"open","sticky":false,"template":"","format":"standard","meta":{"_exactmetrics_skip_tracking":false,"_exactmetrics_sitenote_active":false,"_exactmetrics_sitenote_note":"","_exactmetrics_sitenote_category":0,"jetpack_post_was_ever_published":false,"_jetpack_newsletter_access":"","_jetpack_dont_email_post_to_subs":false,"_jetpack_newsletter_tier_id":0,"_jetpack_memberships_contains_paywalled_content":false,"_jetpack_memberships_contains_paid_content":false,"footnotes":"","jetpack_publicize_message":"","jetpack_publicize_feature_enabled":true,"jetpack_social_post_already_shared":true,"jetpack_social_options":{"image_generator_settings":{"template":"highway","enabled":false},"version":2}},"categories":[1],"tags":[],"class_list":["post-36505","post","type-post","status-publish","format-standard","hentry","category-notas"],"jetpack_publicize_connections":[],"jetpack_sharing_enabled":true,"jetpack_featured_media_url":"","jetpack_shortlink":"https:\/\/wp.me\/p7wKYW-9uN","jetpack-related-posts":[],"_links":{"self":[{"href":"http:\/\/blogdalucianaoliveira.com.br\/blog\/wp-json\/wp\/v2\/posts\/36505","targetHints":{"allow":["GET"]}}],"collection":[{"href":"http:\/\/blogdalucianaoliveira.com.br\/blog\/wp-json\/wp\/v2\/posts"}],"about":[{"href":"http:\/\/blogdalucianaoliveira.com.br\/blog\/wp-json\/wp\/v2\/types\/post"}],"author":[{"embeddable":true,"href":"http:\/\/blogdalucianaoliveira.com.br\/blog\/wp-json\/wp\/v2\/users\/1"}],"replies":[{"embeddable":true,"href":"http:\/\/blogdalucianaoliveira.com.br\/blog\/wp-json\/wp\/v2\/comments?post=36505"}],"version-history":[{"count":1,"href":"http:\/\/blogdalucianaoliveira.com.br\/blog\/wp-json\/wp\/v2\/posts\/36505\/revisions"}],"predecessor-version":[{"id":36507,"href":"http:\/\/blogdalucianaoliveira.com.br\/blog\/wp-json\/wp\/v2\/posts\/36505\/revisions\/36507"}],"wp:attachment":[{"href":"http:\/\/blogdalucianaoliveira.com.br\/blog\/wp-json\/wp\/v2\/media?parent=36505"}],"wp:term":[{"taxonomy":"category","embeddable":true,"href":"http:\/\/blogdalucianaoliveira.com.br\/blog\/wp-json\/wp\/v2\/categories?post=36505"},{"taxonomy":"post_tag","embeddable":true,"href":"http:\/\/blogdalucianaoliveira.com.br\/blog\/wp-json\/wp\/v2\/tags?post=36505"}],"curies":[{"name":"wp","href":"https:\/\/api.w.org\/{rel}","templated":true}]}}