{"id":36508,"date":"2025-02-07T11:41:42","date_gmt":"2025-02-07T15:41:42","guid":{"rendered":"http:\/\/blogdalucianaoliveira.com.br\/blog\/?p=36508"},"modified":"2025-02-07T11:41:42","modified_gmt":"2025-02-07T15:41:42","slug":"filme-sobre-indigenas-isolados-esta-proibido-ha-oito-meses","status":"publish","type":"post","link":"http:\/\/blogdalucianaoliveira.com.br\/blog\/2025\/02\/07\/filme-sobre-indigenas-isolados-esta-proibido-ha-oito-meses\/","title":{"rendered":"FILME SOBRE IND\u00cdGENAS ISOLADOS EST\u00c1 PROIBIDO H\u00c1 OITO MESES"},"content":{"rendered":"<p><img data-recalc-dims=\"1\" loading=\"lazy\" decoding=\"async\" data-attachment-id=\"36509\" data-permalink=\"http:\/\/blogdalucianaoliveira.com.br\/blog\/2025\/02\/07\/filme-sobre-indigenas-isolados-esta-proibido-ha-oito-meses\/img_7040\/\" data-orig-file=\"https:\/\/i0.wp.com\/blogdalucianaoliveira.com.br\/blog\/wp-content\/uploads\/2025\/02\/IMG_7040.jpeg?fit=1200%2C630\" data-orig-size=\"1200,630\" data-comments-opened=\"0\" data-image-meta=\"{&quot;aperture&quot;:&quot;0&quot;,&quot;credit&quot;:&quot;&quot;,&quot;camera&quot;:&quot;&quot;,&quot;caption&quot;:&quot;&quot;,&quot;created_timestamp&quot;:&quot;0&quot;,&quot;copyright&quot;:&quot;&quot;,&quot;focal_length&quot;:&quot;0&quot;,&quot;iso&quot;:&quot;0&quot;,&quot;shutter_speed&quot;:&quot;0&quot;,&quot;title&quot;:&quot;&quot;,&quot;orientation&quot;:&quot;0&quot;}\" data-image-title=\"IMG_7040\" data-image-description=\"\" data-image-caption=\"\" data-medium-file=\"https:\/\/i0.wp.com\/blogdalucianaoliveira.com.br\/blog\/wp-content\/uploads\/2025\/02\/IMG_7040.jpeg?fit=300%2C158\" data-large-file=\"https:\/\/i0.wp.com\/blogdalucianaoliveira.com.br\/blog\/wp-content\/uploads\/2025\/02\/IMG_7040.jpeg?fit=600%2C315\" class=\"alignnone size-medium wp-image-36509\" src=\"https:\/\/i0.wp.com\/blogdalucianaoliveira.com.br\/blog\/wp-content\/uploads\/2025\/02\/IMG_7040.jpeg?resize=300%2C158\" alt=\"\" width=\"300\" height=\"158\" srcset=\"https:\/\/i0.wp.com\/blogdalucianaoliveira.com.br\/blog\/wp-content\/uploads\/2025\/02\/IMG_7040.jpeg?resize=300%2C158 300w, https:\/\/i0.wp.com\/blogdalucianaoliveira.com.br\/blog\/wp-content\/uploads\/2025\/02\/IMG_7040.jpeg?resize=1024%2C538 1024w, https:\/\/i0.wp.com\/blogdalucianaoliveira.com.br\/blog\/wp-content\/uploads\/2025\/02\/IMG_7040.jpeg?resize=768%2C403 768w, https:\/\/i0.wp.com\/blogdalucianaoliveira.com.br\/blog\/wp-content\/uploads\/2025\/02\/IMG_7040.jpeg?resize=571%2C300 571w, https:\/\/i0.wp.com\/blogdalucianaoliveira.com.br\/blog\/wp-content\/uploads\/2025\/02\/IMG_7040.jpeg?w=1200 1200w\" sizes=\"auto, (max-width: 300px) 100vw, 300px\" \/><\/p>\n<div data-pf_style_display=\"block\" data-pf_style_visibility=\"visible\">\n<p class=\"added-to-list1\" data-pf_style_display=\"block\" data-pf_style_visibility=\"visible\"><span data-pf_style_display=\"inline\" data-pf_style_visibility=\"visible\"><span class=\"capitalize\" data-pf_style_display=\"inline\" data-pf_style_visibility=\"visible\"><span class=\"text-node\">Revista Piau\u00ed- D<\/span><\/span><span class=\"text-node\">esde 1987 o Brasil adota a pol\u00edtica de n\u00e3o fazer contato com os ind\u00edgenas isolados, por entender que eles optaram por viver \u00e0 margem da sociedade. Apesar disso, em 2019, a Funai decidiu contactar um grupo isolado de korubos, considerando que corriam risco de serem massacrados num conflito territorial com os matis. Uma expedi\u00e7\u00e3o foi organizada pelo indigenista Bruno Pereira e filmada pelo diretor Bruno Jorge \u2013 que registrou toda a empreitada no document\u00e1rio <\/span><\/span><i data-pf_style_display=\"inline\" data-pf_style_visibility=\"visible\"><span data-pf_style_display=\"inline\" data-pf_style_visibility=\"visible\"><span class=\"text-node\">A inven\u00e7\u00e3o do outro<\/span><\/span><\/i><span data-pf_style_display=\"inline\" data-pf_style_visibility=\"visible\"><span class=\"text-node\">.<\/span><\/span><\/p>\n<\/div>\n<p><!--more--><\/p>\n<div data-pf_style_display=\"block\" data-pf_style_visibility=\"visible\">\n<p class=\"added-to-list1\" data-pf_style_display=\"block\" data-pf_style_visibility=\"visible\"><span data-pf_style_display=\"inline\" data-pf_style_visibility=\"visible\"><span class=\"text-node\">Em junho de 2022, Pereira foi emboscado e morto, aos 41 anos, junto com o jornalista brit\u00e2nico Dom Phillips, por um grupo de pessoas envolvidas com a pesca ilegal e o narcotr\u00e1fico. Da noite para o dia, o filme de Jorge ganhou uma camada inesperada de sentido por ser um registro sem equivalente da atua\u00e7\u00e3o do indigenista, que se tornou uma figura emblem\u00e1tica da resist\u00eancia \u00e0s viola\u00e7\u00f5es aos direitos dos ind\u00edgenas durante o governo Bolsonaro.<\/span><\/span><\/p>\n<\/div>\n<div data-pf_style_display=\"block\" data-pf_style_visibility=\"visible\">\n<p class=\"added-to-list1\" data-pf_style_display=\"block\" data-pf_style_visibility=\"visible\"><i data-pf_style_display=\"inline\" data-pf_style_visibility=\"visible\"><span data-pf_style_display=\"inline\" data-pf_style_visibility=\"visible\"><span class=\"text-node\">A inven\u00e7\u00e3o do outro<\/span><\/span><\/i><span data-pf_style_display=\"inline\" data-pf_style_visibility=\"visible\"><span class=\"text-node\"> estreou em novembro de 2022, no Festival de Bras\u00edlia, e ganhou os pr\u00eamios de melhor filme, fotografia, montagem e edi\u00e7\u00e3o de som. Tamb\u00e9m concorreu no festival belga Docville e levou o pr\u00eamio de melhor document\u00e1rio internacional. A estreia comercial do filme foi marcada para 23 de maio de 2024. No mesmo dia, a Funai entrou com uma a\u00e7\u00e3o na Justi\u00e7a, reivindicando sua suspens\u00e3o imediata. A funda\u00e7\u00e3o quer que o diretor mostre o filme antes aos korubos e obtenha a autoriza\u00e7\u00e3o deles para veicular suas imagens.<\/span><\/span><\/p>\n<p id=\"piaui-1582600339\" class=\"piaui-interna-001 added-to-list1\">\n<\/div>\n<div data-pf_style_display=\"block\" data-pf_style_visibility=\"visible\">\n<p class=\"added-to-list1\" data-pf_style_display=\"block\" data-pf_style_visibility=\"visible\"><span data-pf_style_display=\"inline\" data-pf_style_visibility=\"visible\"><span class=\"text-node\">Uma portaria de 2006 da Funai determina que ind\u00edgenas retratados em registros audiovisuais precisam dar autoriza\u00e7\u00e3o expressa para a capta\u00e7\u00e3o e reprodu\u00e7\u00e3o de sua imagem. Antes disso, o Brasil j\u00e1 era signat\u00e1rio de uma conven\u00e7\u00e3o internacional segundo a qual os povos ind\u00edgenas devem ser consultados para dar o consentimento livre, pr\u00e9vio e informado sempre que uma atividade puder afetar diretamente sua cultura ou forma de vida.<\/span><\/span><\/p>\n<\/div>\n<div data-pf_style_display=\"block\" data-pf_style_visibility=\"visible\">\n<p class=\"added-to-list1\" data-pf_style_display=\"block\" data-pf_style_visibility=\"visible\"><span data-pf_style_display=\"inline\" data-pf_style_visibility=\"visible\"><span class=\"text-node\">Mas a atitude da Funai surpreendeu Bruno Jorge, que tinha sido convidado por Bruno Pereira para participar da expedi\u00e7\u00e3o, com passagens e di\u00e1rias pagas pela funda\u00e7\u00e3o. Para o diretor, o aval de Pereira e da Funai j\u00e1 implicava na autoriza\u00e7\u00e3o para seguir com o filme. Ele tamb\u00e9m alega que a funda\u00e7\u00e3o sabe do desafio que \u00e9 pedir uma tal autoriza\u00e7\u00e3o a ind\u00edgenas que nunca viram uma c\u00e2mera e n\u00e3o sabem o que \u00e9 um document\u00e1rio. Tanto que a funda\u00e7\u00e3o nunca cobrou a anu\u00eancia para a exibi\u00e7\u00e3o de outras filmagens de ind\u00edgenas isolados. Em dezembro de 2024, a pr\u00f3pria Funai distribuiu \u00e0 imprensa v\u00eddeos de um grupo de isolados sem consult\u00e1-los.<\/span><\/span><\/p>\n<\/div>\n<div class=\"added-to-list1\" data-pf_style_display=\"block\" data-pf_style_visibility=\"visible\">\n<p class=\"added-to-list1\" data-pf_style_display=\"block\" data-pf_style_visibility=\"visible\"><span data-pf_style_display=\"inline\" data-pf_style_visibility=\"visible\"><span class=\"text-node\">Os korubos t\u00eam avers\u00e3o a registros audiovisuais deles pr\u00f3prios, conforme relata uma antrop\u00f3loga que viveu um ano e dois meses entre eles. Mas isso n\u00e3o impediu que eles autorizassem que o fot\u00f3grafo Sebasti\u00e3o Salgado fizesse e expusesse uma s\u00e9rie de retratos de korubos em 2017, numa negocia\u00e7\u00e3o intermediada pela Funai.<\/span><\/span><\/p>\n<div>\n<p>Apesar da interdi\u00e7\u00e3o do filme, imagens dos korubos feitas por Bruno Jorge est\u00e3o dispon\u00edveis no document\u00e1rio <i>Vale dos isolados<\/i>, dirigido pela jornalista S\u00f4nia Bridi, da Rede Globo, sobre o assassinato de Bruno Pereira e Dom Phillips. Jorge licenciou dez minutos de <i>A inven\u00e7\u00e3o do outro<\/i> para o filme de Bridi, que est\u00e1 dispon\u00edvel na Globoplay. Ao contr\u00e1rio do que aconteceu com Jorge, nem a Globo nem S\u00f4nia Bridi receberam qualquer notifica\u00e7\u00e3o judicial ou extrajudicial referente ao caso.<\/p>\n<\/div>\n<div>\n<p>Assinantes da revista podem ler a \u00edntegra da reportagem neste <a href=\"https:\/\/piaui.folha.uol.com.br\/materia\/funai-mandou-tirar-de-circulacao-o-filme-sobre-uma-expedicao-liderada-por-bruno-pereira\/\">link<\/a>.<\/p>\n<\/div>\n<\/div>\n","protected":false},"excerpt":{"rendered":"<p>Revista Piau\u00ed- Desde 1987 o Brasil adota a pol\u00edtica de n\u00e3o fazer contato com os ind\u00edgenas isolados, por entender que eles optaram por viver \u00e0 margem da sociedade. Apesar disso, em 2019, a Funai decidiu contactar um grupo isolado de korubos, considerando que corriam risco de serem massacrados num conflito territorial com os matis. Uma&#8230;<a class=\"more-link\" href=\"http:\/\/blogdalucianaoliveira.com.br\/blog\/2025\/02\/07\/filme-sobre-indigenas-isolados-esta-proibido-ha-oito-meses\/\">Continue a leitura <span class=\"meta-nav\">&raquo;<\/span><\/a><\/p>\n","protected":false},"author":1,"featured_media":0,"comment_status":"closed","ping_status":"open","sticky":false,"template":"","format":"standard","meta":{"_exactmetrics_skip_tracking":false,"_exactmetrics_sitenote_active":false,"_exactmetrics_sitenote_note":"","_exactmetrics_sitenote_category":0,"jetpack_post_was_ever_published":false,"_jetpack_newsletter_access":"","_jetpack_dont_email_post_to_subs":false,"_jetpack_newsletter_tier_id":0,"_jetpack_memberships_contains_paywalled_content":false,"_jetpack_memberships_contains_paid_content":false,"footnotes":"","jetpack_publicize_message":"","jetpack_publicize_feature_enabled":true,"jetpack_social_post_already_shared":true,"jetpack_social_options":{"image_generator_settings":{"template":"highway","enabled":false},"version":2}},"categories":[1],"tags":[],"class_list":["post-36508","post","type-post","status-publish","format-standard","hentry","category-notas"],"jetpack_publicize_connections":[],"jetpack_sharing_enabled":true,"jetpack_featured_media_url":"","jetpack_shortlink":"https:\/\/wp.me\/p7wKYW-9uQ","jetpack-related-posts":[],"_links":{"self":[{"href":"http:\/\/blogdalucianaoliveira.com.br\/blog\/wp-json\/wp\/v2\/posts\/36508","targetHints":{"allow":["GET"]}}],"collection":[{"href":"http:\/\/blogdalucianaoliveira.com.br\/blog\/wp-json\/wp\/v2\/posts"}],"about":[{"href":"http:\/\/blogdalucianaoliveira.com.br\/blog\/wp-json\/wp\/v2\/types\/post"}],"author":[{"embeddable":true,"href":"http:\/\/blogdalucianaoliveira.com.br\/blog\/wp-json\/wp\/v2\/users\/1"}],"replies":[{"embeddable":true,"href":"http:\/\/blogdalucianaoliveira.com.br\/blog\/wp-json\/wp\/v2\/comments?post=36508"}],"version-history":[{"count":1,"href":"http:\/\/blogdalucianaoliveira.com.br\/blog\/wp-json\/wp\/v2\/posts\/36508\/revisions"}],"predecessor-version":[{"id":36510,"href":"http:\/\/blogdalucianaoliveira.com.br\/blog\/wp-json\/wp\/v2\/posts\/36508\/revisions\/36510"}],"wp:attachment":[{"href":"http:\/\/blogdalucianaoliveira.com.br\/blog\/wp-json\/wp\/v2\/media?parent=36508"}],"wp:term":[{"taxonomy":"category","embeddable":true,"href":"http:\/\/blogdalucianaoliveira.com.br\/blog\/wp-json\/wp\/v2\/categories?post=36508"},{"taxonomy":"post_tag","embeddable":true,"href":"http:\/\/blogdalucianaoliveira.com.br\/blog\/wp-json\/wp\/v2\/tags?post=36508"}],"curies":[{"name":"wp","href":"https:\/\/api.w.org\/{rel}","templated":true}]}}