{"id":36512,"date":"2025-02-10T10:48:20","date_gmt":"2025-02-10T14:48:20","guid":{"rendered":"http:\/\/blogdalucianaoliveira.com.br\/blog\/?p=36512"},"modified":"2025-02-10T10:48:20","modified_gmt":"2025-02-10T14:48:20","slug":"pastor-e-deputado-que-quer-trocar-carnaval-por-show-gospel-sao-investigados-no-ma","status":"publish","type":"post","link":"http:\/\/blogdalucianaoliveira.com.br\/blog\/2025\/02\/10\/pastor-e-deputado-que-quer-trocar-carnaval-por-show-gospel-sao-investigados-no-ma\/","title":{"rendered":"Pastor e deputado que quer trocar carnaval por show gospel s\u00e3o investigados no MA"},"content":{"rendered":"<p><img data-recalc-dims=\"1\" loading=\"lazy\" decoding=\"async\" data-attachment-id=\"36513\" data-permalink=\"http:\/\/blogdalucianaoliveira.com.br\/blog\/2025\/02\/10\/pastor-e-deputado-que-quer-trocar-carnaval-por-show-gospel-sao-investigados-no-ma\/img_7315-2\/\" data-orig-file=\"https:\/\/i0.wp.com\/blogdalucianaoliveira.com.br\/blog\/wp-content\/uploads\/2025\/02\/IMG_7315.webp?fit=1280%2C720\" data-orig-size=\"1280,720\" data-comments-opened=\"0\" data-image-meta=\"{&quot;aperture&quot;:&quot;0&quot;,&quot;credit&quot;:&quot;&quot;,&quot;camera&quot;:&quot;&quot;,&quot;caption&quot;:&quot;&quot;,&quot;created_timestamp&quot;:&quot;0&quot;,&quot;copyright&quot;:&quot;&quot;,&quot;focal_length&quot;:&quot;0&quot;,&quot;iso&quot;:&quot;0&quot;,&quot;shutter_speed&quot;:&quot;0&quot;,&quot;title&quot;:&quot;&quot;,&quot;orientation&quot;:&quot;0&quot;}\" data-image-title=\"IMG_7315\" data-image-description=\"\" data-image-caption=\"\" data-medium-file=\"https:\/\/i0.wp.com\/blogdalucianaoliveira.com.br\/blog\/wp-content\/uploads\/2025\/02\/IMG_7315.webp?fit=300%2C169\" data-large-file=\"https:\/\/i0.wp.com\/blogdalucianaoliveira.com.br\/blog\/wp-content\/uploads\/2025\/02\/IMG_7315.webp?fit=600%2C338\" class=\"alignnone size-medium wp-image-36513\" src=\"https:\/\/i0.wp.com\/blogdalucianaoliveira.com.br\/blog\/wp-content\/uploads\/2025\/02\/IMG_7315.webp?resize=300%2C169\" alt=\"\" width=\"300\" height=\"169\" srcset=\"https:\/\/i0.wp.com\/blogdalucianaoliveira.com.br\/blog\/wp-content\/uploads\/2025\/02\/IMG_7315.webp?resize=300%2C169 300w, https:\/\/i0.wp.com\/blogdalucianaoliveira.com.br\/blog\/wp-content\/uploads\/2025\/02\/IMG_7315.webp?resize=1024%2C576 1024w, https:\/\/i0.wp.com\/blogdalucianaoliveira.com.br\/blog\/wp-content\/uploads\/2025\/02\/IMG_7315.webp?resize=768%2C432 768w, https:\/\/i0.wp.com\/blogdalucianaoliveira.com.br\/blog\/wp-content\/uploads\/2025\/02\/IMG_7315.webp?resize=533%2C300 533w, https:\/\/i0.wp.com\/blogdalucianaoliveira.com.br\/blog\/wp-content\/uploads\/2025\/02\/IMG_7315.webp?w=1280 1280w, https:\/\/i0.wp.com\/blogdalucianaoliveira.com.br\/blog\/wp-content\/uploads\/2025\/02\/IMG_7315.webp?w=1200 1200w\" sizes=\"auto, (max-width: 300px) 100vw, 300px\" \/><\/p>\n<p style=\"text-align: left;\">\nRevista F\u00f3rum &#8211; A Pol\u00edcia Federal investiga o deputado federal Pastor Gil (PL-MA) por suspeita de envolvimento em um esquema de corrup\u00e7\u00e3o relacionado \u00e0 venda de emendas parlamentares. De acordo com as investiga\u00e7\u00f5es, ele e outros deputados do Partido Liberal teriam solicitado propinas em troca da destina\u00e7\u00e3o de recursos federais a prefeituras, principalmente no Maranh\u00e3o.<!--more--><\/p>\n<div class=\"\" data-pf_style_display=\"block\" data-pf_style_visibility=\"visible\">\n<div class=\"article-content--cuerpo pf-candidate\" data-pf_style_display=\"block\" data-pf_style_visibility=\"visible\">\n<p class=\"added-to-list1\" data-pf_style_display=\"block\" data-pf_style_visibility=\"visible\"><span class=\"text-node\">Segundo a investiga\u00e7\u00e3o, Pastor Gil, ao lado dos deputados Josimar Maranh\u00e3ozinho (PL-MA) e Bosco Costa (PL-SE), utilizava sua influ\u00eancia para direcionar emendas parlamentares a determinados munic\u00edpios, exigindo a devolu\u00e7\u00e3o de parte dos valores em propina. Prefeitos que recusavam participar do esquema sofriam retalia\u00e7\u00f5es pol\u00edticas e amea\u00e7as.<\/span><\/p>\n<p class=\"content-banner added-to-list1\">\n<p class=\"added-to-list1\" data-pf_style_display=\"block\" data-pf_style_visibility=\"visible\"><span class=\"text-node\">Um dos casos investigados envolve o ex-prefeito de S\u00e3o Jos\u00e9 de Ribamar (MA), Eudes Sampaio, que denunciou press\u00f5es para repassar 25% dos recursos destinados \u00e0 sa\u00fade do munic\u00edpio. Ao se recusar, ele teria recebido amea\u00e7as contra sua integridade f\u00edsica e a de seus familiares.<\/span><\/p>\n<p class=\"content-banner added-to-list1\">\n<p class=\"added-to-list1\" data-pf_style_display=\"block\" data-pf_style_visibility=\"visible\"><strong data-pf_style_display=\"inline\" data-pf_style_visibility=\"visible\"><span class=\"text-node\">Provas e den\u00fancia da PGR<\/span><\/strong><\/p>\n<p class=\"added-to-list1\" data-pf_style_display=\"block\" data-pf_style_visibility=\"visible\"><span class=\"text-node\">A Pol\u00edcia Federal obteve mensagens entre os investigados que refor\u00e7am as acusa\u00e7\u00f5es. Em uma das conversas, Pastor Gil sugere uma reuni\u00e3o com um prefeito para negociar a emenda, enquanto Josimar Maranh\u00e3ozinho alerta sobre o risco de o encontro ser registrado por c\u00e2meras de seguran\u00e7a, evidenciando preocupa\u00e7\u00e3o com o monitoramento das autoridades.<\/span><\/p>\n<p class=\"added-to-list1\" data-pf_style_display=\"block\" data-pf_style_visibility=\"visible\"><span class=\"text-node\">Diante das provas, a Procuradoria-Geral da Rep\u00fablica (PGR) apresentou uma den\u00fancia ao Supremo Tribunal Federal (STF) contra os tr\u00eas parlamentares, acusando-os de integrarem organiza\u00e7\u00e3o criminosa e praticarem corrup\u00e7\u00e3o passiva. O relator do caso, ministro Cristiano Zanin, liberou a den\u00fancia para julgamento na Primeira Turma do STF, em data ainda a ser definida.<\/span><\/p>\n<p class=\"added-to-list1\" data-pf_style_display=\"block\" data-pf_style_visibility=\"visible\"><span class=\"text-node\">Em nota, a defesa de Pastor Gil negou todas as acusa\u00e7\u00f5es e afirmou que o parlamentar aguarda o julgamento no STF com a confian\u00e7a de que os esclarecimentos apresentados comprovar\u00e3o sua inoc\u00eancia.<\/span><\/p>\n<p class=\"added-to-list1\" data-pf_style_display=\"block\" data-pf_style_visibility=\"visible\"><strong data-pf_style_display=\"inline\" data-pf_style_visibility=\"visible\"><span class=\"text-node\">O papel de Josimar Maranh\u00e3ozinho no esquema<\/span><\/strong><\/p>\n<p class=\"added-to-list1\" data-pf_style_display=\"block\" data-pf_style_visibility=\"visible\"><span class=\"text-node\">Segundo a PGR, Josimar Maranh\u00e3ozinho era o l\u00edder do grupo. Ele teria coordenado a destina\u00e7\u00e3o de R$ 6,67 milh\u00f5es em emendas, cobrando o pagamento de propinas que totalizavam R$ 1,6 milh\u00e3o. As investiga\u00e7\u00f5es apontam que as transa\u00e7\u00f5es ocorriam entre dezembro de 2019 e abril de 2020. Josimar Maranh\u00e3ozinho foi not\u00edcia recentemente por aparecer ao lado da prefeita de Z\u00e9 Doca, Flavinha Dantas, anunciando a troca do carnaval na cidade por um evento gospel <\/span><\/p>\n<p class=\"added-to-list1\" data-pf_style_display=\"block\" data-pf_style_visibility=\"visible\"><span class=\"text-node\">Anota\u00e7\u00f5es encontradas no escrit\u00f3rio de Josimar indicam um esquema sistem\u00e1tico de cobran\u00e7a de propina sobre emendas destinadas a outros munic\u00edpios maranhenses. A PGR afirma que a venda de emendas tamb\u00e9m ocorreu em diversas outras cidades al\u00e9m de S\u00e3o Jos\u00e9 de Ribamar. <\/span><\/p>\n<p class=\"added-to-list1\" data-pf_style_display=\"block\" data-pf_style_visibility=\"visible\"><span class=\"text-node\">Os tr\u00eas deputados foram denunciados pelos crimes de corrup\u00e7\u00e3o passiva e participa\u00e7\u00e3o em organiza\u00e7\u00e3o criminosa, com um pedido adicional de perda de fun\u00e7\u00e3o p\u00fablica e pagamento de danos morais coletivos no valor de R$ 1,67 milh\u00e3o. <\/span><\/p>\n<p class=\"added-to-list1\" data-pf_style_display=\"block\" data-pf_style_visibility=\"visible\"><strong data-pf_style_display=\"inline\" data-pf_style_visibility=\"visible\"><span class=\"text-node\">Impacto na pol\u00edtica maranhense<\/span><\/strong><\/p>\n<p class=\"added-to-list1\" data-pf_style_display=\"block\" data-pf_style_visibility=\"visible\"><span class=\"text-node\">O caso tem gerado repercuss\u00e3o no cen\u00e1rio pol\u00edtico, especialmente no Maranh\u00e3o, onde Josimar Maranh\u00e3ozinho exerce forte influ\u00eancia. Apesar da investiga\u00e7\u00e3o, ele segue no comando do PL no estado, com apoio do presidente nacional do partido, Valdemar Costa Neto. Em decis\u00e3o recente, Valdemar manteve Josimar no controle do diret\u00f3rio estadual, contrariando recomenda\u00e7\u00e3o do ex-presidente Jair Bolsonaro, que havia pedido o afastamento do deputado ap\u00f3s alian\u00e7as pol\u00edticas com partidos de esquerda, mas se calou em rela\u00e7\u00e3o \u00e0s acusa\u00e7\u00f5es de corrup\u00e7\u00e3o. <\/span><\/p>\n<p class=\"added-to-list1\" data-pf_style_display=\"block\" data-pf_style_visibility=\"visible\"><span class=\"text-node\">O desdobramento da investiga\u00e7\u00e3o e o julgamento da den\u00fancia no STF ser\u00e3o decisivos para o futuro pol\u00edtico dos parlamentares envolvidos.<\/span><\/p>\n<\/div>\n<\/div>\n<p><!--more--><\/p>\n","protected":false},"excerpt":{"rendered":"<p>Revista F\u00f3rum &#8211; A Pol\u00edcia Federal investiga o deputado federal Pastor Gil (PL-MA) por suspeita de envolvimento em um esquema de corrup\u00e7\u00e3o relacionado \u00e0 venda de emendas parlamentares. De acordo com as investiga\u00e7\u00f5es, ele e outros deputados do Partido Liberal teriam solicitado propinas em troca da destina\u00e7\u00e3o de recursos federais a prefeituras, principalmente no Maranh\u00e3o.<\/p>\n","protected":false},"author":1,"featured_media":0,"comment_status":"closed","ping_status":"open","sticky":false,"template":"","format":"standard","meta":{"_exactmetrics_skip_tracking":false,"_exactmetrics_sitenote_active":false,"_exactmetrics_sitenote_note":"","_exactmetrics_sitenote_category":0,"jetpack_post_was_ever_published":false,"_jetpack_newsletter_access":"","_jetpack_dont_email_post_to_subs":false,"_jetpack_newsletter_tier_id":0,"_jetpack_memberships_contains_paywalled_content":false,"_jetpack_memberships_contains_paid_content":false,"footnotes":"","jetpack_publicize_message":"","jetpack_publicize_feature_enabled":true,"jetpack_social_post_already_shared":true,"jetpack_social_options":{"image_generator_settings":{"template":"highway","enabled":false},"version":2}},"categories":[1],"tags":[248,1266,1265,1103],"class_list":["post-36512","post","type-post","status-publish","format-standard","hentry","category-notas","tag-carnaval","tag-deputado","tag-gospel","tag-pastor"],"jetpack_publicize_connections":[],"jetpack_sharing_enabled":true,"jetpack_featured_media_url":"","jetpack_shortlink":"https:\/\/wp.me\/p7wKYW-9uU","jetpack-related-posts":[],"_links":{"self":[{"href":"http:\/\/blogdalucianaoliveira.com.br\/blog\/wp-json\/wp\/v2\/posts\/36512","targetHints":{"allow":["GET"]}}],"collection":[{"href":"http:\/\/blogdalucianaoliveira.com.br\/blog\/wp-json\/wp\/v2\/posts"}],"about":[{"href":"http:\/\/blogdalucianaoliveira.com.br\/blog\/wp-json\/wp\/v2\/types\/post"}],"author":[{"embeddable":true,"href":"http:\/\/blogdalucianaoliveira.com.br\/blog\/wp-json\/wp\/v2\/users\/1"}],"replies":[{"embeddable":true,"href":"http:\/\/blogdalucianaoliveira.com.br\/blog\/wp-json\/wp\/v2\/comments?post=36512"}],"version-history":[{"count":1,"href":"http:\/\/blogdalucianaoliveira.com.br\/blog\/wp-json\/wp\/v2\/posts\/36512\/revisions"}],"predecessor-version":[{"id":36514,"href":"http:\/\/blogdalucianaoliveira.com.br\/blog\/wp-json\/wp\/v2\/posts\/36512\/revisions\/36514"}],"wp:attachment":[{"href":"http:\/\/blogdalucianaoliveira.com.br\/blog\/wp-json\/wp\/v2\/media?parent=36512"}],"wp:term":[{"taxonomy":"category","embeddable":true,"href":"http:\/\/blogdalucianaoliveira.com.br\/blog\/wp-json\/wp\/v2\/categories?post=36512"},{"taxonomy":"post_tag","embeddable":true,"href":"http:\/\/blogdalucianaoliveira.com.br\/blog\/wp-json\/wp\/v2\/tags?post=36512"}],"curies":[{"name":"wp","href":"https:\/\/api.w.org\/{rel}","templated":true}]}}