{"id":36515,"date":"2025-02-10T11:04:48","date_gmt":"2025-02-10T15:04:48","guid":{"rendered":"http:\/\/blogdalucianaoliveira.com.br\/blog\/?p=36515"},"modified":"2025-02-10T11:06:12","modified_gmt":"2025-02-10T15:06:12","slug":"bloco-pirarucu-do-madeira-faz-campanha-contra-assedio-no-carnaval-e-por-respeito-a-diversidade","status":"publish","type":"post","link":"http:\/\/blogdalucianaoliveira.com.br\/blog\/2025\/02\/10\/bloco-pirarucu-do-madeira-faz-campanha-contra-assedio-no-carnaval-e-por-respeito-a-diversidade\/","title":{"rendered":"Bloco Pirarucu do Madeira faz campanha contra ass\u00e9dio no carnaval e por respeito \u00e0 diversidade"},"content":{"rendered":"<p><img data-recalc-dims=\"1\" loading=\"lazy\" decoding=\"async\" data-attachment-id=\"36516\" data-permalink=\"http:\/\/blogdalucianaoliveira.com.br\/blog\/2025\/02\/10\/bloco-pirarucu-do-madeira-faz-campanha-contra-assedio-no-carnaval-e-por-respeito-a-diversidade\/img_7318\/\" data-orig-file=\"https:\/\/i0.wp.com\/blogdalucianaoliveira.com.br\/blog\/wp-content\/uploads\/2025\/02\/IMG_7318.jpeg?fit=1170%2C1458\" data-orig-size=\"1170,1458\" data-comments-opened=\"0\" data-image-meta=\"{&quot;aperture&quot;:&quot;0&quot;,&quot;credit&quot;:&quot;&quot;,&quot;camera&quot;:&quot;&quot;,&quot;caption&quot;:&quot;&quot;,&quot;created_timestamp&quot;:&quot;0&quot;,&quot;copyright&quot;:&quot;&quot;,&quot;focal_length&quot;:&quot;0&quot;,&quot;iso&quot;:&quot;0&quot;,&quot;shutter_speed&quot;:&quot;0&quot;,&quot;title&quot;:&quot;&quot;,&quot;orientation&quot;:&quot;1&quot;}\" data-image-title=\"IMG_7318\" data-image-description=\"\" data-image-caption=\"\" data-medium-file=\"https:\/\/i0.wp.com\/blogdalucianaoliveira.com.br\/blog\/wp-content\/uploads\/2025\/02\/IMG_7318.jpeg?fit=241%2C300\" data-large-file=\"https:\/\/i0.wp.com\/blogdalucianaoliveira.com.br\/blog\/wp-content\/uploads\/2025\/02\/IMG_7318.jpeg?fit=600%2C747\" class=\"alignnone size-medium wp-image-36516\" src=\"https:\/\/i0.wp.com\/blogdalucianaoliveira.com.br\/blog\/wp-content\/uploads\/2025\/02\/IMG_7318.jpeg?resize=241%2C300\" alt=\"\" width=\"241\" height=\"300\" srcset=\"https:\/\/i0.wp.com\/blogdalucianaoliveira.com.br\/blog\/wp-content\/uploads\/2025\/02\/IMG_7318.jpeg?resize=241%2C300 241w, https:\/\/i0.wp.com\/blogdalucianaoliveira.com.br\/blog\/wp-content\/uploads\/2025\/02\/IMG_7318.jpeg?resize=822%2C1024 822w, https:\/\/i0.wp.com\/blogdalucianaoliveira.com.br\/blog\/wp-content\/uploads\/2025\/02\/IMG_7318.jpeg?resize=768%2C957 768w, https:\/\/i0.wp.com\/blogdalucianaoliveira.com.br\/blog\/wp-content\/uploads\/2025\/02\/IMG_7318.jpeg?w=1170 1170w\" sizes=\"auto, (max-width: 241px) 100vw, 241px\" \/><\/p>\n<p class=\"p1\">Com 32 anos de funda\u00e7\u00e3o e como Patrim\u00f4nio Cultural Imaterial de Porto Velho, o bloco \u00e9 conhecido como o mais democr\u00e1tico.<\/p>\n<p class=\"p3\"><span class=\"s2\">Isso se d\u00e1 ao formato do seu desfile, sem cordas, sem venda de abad\u00e1s, totalmente gratuito e por seu apelo ao respeito \u00e0 diversidade.<\/span><!--more--><\/p>\n<p class=\"p3\"><span class=\"s2\">As <\/span><span class=\"s2\">a\u00e7\u00f5es do bloco s\u00e3o no sentido de proteger todos os foli\u00f5es em sua diversidade, especialmente as crian\u00e7as, pessoas com defici\u00eancia e mulheres. <\/span><\/p>\n<p class=\"p3\"><span class=\"s2\">\u201cN\u00e3o h\u00e1 espa\u00e7o para qualquer tipo de preconceito, ass\u00e9dio ou indiferen\u00e7a com os foli\u00f5es que precisam de cuidado e prote\u00e7\u00e3o no desfile. <\/span><\/p>\n<p class=\"p3\"><span class=\"s2\">N\u00f3s investimos \u00a0em campanhas educativas para que a folia seja segura, alegre e inclusiva\u201d, disse Ernande Segismundo, presidente do bloco.<\/span><\/p>\n<p class=\"p3\"><span class=\"s2\">Com adesivos que podem ser usados na roupa ou sobre a pele, o bloco chama a aten\u00e7\u00e3o para o combate ao ass\u00e9dio e o respeito \u00e0 diversidade.<\/span><\/p>\n<p><img data-recalc-dims=\"1\" loading=\"lazy\" decoding=\"async\" data-attachment-id=\"36517\" data-permalink=\"http:\/\/blogdalucianaoliveira.com.br\/blog\/2025\/02\/10\/bloco-pirarucu-do-madeira-faz-campanha-contra-assedio-no-carnaval-e-por-respeito-a-diversidade\/img_7316\/\" data-orig-file=\"https:\/\/i0.wp.com\/blogdalucianaoliveira.com.br\/blog\/wp-content\/uploads\/2025\/02\/IMG_7316.jpeg?fit=1170%2C1117\" data-orig-size=\"1170,1117\" data-comments-opened=\"0\" data-image-meta=\"{&quot;aperture&quot;:&quot;0&quot;,&quot;credit&quot;:&quot;&quot;,&quot;camera&quot;:&quot;&quot;,&quot;caption&quot;:&quot;&quot;,&quot;created_timestamp&quot;:&quot;0&quot;,&quot;copyright&quot;:&quot;&quot;,&quot;focal_length&quot;:&quot;0&quot;,&quot;iso&quot;:&quot;0&quot;,&quot;shutter_speed&quot;:&quot;0&quot;,&quot;title&quot;:&quot;&quot;,&quot;orientation&quot;:&quot;1&quot;}\" data-image-title=\"IMG_7316\" data-image-description=\"\" data-image-caption=\"\" data-medium-file=\"https:\/\/i0.wp.com\/blogdalucianaoliveira.com.br\/blog\/wp-content\/uploads\/2025\/02\/IMG_7316.jpeg?fit=300%2C286\" data-large-file=\"https:\/\/i0.wp.com\/blogdalucianaoliveira.com.br\/blog\/wp-content\/uploads\/2025\/02\/IMG_7316.jpeg?fit=600%2C573\" class=\"alignnone size-medium wp-image-36517\" src=\"https:\/\/i0.wp.com\/blogdalucianaoliveira.com.br\/blog\/wp-content\/uploads\/2025\/02\/IMG_7316.jpeg?resize=300%2C286\" alt=\"\" width=\"300\" height=\"286\" srcset=\"https:\/\/i0.wp.com\/blogdalucianaoliveira.com.br\/blog\/wp-content\/uploads\/2025\/02\/IMG_7316.jpeg?resize=300%2C286 300w, https:\/\/i0.wp.com\/blogdalucianaoliveira.com.br\/blog\/wp-content\/uploads\/2025\/02\/IMG_7316.jpeg?resize=1024%2C978 1024w, https:\/\/i0.wp.com\/blogdalucianaoliveira.com.br\/blog\/wp-content\/uploads\/2025\/02\/IMG_7316.jpeg?resize=768%2C733 768w, https:\/\/i0.wp.com\/blogdalucianaoliveira.com.br\/blog\/wp-content\/uploads\/2025\/02\/IMG_7316.jpeg?resize=314%2C300 314w, https:\/\/i0.wp.com\/blogdalucianaoliveira.com.br\/blog\/wp-content\/uploads\/2025\/02\/IMG_7316.jpeg?w=1170 1170w\" sizes=\"auto, (max-width: 300px) 100vw, 300px\" \/><\/p>\n<p class=\"p3\"><span class=\"s2\">\u00c9 uma iniciativa com apoio da gr\u00e1fica Vers\u00e1til, que todos os anos se engaja nas campanhas educativas.<\/span><\/p>\n<p><img data-recalc-dims=\"1\" loading=\"lazy\" decoding=\"async\" data-attachment-id=\"36518\" data-permalink=\"http:\/\/blogdalucianaoliveira.com.br\/blog\/2025\/02\/10\/bloco-pirarucu-do-madeira-faz-campanha-contra-assedio-no-carnaval-e-por-respeito-a-diversidade\/346c7ada-882e-4740-85d8-410385eff5c5\/\" data-orig-file=\"https:\/\/i0.wp.com\/blogdalucianaoliveira.com.br\/blog\/wp-content\/uploads\/2025\/02\/346c7ada-882e-4740-85d8-410385eff5c5.jpeg?fit=1600%2C520\" data-orig-size=\"1600,520\" data-comments-opened=\"0\" data-image-meta=\"{&quot;aperture&quot;:&quot;0&quot;,&quot;credit&quot;:&quot;&quot;,&quot;camera&quot;:&quot;&quot;,&quot;caption&quot;:&quot;&quot;,&quot;created_timestamp&quot;:&quot;0&quot;,&quot;copyright&quot;:&quot;&quot;,&quot;focal_length&quot;:&quot;0&quot;,&quot;iso&quot;:&quot;0&quot;,&quot;shutter_speed&quot;:&quot;0&quot;,&quot;title&quot;:&quot;&quot;,&quot;orientation&quot;:&quot;0&quot;}\" data-image-title=\"346c7ada-882e-4740-85d8-410385eff5c5\" data-image-description=\"\" data-image-caption=\"\" data-medium-file=\"https:\/\/i0.wp.com\/blogdalucianaoliveira.com.br\/blog\/wp-content\/uploads\/2025\/02\/346c7ada-882e-4740-85d8-410385eff5c5.jpeg?fit=300%2C98\" data-large-file=\"https:\/\/i0.wp.com\/blogdalucianaoliveira.com.br\/blog\/wp-content\/uploads\/2025\/02\/346c7ada-882e-4740-85d8-410385eff5c5.jpeg?fit=600%2C195\" class=\"alignnone size-medium wp-image-36518\" src=\"https:\/\/i0.wp.com\/blogdalucianaoliveira.com.br\/blog\/wp-content\/uploads\/2025\/02\/346c7ada-882e-4740-85d8-410385eff5c5.jpeg?resize=300%2C98\" alt=\"\" width=\"300\" height=\"98\" srcset=\"https:\/\/i0.wp.com\/blogdalucianaoliveira.com.br\/blog\/wp-content\/uploads\/2025\/02\/346c7ada-882e-4740-85d8-410385eff5c5.jpeg?resize=300%2C98 300w, https:\/\/i0.wp.com\/blogdalucianaoliveira.com.br\/blog\/wp-content\/uploads\/2025\/02\/346c7ada-882e-4740-85d8-410385eff5c5.jpeg?resize=1024%2C333 1024w, https:\/\/i0.wp.com\/blogdalucianaoliveira.com.br\/blog\/wp-content\/uploads\/2025\/02\/346c7ada-882e-4740-85d8-410385eff5c5.jpeg?resize=768%2C250 768w, https:\/\/i0.wp.com\/blogdalucianaoliveira.com.br\/blog\/wp-content\/uploads\/2025\/02\/346c7ada-882e-4740-85d8-410385eff5c5.jpeg?resize=1536%2C499 1536w, https:\/\/i0.wp.com\/blogdalucianaoliveira.com.br\/blog\/wp-content\/uploads\/2025\/02\/346c7ada-882e-4740-85d8-410385eff5c5.jpeg?resize=800%2C260 800w, https:\/\/i0.wp.com\/blogdalucianaoliveira.com.br\/blog\/wp-content\/uploads\/2025\/02\/346c7ada-882e-4740-85d8-410385eff5c5.jpeg?w=1600 1600w, https:\/\/i0.wp.com\/blogdalucianaoliveira.com.br\/blog\/wp-content\/uploads\/2025\/02\/346c7ada-882e-4740-85d8-410385eff5c5.jpeg?w=1200 1200w\" sizes=\"auto, (max-width: 300px) 100vw, 300px\" \/><\/p>\n<p class=\"p3\"><span class=\"s2\">Os adesivos est\u00e3o sendo distribu\u00eddos nos eventos pr\u00e9-carnavalescos e tamb\u00e9m estar\u00e3o dispon\u00edveis no desfile marcado para o dia 23 de fevereiro.<\/span><\/p>\n<p class=\"p3\"><span class=\"s2\">A concentra\u00e7\u00e3o come\u00e7a \u00e0s 15 hs, no Circuito da Pinheiro Machado e o desfile est\u00e1 previsto para come\u00e7ar \u00e0s 17 hs.<\/span><\/p>\n<p class=\"p3\"><span class=\"s2\">Este ano o bloco homenageia a Bailarina da Pra\u00e7a, artista de rua que h\u00e1 40 anos dan\u00e7a para alegrar eventos p\u00fablicos.<\/span><\/p>\n<p><img data-recalc-dims=\"1\" loading=\"lazy\" decoding=\"async\" data-attachment-id=\"36499\" data-permalink=\"http:\/\/blogdalucianaoliveira.com.br\/blog\/2025\/02\/04\/esquenta-do-bloco-pirarucu-do-madeira-e-nesta-sexta-no-bar-do-calixto\/b4cfef11-d571-4c7b-96f4-b7bfd5737c48-2\/\" data-orig-file=\"https:\/\/i0.wp.com\/blogdalucianaoliveira.com.br\/blog\/wp-content\/uploads\/2025\/02\/b4cfef11-d571-4c7b-96f4-b7bfd5737c48.jpeg?fit=730%2C914\" data-orig-size=\"730,914\" data-comments-opened=\"0\" data-image-meta=\"{&quot;aperture&quot;:&quot;0&quot;,&quot;credit&quot;:&quot;&quot;,&quot;camera&quot;:&quot;&quot;,&quot;caption&quot;:&quot;&quot;,&quot;created_timestamp&quot;:&quot;0&quot;,&quot;copyright&quot;:&quot;&quot;,&quot;focal_length&quot;:&quot;0&quot;,&quot;iso&quot;:&quot;0&quot;,&quot;shutter_speed&quot;:&quot;0&quot;,&quot;title&quot;:&quot;&quot;,&quot;orientation&quot;:&quot;0&quot;}\" data-image-title=\"b4cfef11-d571-4c7b-96f4-b7bfd5737c48\" data-image-description=\"\" data-image-caption=\"\" data-medium-file=\"https:\/\/i0.wp.com\/blogdalucianaoliveira.com.br\/blog\/wp-content\/uploads\/2025\/02\/b4cfef11-d571-4c7b-96f4-b7bfd5737c48.jpeg?fit=240%2C300\" data-large-file=\"https:\/\/i0.wp.com\/blogdalucianaoliveira.com.br\/blog\/wp-content\/uploads\/2025\/02\/b4cfef11-d571-4c7b-96f4-b7bfd5737c48.jpeg?fit=600%2C751\" class=\"alignnone size-medium wp-image-36499\" src=\"https:\/\/i0.wp.com\/blogdalucianaoliveira.com.br\/blog\/wp-content\/uploads\/2025\/02\/b4cfef11-d571-4c7b-96f4-b7bfd5737c48.jpeg?resize=240%2C300\" alt=\"\" width=\"240\" height=\"300\" srcset=\"https:\/\/i0.wp.com\/blogdalucianaoliveira.com.br\/blog\/wp-content\/uploads\/2025\/02\/b4cfef11-d571-4c7b-96f4-b7bfd5737c48.jpeg?resize=240%2C300 240w, https:\/\/i0.wp.com\/blogdalucianaoliveira.com.br\/blog\/wp-content\/uploads\/2025\/02\/b4cfef11-d571-4c7b-96f4-b7bfd5737c48.jpeg?w=730 730w\" sizes=\"auto, (max-width: 240px) 100vw, 240px\" \/><\/p>\n","protected":false},"excerpt":{"rendered":"<p>Com 32 anos de funda\u00e7\u00e3o e como Patrim\u00f4nio Cultural Imaterial de Porto Velho, o bloco \u00e9 conhecido como o mais democr\u00e1tico. Isso se d\u00e1 ao formato do seu desfile, sem cordas, sem venda de abad\u00e1s, totalmente gratuito e por seu apelo ao respeito \u00e0 diversidade.<\/p>\n","protected":false},"author":1,"featured_media":0,"comment_status":"closed","ping_status":"open","sticky":false,"template":"","format":"standard","meta":{"_exactmetrics_skip_tracking":false,"_exactmetrics_sitenote_active":false,"_exactmetrics_sitenote_note":"","_exactmetrics_sitenote_category":0,"jetpack_post_was_ever_published":false,"_jetpack_newsletter_access":"","_jetpack_dont_email_post_to_subs":false,"_jetpack_newsletter_tier_id":0,"_jetpack_memberships_contains_paywalled_content":false,"_jetpack_memberships_contains_paid_content":false,"footnotes":"","jetpack_publicize_message":"","jetpack_publicize_feature_enabled":true,"jetpack_social_post_already_shared":true,"jetpack_social_options":{"image_generator_settings":{"template":"highway","enabled":false},"version":2}},"categories":[1],"tags":[821,1093,1252],"class_list":["post-36515","post","type-post","status-publish","format-standard","hentry","category-notas","tag-bloco-pirarucu-do-madeira","tag-campanha","tag-carnaval-2025"],"jetpack_publicize_connections":[],"jetpack_sharing_enabled":true,"jetpack_featured_media_url":"","jetpack_shortlink":"https:\/\/wp.me\/p7wKYW-9uX","jetpack-related-posts":[],"_links":{"self":[{"href":"http:\/\/blogdalucianaoliveira.com.br\/blog\/wp-json\/wp\/v2\/posts\/36515","targetHints":{"allow":["GET"]}}],"collection":[{"href":"http:\/\/blogdalucianaoliveira.com.br\/blog\/wp-json\/wp\/v2\/posts"}],"about":[{"href":"http:\/\/blogdalucianaoliveira.com.br\/blog\/wp-json\/wp\/v2\/types\/post"}],"author":[{"embeddable":true,"href":"http:\/\/blogdalucianaoliveira.com.br\/blog\/wp-json\/wp\/v2\/users\/1"}],"replies":[{"embeddable":true,"href":"http:\/\/blogdalucianaoliveira.com.br\/blog\/wp-json\/wp\/v2\/comments?post=36515"}],"version-history":[{"count":2,"href":"http:\/\/blogdalucianaoliveira.com.br\/blog\/wp-json\/wp\/v2\/posts\/36515\/revisions"}],"predecessor-version":[{"id":36520,"href":"http:\/\/blogdalucianaoliveira.com.br\/blog\/wp-json\/wp\/v2\/posts\/36515\/revisions\/36520"}],"wp:attachment":[{"href":"http:\/\/blogdalucianaoliveira.com.br\/blog\/wp-json\/wp\/v2\/media?parent=36515"}],"wp:term":[{"taxonomy":"category","embeddable":true,"href":"http:\/\/blogdalucianaoliveira.com.br\/blog\/wp-json\/wp\/v2\/categories?post=36515"},{"taxonomy":"post_tag","embeddable":true,"href":"http:\/\/blogdalucianaoliveira.com.br\/blog\/wp-json\/wp\/v2\/tags?post=36515"}],"curies":[{"name":"wp","href":"https:\/\/api.w.org\/{rel}","templated":true}]}}