{"id":36524,"date":"2025-02-11T17:07:23","date_gmt":"2025-02-11T21:07:23","guid":{"rendered":"http:\/\/blogdalucianaoliveira.com.br\/blog\/?p=36524"},"modified":"2025-02-11T17:07:23","modified_gmt":"2025-02-11T21:07:23","slug":"video-ao-condenar-assassino-juiza-absolve-vitima-de-feminicidio-em-carta-emocionante","status":"publish","type":"post","link":"http:\/\/blogdalucianaoliveira.com.br\/blog\/2025\/02\/11\/video-ao-condenar-assassino-juiza-absolve-vitima-de-feminicidio-em-carta-emocionante\/","title":{"rendered":"V\u00cdDEO: ao condenar assassino, ju\u00edza \u201cabsolve\u201d v\u00edtima de feminic\u00eddio em carta emocionante"},"content":{"rendered":"<p><img data-recalc-dims=\"1\" loading=\"lazy\" decoding=\"async\" data-attachment-id=\"36525\" data-permalink=\"http:\/\/blogdalucianaoliveira.com.br\/blog\/2025\/02\/11\/video-ao-condenar-assassino-juiza-absolve-vitima-de-feminicidio-em-carta-emocionante\/img_7406\/\" data-orig-file=\"https:\/\/i0.wp.com\/blogdalucianaoliveira.com.br\/blog\/wp-content\/uploads\/2025\/02\/IMG_7406.webp?fit=425%2C230\" data-orig-size=\"425,230\" data-comments-opened=\"0\" data-image-meta=\"{&quot;aperture&quot;:&quot;0&quot;,&quot;credit&quot;:&quot;&quot;,&quot;camera&quot;:&quot;&quot;,&quot;caption&quot;:&quot;&quot;,&quot;created_timestamp&quot;:&quot;0&quot;,&quot;copyright&quot;:&quot;&quot;,&quot;focal_length&quot;:&quot;0&quot;,&quot;iso&quot;:&quot;0&quot;,&quot;shutter_speed&quot;:&quot;0&quot;,&quot;title&quot;:&quot;&quot;,&quot;orientation&quot;:&quot;0&quot;}\" data-image-title=\"IMG_7406\" data-image-description=\"\" data-image-caption=\"\" data-medium-file=\"https:\/\/i0.wp.com\/blogdalucianaoliveira.com.br\/blog\/wp-content\/uploads\/2025\/02\/IMG_7406.webp?fit=300%2C162\" data-large-file=\"https:\/\/i0.wp.com\/blogdalucianaoliveira.com.br\/blog\/wp-content\/uploads\/2025\/02\/IMG_7406.webp?fit=425%2C230\" class=\"alignnone size-medium wp-image-36525\" src=\"https:\/\/i0.wp.com\/blogdalucianaoliveira.com.br\/blog\/wp-content\/uploads\/2025\/02\/IMG_7406.webp?resize=300%2C162\" alt=\"\" width=\"300\" height=\"162\" srcset=\"https:\/\/i0.wp.com\/blogdalucianaoliveira.com.br\/blog\/wp-content\/uploads\/2025\/02\/IMG_7406.webp?resize=300%2C162 300w, https:\/\/i0.wp.com\/blogdalucianaoliveira.com.br\/blog\/wp-content\/uploads\/2025\/02\/IMG_7406.webp?w=425 425w\" sizes=\"auto, (max-width: 300px) 100vw, 300px\" \/><\/p>\n<h2 class=\"bajada\">Ao som de Chopin, a magistrada Ana Carolina Santana se dirigiu \u00e0 v\u00edtima, que sofreu ataques durante o julgamento do criminoso<\/h2>\n<p><!--more--><\/p>\n<p>Revista F\u00f3rum &#8211; Ao ler uma senten\u00e7a de um caso de <a href=\"https:\/\/revistaforum.com.br\/temas\/feminicidio-2081.html\" target=\"_blank\" rel=\"noopener\">feminic\u00eddio<\/a>, a <a href=\"https:\/\/revistaforum.com.br\/temas\/juiza-16731.html\" target=\"_blank\" rel=\"noopener\">ju\u00edza <\/a><strong>de Direito Ana Carolina Santana<\/strong>, de <strong>Pernambuco<\/strong>, resolveu fazer uma homenagem inusitada \u00e0 <a href=\"https:\/\/revistaforum.com.br\/temas\/vitima-20342.html\" target=\"_blank\" rel=\"noopener\">v\u00edtima<\/a>.<\/p>\n<p>Ela leu uma carta, ao som de um prel\u00fadio de <strong>Chopin<\/strong>, em que \u201cabsolve\u201d a v\u00edtima: &#8220;Voc\u00ea foi absolvida. Voc\u00ea n\u00e3o teve culpa de nada que te aconteceu.&#8221;<\/p>\n<p>O caso, divulgado pelo site <strong>Migalhas<\/strong>, emocionou os internautas. Na carta, a ju\u00edza citou a realidade do machismo e as tentativas de desqualificar a v\u00edtima ao longo do processo.<\/p>\n<p>Ana Carolina disse ainda que, em oito anos de profiss\u00e3o, nunca antes um processo precisou ser refeito, como ocorreu com este.<\/p>\n<p>O assassino foi condenado a 32 anos de reclus\u00e3o.<\/p>\n<p>Veja o v\u00eddeo abaixo:<\/p>\n<div class=\"widget-twitter\">\n<div class=\"widget widget-twitter\"><a href=\"https:\/\/x.com\/portalmigalhas\/status\/1889290464487956516?s=46\">https:\/\/x.com\/portalmigalhas\/status\/1889290464487956516?s=46<\/a><\/p>\n<\/div>\n<div><\/div>\n<\/div>\n","protected":false},"excerpt":{"rendered":"<p>Ao som de Chopin, a magistrada Ana Carolina Santana se dirigiu \u00e0 v\u00edtima, que sofreu ataques durante o julgamento do criminoso<\/p>\n","protected":false},"author":1,"featured_media":0,"comment_status":"closed","ping_status":"open","sticky":false,"template":"","format":"standard","meta":{"_exactmetrics_skip_tracking":false,"_exactmetrics_sitenote_active":false,"_exactmetrics_sitenote_note":"","_exactmetrics_sitenote_category":0,"jetpack_post_was_ever_published":false,"_jetpack_newsletter_access":"","_jetpack_dont_email_post_to_subs":false,"_jetpack_newsletter_tier_id":0,"_jetpack_memberships_contains_paywalled_content":false,"_jetpack_memberships_contains_paid_content":false,"footnotes":"","jetpack_publicize_message":"","jetpack_publicize_feature_enabled":true,"jetpack_social_post_already_shared":true,"jetpack_social_options":{"image_generator_settings":{"template":"highway","enabled":false},"version":2}},"categories":[1],"tags":[],"class_list":["post-36524","post","type-post","status-publish","format-standard","hentry","category-notas"],"jetpack_publicize_connections":[],"jetpack_sharing_enabled":true,"jetpack_featured_media_url":"","jetpack_shortlink":"https:\/\/wp.me\/p7wKYW-9v6","jetpack-related-posts":[],"_links":{"self":[{"href":"http:\/\/blogdalucianaoliveira.com.br\/blog\/wp-json\/wp\/v2\/posts\/36524","targetHints":{"allow":["GET"]}}],"collection":[{"href":"http:\/\/blogdalucianaoliveira.com.br\/blog\/wp-json\/wp\/v2\/posts"}],"about":[{"href":"http:\/\/blogdalucianaoliveira.com.br\/blog\/wp-json\/wp\/v2\/types\/post"}],"author":[{"embeddable":true,"href":"http:\/\/blogdalucianaoliveira.com.br\/blog\/wp-json\/wp\/v2\/users\/1"}],"replies":[{"embeddable":true,"href":"http:\/\/blogdalucianaoliveira.com.br\/blog\/wp-json\/wp\/v2\/comments?post=36524"}],"version-history":[{"count":2,"href":"http:\/\/blogdalucianaoliveira.com.br\/blog\/wp-json\/wp\/v2\/posts\/36524\/revisions"}],"predecessor-version":[{"id":36527,"href":"http:\/\/blogdalucianaoliveira.com.br\/blog\/wp-json\/wp\/v2\/posts\/36524\/revisions\/36527"}],"wp:attachment":[{"href":"http:\/\/blogdalucianaoliveira.com.br\/blog\/wp-json\/wp\/v2\/media?parent=36524"}],"wp:term":[{"taxonomy":"category","embeddable":true,"href":"http:\/\/blogdalucianaoliveira.com.br\/blog\/wp-json\/wp\/v2\/categories?post=36524"},{"taxonomy":"post_tag","embeddable":true,"href":"http:\/\/blogdalucianaoliveira.com.br\/blog\/wp-json\/wp\/v2\/tags?post=36524"}],"curies":[{"name":"wp","href":"https:\/\/api.w.org\/{rel}","templated":true}]}}