{"id":36530,"date":"2025-02-14T09:17:53","date_gmt":"2025-02-14T13:17:53","guid":{"rendered":"http:\/\/blogdalucianaoliveira.com.br\/blog\/?p=36530"},"modified":"2025-02-14T09:17:53","modified_gmt":"2025-02-14T13:17:53","slug":"prefeitos-buscam-apoio-contra-mudancas-climaticas","status":"publish","type":"post","link":"http:\/\/blogdalucianaoliveira.com.br\/blog\/2025\/02\/14\/prefeitos-buscam-apoio-contra-mudancas-climaticas\/","title":{"rendered":"Prefeitos buscam apoio contra mudan\u00e7as clim\u00e1ticas"},"content":{"rendered":"<p><img data-recalc-dims=\"1\" loading=\"lazy\" decoding=\"async\" data-attachment-id=\"36531\" data-permalink=\"http:\/\/blogdalucianaoliveira.com.br\/blog\/2025\/02\/14\/prefeitos-buscam-apoio-contra-mudancas-climaticas\/img_7577\/\" data-orig-file=\"https:\/\/i0.wp.com\/blogdalucianaoliveira.com.br\/blog\/wp-content\/uploads\/2025\/02\/IMG_7577.webp?fit=1170%2C700\" data-orig-size=\"1170,700\" data-comments-opened=\"0\" data-image-meta=\"{&quot;aperture&quot;:&quot;0&quot;,&quot;credit&quot;:&quot;&quot;,&quot;camera&quot;:&quot;&quot;,&quot;caption&quot;:&quot;&quot;,&quot;created_timestamp&quot;:&quot;0&quot;,&quot;copyright&quot;:&quot;&quot;,&quot;focal_length&quot;:&quot;0&quot;,&quot;iso&quot;:&quot;0&quot;,&quot;shutter_speed&quot;:&quot;0&quot;,&quot;title&quot;:&quot;&quot;,&quot;orientation&quot;:&quot;0&quot;}\" data-image-title=\"IMG_7577\" data-image-description=\"\" data-image-caption=\"\" data-medium-file=\"https:\/\/i0.wp.com\/blogdalucianaoliveira.com.br\/blog\/wp-content\/uploads\/2025\/02\/IMG_7577.webp?fit=300%2C179\" data-large-file=\"https:\/\/i0.wp.com\/blogdalucianaoliveira.com.br\/blog\/wp-content\/uploads\/2025\/02\/IMG_7577.webp?fit=600%2C359\" class=\"alignnone size-medium wp-image-36531\" src=\"https:\/\/i0.wp.com\/blogdalucianaoliveira.com.br\/blog\/wp-content\/uploads\/2025\/02\/IMG_7577.webp?resize=300%2C179\" alt=\"\" width=\"300\" height=\"179\" srcset=\"https:\/\/i0.wp.com\/blogdalucianaoliveira.com.br\/blog\/wp-content\/uploads\/2025\/02\/IMG_7577.webp?resize=300%2C179 300w, https:\/\/i0.wp.com\/blogdalucianaoliveira.com.br\/blog\/wp-content\/uploads\/2025\/02\/IMG_7577.webp?resize=1024%2C613 1024w, https:\/\/i0.wp.com\/blogdalucianaoliveira.com.br\/blog\/wp-content\/uploads\/2025\/02\/IMG_7577.webp?resize=768%2C459 768w, https:\/\/i0.wp.com\/blogdalucianaoliveira.com.br\/blog\/wp-content\/uploads\/2025\/02\/IMG_7577.webp?resize=501%2C300 501w, https:\/\/i0.wp.com\/blogdalucianaoliveira.com.br\/blog\/wp-content\/uploads\/2025\/02\/IMG_7577.webp?w=1170 1170w\" sizes=\"auto, (max-width: 300px) 100vw, 300px\" \/><\/p>\n<p>Encontro em Bras\u00edlia reuniu representantes de 3,3 mil cidades<!--more--><\/p>\n<p>EBC &#8211; No munic\u00edpio do Soure, no Arquip\u00e9lago do Maraj\u00f3 (PA), o prefeito Paulo Victor Silva recorda que, \u201cantigamente\u201d, a popula\u00e7\u00e3o conhecia a evolu\u00e7\u00e3o das mar\u00e9s e do clima conforme o m\u00eas. \u201cA gente sabia que, em mar\u00e7o, a mar\u00e9 ficava mais alta e nos prepar\u00e1vamos para esse m\u00eas. Mas agora acontece em setembro, dezembro, janeiro\u201d, diz o prefeito. As mudan\u00e7as clim\u00e1ticas nunca foram t\u00e3o evidentes, acrescenta.<img data-recalc-dims=\"1\" decoding=\"async\" src=\"https:\/\/i0.wp.com\/agenciabrasil.ebc.com.br\/ebc.png?w=600&#038;ssl=1\" \/><img data-recalc-dims=\"1\" decoding=\"async\" src=\"https:\/\/i0.wp.com\/agenciabrasil.ebc.com.br\/ebc.gif?w=600&#038;ssl=1\" \/><\/p>\n<p>Ele foi um dos mais de 3,3 mil prefeitos que estiveram em um encontro nacional\u00a0de gestores de todo o pais,\u00a0em Bras\u00edlia, e que dizem ser necess\u00e1rio apoio aos munic\u00edpios para enfrentar essa rotina de instabilidade. \u201cA gente tem um povo que depende do meio ambiente, de pessoas que trabalham nas praias\u201d.<\/p>\n<p>O problema das mudan\u00e7as clim\u00e1ticas e do impacto para os munic\u00edpios foi um dos principais temas discutidos no evento nesta semana. \u201cQuero entender o que posso fazer nesses desastres que j\u00e1 est\u00e3o acontecendo l\u00e1 para a gente. O mar est\u00e1 batendo na casa de pessoas. Est\u00e3o caindo muitas casas\u201d, disse Silva.<\/p>\n<h2>Capacita\u00e7\u00e3o<\/h2>\n<p>Antes do in\u00edcio do encontro, o ministro <a href=\"https:\/\/agenciabrasil.ebc.com.br\/geral\/noticia\/2025-02\/padilha-encontro-vai-preparar-prefeitos-para-mudancas-climaticas\" target=\"_blank\" rel=\"noopener\">Alexandre Padilha,<\/a> da Secretaria de Rela\u00e7\u00f5es Institucionais (SRI) da Presid\u00eancia da Rep\u00fablica, j\u00e1 havia indicado que um dos seus objetivos era ensinar os prefeitos a se mobilizar diante desse cen\u00e1rio. O encontro contou com uma plataforma de simula\u00e7\u00e3o din\u00e2mica chamada \u201cPrefeitar\u201d, a fim de gerar simula\u00e7\u00f5es. \u201cUma cidade que esteja enfrentando uma enchente deve saber como montar a sala da situa\u00e7\u00e3o, como acionar os recursos da Defesa Civil e como organizar a equipe\u201d, disse\u00a0o ministro.<\/p>\n<p>Conforme a secret\u00e1ria executiva adjunta da SRI, Juliana Carneiro, a ideia da din\u00e2mica do &#8220;Prefeitar&#8221; envolveu preocupa\u00e7\u00e3o sobre as responsabilidades, considerando que o governo federal tem recursos para ajudar, mas os gestores precisam compreender o papel de cada ente federativo. \u201c\u00c0s vezes, o prefeito n\u00e3o sabe que \u00e9 necess\u00e1rio entrar no sistema da Defesa Civil e o que deve preencher para que aquela realidade p\u00fablica seja declarada\u201d.<\/p>\n<h2>Consci\u00eancia<\/h2>\n<p>Por isso, no encontro, os prefeitos participaram de oficinas e palestras sobre como pode ser a rea\u00e7\u00e3o das gest\u00f5es municipais e como recorrer a verbas para essas situa\u00e7\u00f5es. Segundo o presidente da Associa\u00e7\u00e3o Brasileira de Munic\u00edpios, Ary Vanazzi, esse \u00e9 um debate importante que precisa ocorrer nas esferas municipais.<\/p>\n<p>\u201cH\u00e1 quem acredite que a crise clim\u00e1tica \u00e9 um problema do governo federal ou de governos internacionais. O problema clim\u00e1tico nasce no munic\u00edpio. E cada gestor precisa tomar consci\u00eancia disso\u201d, disse. O representante da entidade ponderou que s\u00e3o necess\u00e1rios recursos para investir em pol\u00edticas para ajudar o pacto global dos munic\u00edpios.<\/p>\n<h2>&#8220;N\u00e3o importa o tamanho da cidade&#8221;<\/h2>\n<p>No encontro, os gestores entenderam que \u00e9 necess\u00e1rio agir com rapidez. \u00c9\u00a0o o caso do prefeito de Santo Antonio do Jacinto, Edemark Pinheiro, que disse que as grandes enchentes passaram a ocorrer com mais recorr\u00eancia\u00a0e gerar preju\u00edzos particularmente entre os meses de outubro e mar\u00e7o, para uma popula\u00e7\u00e3o de pouco mais de 10 mil habitantes. Da mesma forma, as mudan\u00e7as clim\u00e1ticas fazem parte de uma rotina em cidades como a de Orindi\u00fava, de 7\u00a0mil habitantes.<\/p>\n<p>A prefeita Mireli Martins tem certeza de que o munic\u00edpio pequeno tamb\u00e9m precisa se preparar. \u201cPor exemplo, meu munic\u00edpio n\u00e3o tinha Defesa Civil, n\u00f3s criamos. Ent\u00e3o, aumenta a nossa folha de pessoal. A quest\u00e3o clim\u00e1tica \u00e9 mundial, mas o munic\u00edpio, n\u00e3o importa o tamanho, precisa estar preparado para tudo\u201d, avaliou.<\/p>\n<p><em>*Colaborou G\u00e9sio Passos, da R\u00e1dio Nacional<\/em><\/p>\n","protected":false},"excerpt":{"rendered":"<p>Encontro em Bras\u00edlia reuniu representantes de 3,3 mil cidades<\/p>\n","protected":false},"author":1,"featured_media":0,"comment_status":"closed","ping_status":"open","sticky":false,"template":"","format":"standard","meta":{"_exactmetrics_skip_tracking":false,"_exactmetrics_sitenote_active":false,"_exactmetrics_sitenote_note":"","_exactmetrics_sitenote_category":0,"jetpack_post_was_ever_published":false,"_jetpack_newsletter_access":"","_jetpack_dont_email_post_to_subs":false,"_jetpack_newsletter_tier_id":0,"_jetpack_memberships_contains_paywalled_content":false,"_jetpack_memberships_contains_paid_content":false,"footnotes":"","jetpack_publicize_message":"","jetpack_publicize_feature_enabled":true,"jetpack_social_post_already_shared":true,"jetpack_social_options":{"image_generator_settings":{"template":"highway","enabled":false},"version":2}},"categories":[1],"tags":[],"class_list":["post-36530","post","type-post","status-publish","format-standard","hentry","category-notas"],"jetpack_publicize_connections":[],"jetpack_sharing_enabled":true,"jetpack_featured_media_url":"","jetpack_shortlink":"https:\/\/wp.me\/p7wKYW-9vc","jetpack-related-posts":[],"_links":{"self":[{"href":"http:\/\/blogdalucianaoliveira.com.br\/blog\/wp-json\/wp\/v2\/posts\/36530","targetHints":{"allow":["GET"]}}],"collection":[{"href":"http:\/\/blogdalucianaoliveira.com.br\/blog\/wp-json\/wp\/v2\/posts"}],"about":[{"href":"http:\/\/blogdalucianaoliveira.com.br\/blog\/wp-json\/wp\/v2\/types\/post"}],"author":[{"embeddable":true,"href":"http:\/\/blogdalucianaoliveira.com.br\/blog\/wp-json\/wp\/v2\/users\/1"}],"replies":[{"embeddable":true,"href":"http:\/\/blogdalucianaoliveira.com.br\/blog\/wp-json\/wp\/v2\/comments?post=36530"}],"version-history":[{"count":1,"href":"http:\/\/blogdalucianaoliveira.com.br\/blog\/wp-json\/wp\/v2\/posts\/36530\/revisions"}],"predecessor-version":[{"id":36532,"href":"http:\/\/blogdalucianaoliveira.com.br\/blog\/wp-json\/wp\/v2\/posts\/36530\/revisions\/36532"}],"wp:attachment":[{"href":"http:\/\/blogdalucianaoliveira.com.br\/blog\/wp-json\/wp\/v2\/media?parent=36530"}],"wp:term":[{"taxonomy":"category","embeddable":true,"href":"http:\/\/blogdalucianaoliveira.com.br\/blog\/wp-json\/wp\/v2\/categories?post=36530"},{"taxonomy":"post_tag","embeddable":true,"href":"http:\/\/blogdalucianaoliveira.com.br\/blog\/wp-json\/wp\/v2\/tags?post=36530"}],"curies":[{"name":"wp","href":"https:\/\/api.w.org\/{rel}","templated":true}]}}