{"id":36537,"date":"2025-02-18T11:01:02","date_gmt":"2025-02-18T15:01:02","guid":{"rendered":"http:\/\/blogdalucianaoliveira.com.br\/blog\/?p=36537"},"modified":"2025-02-18T11:01:02","modified_gmt":"2025-02-18T15:01:02","slug":"sustentabilidade-no-carnaval-ecopore-e-bloco-pirarucu-do-madeira-firmam-parceria","status":"publish","type":"post","link":"http:\/\/blogdalucianaoliveira.com.br\/blog\/2025\/02\/18\/sustentabilidade-no-carnaval-ecopore-e-bloco-pirarucu-do-madeira-firmam-parceria\/","title":{"rendered":"Sustentabilidade no carnaval: Ecopor\u00e9 e bloco Pirarucu do Madeira firmam parceria"},"content":{"rendered":"<p><img data-recalc-dims=\"1\" loading=\"lazy\" decoding=\"async\" data-attachment-id=\"36539\" data-permalink=\"http:\/\/blogdalucianaoliveira.com.br\/blog\/2025\/02\/18\/sustentabilidade-no-carnaval-ecopore-e-bloco-pirarucu-do-madeira-firmam-parceria\/img_8045\/\" data-orig-file=\"https:\/\/i0.wp.com\/blogdalucianaoliveira.com.br\/blog\/wp-content\/uploads\/2025\/02\/IMG_8045.jpeg?fit=1170%2C1246\" data-orig-size=\"1170,1246\" data-comments-opened=\"0\" data-image-meta=\"{&quot;aperture&quot;:&quot;0&quot;,&quot;credit&quot;:&quot;&quot;,&quot;camera&quot;:&quot;&quot;,&quot;caption&quot;:&quot;&quot;,&quot;created_timestamp&quot;:&quot;0&quot;,&quot;copyright&quot;:&quot;&quot;,&quot;focal_length&quot;:&quot;0&quot;,&quot;iso&quot;:&quot;0&quot;,&quot;shutter_speed&quot;:&quot;0&quot;,&quot;title&quot;:&quot;&quot;,&quot;orientation&quot;:&quot;1&quot;}\" data-image-title=\"IMG_8045\" data-image-description=\"\" data-image-caption=\"\" data-medium-file=\"https:\/\/i0.wp.com\/blogdalucianaoliveira.com.br\/blog\/wp-content\/uploads\/2025\/02\/IMG_8045.jpeg?fit=282%2C300\" data-large-file=\"https:\/\/i0.wp.com\/blogdalucianaoliveira.com.br\/blog\/wp-content\/uploads\/2025\/02\/IMG_8045.jpeg?fit=600%2C639\" class=\"alignnone size-medium wp-image-36539\" src=\"https:\/\/i0.wp.com\/blogdalucianaoliveira.com.br\/blog\/wp-content\/uploads\/2025\/02\/IMG_8045.jpeg?resize=282%2C300\" alt=\"\" width=\"282\" height=\"300\" srcset=\"https:\/\/i0.wp.com\/blogdalucianaoliveira.com.br\/blog\/wp-content\/uploads\/2025\/02\/IMG_8045.jpeg?resize=282%2C300 282w, https:\/\/i0.wp.com\/blogdalucianaoliveira.com.br\/blog\/wp-content\/uploads\/2025\/02\/IMG_8045.jpeg?resize=962%2C1024 962w, https:\/\/i0.wp.com\/blogdalucianaoliveira.com.br\/blog\/wp-content\/uploads\/2025\/02\/IMG_8045.jpeg?resize=768%2C818 768w, https:\/\/i0.wp.com\/blogdalucianaoliveira.com.br\/blog\/wp-content\/uploads\/2025\/02\/IMG_8045.jpeg?w=1170 1170w\" sizes=\"auto, (max-width: 282px) 100vw, 282px\" \/><\/p>\n<p>&nbsp;<\/p>\n<p>Neste carnaval, a Ecopor\u00e9 uniu-se ao bloco Pirarucu do Madeira para lan\u00e7arem a campanha \u201cpara cada foli\u00e3o, uma muda plantada\u201d, com a finalidade de brincar o carnaval e contribuir com a restaura\u00e7\u00e3o ecol\u00f3gica. Esta \u00e9 a primeira vez que a Ecopor\u00e9 executa uma a\u00e7\u00e3o no contexto da festa mais popular do pa\u00eds.<br \/>\nO bloco Pirarucu do Madeira desfila no domingo, dia 23 de fevereiro, com concentra\u00e7\u00e3o a partir das 15h, no Circuito da Pinheiro Machado. O desfile est\u00e1 previsto para come\u00e7ar \u00e0s 17h.<\/p>\n<p>J\u00e1 o plantio das \u00e1rvores destinadas para esta a\u00e7\u00e3o ser\u00e1 realizado conforme um planejamento da Ecopor\u00e9, observando as \u00e1reas que precisam ser recuperadas e o per\u00edodo mais prop\u00edcio para sua sobreviv\u00eancia, que ser\u00e1 a partir de novembro com a intensifica\u00e7\u00e3o do inverno amaz\u00f4nico.<br \/>\nSobre a parceria, o presidente da Ecopor\u00e9 Marcelo Ferronato fala que \u201ca cultura popular \u00e9 uma ferramenta poderosa para debater temas relevantes para a sociedade, e o carnaval de rua, al\u00e9m de ser um espa\u00e7o de celebra\u00e7\u00e3o e descontra\u00e7\u00e3o, historicamente tem servido como palco para dar visibilidade a pautas importantes.<\/p>\n<p>A restaura\u00e7\u00e3o ecol\u00f3gica \u00e9 uma delas, pois representa uma das principais estrat\u00e9gias para enfrentar a crise clim\u00e1tica e mitigar seus efeitos adversos, que j\u00e1 s\u00e3o sentidos na Amaz\u00f4nia, especialmente em Rond\u00f4nia\u201d.<br \/>\nPara o presidente do Pirarucu do Madeira, Ernande Segismundo, \u201cessa parceria com a Ecopor\u00e9 reafirma o compromisso de fazer do bloco um instrumento de transforma\u00e7\u00e3o social. Fazemos do nosso bloco uma vitrine para chamar a aten\u00e7\u00e3o dos foli\u00f5es a quest\u00f5es sociais e ambientais\u201d.<\/p>\n<p><img data-recalc-dims=\"1\" loading=\"lazy\" decoding=\"async\" data-attachment-id=\"36540\" data-permalink=\"http:\/\/blogdalucianaoliveira.com.br\/blog\/2025\/02\/18\/sustentabilidade-no-carnaval-ecopore-e-bloco-pirarucu-do-madeira-firmam-parceria\/img_8043\/\" data-orig-file=\"https:\/\/i0.wp.com\/blogdalucianaoliveira.com.br\/blog\/wp-content\/uploads\/2025\/02\/IMG_8043.jpeg?fit=1170%2C1448\" data-orig-size=\"1170,1448\" data-comments-opened=\"0\" data-image-meta=\"{&quot;aperture&quot;:&quot;0&quot;,&quot;credit&quot;:&quot;&quot;,&quot;camera&quot;:&quot;&quot;,&quot;caption&quot;:&quot;&quot;,&quot;created_timestamp&quot;:&quot;0&quot;,&quot;copyright&quot;:&quot;&quot;,&quot;focal_length&quot;:&quot;0&quot;,&quot;iso&quot;:&quot;0&quot;,&quot;shutter_speed&quot;:&quot;0&quot;,&quot;title&quot;:&quot;&quot;,&quot;orientation&quot;:&quot;1&quot;}\" data-image-title=\"IMG_8043\" data-image-description=\"\" data-image-caption=\"\" data-medium-file=\"https:\/\/i0.wp.com\/blogdalucianaoliveira.com.br\/blog\/wp-content\/uploads\/2025\/02\/IMG_8043.jpeg?fit=242%2C300\" data-large-file=\"https:\/\/i0.wp.com\/blogdalucianaoliveira.com.br\/blog\/wp-content\/uploads\/2025\/02\/IMG_8043.jpeg?fit=600%2C743\" class=\"alignnone size-medium wp-image-36540\" src=\"https:\/\/i0.wp.com\/blogdalucianaoliveira.com.br\/blog\/wp-content\/uploads\/2025\/02\/IMG_8043.jpeg?resize=242%2C300\" alt=\"\" width=\"242\" height=\"300\" srcset=\"https:\/\/i0.wp.com\/blogdalucianaoliveira.com.br\/blog\/wp-content\/uploads\/2025\/02\/IMG_8043.jpeg?resize=242%2C300 242w, https:\/\/i0.wp.com\/blogdalucianaoliveira.com.br\/blog\/wp-content\/uploads\/2025\/02\/IMG_8043.jpeg?resize=827%2C1024 827w, https:\/\/i0.wp.com\/blogdalucianaoliveira.com.br\/blog\/wp-content\/uploads\/2025\/02\/IMG_8043.jpeg?resize=768%2C950 768w, https:\/\/i0.wp.com\/blogdalucianaoliveira.com.br\/blog\/wp-content\/uploads\/2025\/02\/IMG_8043.jpeg?w=1170 1170w\" sizes=\"auto, (max-width: 242px) 100vw, 242px\" \/> <img data-recalc-dims=\"1\" loading=\"lazy\" decoding=\"async\" data-attachment-id=\"36541\" data-permalink=\"http:\/\/blogdalucianaoliveira.com.br\/blog\/2025\/02\/18\/sustentabilidade-no-carnaval-ecopore-e-bloco-pirarucu-do-madeira-firmam-parceria\/img_8044\/\" data-orig-file=\"https:\/\/i0.wp.com\/blogdalucianaoliveira.com.br\/blog\/wp-content\/uploads\/2025\/02\/IMG_8044.jpeg?fit=1170%2C1422\" data-orig-size=\"1170,1422\" data-comments-opened=\"0\" data-image-meta=\"{&quot;aperture&quot;:&quot;0&quot;,&quot;credit&quot;:&quot;&quot;,&quot;camera&quot;:&quot;&quot;,&quot;caption&quot;:&quot;&quot;,&quot;created_timestamp&quot;:&quot;0&quot;,&quot;copyright&quot;:&quot;&quot;,&quot;focal_length&quot;:&quot;0&quot;,&quot;iso&quot;:&quot;0&quot;,&quot;shutter_speed&quot;:&quot;0&quot;,&quot;title&quot;:&quot;&quot;,&quot;orientation&quot;:&quot;1&quot;}\" data-image-title=\"IMG_8044\" data-image-description=\"\" data-image-caption=\"\" data-medium-file=\"https:\/\/i0.wp.com\/blogdalucianaoliveira.com.br\/blog\/wp-content\/uploads\/2025\/02\/IMG_8044.jpeg?fit=247%2C300\" data-large-file=\"https:\/\/i0.wp.com\/blogdalucianaoliveira.com.br\/blog\/wp-content\/uploads\/2025\/02\/IMG_8044.jpeg?fit=600%2C729\" class=\"alignnone size-medium wp-image-36541\" src=\"https:\/\/i0.wp.com\/blogdalucianaoliveira.com.br\/blog\/wp-content\/uploads\/2025\/02\/IMG_8044.jpeg?resize=247%2C300\" alt=\"\" width=\"247\" height=\"300\" srcset=\"https:\/\/i0.wp.com\/blogdalucianaoliveira.com.br\/blog\/wp-content\/uploads\/2025\/02\/IMG_8044.jpeg?resize=247%2C300 247w, https:\/\/i0.wp.com\/blogdalucianaoliveira.com.br\/blog\/wp-content\/uploads\/2025\/02\/IMG_8044.jpeg?resize=843%2C1024 843w, https:\/\/i0.wp.com\/blogdalucianaoliveira.com.br\/blog\/wp-content\/uploads\/2025\/02\/IMG_8044.jpeg?resize=768%2C933 768w, https:\/\/i0.wp.com\/blogdalucianaoliveira.com.br\/blog\/wp-content\/uploads\/2025\/02\/IMG_8044.jpeg?w=1170 1170w\" sizes=\"auto, (max-width: 247px) 100vw, 247px\" \/><br \/>\nA diretora do bloco, Luciana Oliveira, completa informando que o Pirarucu do Madeira tem tr\u00eas frevos ind\u00edgenas, frevo contra o desmatamento e campanha educativa contra o ass\u00e9dio e pelo respeito \u00e0 diversidade. \u201cAgora, vamos reflorestar mentes com uma campanha de incentivo ao plantio de \u00e1rvores\u201d, finaliza.<\/p>\n<p>*Ecopor\u00e9*<br \/>\nFundada em 1988, a A\u00e7\u00e3o Ecol\u00f3gica Guapor\u00e9 (Ecopor\u00e9) tem uma trajet\u00f3ria consolidada como refer\u00eancia em conserva\u00e7\u00e3o e recupera\u00e7\u00e3o ambiental e desenvolvimento sustent\u00e1vel. Nos \u00faltimos 15 anos, executou mais de 30 projetos que apoiaram o plantio de mais de dez milh\u00f5es de \u00e1rvores em Rond\u00f4nia, buscando conectar a conserva\u00e7\u00e3o da natureza \u00e0 gera\u00e7\u00e3o de renda para comunidades.<\/p>\n<p>*Bloco Pirarucu do Madeira*<br \/>\nO bloco Pirarucu do Madeira surgiu em 1993 e foi inspirado no bloco Bacalhau do Batata, de Olinda (PE). O bloco come\u00e7ou pequeno, mas hoje conta com uma multid\u00e3o, com pessoas de todas as idades. Desde 2023, o bloco \u00e9 considerado Patrim\u00f4nio Imaterial de Porto Velho.<\/p>\n<p><img data-recalc-dims=\"1\" loading=\"lazy\" decoding=\"async\" data-attachment-id=\"36538\" data-permalink=\"http:\/\/blogdalucianaoliveira.com.br\/blog\/2025\/02\/18\/sustentabilidade-no-carnaval-ecopore-e-bloco-pirarucu-do-madeira-firmam-parceria\/img_6648\/\" data-orig-file=\"https:\/\/i0.wp.com\/blogdalucianaoliveira.com.br\/blog\/wp-content\/uploads\/2025\/02\/IMG_6648.jpeg?fit=1600%2C1066\" data-orig-size=\"1600,1066\" data-comments-opened=\"0\" data-image-meta=\"{&quot;aperture&quot;:&quot;0&quot;,&quot;credit&quot;:&quot;&quot;,&quot;camera&quot;:&quot;&quot;,&quot;caption&quot;:&quot;&quot;,&quot;created_timestamp&quot;:&quot;0&quot;,&quot;copyright&quot;:&quot;&quot;,&quot;focal_length&quot;:&quot;0&quot;,&quot;iso&quot;:&quot;0&quot;,&quot;shutter_speed&quot;:&quot;0&quot;,&quot;title&quot;:&quot;&quot;,&quot;orientation&quot;:&quot;0&quot;}\" data-image-title=\"IMG_6648\" data-image-description=\"\" data-image-caption=\"\" data-medium-file=\"https:\/\/i0.wp.com\/blogdalucianaoliveira.com.br\/blog\/wp-content\/uploads\/2025\/02\/IMG_6648.jpeg?fit=300%2C200\" data-large-file=\"https:\/\/i0.wp.com\/blogdalucianaoliveira.com.br\/blog\/wp-content\/uploads\/2025\/02\/IMG_6648.jpeg?fit=600%2C400\" class=\"alignnone size-medium wp-image-36538\" src=\"https:\/\/i0.wp.com\/blogdalucianaoliveira.com.br\/blog\/wp-content\/uploads\/2025\/02\/IMG_6648.jpeg?resize=300%2C200\" alt=\"\" width=\"300\" height=\"200\" srcset=\"https:\/\/i0.wp.com\/blogdalucianaoliveira.com.br\/blog\/wp-content\/uploads\/2025\/02\/IMG_6648.jpeg?resize=300%2C200 300w, https:\/\/i0.wp.com\/blogdalucianaoliveira.com.br\/blog\/wp-content\/uploads\/2025\/02\/IMG_6648.jpeg?resize=1024%2C682 1024w, https:\/\/i0.wp.com\/blogdalucianaoliveira.com.br\/blog\/wp-content\/uploads\/2025\/02\/IMG_6648.jpeg?resize=768%2C512 768w, https:\/\/i0.wp.com\/blogdalucianaoliveira.com.br\/blog\/wp-content\/uploads\/2025\/02\/IMG_6648.jpeg?resize=1536%2C1023 1536w, https:\/\/i0.wp.com\/blogdalucianaoliveira.com.br\/blog\/wp-content\/uploads\/2025\/02\/IMG_6648.jpeg?resize=450%2C300 450w, https:\/\/i0.wp.com\/blogdalucianaoliveira.com.br\/blog\/wp-content\/uploads\/2025\/02\/IMG_6648.jpeg?w=1600 1600w, https:\/\/i0.wp.com\/blogdalucianaoliveira.com.br\/blog\/wp-content\/uploads\/2025\/02\/IMG_6648.jpeg?w=1200 1200w\" sizes=\"auto, (max-width: 300px) 100vw, 300px\" \/><\/p>\n","protected":false},"excerpt":{"rendered":"<p>&nbsp; Neste carnaval, a Ecopor\u00e9 uniu-se ao bloco Pirarucu do Madeira para lan\u00e7arem a campanha \u201cpara cada foli\u00e3o, uma muda plantada\u201d, com a finalidade de brincar o carnaval e contribuir com a restaura\u00e7\u00e3o ecol\u00f3gica. Esta \u00e9 a primeira vez que a Ecopor\u00e9 executa uma a\u00e7\u00e3o no contexto da festa mais popular do pa\u00eds. O bloco&#8230;<a class=\"more-link\" href=\"http:\/\/blogdalucianaoliveira.com.br\/blog\/2025\/02\/18\/sustentabilidade-no-carnaval-ecopore-e-bloco-pirarucu-do-madeira-firmam-parceria\/\">Continue a leitura <span class=\"meta-nav\">&raquo;<\/span><\/a><\/p>\n","protected":false},"author":1,"featured_media":0,"comment_status":"closed","ping_status":"open","sticky":false,"template":"","format":"standard","meta":{"_exactmetrics_skip_tracking":false,"_exactmetrics_sitenote_active":false,"_exactmetrics_sitenote_note":"","_exactmetrics_sitenote_category":0,"jetpack_post_was_ever_published":false,"_jetpack_newsletter_access":"","_jetpack_dont_email_post_to_subs":false,"_jetpack_newsletter_tier_id":0,"_jetpack_memberships_contains_paywalled_content":false,"_jetpack_memberships_contains_paid_content":false,"footnotes":"","jetpack_publicize_message":"","jetpack_publicize_feature_enabled":true,"jetpack_social_post_already_shared":true,"jetpack_social_options":{"image_generator_settings":{"template":"highway","enabled":false},"version":2}},"categories":[1],"tags":[821,1252,834],"class_list":["post-36537","post","type-post","status-publish","format-standard","hentry","category-notas","tag-bloco-pirarucu-do-madeira","tag-carnaval-2025","tag-sustentabilidade"],"jetpack_publicize_connections":[],"jetpack_sharing_enabled":true,"jetpack_featured_media_url":"","jetpack_shortlink":"https:\/\/wp.me\/p7wKYW-9vj","jetpack-related-posts":[],"_links":{"self":[{"href":"http:\/\/blogdalucianaoliveira.com.br\/blog\/wp-json\/wp\/v2\/posts\/36537","targetHints":{"allow":["GET"]}}],"collection":[{"href":"http:\/\/blogdalucianaoliveira.com.br\/blog\/wp-json\/wp\/v2\/posts"}],"about":[{"href":"http:\/\/blogdalucianaoliveira.com.br\/blog\/wp-json\/wp\/v2\/types\/post"}],"author":[{"embeddable":true,"href":"http:\/\/blogdalucianaoliveira.com.br\/blog\/wp-json\/wp\/v2\/users\/1"}],"replies":[{"embeddable":true,"href":"http:\/\/blogdalucianaoliveira.com.br\/blog\/wp-json\/wp\/v2\/comments?post=36537"}],"version-history":[{"count":1,"href":"http:\/\/blogdalucianaoliveira.com.br\/blog\/wp-json\/wp\/v2\/posts\/36537\/revisions"}],"predecessor-version":[{"id":36542,"href":"http:\/\/blogdalucianaoliveira.com.br\/blog\/wp-json\/wp\/v2\/posts\/36537\/revisions\/36542"}],"wp:attachment":[{"href":"http:\/\/blogdalucianaoliveira.com.br\/blog\/wp-json\/wp\/v2\/media?parent=36537"}],"wp:term":[{"taxonomy":"category","embeddable":true,"href":"http:\/\/blogdalucianaoliveira.com.br\/blog\/wp-json\/wp\/v2\/categories?post=36537"},{"taxonomy":"post_tag","embeddable":true,"href":"http:\/\/blogdalucianaoliveira.com.br\/blog\/wp-json\/wp\/v2\/tags?post=36537"}],"curies":[{"name":"wp","href":"https:\/\/api.w.org\/{rel}","templated":true}]}}