{"id":36543,"date":"2025-02-19T07:45:33","date_gmt":"2025-02-19T11:45:33","guid":{"rendered":"http:\/\/blogdalucianaoliveira.com.br\/blog\/?p=36543"},"modified":"2025-02-19T07:45:33","modified_gmt":"2025-02-19T11:45:33","slug":"com-campanhas-educativas-bloco-pirarucu-do-madeira-desfila-no-domingo","status":"publish","type":"post","link":"http:\/\/blogdalucianaoliveira.com.br\/blog\/2025\/02\/19\/com-campanhas-educativas-bloco-pirarucu-do-madeira-desfila-no-domingo\/","title":{"rendered":"Com campanhas educativas Bloco Pirarucu do Madeira desfila no domingo"},"content":{"rendered":"<p><img data-recalc-dims=\"1\" loading=\"lazy\" decoding=\"async\" data-attachment-id=\"36544\" data-permalink=\"http:\/\/blogdalucianaoliveira.com.br\/blog\/2025\/02\/19\/com-campanhas-educativas-bloco-pirarucu-do-madeira-desfila-no-domingo\/img_6648-2\/\" data-orig-file=\"https:\/\/i0.wp.com\/blogdalucianaoliveira.com.br\/blog\/wp-content\/uploads\/2025\/02\/IMG_6648-1.jpeg?fit=1600%2C1066\" data-orig-size=\"1600,1066\" data-comments-opened=\"0\" data-image-meta=\"{&quot;aperture&quot;:&quot;0&quot;,&quot;credit&quot;:&quot;&quot;,&quot;camera&quot;:&quot;&quot;,&quot;caption&quot;:&quot;&quot;,&quot;created_timestamp&quot;:&quot;0&quot;,&quot;copyright&quot;:&quot;&quot;,&quot;focal_length&quot;:&quot;0&quot;,&quot;iso&quot;:&quot;0&quot;,&quot;shutter_speed&quot;:&quot;0&quot;,&quot;title&quot;:&quot;&quot;,&quot;orientation&quot;:&quot;0&quot;}\" data-image-title=\"IMG_6648\" data-image-description=\"\" data-image-caption=\"\" data-medium-file=\"https:\/\/i0.wp.com\/blogdalucianaoliveira.com.br\/blog\/wp-content\/uploads\/2025\/02\/IMG_6648-1.jpeg?fit=300%2C200\" data-large-file=\"https:\/\/i0.wp.com\/blogdalucianaoliveira.com.br\/blog\/wp-content\/uploads\/2025\/02\/IMG_6648-1.jpeg?fit=600%2C400\" class=\"alignnone size-medium wp-image-36544\" src=\"https:\/\/i0.wp.com\/blogdalucianaoliveira.com.br\/blog\/wp-content\/uploads\/2025\/02\/IMG_6648-1.jpeg?resize=300%2C200\" alt=\"\" width=\"300\" height=\"200\" srcset=\"https:\/\/i0.wp.com\/blogdalucianaoliveira.com.br\/blog\/wp-content\/uploads\/2025\/02\/IMG_6648-1.jpeg?resize=300%2C200 300w, https:\/\/i0.wp.com\/blogdalucianaoliveira.com.br\/blog\/wp-content\/uploads\/2025\/02\/IMG_6648-1.jpeg?resize=1024%2C682 1024w, https:\/\/i0.wp.com\/blogdalucianaoliveira.com.br\/blog\/wp-content\/uploads\/2025\/02\/IMG_6648-1.jpeg?resize=768%2C512 768w, https:\/\/i0.wp.com\/blogdalucianaoliveira.com.br\/blog\/wp-content\/uploads\/2025\/02\/IMG_6648-1.jpeg?resize=1536%2C1023 1536w, https:\/\/i0.wp.com\/blogdalucianaoliveira.com.br\/blog\/wp-content\/uploads\/2025\/02\/IMG_6648-1.jpeg?resize=450%2C300 450w, https:\/\/i0.wp.com\/blogdalucianaoliveira.com.br\/blog\/wp-content\/uploads\/2025\/02\/IMG_6648-1.jpeg?w=1600 1600w, https:\/\/i0.wp.com\/blogdalucianaoliveira.com.br\/blog\/wp-content\/uploads\/2025\/02\/IMG_6648-1.jpeg?w=1200 1200w\" sizes=\"auto, (max-width: 300px) 100vw, 300px\" \/><\/p>\n<p class=\"p1\">\u00c9 marca do bloco unir folia e campanha de conscientiza\u00e7\u00e3o para temas relevantes pra sociedade.<\/p>\n<p class=\"p3\"><span class=\"s2\">Nesse carnaval o bloco reafirma seu compromisso com o combate ao ass\u00e9dio no carnaval, o respeito \u00e0 diversidade, a prote\u00e7\u00e3o \u00e0 pessoa com defici\u00eancia e \u00e0s crian\u00e7as e adolescentes.<\/span><\/p>\n<p><img data-recalc-dims=\"1\" loading=\"lazy\" decoding=\"async\" data-attachment-id=\"36545\" data-permalink=\"http:\/\/blogdalucianaoliveira.com.br\/blog\/2025\/02\/19\/com-campanhas-educativas-bloco-pirarucu-do-madeira-desfila-no-domingo\/19ad525b-ac82-4170-a29b-8968f653892e\/\" data-orig-file=\"https:\/\/i0.wp.com\/blogdalucianaoliveira.com.br\/blog\/wp-content\/uploads\/2025\/02\/19ad525b-ac82-4170-a29b-8968f653892e.jpeg?fit=1008%2C872\" data-orig-size=\"1008,872\" data-comments-opened=\"0\" data-image-meta=\"{&quot;aperture&quot;:&quot;0&quot;,&quot;credit&quot;:&quot;&quot;,&quot;camera&quot;:&quot;&quot;,&quot;caption&quot;:&quot;&quot;,&quot;created_timestamp&quot;:&quot;1739287994&quot;,&quot;copyright&quot;:&quot;&quot;,&quot;focal_length&quot;:&quot;0&quot;,&quot;iso&quot;:&quot;0&quot;,&quot;shutter_speed&quot;:&quot;0&quot;,&quot;title&quot;:&quot;&quot;,&quot;orientation&quot;:&quot;1&quot;}\" data-image-title=\"19ad525b-ac82-4170-a29b-8968f653892e\" data-image-description=\"\" data-image-caption=\"\" data-medium-file=\"https:\/\/i0.wp.com\/blogdalucianaoliveira.com.br\/blog\/wp-content\/uploads\/2025\/02\/19ad525b-ac82-4170-a29b-8968f653892e.jpeg?fit=300%2C260\" data-large-file=\"https:\/\/i0.wp.com\/blogdalucianaoliveira.com.br\/blog\/wp-content\/uploads\/2025\/02\/19ad525b-ac82-4170-a29b-8968f653892e.jpeg?fit=600%2C519\" class=\"alignnone size-medium wp-image-36545\" src=\"https:\/\/i0.wp.com\/blogdalucianaoliveira.com.br\/blog\/wp-content\/uploads\/2025\/02\/19ad525b-ac82-4170-a29b-8968f653892e.jpeg?resize=300%2C260\" alt=\"\" width=\"300\" height=\"260\" srcset=\"https:\/\/i0.wp.com\/blogdalucianaoliveira.com.br\/blog\/wp-content\/uploads\/2025\/02\/19ad525b-ac82-4170-a29b-8968f653892e.jpeg?resize=300%2C260 300w, https:\/\/i0.wp.com\/blogdalucianaoliveira.com.br\/blog\/wp-content\/uploads\/2025\/02\/19ad525b-ac82-4170-a29b-8968f653892e.jpeg?resize=768%2C664 768w, https:\/\/i0.wp.com\/blogdalucianaoliveira.com.br\/blog\/wp-content\/uploads\/2025\/02\/19ad525b-ac82-4170-a29b-8968f653892e.jpeg?resize=347%2C300 347w, https:\/\/i0.wp.com\/blogdalucianaoliveira.com.br\/blog\/wp-content\/uploads\/2025\/02\/19ad525b-ac82-4170-a29b-8968f653892e.jpeg?w=1008 1008w\" sizes=\"auto, (max-width: 300px) 100vw, 300px\" \/><\/p>\n<p class=\"p3\"><span class=\"s2\">A campanha em parceria com a gr\u00e1fica Vers\u00e1til ser\u00e1 feita com adesivos que podem ser usados na roupa ou sobre a pele.<\/span><\/p>\n<p class=\"p3\"><span class=\"s2\">E de forma in\u00e9dita, em parceria com a ONG Ecopor\u00e9, vai transformar foli\u00f5es em \u00e1rvores.<\/span><\/p>\n<p class=\"p3\"><span class=\"s2\">A campanha consiste em destinar em mudas para recuperar \u00e1reas degradadas a mesma quantidade de foli\u00f5es que forem ao desfile no pr\u00f3ximo domingo, 23. <\/span><\/p>\n<p class=\"p3\"><span class=\"s2\">\u201cVamos promover um reflorestamento de mentes para garantir mais floresta em p\u00e9. \u00c9 uma a\u00e7\u00e3o vision\u00e1ria proposta pela Ecopor\u00e9 que tem feito um trabalho extraordin\u00e1rio de regenera\u00e7\u00e3o florestal\u201d, disse Ernande Segismundo, presidente do bloco.<\/span><\/p>\n<p><img data-recalc-dims=\"1\" loading=\"lazy\" decoding=\"async\" data-attachment-id=\"36546\" data-permalink=\"http:\/\/blogdalucianaoliveira.com.br\/blog\/2025\/02\/19\/com-campanhas-educativas-bloco-pirarucu-do-madeira-desfila-no-domingo\/img_8043-2\/\" data-orig-file=\"https:\/\/i0.wp.com\/blogdalucianaoliveira.com.br\/blog\/wp-content\/uploads\/2025\/02\/IMG_8043-1.jpeg?fit=1170%2C1448\" data-orig-size=\"1170,1448\" data-comments-opened=\"0\" data-image-meta=\"{&quot;aperture&quot;:&quot;0&quot;,&quot;credit&quot;:&quot;&quot;,&quot;camera&quot;:&quot;&quot;,&quot;caption&quot;:&quot;&quot;,&quot;created_timestamp&quot;:&quot;0&quot;,&quot;copyright&quot;:&quot;&quot;,&quot;focal_length&quot;:&quot;0&quot;,&quot;iso&quot;:&quot;0&quot;,&quot;shutter_speed&quot;:&quot;0&quot;,&quot;title&quot;:&quot;&quot;,&quot;orientation&quot;:&quot;1&quot;}\" data-image-title=\"IMG_8043\" data-image-description=\"\" data-image-caption=\"\" data-medium-file=\"https:\/\/i0.wp.com\/blogdalucianaoliveira.com.br\/blog\/wp-content\/uploads\/2025\/02\/IMG_8043-1.jpeg?fit=242%2C300\" data-large-file=\"https:\/\/i0.wp.com\/blogdalucianaoliveira.com.br\/blog\/wp-content\/uploads\/2025\/02\/IMG_8043-1.jpeg?fit=600%2C743\" class=\"alignnone size-medium wp-image-36546\" src=\"https:\/\/i0.wp.com\/blogdalucianaoliveira.com.br\/blog\/wp-content\/uploads\/2025\/02\/IMG_8043-1.jpeg?resize=242%2C300\" alt=\"\" width=\"242\" height=\"300\" srcset=\"https:\/\/i0.wp.com\/blogdalucianaoliveira.com.br\/blog\/wp-content\/uploads\/2025\/02\/IMG_8043-1.jpeg?resize=242%2C300 242w, https:\/\/i0.wp.com\/blogdalucianaoliveira.com.br\/blog\/wp-content\/uploads\/2025\/02\/IMG_8043-1.jpeg?resize=827%2C1024 827w, https:\/\/i0.wp.com\/blogdalucianaoliveira.com.br\/blog\/wp-content\/uploads\/2025\/02\/IMG_8043-1.jpeg?resize=768%2C950 768w, https:\/\/i0.wp.com\/blogdalucianaoliveira.com.br\/blog\/wp-content\/uploads\/2025\/02\/IMG_8043-1.jpeg?w=1170 1170w\" sizes=\"auto, (max-width: 242px) 100vw, 242px\" \/> <img data-recalc-dims=\"1\" loading=\"lazy\" decoding=\"async\" data-attachment-id=\"36547\" data-permalink=\"http:\/\/blogdalucianaoliveira.com.br\/blog\/2025\/02\/19\/com-campanhas-educativas-bloco-pirarucu-do-madeira-desfila-no-domingo\/img_8044-2\/\" data-orig-file=\"https:\/\/i0.wp.com\/blogdalucianaoliveira.com.br\/blog\/wp-content\/uploads\/2025\/02\/IMG_8044-1.jpeg?fit=1170%2C1422\" data-orig-size=\"1170,1422\" data-comments-opened=\"0\" data-image-meta=\"{&quot;aperture&quot;:&quot;0&quot;,&quot;credit&quot;:&quot;&quot;,&quot;camera&quot;:&quot;&quot;,&quot;caption&quot;:&quot;&quot;,&quot;created_timestamp&quot;:&quot;0&quot;,&quot;copyright&quot;:&quot;&quot;,&quot;focal_length&quot;:&quot;0&quot;,&quot;iso&quot;:&quot;0&quot;,&quot;shutter_speed&quot;:&quot;0&quot;,&quot;title&quot;:&quot;&quot;,&quot;orientation&quot;:&quot;1&quot;}\" data-image-title=\"IMG_8044\" data-image-description=\"\" data-image-caption=\"\" data-medium-file=\"https:\/\/i0.wp.com\/blogdalucianaoliveira.com.br\/blog\/wp-content\/uploads\/2025\/02\/IMG_8044-1.jpeg?fit=247%2C300\" data-large-file=\"https:\/\/i0.wp.com\/blogdalucianaoliveira.com.br\/blog\/wp-content\/uploads\/2025\/02\/IMG_8044-1.jpeg?fit=600%2C729\" class=\"alignnone size-medium wp-image-36547\" src=\"https:\/\/i0.wp.com\/blogdalucianaoliveira.com.br\/blog\/wp-content\/uploads\/2025\/02\/IMG_8044-1.jpeg?resize=247%2C300\" alt=\"\" width=\"247\" height=\"300\" srcset=\"https:\/\/i0.wp.com\/blogdalucianaoliveira.com.br\/blog\/wp-content\/uploads\/2025\/02\/IMG_8044-1.jpeg?resize=247%2C300 247w, https:\/\/i0.wp.com\/blogdalucianaoliveira.com.br\/blog\/wp-content\/uploads\/2025\/02\/IMG_8044-1.jpeg?resize=843%2C1024 843w, https:\/\/i0.wp.com\/blogdalucianaoliveira.com.br\/blog\/wp-content\/uploads\/2025\/02\/IMG_8044-1.jpeg?resize=768%2C933 768w, https:\/\/i0.wp.com\/blogdalucianaoliveira.com.br\/blog\/wp-content\/uploads\/2025\/02\/IMG_8044-1.jpeg?w=1170 1170w\" sizes=\"auto, (max-width: 247px) 100vw, 247px\" \/> <img data-recalc-dims=\"1\" loading=\"lazy\" decoding=\"async\" data-attachment-id=\"36548\" data-permalink=\"http:\/\/blogdalucianaoliveira.com.br\/blog\/2025\/02\/19\/com-campanhas-educativas-bloco-pirarucu-do-madeira-desfila-no-domingo\/img_8042\/\" data-orig-file=\"https:\/\/i0.wp.com\/blogdalucianaoliveira.com.br\/blog\/wp-content\/uploads\/2025\/02\/IMG_8042.jpeg?fit=1170%2C1426\" data-orig-size=\"1170,1426\" data-comments-opened=\"0\" data-image-meta=\"{&quot;aperture&quot;:&quot;0&quot;,&quot;credit&quot;:&quot;&quot;,&quot;camera&quot;:&quot;&quot;,&quot;caption&quot;:&quot;&quot;,&quot;created_timestamp&quot;:&quot;0&quot;,&quot;copyright&quot;:&quot;&quot;,&quot;focal_length&quot;:&quot;0&quot;,&quot;iso&quot;:&quot;0&quot;,&quot;shutter_speed&quot;:&quot;0&quot;,&quot;title&quot;:&quot;&quot;,&quot;orientation&quot;:&quot;1&quot;}\" data-image-title=\"IMG_8042\" data-image-description=\"\" data-image-caption=\"\" data-medium-file=\"https:\/\/i0.wp.com\/blogdalucianaoliveira.com.br\/blog\/wp-content\/uploads\/2025\/02\/IMG_8042.jpeg?fit=246%2C300\" data-large-file=\"https:\/\/i0.wp.com\/blogdalucianaoliveira.com.br\/blog\/wp-content\/uploads\/2025\/02\/IMG_8042.jpeg?fit=600%2C731\" class=\"alignnone size-medium wp-image-36548\" src=\"https:\/\/i0.wp.com\/blogdalucianaoliveira.com.br\/blog\/wp-content\/uploads\/2025\/02\/IMG_8042.jpeg?resize=246%2C300\" alt=\"\" width=\"246\" height=\"300\" srcset=\"https:\/\/i0.wp.com\/blogdalucianaoliveira.com.br\/blog\/wp-content\/uploads\/2025\/02\/IMG_8042.jpeg?resize=246%2C300 246w, https:\/\/i0.wp.com\/blogdalucianaoliveira.com.br\/blog\/wp-content\/uploads\/2025\/02\/IMG_8042.jpeg?resize=840%2C1024 840w, https:\/\/i0.wp.com\/blogdalucianaoliveira.com.br\/blog\/wp-content\/uploads\/2025\/02\/IMG_8042.jpeg?resize=768%2C936 768w, https:\/\/i0.wp.com\/blogdalucianaoliveira.com.br\/blog\/wp-content\/uploads\/2025\/02\/IMG_8042.jpeg?w=1170 1170w\" sizes=\"auto, (max-width: 246px) 100vw, 246px\" \/><\/p>\n<p class=\"p3\"><span class=\"s2\">O desfile que tem concentra\u00e7\u00e3o a partir das 15 horas, no Circuito da Pinheiro, promete muita emo\u00e7\u00e3o. <\/span><\/p>\n<p class=\"p3\"><span class=\"s2\">A homenageada do bloco esse ano \u00e9 a Bailarina da Pra\u00e7a, artista de rua que j\u00e1 foi expulsa de v\u00e1rios palcos e trios el\u00e9tricos que invadiu pra dan\u00e7ar. <\/span><\/p>\n<p class=\"p3\"><span class=\"s2\">Com 32 anos de funda\u00e7\u00e3o e como Patrim\u00f4nio Cultural Imaterial de Porto Velho, o bloco \u00e9 conhecido como o mais democr\u00e1tico. <\/span><\/p>\n<p class=\"p3\"><span class=\"s2\">Isso se d\u00e1 ao formato do seu desfile, sem cordas, sem venda de abad\u00e1s, totalmente gratuito e por seu apelo ao respeito \u00e0 diversidade.<\/span><\/p>\n<p class=\"p3\"><span class=\"s2\">N\u00f3s investimos em campanhas educativas para que a folia seja segura, alegre e inclusiva\u201d, disse Luciana Oliveira, vice-presidente presidente do bloco.<\/span><\/p>\n<p class=\"p3\"><span class=\"s2\">A Banda Puraqu\u00e9 vai executar \u00a0cinco novas composi\u00e7\u00f5es feitas para a homenageada, al\u00e9m de frevos, marchinhas e MPB remixada em ritmo de carnaval. <\/span><\/p>\n<p class=\"p3\"><span class=\"s2\">\u201c\u00c9 um luxo ter m\u00fasicas compostas pelo Trio de Ouro (Bainha, Oscar e Z\u00e9 Baixinho) Toninho Tavernard,<span class=\"Apple-converted-space\">\u00a0 <\/span>Waldison e Silvia Pinheiro, Altair Santos e Elizeu Braga. S\u00e3o poetas da nossa cidade!\u201d, completou<span class=\"Apple-converted-space\">\u00a0 <\/span>Luciana.<\/span><\/p>\n","protected":false},"excerpt":{"rendered":"<p>\u00c9 marca do bloco unir folia e campanha de conscientiza\u00e7\u00e3o para temas relevantes pra sociedade. Nesse carnaval o bloco reafirma seu compromisso com o combate ao ass\u00e9dio no carnaval, o respeito \u00e0 diversidade, a prote\u00e7\u00e3o \u00e0 pessoa com defici\u00eancia e \u00e0s crian\u00e7as e adolescentes. A campanha em parceria com a gr\u00e1fica Vers\u00e1til ser\u00e1 feita com&#8230;<a class=\"more-link\" href=\"http:\/\/blogdalucianaoliveira.com.br\/blog\/2025\/02\/19\/com-campanhas-educativas-bloco-pirarucu-do-madeira-desfila-no-domingo\/\">Continue a leitura <span class=\"meta-nav\">&raquo;<\/span><\/a><\/p>\n","protected":false},"author":1,"featured_media":0,"comment_status":"closed","ping_status":"open","sticky":false,"template":"","format":"standard","meta":{"_exactmetrics_skip_tracking":false,"_exactmetrics_sitenote_active":false,"_exactmetrics_sitenote_note":"","_exactmetrics_sitenote_category":0,"jetpack_post_was_ever_published":false,"_jetpack_newsletter_access":"","_jetpack_dont_email_post_to_subs":false,"_jetpack_newsletter_tier_id":0,"_jetpack_memberships_contains_paywalled_content":false,"_jetpack_memberships_contains_paid_content":false,"footnotes":"","jetpack_publicize_message":"","jetpack_publicize_feature_enabled":true,"jetpack_social_post_already_shared":true,"jetpack_social_options":{"image_generator_settings":{"template":"highway","enabled":false},"version":2}},"categories":[1],"tags":[821,1252],"class_list":["post-36543","post","type-post","status-publish","format-standard","hentry","category-notas","tag-bloco-pirarucu-do-madeira","tag-carnaval-2025"],"jetpack_publicize_connections":[],"jetpack_sharing_enabled":true,"jetpack_featured_media_url":"","jetpack_shortlink":"https:\/\/wp.me\/p7wKYW-9vp","jetpack-related-posts":[],"_links":{"self":[{"href":"http:\/\/blogdalucianaoliveira.com.br\/blog\/wp-json\/wp\/v2\/posts\/36543","targetHints":{"allow":["GET"]}}],"collection":[{"href":"http:\/\/blogdalucianaoliveira.com.br\/blog\/wp-json\/wp\/v2\/posts"}],"about":[{"href":"http:\/\/blogdalucianaoliveira.com.br\/blog\/wp-json\/wp\/v2\/types\/post"}],"author":[{"embeddable":true,"href":"http:\/\/blogdalucianaoliveira.com.br\/blog\/wp-json\/wp\/v2\/users\/1"}],"replies":[{"embeddable":true,"href":"http:\/\/blogdalucianaoliveira.com.br\/blog\/wp-json\/wp\/v2\/comments?post=36543"}],"version-history":[{"count":1,"href":"http:\/\/blogdalucianaoliveira.com.br\/blog\/wp-json\/wp\/v2\/posts\/36543\/revisions"}],"predecessor-version":[{"id":36549,"href":"http:\/\/blogdalucianaoliveira.com.br\/blog\/wp-json\/wp\/v2\/posts\/36543\/revisions\/36549"}],"wp:attachment":[{"href":"http:\/\/blogdalucianaoliveira.com.br\/blog\/wp-json\/wp\/v2\/media?parent=36543"}],"wp:term":[{"taxonomy":"category","embeddable":true,"href":"http:\/\/blogdalucianaoliveira.com.br\/blog\/wp-json\/wp\/v2\/categories?post=36543"},{"taxonomy":"post_tag","embeddable":true,"href":"http:\/\/blogdalucianaoliveira.com.br\/blog\/wp-json\/wp\/v2\/tags?post=36543"}],"curies":[{"name":"wp","href":"https:\/\/api.w.org\/{rel}","templated":true}]}}