{"id":36551,"date":"2025-03-10T11:45:30","date_gmt":"2025-03-10T15:45:30","guid":{"rendered":"https:\/\/blogdalucianaoliveira.com.br\/blog\/?p=36551"},"modified":"2025-03-10T11:45:30","modified_gmt":"2025-03-10T15:45:30","slug":"campanha-da-ecopore-e-bloco-pirarucu-do-madeira-ultrapassa-expectativa-e-pode-compensar-ate-63-vezes-as-emissoes-de-gas-carbonico-do-desfile","status":"publish","type":"post","link":"http:\/\/blogdalucianaoliveira.com.br\/blog\/2025\/03\/10\/campanha-da-ecopore-e-bloco-pirarucu-do-madeira-ultrapassa-expectativa-e-pode-compensar-ate-63-vezes-as-emissoes-de-gas-carbonico-do-desfile\/","title":{"rendered":"Campanha da Ecopor\u00e9 e Bloco Pirarucu do Madeira ultrapassa expectativa e pode compensar at\u00e9 63 vezes as emiss\u00f5es de g\u00e1s carb\u00f4nico do desfile"},"content":{"rendered":"<p><img data-recalc-dims=\"1\" loading=\"lazy\" decoding=\"async\" data-attachment-id=\"36553\" data-permalink=\"http:\/\/blogdalucianaoliveira.com.br\/blog\/2025\/03\/10\/campanha-da-ecopore-e-bloco-pirarucu-do-madeira-ultrapassa-expectativa-e-pode-compensar-ate-63-vezes-as-emissoes-de-gas-carbonico-do-desfile\/img_4897-2\/\" data-orig-file=\"https:\/\/i0.wp.com\/blogdalucianaoliveira.com.br\/blog\/wp-content\/uploads\/2025\/03\/IMG_4897-2.jpeg?fit=2296%2C1410\" data-orig-size=\"2296,1410\" data-comments-opened=\"0\" data-image-meta=\"{&quot;aperture&quot;:&quot;1.78&quot;,&quot;credit&quot;:&quot;&quot;,&quot;camera&quot;:&quot;iPhone 15 Pro&quot;,&quot;caption&quot;:&quot;&quot;,&quot;created_timestamp&quot;:&quot;1740335749&quot;,&quot;copyright&quot;:&quot;&quot;,&quot;focal_length&quot;:&quot;6.7649998656528&quot;,&quot;iso&quot;:&quot;100&quot;,&quot;shutter_speed&quot;:&quot;0.015384615384615&quot;,&quot;title&quot;:&quot;&quot;,&quot;orientation&quot;:&quot;1&quot;}\" data-image-title=\"IMG_4897 2\" data-image-description=\"\" data-image-caption=\"\" data-medium-file=\"https:\/\/i0.wp.com\/blogdalucianaoliveira.com.br\/blog\/wp-content\/uploads\/2025\/03\/IMG_4897-2.jpeg?fit=300%2C184\" data-large-file=\"https:\/\/i0.wp.com\/blogdalucianaoliveira.com.br\/blog\/wp-content\/uploads\/2025\/03\/IMG_4897-2.jpeg?fit=600%2C369\" class=\"alignnone size-medium wp-image-36553\" src=\"https:\/\/i0.wp.com\/blogdalucianaoliveira.com.br\/blog\/wp-content\/uploads\/2025\/03\/IMG_4897-2.jpeg?resize=300%2C184\" alt=\"\" width=\"300\" height=\"184\" srcset=\"https:\/\/i0.wp.com\/blogdalucianaoliveira.com.br\/blog\/wp-content\/uploads\/2025\/03\/IMG_4897-2.jpeg?resize=300%2C184 300w, https:\/\/i0.wp.com\/blogdalucianaoliveira.com.br\/blog\/wp-content\/uploads\/2025\/03\/IMG_4897-2.jpeg?resize=1024%2C629 1024w, https:\/\/i0.wp.com\/blogdalucianaoliveira.com.br\/blog\/wp-content\/uploads\/2025\/03\/IMG_4897-2.jpeg?resize=768%2C472 768w, https:\/\/i0.wp.com\/blogdalucianaoliveira.com.br\/blog\/wp-content\/uploads\/2025\/03\/IMG_4897-2.jpeg?resize=1536%2C943 1536w, https:\/\/i0.wp.com\/blogdalucianaoliveira.com.br\/blog\/wp-content\/uploads\/2025\/03\/IMG_4897-2.jpeg?resize=2048%2C1258 2048w, https:\/\/i0.wp.com\/blogdalucianaoliveira.com.br\/blog\/wp-content\/uploads\/2025\/03\/IMG_4897-2.jpeg?resize=489%2C300 489w, https:\/\/i0.wp.com\/blogdalucianaoliveira.com.br\/blog\/wp-content\/uploads\/2025\/03\/IMG_4897-2.jpeg?w=1200 1200w, https:\/\/i0.wp.com\/blogdalucianaoliveira.com.br\/blog\/wp-content\/uploads\/2025\/03\/IMG_4897-2.jpeg?w=1800 1800w\" sizes=\"auto, (max-width: 300px) 100vw, 300px\" \/><\/p>\n<p><strong><em>6 mil foli\u00f5es foram ao desfile do Pirarucu do Madeira, segundo a estimativa da organiza\u00e7\u00e3o do bloco\u00a0<\/em><\/strong><br \/>\n<!--more--><\/p>\n<p>O desfile do Bloco Pirarucu do Madeira reuniu aproximadamente seis mil foli\u00f5es no domingo (22), em Porto Velho, mesmo sob chuva. Al\u00e9m da celebra\u00e7\u00e3o cultural, o evento marca uma iniciativa ambiental in\u00e9dita: por meio da campanha \u201cPara cada foli\u00e3o, uma muda plantada&#8221;, firmada em parceria com a Ecopor\u00e9, cada participante simbolicamente se tornar\u00e1 uma \u00e1rvore, contribuindo para a neutraliza\u00e7\u00e3o das emiss\u00f5es de carbono do bloco.<\/p>\n<p>Segundo an\u00e1lise do diretor-presidente da Ecopor\u00e9, Marcelo Ferronato, as emiss\u00f5es totais do desfile foram estimadas em cerca de 40 toneladas de CO\u2082, considerando o consumo de combust\u00edvel do trio el\u00e9trico, o deslocamento dos foli\u00f5es e o funcionamento da infraestrutura. \u201cPara mitigar esses impactos, ser\u00e3o plantadas seis mil mudas de esp\u00e9cies nativas da Amaz\u00f4nia, ocupando uma \u00e1rea estimada de quatro hectares\u201d, destacou.<\/p>\n<p>O estudo t\u00e9cnico da Ecopor\u00e9 indica que, ao longo de dez anos, essas \u00e1rvores poder\u00e3o reter entre 880 e 2.524 toneladas de CO\u2082, dependendo das condi\u00e7\u00f5es de crescimento e manejo da \u00e1rea restaurada. O valor m\u00e9dio projetado \u00e9 de 1.702 toneladas de CO\u2082, o que significa que o plantio poder\u00e1 compensar at\u00e9 63 vezes as emiss\u00f5es geradas pelo evento.<\/p>\n<p>Al\u00e9m da compensa\u00e7\u00e3o ambiental, a parceria como o carnaval pode estar aliado \u00e0 responsabilidade ambiental. \u201cAo vincular a alegria do carnaval \u00e0 responsabilidade socioambiental, conseguimos transformar a emiss\u00e3o de carbono do evento em uma a\u00e7\u00e3o concreta de restaura\u00e7\u00e3o ecol\u00f3gica\u201d afirmou Ferronato.<\/p>\n<p>A folia e o impacto social<\/p>\n<p>A diretora do Bloco Pirarucu do Madeira, Luciana Oliveira, destacou o orgulho em participar dessa iniciativa. &#8220;Estamos muito gratos pela parceria com a Ecopor\u00e9. Essa a\u00e7\u00e3o in\u00e9dita no carnaval representa um marco que queremos tornar permanente. A resposta dos nossos foli\u00f5es foi incr\u00edvel, mostrando que a alegria pode caminhar lado a lado com a consci\u00eancia ambiental. Seremos \u00e1rvores e o meio ambiente agradece&#8221;, afirmou.<\/p>\n<p><img data-recalc-dims=\"1\" loading=\"lazy\" decoding=\"async\" data-attachment-id=\"36554\" data-permalink=\"http:\/\/blogdalucianaoliveira.com.br\/blog\/2025\/03\/10\/campanha-da-ecopore-e-bloco-pirarucu-do-madeira-ultrapassa-expectativa-e-pode-compensar-ate-63-vezes-as-emissoes-de-gas-carbonico-do-desfile\/70f3632e-b991-4644-b564-2e34b8f61222\/\" data-orig-file=\"https:\/\/i0.wp.com\/blogdalucianaoliveira.com.br\/blog\/wp-content\/uploads\/2025\/03\/70f3632e-b991-4644-b564-2e34b8f61222.jpeg?fit=1280%2C853\" data-orig-size=\"1280,853\" data-comments-opened=\"0\" data-image-meta=\"{&quot;aperture&quot;:&quot;0&quot;,&quot;credit&quot;:&quot;&quot;,&quot;camera&quot;:&quot;&quot;,&quot;caption&quot;:&quot;&quot;,&quot;created_timestamp&quot;:&quot;1740366374&quot;,&quot;copyright&quot;:&quot;&quot;,&quot;focal_length&quot;:&quot;0&quot;,&quot;iso&quot;:&quot;0&quot;,&quot;shutter_speed&quot;:&quot;0&quot;,&quot;title&quot;:&quot;&quot;,&quot;orientation&quot;:&quot;0&quot;}\" data-image-title=\"70f3632e-b991-4644-b564-2e34b8f61222\" data-image-description=\"\" data-image-caption=\"\" data-medium-file=\"https:\/\/i0.wp.com\/blogdalucianaoliveira.com.br\/blog\/wp-content\/uploads\/2025\/03\/70f3632e-b991-4644-b564-2e34b8f61222.jpeg?fit=300%2C200\" data-large-file=\"https:\/\/i0.wp.com\/blogdalucianaoliveira.com.br\/blog\/wp-content\/uploads\/2025\/03\/70f3632e-b991-4644-b564-2e34b8f61222.jpeg?fit=600%2C400\" class=\"alignnone size-medium wp-image-36554\" src=\"https:\/\/i0.wp.com\/blogdalucianaoliveira.com.br\/blog\/wp-content\/uploads\/2025\/03\/70f3632e-b991-4644-b564-2e34b8f61222.jpeg?resize=300%2C200\" alt=\"\" width=\"300\" height=\"200\" srcset=\"https:\/\/i0.wp.com\/blogdalucianaoliveira.com.br\/blog\/wp-content\/uploads\/2025\/03\/70f3632e-b991-4644-b564-2e34b8f61222.jpeg?resize=300%2C200 300w, https:\/\/i0.wp.com\/blogdalucianaoliveira.com.br\/blog\/wp-content\/uploads\/2025\/03\/70f3632e-b991-4644-b564-2e34b8f61222.jpeg?resize=1024%2C682 1024w, https:\/\/i0.wp.com\/blogdalucianaoliveira.com.br\/blog\/wp-content\/uploads\/2025\/03\/70f3632e-b991-4644-b564-2e34b8f61222.jpeg?resize=768%2C512 768w, https:\/\/i0.wp.com\/blogdalucianaoliveira.com.br\/blog\/wp-content\/uploads\/2025\/03\/70f3632e-b991-4644-b564-2e34b8f61222.jpeg?resize=450%2C300 450w, https:\/\/i0.wp.com\/blogdalucianaoliveira.com.br\/blog\/wp-content\/uploads\/2025\/03\/70f3632e-b991-4644-b564-2e34b8f61222.jpeg?w=1280 1280w, https:\/\/i0.wp.com\/blogdalucianaoliveira.com.br\/blog\/wp-content\/uploads\/2025\/03\/70f3632e-b991-4644-b564-2e34b8f61222.jpeg?w=1200 1200w\" sizes=\"auto, (max-width: 300px) 100vw, 300px\" \/><\/p>\n<p>Para os foli\u00f5es, a iniciativa trouxe um novo significado para a festa. Hillary Atalla, que participou do desfile, ressaltou a import\u00e2ncia da iniciativa. &#8220;Saber que podemos nos divertir e, ao mesmo tempo, ajudar a preservar uma das maiores riquezas naturais do mundo torna a experi\u00eancia ainda mais especial&#8221;, afirmou.<\/p>\n<p>O foli\u00e3o Felipe Thiago tamb\u00e9m celebrou a campanha e destacou a import\u00e2ncia de unir carnaval e sustentabilidade. \u201c\u00c9 incr\u00edvel ver a\u00e7\u00f5es como essa acontecendo ao longo do ano, mostrando que cultura e meio ambiente podem caminhar juntos. Al\u00e9m de promover a conserva\u00e7\u00e3o da Amaz\u00f4nia, essa iniciativa traz uma reflex\u00e3o sobre os desafios clim\u00e1ticos que enfrentamos, algo essencial no momento em que vivemos\u201d, comentou.<\/p>\n<p>O plantio das mudas seguir\u00e1 diretrizes t\u00e9cnicas para garantir a manuten\u00e7\u00e3o da floresta em recupera\u00e7\u00e3o, com monitoramento cont\u00ednuo para avaliar sua efic\u00e1cia na reten\u00e7\u00e3o\u00a0 de carbono.<\/p>\n<p>Assessoria de Comunica\u00e7\u00e3o &#8211; Ecopor\u00e9<\/p>\n","protected":false},"excerpt":{"rendered":"<p>6 mil foli\u00f5es foram ao desfile do Pirarucu do Madeira, segundo a estimativa da organiza\u00e7\u00e3o do bloco\u00a0<\/p>\n","protected":false},"author":1,"featured_media":0,"comment_status":"closed","ping_status":"open","sticky":false,"template":"","format":"standard","meta":{"_exactmetrics_skip_tracking":false,"_exactmetrics_sitenote_active":false,"_exactmetrics_sitenote_note":"","_exactmetrics_sitenote_category":0,"jetpack_post_was_ever_published":false,"_jetpack_newsletter_access":"","_jetpack_dont_email_post_to_subs":false,"_jetpack_newsletter_tier_id":0,"_jetpack_memberships_contains_paywalled_content":false,"_jetpack_memberships_contains_paid_content":false,"footnotes":"","jetpack_publicize_message":"","jetpack_publicize_feature_enabled":true,"jetpack_social_post_already_shared":true,"jetpack_social_options":{"image_generator_settings":{"template":"highway","enabled":false},"version":2}},"categories":[1],"tags":[653,821,1269,1270],"class_list":["post-36551","post","type-post","status-publish","format-standard","hentry","category-notas","tag-arvores","tag-bloco-pirarucu-do-madeira","tag-carnaval2025","tag-ecopore"],"jetpack_publicize_connections":[],"jetpack_sharing_enabled":true,"jetpack_featured_media_url":"","jetpack_shortlink":"https:\/\/wp.me\/p7wKYW-9vx","jetpack-related-posts":[],"_links":{"self":[{"href":"http:\/\/blogdalucianaoliveira.com.br\/blog\/wp-json\/wp\/v2\/posts\/36551","targetHints":{"allow":["GET"]}}],"collection":[{"href":"http:\/\/blogdalucianaoliveira.com.br\/blog\/wp-json\/wp\/v2\/posts"}],"about":[{"href":"http:\/\/blogdalucianaoliveira.com.br\/blog\/wp-json\/wp\/v2\/types\/post"}],"author":[{"embeddable":true,"href":"http:\/\/blogdalucianaoliveira.com.br\/blog\/wp-json\/wp\/v2\/users\/1"}],"replies":[{"embeddable":true,"href":"http:\/\/blogdalucianaoliveira.com.br\/blog\/wp-json\/wp\/v2\/comments?post=36551"}],"version-history":[{"count":1,"href":"http:\/\/blogdalucianaoliveira.com.br\/blog\/wp-json\/wp\/v2\/posts\/36551\/revisions"}],"predecessor-version":[{"id":36555,"href":"http:\/\/blogdalucianaoliveira.com.br\/blog\/wp-json\/wp\/v2\/posts\/36551\/revisions\/36555"}],"wp:attachment":[{"href":"http:\/\/blogdalucianaoliveira.com.br\/blog\/wp-json\/wp\/v2\/media?parent=36551"}],"wp:term":[{"taxonomy":"category","embeddable":true,"href":"http:\/\/blogdalucianaoliveira.com.br\/blog\/wp-json\/wp\/v2\/categories?post=36551"},{"taxonomy":"post_tag","embeddable":true,"href":"http:\/\/blogdalucianaoliveira.com.br\/blog\/wp-json\/wp\/v2\/tags?post=36551"}],"curies":[{"name":"wp","href":"https:\/\/api.w.org\/{rel}","templated":true}]}}