{"id":36556,"date":"2025-03-11T20:22:42","date_gmt":"2025-03-12T00:22:42","guid":{"rendered":"https:\/\/blogdalucianaoliveira.com.br\/blog\/?p=36556"},"modified":"2025-03-11T20:22:42","modified_gmt":"2025-03-12T00:22:42","slug":"brasil-registra-recorde-de-afastamentos-do-trabalho-por-ansiedade-e-depressao","status":"publish","type":"post","link":"http:\/\/blogdalucianaoliveira.com.br\/blog\/2025\/03\/11\/brasil-registra-recorde-de-afastamentos-do-trabalho-por-ansiedade-e-depressao\/","title":{"rendered":"Brasil registra recorde de afastamentos do trabalho por ansiedade e depress\u00e3o"},"content":{"rendered":"<p><img data-recalc-dims=\"1\" loading=\"lazy\" decoding=\"async\" data-attachment-id=\"36557\" data-permalink=\"http:\/\/blogdalucianaoliveira.com.br\/blog\/2025\/03\/11\/brasil-registra-recorde-de-afastamentos-do-trabalho-por-ansiedade-e-depressao\/img_9672-2\/\" data-orig-file=\"https:\/\/i0.wp.com\/blogdalucianaoliveira.com.br\/blog\/wp-content\/uploads\/2025\/03\/IMG_9672.webp?fit=425%2C230\" data-orig-size=\"425,230\" data-comments-opened=\"0\" data-image-meta=\"{&quot;aperture&quot;:&quot;0&quot;,&quot;credit&quot;:&quot;&quot;,&quot;camera&quot;:&quot;&quot;,&quot;caption&quot;:&quot;&quot;,&quot;created_timestamp&quot;:&quot;0&quot;,&quot;copyright&quot;:&quot;&quot;,&quot;focal_length&quot;:&quot;0&quot;,&quot;iso&quot;:&quot;0&quot;,&quot;shutter_speed&quot;:&quot;0&quot;,&quot;title&quot;:&quot;&quot;,&quot;orientation&quot;:&quot;0&quot;}\" data-image-title=\"IMG_9672\" data-image-description=\"\" data-image-caption=\"\" data-medium-file=\"https:\/\/i0.wp.com\/blogdalucianaoliveira.com.br\/blog\/wp-content\/uploads\/2025\/03\/IMG_9672.webp?fit=300%2C162\" data-large-file=\"https:\/\/i0.wp.com\/blogdalucianaoliveira.com.br\/blog\/wp-content\/uploads\/2025\/03\/IMG_9672.webp?fit=425%2C230\" class=\"alignnone size-medium wp-image-36557\" src=\"https:\/\/i0.wp.com\/blogdalucianaoliveira.com.br\/blog\/wp-content\/uploads\/2025\/03\/IMG_9672.webp?resize=300%2C162\" alt=\"\" width=\"300\" height=\"162\" srcset=\"https:\/\/i0.wp.com\/blogdalucianaoliveira.com.br\/blog\/wp-content\/uploads\/2025\/03\/IMG_9672.webp?resize=300%2C162 300w, https:\/\/i0.wp.com\/blogdalucianaoliveira.com.br\/blog\/wp-content\/uploads\/2025\/03\/IMG_9672.webp?w=425 425w\" sizes=\"auto, (max-width: 300px) 100vw, 300px\" \/><\/p>\n<h2 class=\"bajada\">Em 2024, pa\u00eds registrou 470 mil afastamentos, maior n\u00famero observado em dez anos<\/h2>\n<p><!--more--><\/p>\n<p>Revista F\u00f3rum- Em 2024, o Brasil<strong> bateu recorde<\/strong> no n\u00famero de <strong>afastamentos do <\/strong><a href=\"https:\/\/revistaforum.com.br\/temas\/empregos-5232.html\">trabalho <\/a>devido a quadros de <a href=\"https:\/\/revistaforum.com.br\/temas\/ansiedade-depresso-66350.html\" target=\"_blank\" rel=\"noopener\">ansiedade e depress\u00e3o<\/a>. No ano passado, foram <strong>470 mil pessoas afastadas<\/strong> em raz\u00e3o de<a href=\"https:\/\/revistaforum.com.br\/temas\/saude-mental-2745.html\">transtornos mentais e comportamentais<\/a>, o que representou <strong>aumento de 67%<\/strong> na s\u00e9rie hist\u00f3rica de dez anos.<\/p>\n<p>Entre as principais causas dos afastamentos, est\u00e3o <strong>ansiedade (141.414), epis\u00f3dios depressivos (113.604) e transtorno depressivo recorrente (52.627)<\/strong>. Em seguida, aparecem transtorno afetivo bipolar (51.314), transtornos mentais e comportamentais decorrentes do uso de drogas e outras subst\u00e2ncias psicoativas (21.498) e rea\u00e7\u00f5es ao estresse grave e transtornos de adapta\u00e7\u00e3o (20.873).<\/p>\n<p>Em rela\u00e7\u00e3o somente a quadros de ansiedade, o n\u00famero de afastamentos por esse motivo sofreu <strong>aumento de 400%<\/strong>em rela\u00e7\u00e3o a 2014, quando foram registrados 32 mil. J\u00e1 os afastamentos por transtornos depressivos aumentaram quase o dobro.<\/p>\n<p>Os dados foram divulgados pelo <a href=\"https:\/\/revistaforum.com.br\/temas\/ministerio-da-previdncia-social-62086.html\">Minist\u00e9rio da Previd\u00eancia Social<\/a> com base nos <a href=\"https:\/\/revistaforum.com.br\/temas\/beneficios-17616.html\">benef\u00edcios <\/a>por incapacidade tempor\u00e1ria (antigo aux\u00edlio-doen\u00e7a) concedidos aos trabalhadores.<\/p>\n<p>Entre as principais causas para os transtornos mentais est\u00e3o a crise no emprego, gerada pela digitaliza\u00e7\u00e3o da vida, pelas novas rela\u00e7\u00f5es de trabalho mais autorit\u00e1rias e as novas tecnologias\u00a0e pelas mudan\u00e7as sociais ap\u00f3s a pandemia de Covid-19. Em rela\u00e7\u00e3o a esse per\u00edodo, o aumento de afastamentos<strong> cresceu 400%<\/strong>.<\/p>\n<h2><strong>Perfil dos trabalhadores afastados<\/strong><\/h2>\n<p>As <strong>mulheres <\/strong>representam a maioria dos trabalhadores afastados por transtornos mentais (64%), e isso se deve muito \u00e0s cobran\u00e7as impostas a elas em outras \u00e1reas da vida. A sobrecarga de lidar com o trabalho e as tarefas dom\u00e9sticas, al\u00e9m das viol\u00eancias sofridas dentro e fora do ambiente de\u00a0trabalho e a remunera\u00e7\u00e3o desigual est\u00e3o entre os principais fatores.<\/p>\n<p>De acordo com o estudo, a idade m\u00e9dia das mulheres afastadas \u00e9 de<strong> 41 anos<\/strong> e o principal transtorno relatado \u00e9 <strong>ansiedade<\/strong>, assim como nos homens. Em m\u00e9dia, elas ficam 92 dias afastadas, enquanto eles ficam 105.<\/p>\n<p>Os recortes por ra\u00e7a, faixa salarial e escolaridade n\u00e3o foram calculados devido \u00e0\u00a0falta de informa\u00e7\u00f5es do INSS.<\/p>\n<h2><strong>A sa\u00fade do trabalhador brasileiro e o fim da escala 6&#215;1<\/strong><\/h2>\n<p>A proposta pelo <strong>fim da escala 6&#215;1<\/strong>, que nasceu com o movimento Vida Al\u00e9m do Trabalho (VAT), fundado por Rick Azevedo, que hoje ocupa o cargo de vereador no Rio de Janeiro, lan\u00e7a luz ao debate sobre escalas de trabalho massivas e a sa\u00fade do trabalhador brasileiro.<\/p>\n<p>Agora tramitando na C\u00e2mara dos Deputados atrav\u00e9s de uma PEC da deputada Erika Hilton (PSOL-SP), a proposta pede a redu\u00e7\u00e3o da jornada de trabalho de 6&#215;1, onde o trabalhador trabalha 6 dias e folga somente 1, para 4&#215;3. O projeto prev\u00ea que, desse modo, o trabalhador ter\u00e1 mais tempo n\u00e3o s\u00f3 de lazer, mas tamb\u00e9m para tratar da sua sa\u00fade. Leia a \u00edntegra do projeto<a href=\"https:\/\/revistaforum.com.br\/politica\/2024\/11\/11\/fim-da-escala-6x1-leia-integra-do-projeto-que-mobiliza-as-redes-sociais-169115.html\" target=\"_blank\" rel=\"noopener\"> nesta reportagem<\/a>.<\/p>\n","protected":false},"excerpt":{"rendered":"<p>Em 2024, pa\u00eds registrou 470 mil afastamentos, maior n\u00famero observado em dez anos<\/p>\n","protected":false},"author":1,"featured_media":0,"comment_status":"closed","ping_status":"open","sticky":false,"template":"","format":"standard","meta":{"_exactmetrics_skip_tracking":false,"_exactmetrics_sitenote_active":false,"_exactmetrics_sitenote_note":"","_exactmetrics_sitenote_category":0,"jetpack_post_was_ever_published":false,"_jetpack_newsletter_access":"","_jetpack_dont_email_post_to_subs":false,"_jetpack_newsletter_tier_id":0,"_jetpack_memberships_contains_paywalled_content":false,"_jetpack_memberships_contains_paid_content":false,"footnotes":"","jetpack_publicize_message":"","jetpack_publicize_feature_enabled":true,"jetpack_social_post_already_shared":true,"jetpack_social_options":{"image_generator_settings":{"template":"highway","enabled":false},"version":2}},"categories":[1],"tags":[210,981,754,1184],"class_list":["post-36556","post","type-post","status-publish","format-standard","hentry","category-notas","tag-afastamento","tag-ansiedade","tag-depressao","tag-trabalho"],"jetpack_publicize_connections":[],"jetpack_sharing_enabled":true,"jetpack_featured_media_url":"","jetpack_shortlink":"https:\/\/wp.me\/p7wKYW-9vC","jetpack-related-posts":[],"_links":{"self":[{"href":"http:\/\/blogdalucianaoliveira.com.br\/blog\/wp-json\/wp\/v2\/posts\/36556","targetHints":{"allow":["GET"]}}],"collection":[{"href":"http:\/\/blogdalucianaoliveira.com.br\/blog\/wp-json\/wp\/v2\/posts"}],"about":[{"href":"http:\/\/blogdalucianaoliveira.com.br\/blog\/wp-json\/wp\/v2\/types\/post"}],"author":[{"embeddable":true,"href":"http:\/\/blogdalucianaoliveira.com.br\/blog\/wp-json\/wp\/v2\/users\/1"}],"replies":[{"embeddable":true,"href":"http:\/\/blogdalucianaoliveira.com.br\/blog\/wp-json\/wp\/v2\/comments?post=36556"}],"version-history":[{"count":1,"href":"http:\/\/blogdalucianaoliveira.com.br\/blog\/wp-json\/wp\/v2\/posts\/36556\/revisions"}],"predecessor-version":[{"id":36558,"href":"http:\/\/blogdalucianaoliveira.com.br\/blog\/wp-json\/wp\/v2\/posts\/36556\/revisions\/36558"}],"wp:attachment":[{"href":"http:\/\/blogdalucianaoliveira.com.br\/blog\/wp-json\/wp\/v2\/media?parent=36556"}],"wp:term":[{"taxonomy":"category","embeddable":true,"href":"http:\/\/blogdalucianaoliveira.com.br\/blog\/wp-json\/wp\/v2\/categories?post=36556"},{"taxonomy":"post_tag","embeddable":true,"href":"http:\/\/blogdalucianaoliveira.com.br\/blog\/wp-json\/wp\/v2\/tags?post=36556"}],"curies":[{"name":"wp","href":"https:\/\/api.w.org\/{rel}","templated":true}]}}