{"id":36559,"date":"2025-03-11T21:54:19","date_gmt":"2025-03-12T01:54:19","guid":{"rendered":"https:\/\/blogdalucianaoliveira.com.br\/blog\/?p=36559"},"modified":"2025-03-11T22:00:24","modified_gmt":"2025-03-12T02:00:24","slug":"artistas-da-lei-paulo-gustavo-promovem-acesso-a-cultura-e-geracao-de-renda-em-rondonia","status":"publish","type":"post","link":"http:\/\/blogdalucianaoliveira.com.br\/blog\/2025\/03\/11\/artistas-da-lei-paulo-gustavo-promovem-acesso-a-cultura-e-geracao-de-renda-em-rondonia\/","title":{"rendered":"Artistas da Lei Paulo Gustavo promovem acesso \u00e0 cultura e gera\u00e7\u00e3o de renda em Rond\u00f4nia"},"content":{"rendered":"<p><img data-recalc-dims=\"1\" loading=\"lazy\" decoding=\"async\" data-attachment-id=\"36568\" data-permalink=\"http:\/\/blogdalucianaoliveira.com.br\/blog\/2025\/03\/11\/artistas-da-lei-paulo-gustavo-promovem-acesso-a-cultura-e-geracao-de-renda-em-rondonia\/5b30ba67-e20a-4ec5-b2eb-3fff8c2b3001\/\" data-orig-file=\"https:\/\/i0.wp.com\/blogdalucianaoliveira.com.br\/blog\/wp-content\/uploads\/2025\/03\/5b30ba67-e20a-4ec5-b2eb-3fff8c2b3001.jpeg?fit=1600%2C1066\" data-orig-size=\"1600,1066\" data-comments-opened=\"0\" data-image-meta=\"{&quot;aperture&quot;:&quot;0&quot;,&quot;credit&quot;:&quot;&quot;,&quot;camera&quot;:&quot;&quot;,&quot;caption&quot;:&quot;&quot;,&quot;created_timestamp&quot;:&quot;0&quot;,&quot;copyright&quot;:&quot;&quot;,&quot;focal_length&quot;:&quot;0&quot;,&quot;iso&quot;:&quot;0&quot;,&quot;shutter_speed&quot;:&quot;0&quot;,&quot;title&quot;:&quot;&quot;,&quot;orientation&quot;:&quot;0&quot;}\" data-image-title=\"5b30ba67-e20a-4ec5-b2eb-3fff8c2b3001\" data-image-description=\"\" data-image-caption=\"\" data-medium-file=\"https:\/\/i0.wp.com\/blogdalucianaoliveira.com.br\/blog\/wp-content\/uploads\/2025\/03\/5b30ba67-e20a-4ec5-b2eb-3fff8c2b3001.jpeg?fit=300%2C200\" data-large-file=\"https:\/\/i0.wp.com\/blogdalucianaoliveira.com.br\/blog\/wp-content\/uploads\/2025\/03\/5b30ba67-e20a-4ec5-b2eb-3fff8c2b3001.jpeg?fit=600%2C400\" class=\"alignnone size-medium wp-image-36568\" src=\"https:\/\/i0.wp.com\/blogdalucianaoliveira.com.br\/blog\/wp-content\/uploads\/2025\/03\/5b30ba67-e20a-4ec5-b2eb-3fff8c2b3001.jpeg?resize=300%2C200\" alt=\"\" width=\"300\" height=\"200\" srcset=\"https:\/\/i0.wp.com\/blogdalucianaoliveira.com.br\/blog\/wp-content\/uploads\/2025\/03\/5b30ba67-e20a-4ec5-b2eb-3fff8c2b3001.jpeg?resize=300%2C200 300w, https:\/\/i0.wp.com\/blogdalucianaoliveira.com.br\/blog\/wp-content\/uploads\/2025\/03\/5b30ba67-e20a-4ec5-b2eb-3fff8c2b3001.jpeg?resize=1024%2C682 1024w, https:\/\/i0.wp.com\/blogdalucianaoliveira.com.br\/blog\/wp-content\/uploads\/2025\/03\/5b30ba67-e20a-4ec5-b2eb-3fff8c2b3001.jpeg?resize=768%2C512 768w, https:\/\/i0.wp.com\/blogdalucianaoliveira.com.br\/blog\/wp-content\/uploads\/2025\/03\/5b30ba67-e20a-4ec5-b2eb-3fff8c2b3001.jpeg?resize=1536%2C1023 1536w, https:\/\/i0.wp.com\/blogdalucianaoliveira.com.br\/blog\/wp-content\/uploads\/2025\/03\/5b30ba67-e20a-4ec5-b2eb-3fff8c2b3001.jpeg?resize=450%2C300 450w, https:\/\/i0.wp.com\/blogdalucianaoliveira.com.br\/blog\/wp-content\/uploads\/2025\/03\/5b30ba67-e20a-4ec5-b2eb-3fff8c2b3001.jpeg?w=1600 1600w, https:\/\/i0.wp.com\/blogdalucianaoliveira.com.br\/blog\/wp-content\/uploads\/2025\/03\/5b30ba67-e20a-4ec5-b2eb-3fff8c2b3001.jpeg?w=1200 1200w\" sizes=\"auto, (max-width: 300px) 100vw, 300px\" \/><\/p>\n<p>*Por Izabela Lima &#8211; Editais de fomento realizados pelo Estado contemplaram mais de 340 iniciativas culturais do audiovisual, literatura, teatro, dan\u00e7a, circo e m\u00fasica.<!--more--><\/p>\n<p><strong>Cultura, um bem estrat\u00e9gico<\/strong><\/p>\n<p>A cultura para al\u00e9m das festividades e do lazer, \u00e9 algo que impacta o cotidiano e o costume de uma comunidade, tamb\u00e9m corresponde a uma grande ind\u00fastria criativa, que movimenta recursos e a gera\u00e7\u00e3o de renda, o equivalente a 3,11% do PIB, mas o que poucos sabem que o setor cultural <a href=\"https:\/\/veja.abril.com.br\/economia\/pib-da-cultura-e-industrias-criativas-supera-o-setor-automotivo\">produz mais bens e servi\u00e7os que o setor automobil\u00edstico.\u00a0<\/a><\/p>\n<p>De acordo com a pesquisa <a href=\"https:\/\/culturanascapitais.com.br\/acesso-a-atividades-culturais\/\">Cultura nas Capitais<\/a> realizada nas 27 capitais do pa\u00eds pelo DataFolha (2024), revelou a diversidade e desigualdade de acesso \u00e0s atividades culturais considerando tanto os par\u00e2metros de g\u00eanero, quanto por classe econ\u00f4mica, escolaridade, orienta\u00e7\u00e3o sexual, faixa et\u00e1ria, cor\/ra\u00e7a, estado civil, religi\u00e3o e acesso \u00e0 internet. Em Porto Velho a falta de acesso se mostrou evidente principalmente quando consideramos os Museus (15%), Saraus (8%), Concertos (5%) e Teatro (14%), um reflexo da prioriza\u00e7\u00e3o das pol\u00edticas p\u00fablicas voltadas para arte e cultura visando o desenvolvimento social.<\/p>\n<p>\u00c9 preciso um olhar estrat\u00e9gico em rela\u00e7\u00e3o ao setor cultural, pois reflete tanto no turismo, quanto no setor de neg\u00f3cios. Sendo primordial a implementa\u00e7\u00e3o de pol\u00edticas p\u00fablicas para democratiza\u00e7\u00e3o da cultura, o reconhecimento da diversidade regional, o acesso aos aparelhos culturais (museus, casas de cultura, galerias) pelos agentes culturais, a cria\u00e7\u00e3o e recupera\u00e7\u00e3o de espa\u00e7os como museus, galerias, centros culturais e teatros, a aprova\u00e7\u00e3o de leis de fomento para fortalecimento da cultura e arte, assim como, para a manuten\u00e7\u00e3o das express\u00f5es tradicionais.<\/p>\n<p>Lei Paulo Gustavo em Rond\u00f4nia<\/p>\n<p>A Lei Paulo Gustavo \u00e9 uma pol\u00edtica p\u00fablica que nasce com objetivo de incentivar o setor cultural que foi duramente impactado na pandemia de covid-19, garantindo a distribui\u00e7\u00e3o de recursos emergenciais para execu\u00e7\u00e3o de projetos culturais em todo o pa\u00eds. De acordo com o Minist\u00e9rio da Cultura &#8211; MinC, somente para a Regi\u00e3o Norte foram destinados 424 milh\u00f5es de reais. Em Rond\u00f4nia, <a href=\"https:\/\/www.gov.br\/cultura\/pt-br\/assuntos\/lei-paulo-gustavo\/acesso-a-informacao\/painel-de-dados\">o recurso federal foi dividido para o Estado e aos 41 munic\u00edpios, onde cada munic\u00edpio destinou por meio de editais o repasse para os produtores e artistas locais.<\/a><\/p>\n<p>Confira alguns projetos culturais que ser\u00e3o executados ao longo do ano de 2025 via lei de fomento \u00e0 cultura &#8211; Lei Paulo Gustavo:<\/p>\n<p><img data-recalc-dims=\"1\" loading=\"lazy\" decoding=\"async\" data-attachment-id=\"36562\" data-permalink=\"http:\/\/blogdalucianaoliveira.com.br\/blog\/2025\/03\/11\/artistas-da-lei-paulo-gustavo-promovem-acesso-a-cultura-e-geracao-de-renda-em-rondonia\/img_9673\/\" data-orig-file=\"https:\/\/i0.wp.com\/blogdalucianaoliveira.com.br\/blog\/wp-content\/uploads\/2025\/03\/IMG_9673.png?fit=1240%2C1748\" data-orig-size=\"1240,1748\" data-comments-opened=\"0\" data-image-meta=\"{&quot;aperture&quot;:&quot;0&quot;,&quot;credit&quot;:&quot;&quot;,&quot;camera&quot;:&quot;&quot;,&quot;caption&quot;:&quot;&quot;,&quot;created_timestamp&quot;:&quot;0&quot;,&quot;copyright&quot;:&quot;&quot;,&quot;focal_length&quot;:&quot;0&quot;,&quot;iso&quot;:&quot;0&quot;,&quot;shutter_speed&quot;:&quot;0&quot;,&quot;title&quot;:&quot;&quot;,&quot;orientation&quot;:&quot;0&quot;}\" data-image-title=\"IMG_9673\" data-image-description=\"\" data-image-caption=\"\" data-medium-file=\"https:\/\/i0.wp.com\/blogdalucianaoliveira.com.br\/blog\/wp-content\/uploads\/2025\/03\/IMG_9673.png?fit=213%2C300\" data-large-file=\"https:\/\/i0.wp.com\/blogdalucianaoliveira.com.br\/blog\/wp-content\/uploads\/2025\/03\/IMG_9673.png?fit=600%2C846\" class=\"alignnone size-medium wp-image-36562\" src=\"https:\/\/i0.wp.com\/blogdalucianaoliveira.com.br\/blog\/wp-content\/uploads\/2025\/03\/IMG_9673.png?resize=213%2C300\" alt=\"\" width=\"213\" height=\"300\" srcset=\"https:\/\/i0.wp.com\/blogdalucianaoliveira.com.br\/blog\/wp-content\/uploads\/2025\/03\/IMG_9673.png?resize=213%2C300 213w, https:\/\/i0.wp.com\/blogdalucianaoliveira.com.br\/blog\/wp-content\/uploads\/2025\/03\/IMG_9673.png?resize=726%2C1024 726w, https:\/\/i0.wp.com\/blogdalucianaoliveira.com.br\/blog\/wp-content\/uploads\/2025\/03\/IMG_9673.png?resize=768%2C1083 768w, https:\/\/i0.wp.com\/blogdalucianaoliveira.com.br\/blog\/wp-content\/uploads\/2025\/03\/IMG_9673.png?resize=1090%2C1536 1090w, https:\/\/i0.wp.com\/blogdalucianaoliveira.com.br\/blog\/wp-content\/uploads\/2025\/03\/IMG_9673.png?w=1240 1240w\" sizes=\"auto, (max-width: 213px) 100vw, 213px\" \/><br \/>\n<img data-recalc-dims=\"1\" loading=\"lazy\" decoding=\"async\" data-attachment-id=\"36564\" data-permalink=\"http:\/\/blogdalucianaoliveira.com.br\/blog\/2025\/03\/11\/artistas-da-lei-paulo-gustavo-promovem-acesso-a-cultura-e-geracao-de-renda-em-rondonia\/img_9674-2\/\" data-orig-file=\"https:\/\/i0.wp.com\/blogdalucianaoliveira.com.br\/blog\/wp-content\/uploads\/2025\/03\/IMG_9674-1.png?fit=1240%2C1748\" data-orig-size=\"1240,1748\" data-comments-opened=\"0\" data-image-meta=\"{&quot;aperture&quot;:&quot;0&quot;,&quot;credit&quot;:&quot;&quot;,&quot;camera&quot;:&quot;&quot;,&quot;caption&quot;:&quot;&quot;,&quot;created_timestamp&quot;:&quot;0&quot;,&quot;copyright&quot;:&quot;&quot;,&quot;focal_length&quot;:&quot;0&quot;,&quot;iso&quot;:&quot;0&quot;,&quot;shutter_speed&quot;:&quot;0&quot;,&quot;title&quot;:&quot;&quot;,&quot;orientation&quot;:&quot;0&quot;}\" data-image-title=\"IMG_9674\" data-image-description=\"\" data-image-caption=\"\" data-medium-file=\"https:\/\/i0.wp.com\/blogdalucianaoliveira.com.br\/blog\/wp-content\/uploads\/2025\/03\/IMG_9674-1.png?fit=213%2C300\" data-large-file=\"https:\/\/i0.wp.com\/blogdalucianaoliveira.com.br\/blog\/wp-content\/uploads\/2025\/03\/IMG_9674-1.png?fit=600%2C846\" class=\"alignnone size-medium wp-image-36564\" src=\"https:\/\/i0.wp.com\/blogdalucianaoliveira.com.br\/blog\/wp-content\/uploads\/2025\/03\/IMG_9674-1.png?resize=213%2C300\" alt=\"\" width=\"213\" height=\"300\" srcset=\"https:\/\/i0.wp.com\/blogdalucianaoliveira.com.br\/blog\/wp-content\/uploads\/2025\/03\/IMG_9674-1.png?resize=213%2C300 213w, https:\/\/i0.wp.com\/blogdalucianaoliveira.com.br\/blog\/wp-content\/uploads\/2025\/03\/IMG_9674-1.png?resize=726%2C1024 726w, https:\/\/i0.wp.com\/blogdalucianaoliveira.com.br\/blog\/wp-content\/uploads\/2025\/03\/IMG_9674-1.png?resize=768%2C1083 768w, https:\/\/i0.wp.com\/blogdalucianaoliveira.com.br\/blog\/wp-content\/uploads\/2025\/03\/IMG_9674-1.png?resize=1090%2C1536 1090w, https:\/\/i0.wp.com\/blogdalucianaoliveira.com.br\/blog\/wp-content\/uploads\/2025\/03\/IMG_9674-1.png?w=1240 1240w\" sizes=\"auto, (max-width: 213px) 100vw, 213px\" \/><br \/>\n<img data-recalc-dims=\"1\" loading=\"lazy\" decoding=\"async\" data-attachment-id=\"36565\" data-permalink=\"http:\/\/blogdalucianaoliveira.com.br\/blog\/2025\/03\/11\/artistas-da-lei-paulo-gustavo-promovem-acesso-a-cultura-e-geracao-de-renda-em-rondonia\/img_9675-2\/\" data-orig-file=\"https:\/\/i0.wp.com\/blogdalucianaoliveira.com.br\/blog\/wp-content\/uploads\/2025\/03\/IMG_9675-1.png?fit=1240%2C1748\" data-orig-size=\"1240,1748\" data-comments-opened=\"0\" data-image-meta=\"{&quot;aperture&quot;:&quot;0&quot;,&quot;credit&quot;:&quot;&quot;,&quot;camera&quot;:&quot;&quot;,&quot;caption&quot;:&quot;&quot;,&quot;created_timestamp&quot;:&quot;0&quot;,&quot;copyright&quot;:&quot;&quot;,&quot;focal_length&quot;:&quot;0&quot;,&quot;iso&quot;:&quot;0&quot;,&quot;shutter_speed&quot;:&quot;0&quot;,&quot;title&quot;:&quot;&quot;,&quot;orientation&quot;:&quot;0&quot;}\" data-image-title=\"IMG_9675\" data-image-description=\"\" data-image-caption=\"\" data-medium-file=\"https:\/\/i0.wp.com\/blogdalucianaoliveira.com.br\/blog\/wp-content\/uploads\/2025\/03\/IMG_9675-1.png?fit=213%2C300\" data-large-file=\"https:\/\/i0.wp.com\/blogdalucianaoliveira.com.br\/blog\/wp-content\/uploads\/2025\/03\/IMG_9675-1.png?fit=600%2C846\" class=\"alignnone size-medium wp-image-36565\" src=\"https:\/\/i0.wp.com\/blogdalucianaoliveira.com.br\/blog\/wp-content\/uploads\/2025\/03\/IMG_9675-1.png?resize=213%2C300\" alt=\"\" width=\"213\" height=\"300\" srcset=\"https:\/\/i0.wp.com\/blogdalucianaoliveira.com.br\/blog\/wp-content\/uploads\/2025\/03\/IMG_9675-1.png?resize=213%2C300 213w, https:\/\/i0.wp.com\/blogdalucianaoliveira.com.br\/blog\/wp-content\/uploads\/2025\/03\/IMG_9675-1.png?resize=726%2C1024 726w, https:\/\/i0.wp.com\/blogdalucianaoliveira.com.br\/blog\/wp-content\/uploads\/2025\/03\/IMG_9675-1.png?resize=768%2C1083 768w, https:\/\/i0.wp.com\/blogdalucianaoliveira.com.br\/blog\/wp-content\/uploads\/2025\/03\/IMG_9675-1.png?resize=1090%2C1536 1090w, https:\/\/i0.wp.com\/blogdalucianaoliveira.com.br\/blog\/wp-content\/uploads\/2025\/03\/IMG_9675-1.png?w=1240 1240w\" sizes=\"auto, (max-width: 213px) 100vw, 213px\" \/> <img data-recalc-dims=\"1\" loading=\"lazy\" decoding=\"async\" data-attachment-id=\"36566\" data-permalink=\"http:\/\/blogdalucianaoliveira.com.br\/blog\/2025\/03\/11\/artistas-da-lei-paulo-gustavo-promovem-acesso-a-cultura-e-geracao-de-renda-em-rondonia\/img_9676-2\/\" data-orig-file=\"https:\/\/i0.wp.com\/blogdalucianaoliveira.com.br\/blog\/wp-content\/uploads\/2025\/03\/IMG_9676-1.png?fit=1232%2C840\" data-orig-size=\"1232,840\" data-comments-opened=\"0\" data-image-meta=\"{&quot;aperture&quot;:&quot;0&quot;,&quot;credit&quot;:&quot;&quot;,&quot;camera&quot;:&quot;&quot;,&quot;caption&quot;:&quot;&quot;,&quot;created_timestamp&quot;:&quot;0&quot;,&quot;copyright&quot;:&quot;&quot;,&quot;focal_length&quot;:&quot;0&quot;,&quot;iso&quot;:&quot;0&quot;,&quot;shutter_speed&quot;:&quot;0&quot;,&quot;title&quot;:&quot;&quot;,&quot;orientation&quot;:&quot;0&quot;}\" data-image-title=\"IMG_9676\" data-image-description=\"\" data-image-caption=\"\" data-medium-file=\"https:\/\/i0.wp.com\/blogdalucianaoliveira.com.br\/blog\/wp-content\/uploads\/2025\/03\/IMG_9676-1.png?fit=300%2C205\" data-large-file=\"https:\/\/i0.wp.com\/blogdalucianaoliveira.com.br\/blog\/wp-content\/uploads\/2025\/03\/IMG_9676-1.png?fit=600%2C409\" class=\"alignnone size-medium wp-image-36566\" src=\"https:\/\/i0.wp.com\/blogdalucianaoliveira.com.br\/blog\/wp-content\/uploads\/2025\/03\/IMG_9676-1.png?resize=300%2C205\" alt=\"\" width=\"300\" height=\"205\" srcset=\"https:\/\/i0.wp.com\/blogdalucianaoliveira.com.br\/blog\/wp-content\/uploads\/2025\/03\/IMG_9676-1.png?resize=300%2C205 300w, https:\/\/i0.wp.com\/blogdalucianaoliveira.com.br\/blog\/wp-content\/uploads\/2025\/03\/IMG_9676-1.png?resize=1024%2C698 1024w, https:\/\/i0.wp.com\/blogdalucianaoliveira.com.br\/blog\/wp-content\/uploads\/2025\/03\/IMG_9676-1.png?resize=768%2C524 768w, https:\/\/i0.wp.com\/blogdalucianaoliveira.com.br\/blog\/wp-content\/uploads\/2025\/03\/IMG_9676-1.png?resize=440%2C300 440w, https:\/\/i0.wp.com\/blogdalucianaoliveira.com.br\/blog\/wp-content\/uploads\/2025\/03\/IMG_9676-1.png?w=1232 1232w\" sizes=\"auto, (max-width: 300px) 100vw, 300px\" \/><\/p>\n<p>*Izabela Lima, cantora, compositora e produtora cultural<\/p>\n<p>&nbsp;<\/p>\n","protected":false},"excerpt":{"rendered":"<p>*Por Izabela Lima &#8211; Editais de fomento realizados pelo Estado contemplaram mais de 340 iniciativas culturais do audiovisual, literatura, teatro, dan\u00e7a, circo e m\u00fasica.<\/p>\n","protected":false},"author":1,"featured_media":0,"comment_status":"closed","ping_status":"open","sticky":false,"template":"","format":"standard","meta":{"_exactmetrics_skip_tracking":false,"_exactmetrics_sitenote_active":false,"_exactmetrics_sitenote_note":"","_exactmetrics_sitenote_category":0,"jetpack_post_was_ever_published":false,"_jetpack_newsletter_access":"","_jetpack_dont_email_post_to_subs":false,"_jetpack_newsletter_tier_id":0,"_jetpack_memberships_contains_paywalled_content":false,"_jetpack_memberships_contains_paid_content":false,"footnotes":"","jetpack_publicize_message":"","jetpack_publicize_feature_enabled":true,"jetpack_social_post_already_shared":true,"jetpack_social_options":{"image_generator_settings":{"template":"highway","enabled":false},"version":2}},"categories":[1],"tags":[1272,1271,7],"class_list":["post-36559","post","type-post","status-publish","format-standard","hentry","category-notas","tag-incentivo","tag-lpg","tag-rondonia"],"jetpack_publicize_connections":[],"jetpack_sharing_enabled":true,"jetpack_featured_media_url":"","jetpack_shortlink":"https:\/\/wp.me\/p7wKYW-9vF","jetpack-related-posts":[],"_links":{"self":[{"href":"http:\/\/blogdalucianaoliveira.com.br\/blog\/wp-json\/wp\/v2\/posts\/36559","targetHints":{"allow":["GET"]}}],"collection":[{"href":"http:\/\/blogdalucianaoliveira.com.br\/blog\/wp-json\/wp\/v2\/posts"}],"about":[{"href":"http:\/\/blogdalucianaoliveira.com.br\/blog\/wp-json\/wp\/v2\/types\/post"}],"author":[{"embeddable":true,"href":"http:\/\/blogdalucianaoliveira.com.br\/blog\/wp-json\/wp\/v2\/users\/1"}],"replies":[{"embeddable":true,"href":"http:\/\/blogdalucianaoliveira.com.br\/blog\/wp-json\/wp\/v2\/comments?post=36559"}],"version-history":[{"count":2,"href":"http:\/\/blogdalucianaoliveira.com.br\/blog\/wp-json\/wp\/v2\/posts\/36559\/revisions"}],"predecessor-version":[{"id":36569,"href":"http:\/\/blogdalucianaoliveira.com.br\/blog\/wp-json\/wp\/v2\/posts\/36559\/revisions\/36569"}],"wp:attachment":[{"href":"http:\/\/blogdalucianaoliveira.com.br\/blog\/wp-json\/wp\/v2\/media?parent=36559"}],"wp:term":[{"taxonomy":"category","embeddable":true,"href":"http:\/\/blogdalucianaoliveira.com.br\/blog\/wp-json\/wp\/v2\/categories?post=36559"},{"taxonomy":"post_tag","embeddable":true,"href":"http:\/\/blogdalucianaoliveira.com.br\/blog\/wp-json\/wp\/v2\/tags?post=36559"}],"curies":[{"name":"wp","href":"https:\/\/api.w.org\/{rel}","templated":true}]}}