{"id":36572,"date":"2025-03-12T10:25:19","date_gmt":"2025-03-12T14:25:19","guid":{"rendered":"https:\/\/blogdalucianaoliveira.com.br\/blog\/?p=36572"},"modified":"2025-03-12T10:25:19","modified_gmt":"2025-03-12T14:25:19","slug":"lei-do-feminicidio-completa-10-anos-com-impunidade-como-desafio","status":"publish","type":"post","link":"http:\/\/blogdalucianaoliveira.com.br\/blog\/2025\/03\/12\/lei-do-feminicidio-completa-10-anos-com-impunidade-como-desafio\/","title":{"rendered":"Lei do Feminic\u00eddio completa 10 anos com impunidade como desafio"},"content":{"rendered":"<p><img data-recalc-dims=\"1\" loading=\"lazy\" decoding=\"async\" data-attachment-id=\"36573\" data-permalink=\"http:\/\/blogdalucianaoliveira.com.br\/blog\/2025\/03\/12\/lei-do-feminicidio-completa-10-anos-com-impunidade-como-desafio\/img_9688-2\/\" data-orig-file=\"https:\/\/i0.wp.com\/blogdalucianaoliveira.com.br\/blog\/wp-content\/uploads\/2025\/03\/IMG_9688.webp?fit=1170%2C700\" data-orig-size=\"1170,700\" data-comments-opened=\"0\" data-image-meta=\"{&quot;aperture&quot;:&quot;0&quot;,&quot;credit&quot;:&quot;&quot;,&quot;camera&quot;:&quot;&quot;,&quot;caption&quot;:&quot;&quot;,&quot;created_timestamp&quot;:&quot;0&quot;,&quot;copyright&quot;:&quot;&quot;,&quot;focal_length&quot;:&quot;0&quot;,&quot;iso&quot;:&quot;0&quot;,&quot;shutter_speed&quot;:&quot;0&quot;,&quot;title&quot;:&quot;&quot;,&quot;orientation&quot;:&quot;0&quot;}\" data-image-title=\"IMG_9688\" data-image-description=\"\" data-image-caption=\"\" data-medium-file=\"https:\/\/i0.wp.com\/blogdalucianaoliveira.com.br\/blog\/wp-content\/uploads\/2025\/03\/IMG_9688.webp?fit=300%2C179\" data-large-file=\"https:\/\/i0.wp.com\/blogdalucianaoliveira.com.br\/blog\/wp-content\/uploads\/2025\/03\/IMG_9688.webp?fit=600%2C359\" class=\"alignnone size-medium wp-image-36573\" src=\"https:\/\/i0.wp.com\/blogdalucianaoliveira.com.br\/blog\/wp-content\/uploads\/2025\/03\/IMG_9688.webp?resize=300%2C179\" alt=\"\" width=\"300\" height=\"179\" srcset=\"https:\/\/i0.wp.com\/blogdalucianaoliveira.com.br\/blog\/wp-content\/uploads\/2025\/03\/IMG_9688.webp?resize=300%2C179 300w, https:\/\/i0.wp.com\/blogdalucianaoliveira.com.br\/blog\/wp-content\/uploads\/2025\/03\/IMG_9688.webp?resize=1024%2C613 1024w, https:\/\/i0.wp.com\/blogdalucianaoliveira.com.br\/blog\/wp-content\/uploads\/2025\/03\/IMG_9688.webp?resize=768%2C459 768w, https:\/\/i0.wp.com\/blogdalucianaoliveira.com.br\/blog\/wp-content\/uploads\/2025\/03\/IMG_9688.webp?resize=501%2C300 501w, https:\/\/i0.wp.com\/blogdalucianaoliveira.com.br\/blog\/wp-content\/uploads\/2025\/03\/IMG_9688.webp?w=1170 1170w\" sizes=\"auto, (max-width: 300px) 100vw, 300px\" \/><\/p>\n<p>&nbsp;<\/p>\n<p>Brasil registra cerca de mil assassinatos de mulheres por ano<!--more--><\/p>\n<p>EBC &#8211; A Lei do Feminic\u00eddio completou dez anos de vig\u00eancia neste domingo (09). Sancionada em 2015 pela ent\u00e3o presidente Dilma Rousseff, a norma inseriu no C\u00f3digo Penal o crime de homic\u00eddio contra mulheres no contexto de viol\u00eancia dom\u00e9stica e de discrimina\u00e7\u00e3o. <img data-recalc-dims=\"1\" decoding=\"async\" src=\"https:\/\/i0.wp.com\/agenciabrasil.ebc.com.br\/ebc.png?w=600&#038;ssl=1\" \/><img data-recalc-dims=\"1\" decoding=\"async\" src=\"https:\/\/i0.wp.com\/agenciabrasil.ebc.com.br\/ebc.gif?w=600&#038;ssl=1\" \/><\/p>\n<p>Em outubro do ano passado, o presidente Luiz In\u00e1cio Lula da Silva sancionou a Lei 14.994\/24 e ampliou a pena para quem comete o crime. A puni\u00e7\u00e3o, que variava entre 12 a 30 anos de pris\u00e3o, passou para m\u00ednimo de 20 e m\u00e1ximo de 40 anos.<\/p>\n<p>De acordo com n\u00fameros do Sistema Nacional de Informa\u00e7\u00f5es de Seguran\u00e7a P\u00fablica (Sinesp), <strong>o Brasil registra cerca de 1 mil assassinatos de mulheres por ano<\/strong>. O banco de dados \u00e9 mantido pelo Minist\u00e9rio da Justi\u00e7a e Seguran\u00e7a P\u00fablica (MJSP), a partir de informa\u00e7\u00f5es enviadas pelos estados \u00e0 pasta. At\u00e9 outubro de 2024, foram registrados no pa\u00eds 1.128 mortes por feminic\u00eddio no pa\u00eds.<\/p>\n<p>No Judici\u00e1rio, tamb\u00e9m foi registrado um volume alarmante de processos envolvendo feminic\u00eddios. No ano passado, o Conselho Nacional de Justi\u00e7a (CNJ) registrou 8,3 mil processos sobre o assassinato de mulheres. Em 2023, existiam 7,4 mil processos.<\/p>\n<p>As movimenta\u00e7\u00f5es processuais relacionadas a medidas protetivas previstas na Lei Maria da Penha tamb\u00e9m foram alvo de an\u00e1lise pelo CNJ. Houve 827,9 mil procedimentos desse tipo em 2024.<\/p>\n<p>De acordo com o CNJ, surgiram no Judici\u00e1rio brasileiro, no mesmo per\u00edodo, 959,2 mil novos casos de viol\u00eancia dom\u00e9stica. O n\u00famero \u00e9 equivalente a 2,6 novas a\u00e7\u00f5es di\u00e1rias.<\/p>\n<p><strong>Para ampliar o monitoramento da atua\u00e7\u00e3o do Judici\u00e1rio no combate \u00e0 viol\u00eancia contra a mulher, o Conselho vai lan\u00e7ar na ter\u00e7a-feira (11) um novo painel eletr\u00f4nico sobre os processos envolvendo viol\u00eancia dom\u00e9stica.<\/strong><\/p>\n<p>Com a nova plataforma ser\u00e1 poss\u00edvel verificar a atua\u00e7\u00e3o individual das varas especializadas em viol\u00eancia dom\u00e9stica e das unidades judici\u00e1rias com compet\u00eancia exclusiva para atuar nesse tipo de processo.<\/p>\n<div class=\"dnd-widget-wrapper context-cheio_8colunas type-image\">\n<div class=\"dnd-atom-rendered\"><img data-recalc-dims=\"1\" decoding=\"async\" title=\"Rovena Rosa\/Ag\u00eancia Brasil\" src=\"https:\/\/i0.wp.com\/imagens.ebc.com.br\/sB2z0ydLS-TfNRg2F4ZkUTqz4RU%3D\/754x0\/smart\/https%3A\/\/agenciabrasil.ebc.com.br\/sites\/default\/files\/thumbnails\/image\/2025\/03\/08\/0g0a9760a.jpg?w=600&#038;ssl=1\" alt=\"S\u00e3o Paulo (SP), 08\/03\/2025 - Ato unificado pelo dia internacional de luta da mulher, com o tema \" \/><\/div>\n<div class=\"dnd-caption-wrapper\">\n<div class=\"meta\">S\u00e3o Paulo (SP), 08\/03\/2025 &#8211; Ato unificado pelo Dia Internacional de Luta da Mulher. Foto: <strong>Rovena Rosa\/Ag\u00eancia Brasil<\/strong><\/div>\n<\/div>\n<\/div>\n<h2>Dia da Mulher<\/h2>\n<p>Neste s\u00e1bado (08), Dia Internacional da Mulher, <a href=\"https:\/\/agenciabrasil.ebc.com.br\/direitos-humanos\/noticia\/2025-03\/mulheres-do-df-marcham-por-politicas-publicas-e-contra-o-feminicidio\" target=\"_blank\" rel=\"noopener\">diversos atos pelo pa\u00eds pediram o reconhecimento do direito das mulheres<\/a>. Entre as pautas reivindicadas, o combate efetivo ao feminic\u00eddio.<\/p>\n<h2>Feminic\u00eddio zero<\/h2>\n<p>Na semana passada, durante o Carnaval, o Minist\u00e9rio das Mulheres lan\u00e7ou a campanha <a href=\"https:\/\/agenciabrasil.ebc.com.br\/direitos-humanos\/noticia\/2025-02\/governo-federal-lanca-campanha-feminicidio-zero-na-sapucai\" target=\"_blank\" rel=\"noopener\">Feminic\u00eddio Zero na Sapuca\u00ed<\/a>. A campanha contou tamb\u00e9m com o apoio dos minist\u00e9rios da Igualdade Racial e da Sa\u00fade.<\/p>\n<p>Feminic\u00eddio Zero \u00e9 uma mobiliza\u00e7\u00e3o nacional permanente do Minist\u00e9rio das Mulheres, que conta com diferentes frentes de atua\u00e7\u00e3o com comunica\u00e7\u00e3o ampla e popular, implementa\u00e7\u00e3o de pol\u00edticas p\u00fablicas e engajamento de influenciadores.<\/p>\n<h2>Pequim+30<\/h2>\n<p>A Organiza\u00e7\u00e3o das Na\u00e7\u00f5es Unidas Mulheres (ONU Mulheres)<a href=\"https:\/\/agenciabrasil.ebc.com.br\/direitos-humanos\/noticia\/2025-03\/pequim%2B30-paises-apontam-retrocessos-nos-direitos-das-mulheres\" target=\"_blank\" rel=\"noopener\"> publicou um relat\u00f3rio que relata retrocessos nos direitos das mulheres<\/a>. O documento mostra o balan\u00e7o da jornada de 159 dos 189 pa\u00edses signat\u00e1rios da Declara\u00e7\u00e3o e Plataforma de A\u00e7\u00e3o de Pequim. As a\u00e7\u00f5es dos pa\u00edses membros da ONU ser\u00e3o analisada em Nova York, nos pr\u00f3ximos dias, em uma sess\u00e3o especial da organiza\u00e7\u00e3o, que contar\u00e1 com a participa\u00e7\u00e3o do Brasil.<\/p>\n<div class=\"noticias-relacionadas rel-position rowflex\"><\/div>\n","protected":false},"excerpt":{"rendered":"<p>&nbsp; Brasil registra cerca de mil assassinatos de mulheres por ano<\/p>\n","protected":false},"author":1,"featured_media":0,"comment_status":"closed","ping_status":"open","sticky":false,"template":"","format":"standard","meta":{"_exactmetrics_skip_tracking":false,"_exactmetrics_sitenote_active":false,"_exactmetrics_sitenote_note":"","_exactmetrics_sitenote_category":0,"jetpack_post_was_ever_published":false,"_jetpack_newsletter_access":"","_jetpack_dont_email_post_to_subs":false,"_jetpack_newsletter_tier_id":0,"_jetpack_memberships_contains_paywalled_content":false,"_jetpack_memberships_contains_paid_content":false,"footnotes":"","jetpack_publicize_message":"","jetpack_publicize_feature_enabled":true,"jetpack_social_post_already_shared":true,"jetpack_social_options":{"image_generator_settings":{"template":"highway","enabled":false},"version":2}},"categories":[1],"tags":[319,46,34],"class_list":["post-36572","post","type-post","status-publish","format-standard","hentry","category-notas","tag-feminicidio","tag-mulheres","tag-violencia"],"jetpack_publicize_connections":[],"jetpack_sharing_enabled":true,"jetpack_featured_media_url":"","jetpack_shortlink":"https:\/\/wp.me\/p7wKYW-9vS","jetpack-related-posts":[],"_links":{"self":[{"href":"http:\/\/blogdalucianaoliveira.com.br\/blog\/wp-json\/wp\/v2\/posts\/36572","targetHints":{"allow":["GET"]}}],"collection":[{"href":"http:\/\/blogdalucianaoliveira.com.br\/blog\/wp-json\/wp\/v2\/posts"}],"about":[{"href":"http:\/\/blogdalucianaoliveira.com.br\/blog\/wp-json\/wp\/v2\/types\/post"}],"author":[{"embeddable":true,"href":"http:\/\/blogdalucianaoliveira.com.br\/blog\/wp-json\/wp\/v2\/users\/1"}],"replies":[{"embeddable":true,"href":"http:\/\/blogdalucianaoliveira.com.br\/blog\/wp-json\/wp\/v2\/comments?post=36572"}],"version-history":[{"count":1,"href":"http:\/\/blogdalucianaoliveira.com.br\/blog\/wp-json\/wp\/v2\/posts\/36572\/revisions"}],"predecessor-version":[{"id":36574,"href":"http:\/\/blogdalucianaoliveira.com.br\/blog\/wp-json\/wp\/v2\/posts\/36572\/revisions\/36574"}],"wp:attachment":[{"href":"http:\/\/blogdalucianaoliveira.com.br\/blog\/wp-json\/wp\/v2\/media?parent=36572"}],"wp:term":[{"taxonomy":"category","embeddable":true,"href":"http:\/\/blogdalucianaoliveira.com.br\/blog\/wp-json\/wp\/v2\/categories?post=36572"},{"taxonomy":"post_tag","embeddable":true,"href":"http:\/\/blogdalucianaoliveira.com.br\/blog\/wp-json\/wp\/v2\/tags?post=36572"}],"curies":[{"name":"wp","href":"https:\/\/api.w.org\/{rel}","templated":true}]}}