{"id":36575,"date":"2025-03-12T11:45:45","date_gmt":"2025-03-12T15:45:45","guid":{"rendered":"https:\/\/blogdalucianaoliveira.com.br\/blog\/?p=36575"},"modified":"2025-03-12T11:45:45","modified_gmt":"2025-03-12T15:45:45","slug":"desmatamento-na-amazonia-atinge-menor-nivel-para-fevereiro-desde-2016-aponta-inpe","status":"publish","type":"post","link":"http:\/\/blogdalucianaoliveira.com.br\/blog\/2025\/03\/12\/desmatamento-na-amazonia-atinge-menor-nivel-para-fevereiro-desde-2016-aponta-inpe\/","title":{"rendered":"Desmatamento na Amaz\u00f4nia atinge menor n\u00edvel para fevereiro desde 2016, aponta INPE"},"content":{"rendered":"<p><img data-recalc-dims=\"1\" loading=\"lazy\" decoding=\"async\" data-attachment-id=\"36576\" data-permalink=\"http:\/\/blogdalucianaoliveira.com.br\/blog\/2025\/03\/12\/desmatamento-na-amazonia-atinge-menor-nivel-para-fevereiro-desde-2016-aponta-inpe\/img_9690-2\/\" data-orig-file=\"https:\/\/i0.wp.com\/blogdalucianaoliveira.com.br\/blog\/wp-content\/uploads\/2025\/03\/IMG_9690.jpeg?fit=274%2C184\" data-orig-size=\"274,184\" data-comments-opened=\"0\" data-image-meta=\"{&quot;aperture&quot;:&quot;0&quot;,&quot;credit&quot;:&quot;&quot;,&quot;camera&quot;:&quot;&quot;,&quot;caption&quot;:&quot;&quot;,&quot;created_timestamp&quot;:&quot;0&quot;,&quot;copyright&quot;:&quot;&quot;,&quot;focal_length&quot;:&quot;0&quot;,&quot;iso&quot;:&quot;0&quot;,&quot;shutter_speed&quot;:&quot;0&quot;,&quot;title&quot;:&quot;&quot;,&quot;orientation&quot;:&quot;0&quot;}\" data-image-title=\"IMG_9690\" data-image-description=\"\" data-image-caption=\"\" data-medium-file=\"https:\/\/i0.wp.com\/blogdalucianaoliveira.com.br\/blog\/wp-content\/uploads\/2025\/03\/IMG_9690.jpeg?fit=274%2C184\" data-large-file=\"https:\/\/i0.wp.com\/blogdalucianaoliveira.com.br\/blog\/wp-content\/uploads\/2025\/03\/IMG_9690.jpeg?fit=274%2C184\" class=\"alignnone size-full wp-image-36576\" src=\"https:\/\/i0.wp.com\/blogdalucianaoliveira.com.br\/blog\/wp-content\/uploads\/2025\/03\/IMG_9690.jpeg?resize=274%2C184\" alt=\"\" width=\"274\" height=\"184\" \/><\/p>\n<div class=\"max-w-5xl my-4 mx-auto space-y-4 px-6\" data-ds-component=\"article-title\">\n<div class=\"text-lg font-medium tracking-tight text-wl-neutral-600\"><strong>A \u00e1rea desmatada na Amaz\u00f4nia Legal em fevereiro de 2025 foi 64,26% menor do que no mesmo m\u00eas de 2024<\/strong><\/div>\n<\/div>\n<p><!--more--><\/p>\n<div class=\"max-w-5xl mx-auto px-6\">\n<div class=\"mb-4\">\n<div class=\"lg:flex items-center\" data-ds-component=\"author-small\">\n<div>\n<p>InfoMoney &#8211; A regi\u00e3o amaz\u00f4nica registrou, em fevereiro de 2025, o menor \u00edndice de desmatamento para o m\u00eas desde o in\u00edcio da s\u00e9rie hist\u00f3rica, em 2016, de acordo com os dados divulgados pelo Instituto Nacional de Pesquisas Espaciais (INPE). O sistema de detec\u00e7\u00e3o em tempo real de desmatamento, o Deter, apontou que a \u00e1rea desmatada foi de 80,95 km\u00b2.<\/p>\n<p>Essa \u00e1rea representa uma queda de 64,26% em compara\u00e7\u00e3o com os 226,51 km\u00b2 registrados em fevereiro de 2024. O pior ano at\u00e9 agora foi 2023, quando o desmatamento na Amaz\u00f4nia Legal chegou a 321,97 km\u00b2 no mesmo per\u00edodo.<\/p>\n<p>A Amaz\u00f4nia Legal, que abrange os estados do Acre, Amap\u00e1, Amazonas, Mato Grosso, Par\u00e1, Rond\u00f4nia, Roraima, Tocantins e parte do Maranh\u00e3o, cobre 5.015.146,008 km\u00b2, o que equivale a 59% do territ\u00f3rio brasileiro.<\/p>\n<p>Em fevereiro de 2025, o estado de Mato Grosso foi o que mais contribuiu para o desmatamento, com 29 km\u00b2. Seguiram-se Roraima (18 km\u00b2), Par\u00e1 (15 km\u00b2), Amazonas (11 km\u00b2), Maranh\u00e3o (4 km\u00b2), Rond\u00f4nia (3 km\u00b2) e Acre (2 km\u00b2).<\/p>\n<p>Al\u00e9m disso, o desmatamento no Cerrado tamb\u00e9m apresentou uma redu\u00e7\u00e3o de 24% em rela\u00e7\u00e3o a fevereiro de 2024. Foram registrados 494,05 km\u00b2 de desmatamento em fevereiro de 2025, contra 655,51 km\u00b2 no mesmo m\u00eas do ano anterior, que havia sido o maior valor da s\u00e9rie hist\u00f3rica iniciada em 2019.<\/p>\n<\/div>\n<\/div>\n<\/div>\n<\/div>\n","protected":false},"excerpt":{"rendered":"<p>A \u00e1rea desmatada na Amaz\u00f4nia Legal em fevereiro de 2025 foi 64,26% menor do que no mesmo m\u00eas de 2024<\/p>\n","protected":false},"author":1,"featured_media":0,"comment_status":"closed","ping_status":"open","sticky":false,"template":"","format":"standard","meta":{"_exactmetrics_skip_tracking":false,"_exactmetrics_sitenote_active":false,"_exactmetrics_sitenote_note":"","_exactmetrics_sitenote_category":0,"jetpack_post_was_ever_published":false,"_jetpack_newsletter_access":"","_jetpack_dont_email_post_to_subs":false,"_jetpack_newsletter_tier_id":0,"_jetpack_memberships_contains_paywalled_content":false,"_jetpack_memberships_contains_paid_content":false,"footnotes":"","jetpack_publicize_message":"","jetpack_publicize_feature_enabled":true,"jetpack_social_post_already_shared":true,"jetpack_social_options":{"image_generator_settings":{"template":"highway","enabled":false},"version":2}},"categories":[1],"tags":[252,387,330],"class_list":["post-36575","post","type-post","status-publish","format-standard","hentry","category-notas","tag-amazonia","tag-desmatamento","tag-reducao"],"jetpack_publicize_connections":[],"jetpack_sharing_enabled":true,"jetpack_featured_media_url":"","jetpack_shortlink":"https:\/\/wp.me\/p7wKYW-9vV","jetpack-related-posts":[],"_links":{"self":[{"href":"http:\/\/blogdalucianaoliveira.com.br\/blog\/wp-json\/wp\/v2\/posts\/36575","targetHints":{"allow":["GET"]}}],"collection":[{"href":"http:\/\/blogdalucianaoliveira.com.br\/blog\/wp-json\/wp\/v2\/posts"}],"about":[{"href":"http:\/\/blogdalucianaoliveira.com.br\/blog\/wp-json\/wp\/v2\/types\/post"}],"author":[{"embeddable":true,"href":"http:\/\/blogdalucianaoliveira.com.br\/blog\/wp-json\/wp\/v2\/users\/1"}],"replies":[{"embeddable":true,"href":"http:\/\/blogdalucianaoliveira.com.br\/blog\/wp-json\/wp\/v2\/comments?post=36575"}],"version-history":[{"count":3,"href":"http:\/\/blogdalucianaoliveira.com.br\/blog\/wp-json\/wp\/v2\/posts\/36575\/revisions"}],"predecessor-version":[{"id":36579,"href":"http:\/\/blogdalucianaoliveira.com.br\/blog\/wp-json\/wp\/v2\/posts\/36575\/revisions\/36579"}],"wp:attachment":[{"href":"http:\/\/blogdalucianaoliveira.com.br\/blog\/wp-json\/wp\/v2\/media?parent=36575"}],"wp:term":[{"taxonomy":"category","embeddable":true,"href":"http:\/\/blogdalucianaoliveira.com.br\/blog\/wp-json\/wp\/v2\/categories?post=36575"},{"taxonomy":"post_tag","embeddable":true,"href":"http:\/\/blogdalucianaoliveira.com.br\/blog\/wp-json\/wp\/v2\/tags?post=36575"}],"curies":[{"name":"wp","href":"https:\/\/api.w.org\/{rel}","templated":true}]}}