{"id":36580,"date":"2025-03-12T16:59:09","date_gmt":"2025-03-12T20:59:09","guid":{"rendered":"https:\/\/blogdalucianaoliveira.com.br\/blog\/?p=36580"},"modified":"2025-03-12T16:59:09","modified_gmt":"2025-03-12T20:59:09","slug":"amazonia-sob-ameaca-do-trafico","status":"publish","type":"post","link":"http:\/\/blogdalucianaoliveira.com.br\/blog\/2025\/03\/12\/amazonia-sob-ameaca-do-trafico\/","title":{"rendered":"Amaz\u00f4nia sob amea\u00e7a do tr\u00e1fico"},"content":{"rendered":"<p><img data-recalc-dims=\"1\" loading=\"lazy\" decoding=\"async\" data-attachment-id=\"36581\" data-permalink=\"http:\/\/blogdalucianaoliveira.com.br\/blog\/2025\/03\/12\/amazonia-sob-ameaca-do-trafico\/img_9695-2\/\" data-orig-file=\"https:\/\/i0.wp.com\/blogdalucianaoliveira.com.br\/blog\/wp-content\/uploads\/2025\/03\/IMG_9695.jpeg?fit=1170%2C819\" data-orig-size=\"1170,819\" data-comments-opened=\"0\" data-image-meta=\"{&quot;aperture&quot;:&quot;0&quot;,&quot;credit&quot;:&quot;&quot;,&quot;camera&quot;:&quot;&quot;,&quot;caption&quot;:&quot;&quot;,&quot;created_timestamp&quot;:&quot;0&quot;,&quot;copyright&quot;:&quot;&quot;,&quot;focal_length&quot;:&quot;0&quot;,&quot;iso&quot;:&quot;0&quot;,&quot;shutter_speed&quot;:&quot;0&quot;,&quot;title&quot;:&quot;&quot;,&quot;orientation&quot;:&quot;1&quot;}\" data-image-title=\"IMG_9695\" data-image-description=\"\" data-image-caption=\"\" data-medium-file=\"https:\/\/i0.wp.com\/blogdalucianaoliveira.com.br\/blog\/wp-content\/uploads\/2025\/03\/IMG_9695.jpeg?fit=300%2C210\" data-large-file=\"https:\/\/i0.wp.com\/blogdalucianaoliveira.com.br\/blog\/wp-content\/uploads\/2025\/03\/IMG_9695.jpeg?fit=600%2C420\" class=\"alignnone size-medium wp-image-36581\" src=\"https:\/\/i0.wp.com\/blogdalucianaoliveira.com.br\/blog\/wp-content\/uploads\/2025\/03\/IMG_9695.jpeg?resize=300%2C210\" alt=\"\" width=\"300\" height=\"210\" srcset=\"https:\/\/i0.wp.com\/blogdalucianaoliveira.com.br\/blog\/wp-content\/uploads\/2025\/03\/IMG_9695.jpeg?resize=300%2C210 300w, https:\/\/i0.wp.com\/blogdalucianaoliveira.com.br\/blog\/wp-content\/uploads\/2025\/03\/IMG_9695.jpeg?resize=1024%2C717 1024w, https:\/\/i0.wp.com\/blogdalucianaoliveira.com.br\/blog\/wp-content\/uploads\/2025\/03\/IMG_9695.jpeg?resize=768%2C538 768w, https:\/\/i0.wp.com\/blogdalucianaoliveira.com.br\/blog\/wp-content\/uploads\/2025\/03\/IMG_9695.jpeg?resize=429%2C300 429w, https:\/\/i0.wp.com\/blogdalucianaoliveira.com.br\/blog\/wp-content\/uploads\/2025\/03\/IMG_9695.jpeg?w=1170 1170w\" sizes=\"auto, (max-width: 300px) 100vw, 300px\" \/><\/p>\n<p class=\"has-drop-cap col-xl-7 added-to-list1\" data-pf_style_display=\"block\" data-pf_style_visibility=\"visible\"><em data-pf_style_display=\"inline\" data-pf_style_visibility=\"visible\"><span class=\"text-node\"><strong>Por W\u00e9rica Lima, Nicoly Ambrosio, Ela\u00edze Farias, no Amaz\u00f4nia Real<\/strong> &#8211; O avan\u00e7o do narcotr\u00e1fico, antes restrito \u00e0s \u00e1reas urbanas das grandes cidades, est\u00e1 impondo um clima de medo e inseguran\u00e7a com impactos cultural e socioambiental sobre os territ\u00f3rios ind\u00edgenas do Acre, Amazonas, Roraima e Rond\u00f4nia, na Amaz\u00f4nia Ocidental. Esta parte da floresta, situada na fronteira do Brasil com pa\u00edses produtores de drogas como Bol\u00edvia, Col\u00f4mbia e Peru, \u00e9 hoje rota internacional do tr\u00e1fico. Pesquisas recentes do F\u00f3rum Brasileiro de Seguran\u00e7a P\u00fablica e do Insper\/FEA-USP reafirmam o que os ind\u00edgenas j\u00e1 diziam: fac\u00e7\u00f5es brasileiras como Comando Vermelho e PCC est\u00e3o nos territ\u00f3rios, usando-os como corredores para escoar coca\u00edna ou explorando ilegalmente min\u00e9rios, madeira e pescado. A <\/span><\/em><strong data-pf_style_display=\"inline\" data-pf_style_visibility=\"visible\"><em data-pf_style_display=\"inline\" data-pf_style_visibility=\"visible\"><span class=\"text-node\">Amaz\u00f4nia Real<\/span><\/em><\/strong><em data-pf_style_display=\"inline\" data-pf_style_visibility=\"visible\"><span class=\"text-node\">ouviu relatos de ind\u00edgenas sobre como \u00e9 viver sob o dom\u00ednio do narcotr\u00e1fico. Os jovens est\u00e3o sendo aliciados. H\u00e1 territ\u00f3rios impactados pela expans\u00e3o imobili\u00e1ria, de compra e venda de terrenos pelo comando do narcotr\u00e1fico, abertura de pistas clandestinas e derrubada de \u00e1rvores para plantio de coca.<\/span><\/em><!--more--><\/p>\n<p class=\"col-xl-7 pl-3 pt-3 pr-3 pl-lg-0 pr-lg-0 added-to-list1\" data-pf_style_display=\"block\" data-pf_style_visibility=\"visible\"><strong data-pf_style_display=\"inline\" data-pf_style_visibility=\"visible\"><span class=\"text-node\">Tabatinga e Manaus (AM) \u2013 <\/span><\/strong><span class=\"text-node\">Nas paredes de uma escola abandonada, as siglas \u2018C.V.\u2019 riscadas com tinta s\u00e3o um aviso: o tr\u00e1fico domina aqui. Em 2024, conforme apurado pela <\/span><strong data-pf_style_display=\"inline\" data-pf_style_visibility=\"visible\"><span class=\"text-node\">Amaz\u00f4nia Real<\/span><\/strong><span class=\"text-node\">, ao menos quatro jovens Tikuna foram assassinados por envolvimento com o tr\u00e1fico de drogas na Terra Ind\u00edgena (TI) Tukuna Umaria\u00e7u, em Tabatinga, no Alto Solim\u00f5es. A viol\u00eancia n\u00e3o para por a\u00ed.<\/span><\/p>\n<p class=\"col-xl-7 pl-3 pt-3 pr-3 pl-lg-0 pr-lg-0 added-to-list1\" data-pf_style_display=\"block\" data-pf_style_visibility=\"visible\"><span class=\"text-node\">Um professor ind\u00edgena Tikuna relata, com olhos marejados e titubeio na fala, que perdeu seu irm\u00e3o para o suic\u00eddio ap\u00f3s ele ter se tornado usu\u00e1rio de drogas. Outros dois alunos tamb\u00e9m se suicidaram, o que o educador atribui aos produtos il\u00edcitos que os rodeiam e \u00e0 falta de pol\u00edticas p\u00fablicas. \u201cAs nossas crian\u00e7as esquecem a sala de aula. As drogas consumiram os alunos e eles est\u00e3o diminuindo\u201d, desabafa.<\/span><\/p>\n<p class=\"col-xl-7 pl-3 pt-3 pr-3 pl-lg-0 pr-lg-0 added-to-list1\" data-pf_style_display=\"block\" data-pf_style_visibility=\"visible\"><span class=\"text-node\">\u201cMeu irm\u00e3o se envolveu com o consumo de droga, come\u00e7ou tamb\u00e9m a beber cacha\u00e7a e foi ficando sem psicol\u00f3gico. Ele pegou e se enforcou, \u00e9 assim que acontece com os nossos alunos por falta de seguran\u00e7a\u201d, relata o professor.<\/span><\/p>\n<p class=\"col-xl-7 pl-3 pt-3 pr-3 pl-lg-0 pr-lg-0 added-to-list1\" data-pf_style_display=\"block\" data-pf_style_visibility=\"visible\"><span class=\"text-node\">Conforme pontua, n\u00e3o h\u00e1 nenhum tipo de assist\u00eancia psicol\u00f3gica permanente e eficaz na TI, sendo que, apenas em alguns momentos como ap\u00f3s a morte dos jovens, servidores da sa\u00fade chegam a visitar os familiares para prestar apoio e depois n\u00e3o retornam mais. \u201cNossa \u00e1rea de sa\u00fade nunca fez reuni\u00e3o com os alunos, eles nunca d\u00e3o orienta\u00e7\u00e3o psicol\u00f3gica, a escola n\u00e3o tem assist\u00eancia. Eu nunca vi eles fazendo uma reuni\u00e3o assim de conscientiza\u00e7\u00e3o\u201d, afirma.<\/span><\/p>\n<p class=\"col-xl-7 pl-3 pt-3 pr-3 pl-lg-0 pr-lg-0 added-to-list1\" data-pf_style_display=\"block\" data-pf_style_visibility=\"visible\"><span class=\"text-node\">Enquanto o narcotr\u00e1fico se apodera do territ\u00f3rio, os recursos educacionais ficam mais escassos e dif\u00edceis de serem acessados pelos alunos. Para os ind\u00edgenas que precisam sair do territ\u00f3rio para estudar, por exemplo, \u00e9 preciso desembolsar, no m\u00ednimo, 15 reais todos os dias para pagar o \u201ctuc tuc\u201d, um tipo de transporte local que consiste em uma moto com uma carroceria e cobertura.<\/span><\/p>\n<p class=\"col-xl-7 pl-3 pt-3 pr-3 pl-lg-0 pr-lg-0 added-to-list1\" data-pf_style_display=\"block\" data-pf_style_visibility=\"visible\"><strong data-pf_style_display=\"inline\" data-pf_style_visibility=\"visible\"><span class=\"text-node\">\u201c<\/span><\/strong><span class=\"text-node\">O tr\u00e1fico tem causado a perda da identidade cultural, pois muitos jovens abandonam as pr\u00e1ticas tradicionais para se envolverem com atividades criminosas. Ingressam para se tornarem integrantes dos traficantes, comercializando os produtos na aldeia. Os traficantes fornecem a droga e, os ind\u00edgenas, [d\u00e3o] informa\u00e7\u00f5es aos chefes\u201d, conta uma fonte ind\u00edgena.\u00a0<\/span><\/p>\n<p class=\"col-xl-7 pl-3 pt-3 pr-3 pl-lg-0 pr-lg-0 added-to-list1\" data-pf_style_display=\"block\" data-pf_style_visibility=\"visible\"><span class=\"text-node\">Na regi\u00e3o do Alto Solim\u00f5es, existe um poder capaz de ditar o que pode e o que n\u00e3o pode ao seu redor. O Comando Vermelho, fac\u00e7\u00e3o criminosa que se originou no Rio de Janeiro e uma das primeiras a se expandir para o Norte do Pa\u00eds, comanda o narcotr\u00e1fico transnacional. Sem se importar com a tr\u00edplice fronteira entre Brasil, Col\u00f4mbia e Peru, o crime avan\u00e7a com sua ocupa\u00e7\u00e3o ilegal, amea\u00e7a os povos ind\u00edgenas e desintegra a maior for\u00e7a protetora do meio ambiente.\u00a0<\/span><\/p>\n<p class=\"col-xl-7 pl-3 pt-3 pr-3 pl-lg-0 pr-lg-0 added-to-list1\" data-pf_style_display=\"block\" data-pf_style_visibility=\"visible\"><span class=\"text-node\">Na TI Umaria\u00e7u, o povo Tikuna, autodenominado Mag\u00fcta, as lideran\u00e7as sentem-se vulner\u00e1veis sem qualquer fiscaliza\u00e7\u00e3o para conter os invasores. Desimpedido, o tr\u00e1fico compra terras ind\u00edgenas a pre\u00e7o de banana. \u00c9 uma posse sem papel, mas que existe de fato e se espraia velozmente.\u00a0<\/span><\/p>\n<figure class=\"wp-block-gallery has-nested-images columns-default is-cropped wp-block-gallery-1 is-layout-flex wp-block-gallery-is-layout-flex\" data-pf_style_display=\"flex\" data-pf_style_visibility=\"visible\">\n<figure class=\"wp-block-image size-large\" data-pf_style_display=\"block\" data-pf_style_visibility=\"visible\"><a href=\"https:\/\/i0.wp.com\/amazoniareal.com.br\/wp-content\/uploads\/2025\/03\/pcc-umariacu-1.jpg?ssl=1\" data-pf_style_display=\"inline\" data-pf_style_visibility=\"visible\"><img data-recalc-dims=\"1\" decoding=\"async\" class=\"wp-image-158113 pf-large-image flex-width pf-size-full mediumImage\" src=\"https:\/\/i0.wp.com\/amazoniareal.com.br\/wp-content\/uploads\/2025\/03\/pcc-umariacu-1-1024x576.jpg?w=600&#038;ssl=1\" sizes=\"(max-width: 1024px) 100vw, 1024px\" srcset=\"https:\/\/amazoniareal.com.br\/wp-content\/uploads\/2025\/03\/pcc-umariacu-1-1024x576.jpg 1024w, https:\/\/amazoniareal.com.br\/wp-content\/uploads\/2025\/03\/pcc-umariacu-1-300x169.jpg 300w, https:\/\/amazoniareal.com.br\/wp-content\/uploads\/2025\/03\/pcc-umariacu-1-768x432.jpg 768w, https:\/\/amazoniareal.com.br\/wp-content\/uploads\/2025\/03\/pcc-umariacu-1-1536x864.jpg 1536w, https:\/\/amazoniareal.com.br\/wp-content\/uploads\/2025\/03\/pcc-umariacu-1-150x84.jpg 150w, https:\/\/amazoniareal.com.br\/wp-content\/uploads\/2025\/03\/pcc-umariacu-1.jpg 1595w\" alt=\"\"  data-id=\"158113\" data-pf_style_display=\"inline\" data-pf_style_visibility=\"visible\" data-pf_rect_width=\"1024\" data-pf_rect_height=\"576\" \/><\/a><\/figure>\n<figure class=\"wp-block-image size-large\" data-pf_style_display=\"block\" data-pf_style_visibility=\"visible\"><a href=\"https:\/\/i0.wp.com\/amazoniareal.com.br\/wp-content\/uploads\/2025\/01\/faccao-tabatinga.jpg?ssl=1\" data-pf_style_display=\"inline\" data-pf_style_visibility=\"visible\"><img data-recalc-dims=\"1\" decoding=\"async\" class=\"wp-image-156742 pf-large-image flex-width pf-size-full mediumImage\" src=\"https:\/\/i0.wp.com\/amazoniareal.com.br\/wp-content\/uploads\/2025\/01\/faccao-tabatinga-1024x576.jpg?w=600&#038;ssl=1\" sizes=\"(max-width: 1024px) 100vw, 1024px\" srcset=\"https:\/\/amazoniareal.com.br\/wp-content\/uploads\/2025\/01\/faccao-tabatinga-1024x576.jpg 1024w, https:\/\/amazoniareal.com.br\/wp-content\/uploads\/2025\/01\/faccao-tabatinga-300x169.jpg 300w, https:\/\/amazoniareal.com.br\/wp-content\/uploads\/2025\/01\/faccao-tabatinga-768x432.jpg 768w, https:\/\/amazoniareal.com.br\/wp-content\/uploads\/2025\/01\/faccao-tabatinga-1536x864.jpg 1536w, https:\/\/amazoniareal.com.br\/wp-content\/uploads\/2025\/01\/faccao-tabatinga-150x84.jpg 150w, https:\/\/amazoniareal.com.br\/wp-content\/uploads\/2025\/01\/faccao-tabatinga.jpg 1920w\" alt=\"\"  data-id=\"156742\" data-pf_style_display=\"inline\" data-pf_style_visibility=\"visible\" data-pf_rect_width=\"1024\" data-pf_rect_height=\"576\" \/><\/a><\/figure>\n<\/figure>\n<p class=\"has-text-align-center added-to-list1\" data-pf_style_display=\"block\" data-pf_style_visibility=\"visible\"><em data-pf_style_display=\"inline\" data-pf_style_visibility=\"visible\"><sub data-pf_style_display=\"inline\" data-pf_style_visibility=\"visible\"><span class=\"text-node\">Muros de escolas com picha\u00e7\u00e3o da fac\u00e7\u00e3o criminosa, em Tabatinga pr\u00f3ximo \u00e0 fronteira com a Col\u00f4mbia (Foto: Alberto C\u00e9sar Ara\u00fajo\/Amaz\u00f4nia Real).<\/span><\/sub><\/em><\/p>\n<p class=\"col-xl-7 pl-3 pt-3 pr-3 pl-lg-0 pr-lg-0 added-to-list1\" data-pf_style_display=\"block\" data-pf_style_visibility=\"visible\"><span class=\"text-node\">O dinheiro sujo do tr\u00e1fico est\u00e1 refazendo o mapa da Amaz\u00f4nia. Nas terras dos Tikuna, um loteamento ilegal surge onde antes havia castanheiras. Por 2 mil reais \u2013 menos que um celular \u2013, traficantes peruanos compram peda\u00e7os da floresta enquanto religiosos corruptos promovem loteamentos irregulares, conforme apurou a <\/span><strong data-pf_style_display=\"inline\" data-pf_style_visibility=\"visible\"><span class=\"text-node\">Amaz\u00f4nia Real<\/span><\/strong><span class=\"text-node\">. Em troca, oferecem cestas b\u00e1sicas e promessas de prote\u00e7\u00e3o. \u00c9 uma febre de grilagem: o verde virou <\/span><em data-pf_style_display=\"inline\" data-pf_style_visibility=\"visible\"><span class=\"text-node\">commodity<\/span><\/em><span class=\"text-node\"> nas m\u00e3os do crime.<\/span><\/p>\n<p class=\"col-xl-7 pl-3 pt-3 pr-3 pl-lg-0 pr-lg-0 added-to-list1\" data-pf_style_display=\"block\" data-pf_style_visibility=\"visible\"><span class=\"text-node\">A <\/span><strong data-pf_style_display=\"inline\" data-pf_style_visibility=\"visible\"><span class=\"text-node\">Amaz\u00f4nia Real<\/span><\/strong><span class=\"text-node\"> ouviu relatos de ind\u00edgenas sobre a influ\u00eancia, o poder e a interfer\u00eancia na vida das popula\u00e7\u00f5es na regi\u00e3o Norte. Por motivo de seguran\u00e7a, essas pessoas n\u00e3o ser\u00e3o identificadas nesta reportagem.<\/span><\/p>\n<h4 class=\"wp-block-heading\" data-pf_style_display=\"block\" data-pf_style_visibility=\"visible\"><strong data-pf_style_display=\"inline\" data-pf_style_visibility=\"visible\"><span class=\"text-node\">A coopta\u00e7\u00e3o de ind\u00edgenas<\/span><\/strong><\/h4>\n<figure class=\"wp-block-image size-large\" data-pf_style_display=\"block\" data-pf_style_visibility=\"visible\"><a href=\"https:\/\/i0.wp.com\/amazoniareal.com.br\/wp-content\/uploads\/2025\/03\/fronteira-5.jpg?ssl=1\" data-pf_style_display=\"inline\" data-pf_style_visibility=\"visible\"><img data-recalc-dims=\"1\" decoding=\"async\" class=\"wp-image-158152 pf-large-image flex-width pf-size-full mediumImage\" src=\"https:\/\/i0.wp.com\/amazoniareal.com.br\/wp-content\/uploads\/2025\/03\/fronteira-5-1024x683.jpg?w=600&#038;ssl=1\" sizes=\"(max-width: 1024px) 100vw, 1024px\" srcset=\"https:\/\/amazoniareal.com.br\/wp-content\/uploads\/2025\/03\/fronteira-5-1024x683.jpg 1024w, https:\/\/amazoniareal.com.br\/wp-content\/uploads\/2025\/03\/fronteira-5-300x200.jpg 300w, https:\/\/amazoniareal.com.br\/wp-content\/uploads\/2025\/03\/fronteira-5-768x512.jpg 768w, https:\/\/amazoniareal.com.br\/wp-content\/uploads\/2025\/03\/fronteira-5-150x100.jpg 150w, https:\/\/amazoniareal.com.br\/wp-content\/uploads\/2025\/03\/fronteira-5.jpg 1350w\" alt=\"\"  data-pf_style_display=\"inline\" data-pf_style_visibility=\"visible\" data-pf_rect_width=\"1024\" data-pf_rect_height=\"683\" \/><\/a><\/figure>\n<p class=\"has-text-align-center added-to-list1\" data-pf_style_display=\"block\" data-pf_style_visibility=\"visible\"><sub data-pf_style_display=\"inline\" data-pf_style_visibility=\"visible\"><mark class=\"has-inline-color has-black-color\" data-pf_style_display=\"inline\" data-pf_style_visibility=\"visible\"><em data-pf_style_display=\"inline\" data-pf_style_visibility=\"visible\"><span class=\"text-node\">Ind\u00edgenas do lado colombiano da tr\u00edplice fronteira (Foto: Alberto C\u00e9sar Ara\u00fajo\/Amaz\u00f4nia Real)<\/span><\/em><\/mark><\/sub><\/p>\n<p class=\"col-xl-7 pl-3 pt-3 pr-3 pl-lg-0 pr-lg-0 added-to-list1\" data-pf_style_display=\"block\" data-pf_style_visibility=\"visible\"><span class=\"text-node\">A atual movimenta\u00e7\u00e3o fundi\u00e1ria do crime est\u00e1 diretamente relacionada com o aliciamento nas aldeias. \u201cO recrutamento de jovens ind\u00edgenas para o tr\u00e1fico de drogas tem crescido, agravando problemas de viol\u00eancia, inseguran\u00e7a e desestrutura\u00e7\u00e3o social\u201d, relata uma fonte ind\u00edgena.<\/span><\/p>\n<p class=\"col-xl-7 pl-3 pt-3 pr-3 pl-lg-0 pr-lg-0 added-to-list1\" data-pf_style_display=\"block\" data-pf_style_visibility=\"visible\"><span class=\"text-node\">O ingresso de jovens no submundo do crime se d\u00e1 em muitos casos de maneira for\u00e7ada. Fac\u00e7\u00f5es como o Comando Vermelho s\u00e3o truculentas e meticulosas. Mas algumas lideran\u00e7as ind\u00edgenas, aliciadas e atra\u00eddas pelos traficantes, t\u00eam facilitado o ingresso de n\u00e3o-ind\u00edgenas no territ\u00f3rio.\u00a0<\/span><\/p>\n<p class=\"col-xl-7 pl-3 pt-3 pr-3 pl-lg-0 pr-lg-0 added-to-list1\" data-pf_style_display=\"block\" data-pf_style_visibility=\"visible\"><span class=\"text-node\">\u201cInfelizmente, alguns l\u00edderes ind\u00edgenas acabam sendo cooptados pelo tr\u00e1fico devido \u00e0 falta de alternativas econ\u00f4micas e \u00e0 press\u00e3o dos grupos criminosos. No entanto, a maioria da comunidade resiste a essas influ\u00eancias e luta pela preserva\u00e7\u00e3o de seu territ\u00f3rio\u201d, diz a mesma fonte.\u00a0<\/span><\/p>\n<p class=\"col-xl-7 pl-3 pt-3 pr-3 pl-lg-0 pr-lg-0 added-to-list1\" data-pf_style_display=\"block\" data-pf_style_visibility=\"visible\"><span class=\"text-node\">Estar em uma regi\u00e3o de fronteira porosa, sem fiscaliza\u00e7\u00e3o adequada, contribuiu para essa expans\u00e3o do narcotr\u00e1fico. O territ\u00f3rio ind\u00edgena fica no meio do caminho de uma rota estrat\u00e9gica para o transporte de drogas e m\u00e3o de obra. Para facilitar a opera\u00e7\u00e3o, o tr\u00e1fico abre pistas clandestinas ou se valem das constru\u00eddas ilegalmente pelo garimpo e derrubam \u00e1rvores para plantio de coca.<\/span><\/p>\n<p class=\"col-xl-7 pl-3 pt-3 pr-3 pl-lg-0 pr-lg-0 added-to-list1\" data-pf_style_display=\"block\" data-pf_style_visibility=\"visible\"><span class=\"text-node\">Nos limites do aeroporto de Tabatinga, esta \u00e9 uma situa\u00e7\u00e3o vis\u00edvel por todos. Alguns terrenos adquiridos para expans\u00e3o urbana encontram-se a apenas 30 metros da TI Umaria\u00e7u. Na parte brasileira, ainda n\u00e3o h\u00e1 extensas \u00e1reas impactadas ambientalmente pelo narcotr\u00e1fico. Mas em territ\u00f3rio peruano, pr\u00f3ximo \u00e0 fronteira, \u00e1reas controladas pelo tr\u00e1fico t\u00eam mais sinais de desmatamento. O medo \u00e9 que a situa\u00e7\u00e3o mais agravante se expanda para o solo brasileiro. \u201cO tr\u00e1fico de drogas tem provocado aberturas de pistas clandestinas de pouso, al\u00e9m do uso indiscriminado de produtos qu\u00edmicos t\u00f3xicos no processamento da pasta base de coca,\u201d afirma um ind\u00edgena.<\/span><\/p>\n<p class=\"col-xl-7 pl-3 pt-3 pr-3 pl-lg-0 pr-lg-0 added-to-list1\" data-pf_style_display=\"block\" data-pf_style_visibility=\"visible\"><span class=\"text-node\">\u201cDo lado colombiano, os moradores t\u00eam seus ro\u00e7ados de coca em comunidade peruana e tamb\u00e9m existem parentes do lado brasileiro que fazem esse tipo de planta\u00e7\u00e3o no lado peruano. Muitas vezes eles [ind\u00edgenas brasileiros] convocam os jovens para prestar servi\u00e7o de colheitas. Os jovens s\u00e3o humilhados, os donos passam aos trabalhadores um valor equivalente ao peso total da saca. Como muitos n\u00e3o t\u00eam esse costume, acabam n\u00e3o sendo pagos direito por m\u00e3o de obra que eles fazem\u201d, explica um ind\u00edgena familiarizado com essa abordagem.<\/span><\/p>\n<h4 class=\"wp-block-heading\" data-pf_style_display=\"block\" data-pf_style_visibility=\"visible\"><strong data-pf_style_display=\"inline\" data-pf_style_visibility=\"visible\"><span class=\"text-node\">O narcotr\u00e1fico e os crimes ambientais<\/span><\/strong><\/h4>\n<figure class=\"wp-block-gallery has-nested-images columns-default is-cropped wp-block-gallery-2 is-layout-flex wp-block-gallery-is-layout-flex\" data-pf_style_display=\"flex\" data-pf_style_visibility=\"visible\">\n<figure class=\"wp-block-image size-large\" data-pf_style_display=\"block\" data-pf_style_visibility=\"visible\"><a href=\"https:\/\/i0.wp.com\/amazoniareal.com.br\/wp-content\/uploads\/2025\/02\/54185876364_210b613852_k.jpg?ssl=1\" data-pf_style_display=\"inline\" data-pf_style_visibility=\"visible\"><img data-recalc-dims=\"1\" decoding=\"async\" class=\"wp-image-157935 pf-large-image flex-width pf-size-full mediumImage\" src=\"https:\/\/i0.wp.com\/amazoniareal.com.br\/wp-content\/uploads\/2025\/02\/54185876364_210b613852_k-1024x683.jpg?w=600&#038;ssl=1\" sizes=\"(max-width: 1024px) 100vw, 1024px\" srcset=\"https:\/\/amazoniareal.com.br\/wp-content\/uploads\/2025\/02\/54185876364_210b613852_k-1024x683.jpg 1024w, https:\/\/amazoniareal.com.br\/wp-content\/uploads\/2025\/02\/54185876364_210b613852_k-300x200.jpg 300w, https:\/\/amazoniareal.com.br\/wp-content\/uploads\/2025\/02\/54185876364_210b613852_k-768x512.jpg 768w, https:\/\/amazoniareal.com.br\/wp-content\/uploads\/2025\/02\/54185876364_210b613852_k-1536x1024.jpg 1536w, https:\/\/amazoniareal.com.br\/wp-content\/uploads\/2025\/02\/54185876364_210b613852_k-150x100.jpg 150w, https:\/\/amazoniareal.com.br\/wp-content\/uploads\/2025\/02\/54185876364_210b613852_k.jpg 2048w\" alt=\"\"  data-id=\"157935\" data-pf_style_display=\"inline\" data-pf_style_visibility=\"visible\" data-pf_rect_width=\"1024\" data-pf_rect_height=\"683\" \/><\/a><\/figure>\n<\/figure>\n<p class=\"has-text-align-center added-to-list1\" data-pf_style_display=\"block\" data-pf_style_visibility=\"visible\"><em data-pf_style_display=\"inline\" data-pf_style_visibility=\"visible\"><sub data-pf_style_display=\"inline\" data-pf_style_visibility=\"visible\"><span class=\"text-node\">O pesquisador e especialista em narcotr\u00e1fico e fac\u00e7\u00f5es em territ\u00f3rios amaz\u00f4nicos, Aiala Colares (Foto: Felipe Martins\/TEDxAmaz\u00f4nia)<\/span><\/sub><\/em><\/p>\n<p class=\"col-xl-7 pl-3 pt-3 pr-3 pl-lg-0 pr-lg-0 added-to-list1\" data-pf_style_display=\"block\" data-pf_style_visibility=\"visible\"><span class=\"text-node\">Aiala Colares Couto, quilombola e doutor em Ci\u00eancias do Desenvolvimento Socioambiental pelo N\u00facleo de Altos Estudos Amaz\u00f4nicos (Naea) da Universidade Federal do Par\u00e1 (UFPA), explica que entre os Estados da regi\u00e3o amaz\u00f4nica, o Acre se tornou uma importante rota de coca\u00edna que sai da Bol\u00edvia.<\/span><\/p>\n<p class=\"col-xl-7 pl-3 pt-3 pr-3 pl-lg-0 pr-lg-0 added-to-list1\" data-pf_style_display=\"block\" data-pf_style_visibility=\"visible\"><span class=\"text-node\">\u201c\u00c9 isso que est\u00e1 fazendo com que tenha hoje a entrada de fac\u00e7\u00f5es criminosas em territ\u00f3rios ind\u00edgenas. H\u00e1 uma necessidade de o Estado criar mecanismos estrat\u00e9gicos de prote\u00e7\u00e3o desses territ\u00f3rios, considerando que as reservas ind\u00edgenas s\u00e3o \u00e1reas territoriais que t\u00eam um tamanho bastante expressivo\u201d, diz o pesquisador, notando que a extens\u00e3o territorial da Amaz\u00f4nia \u00e9 um dos fatores de vulnerabilidade.<\/span><\/p>\n<p class=\"col-xl-7 pl-3 pt-3 pr-3 pl-lg-0 pr-lg-0 added-to-list1\" data-pf_style_display=\"block\" data-pf_style_visibility=\"visible\"><span class=\"text-node\">Em aldeias do povo Jaminawa, divisa com o Amazonas e na fronteira do estado do Acre com o Peru e a Bol\u00edvia, as lideran\u00e7as est\u00e3o em alerta, temendo que as fac\u00e7\u00f5es que controlam a cidade acreana de Assis Brasil consigam se consolidar nas comunidades.<\/span><\/p>\n<p class=\"col-xl-7 pl-3 pt-3 pr-3 pl-lg-0 pr-lg-0 added-to-list1\" data-pf_style_display=\"block\" data-pf_style_visibility=\"visible\"><span class=\"text-node\">\u201cN\u00f3s, lideran\u00e7as, estamos com essa preocupa\u00e7\u00e3o de conversar com os jovens para que isso n\u00e3o aconte\u00e7a. Enquanto lideran\u00e7as de base e mais velhos, nos preocupamos e temos que estar combatendo esse problema para n\u00e3o nos prejudicar no futuro\u201d, conta uma lideran\u00e7a Jaminawa.\u00a0<\/span><\/p>\n<p class=\"col-xl-7 pl-3 pt-3 pr-3 pl-lg-0 pr-lg-0 added-to-list1\" data-pf_style_display=\"block\" data-pf_style_visibility=\"visible\"><span class=\"text-node\">\u201cRecentemente um parente atirou em outro parente na aldeia. As fac\u00e7\u00f5es est\u00e3o na cidade e agora o problema da viol\u00eancia das fac\u00e7\u00f5es criminosas chegou ao nosso territ\u00f3rio. Pode at\u00e9 chegar mais forte para n\u00f3s\u201d, afirma. E a aposta do narcotr\u00e1fico \u00e9 nessa desintegra\u00e7\u00e3o das comunidades ind\u00edgenas. Pesquisadores j\u00e1 alertam para esse movimento das fac\u00e7\u00f5es, que se aproveitam da aus\u00eancia do Estado para transformar florestas e rios amaz\u00f4nicos em rotas estrat\u00e9gicas para o tr\u00e1fico de drogas e contrabando.\u00a0<\/span><\/p>\n<figure class=\"wp-block-gallery has-nested-images columns-default is-cropped wp-block-gallery-3 is-layout-flex wp-block-gallery-is-layout-flex\" data-pf_style_display=\"flex\" data-pf_style_visibility=\"visible\">\n<figure class=\"wp-block-image size-full\" data-pf_style_display=\"block\" data-pf_style_visibility=\"visible\"><a href=\"https:\/\/i0.wp.com\/amazoniareal.com.br\/wp-content\/uploads\/2025\/03\/PSX_20240624_105647-1024x682-1.jpg?ssl=1\" data-pf_style_display=\"inline\" data-pf_style_visibility=\"visible\"><img data-recalc-dims=\"1\" decoding=\"async\" class=\"wp-image-158202 pf-large-image flex-width pf-size-full mediumImage\" src=\"https:\/\/i0.wp.com\/amazoniareal.com.br\/wp-content\/uploads\/2025\/03\/PSX_20240624_105647-1024x682-1.jpg?w=600&#038;ssl=1\" sizes=\"(max-width: 1024px) 100vw, 1024px\" srcset=\"https:\/\/amazoniareal.com.br\/wp-content\/uploads\/2025\/03\/PSX_20240624_105647-1024x682-1.jpg 1024w, https:\/\/amazoniareal.com.br\/wp-content\/uploads\/2025\/03\/PSX_20240624_105647-1024x682-1-300x200.jpg 300w, https:\/\/amazoniareal.com.br\/wp-content\/uploads\/2025\/03\/PSX_20240624_105647-1024x682-1-768x512.jpg 768w, https:\/\/amazoniareal.com.br\/wp-content\/uploads\/2025\/03\/PSX_20240624_105647-1024x682-1-150x100.jpg 150w\" alt=\"\"  data-id=\"158202\" data-pf_style_display=\"inline\" data-pf_style_visibility=\"visible\" data-pf_rect_width=\"1024\" data-pf_rect_height=\"682\" \/><\/a><\/figure>\n<\/figure>\n<p class=\"has-text-align-center added-to-list1\" data-pf_style_display=\"block\" data-pf_style_visibility=\"visible\"><sub data-pf_style_display=\"inline\" data-pf_style_visibility=\"visible\"><em data-pf_style_display=\"inline\" data-pf_style_visibility=\"visible\"><span class=\"text-node\">Incinera\u00e7\u00e3o de drogas em Rio Branco, Acre (Foto: Dh\u00e1rcules Pinheiro\/ Sejusp<\/span><\/em><span class=\"text-node\">\u2013<\/span><em data-pf_style_display=\"inline\" data-pf_style_visibility=\"visible\"><span class=\"text-node\">AC)<\/span><\/em><\/sub><\/p>\n<p class=\"col-xl-7 pl-3 pt-3 pr-3 pl-lg-0 pr-lg-0 added-to-list1\" data-pf_style_display=\"block\" data-pf_style_visibility=\"visible\"><span class=\"text-node\">O CV e o PCC s\u00e3o como serpentes que engolem culturas e derrubam \u00e1rvores. Na Amaz\u00f4nia, as florestas removeram 340 milh\u00f5es de di\u00f3xido de carbono (CO2) da atmosfera, o equivalente \u00e0s emiss\u00f5es anuais de combust\u00edveis f\u00f3sseis do Reino Unido, indicou uma an\u00e1lise da <\/span><a href=\"https:\/\/www.wribrasil.org.br\/noticias\/florestas-em-terras-indigenas-estao-entre-os-ultimos-sumidouros-de-carbono-da-amazonia\" target=\"_blank\" rel=\"noreferrer noopener\" data-pf_style_display=\"inline\" data-pf_style_visibility=\"visible\"><span class=\"text-node\">World Resources Institute<\/span><\/a><span class=\"text-node\">. Um estudo cient\u00edfico levantado pela <\/span><a href=\"https:\/\/www.fao.org\/brasil\/noticias\/detail-events\/es\/c\/1391340\/\" target=\"_blank\" rel=\"noreferrer noopener\" data-pf_style_display=\"inline\" data-pf_style_visibility=\"visible\"><span class=\"text-node\">Organiza\u00e7\u00e3o das Na\u00e7\u00f5es Unidas para a Alimenta\u00e7\u00e3o e a Agricultura<\/span><\/a><span class=\"text-node\"> (FAO) indicou que a taxa de desmatamento dentro das florestas ind\u00edgenas onde a propriedade da terra foi assegurada \u00e9 2,8 vezes menor do que fora dessas \u00e1reas na Bol\u00edvia, 2,5 vezes menor no Brasil e 2 vezes menor na Col\u00f4mbia. O \u00faltimo levantamento do <\/span><a href=\"https:\/\/www.gov.br\/povosindigenas\/pt-br\/assuntos\/noticias\/2024\/08\/terras-indigenas-sao-as-areas-mais-preservadas-do-brasil\" target=\"_blank\" rel=\"noreferrer noopener\" data-pf_style_display=\"inline\" data-pf_style_visibility=\"visible\"><span class=\"text-node\">MapBiomas<\/span><\/a><span class=\"text-node\"> mostrou que apenas 1% da vegeta\u00e7\u00e3o perdida entre 1985 e 2023 ocorreu em terras ind\u00edgenas ante os 28% em \u00e1reas privadas, o que explica por que se tornaram alvo cobi\u00e7ado pelo crime organizado.<\/span><\/p>\n<p class=\"col-xl-7 pl-3 pt-3 pr-3 pl-lg-0 pr-lg-0 added-to-list1\" data-pf_style_display=\"block\" data-pf_style_visibility=\"visible\"><span class=\"text-node\">Paula*, ind\u00edgena do Amazonas que atualmente faz pesquisa acad\u00eamica sobre viol\u00eancia aos povos ind\u00edgenas, \u00e9 origin\u00e1ria de um territ\u00f3rio atualmente com forte presen\u00e7a de traficantes, onde h\u00e1 registro de aliciamentos de jovens e conflitos internos. Ela relata que j\u00e1 foi amea\u00e7ada e sua fam\u00edlia, que permanece no territ\u00f3rio, \u00e9 constantemente visada.<\/span><\/p>\n<p class=\"col-xl-7 pl-3 pt-3 pr-3 pl-lg-0 pr-lg-0 added-to-list1\" data-pf_style_display=\"block\" data-pf_style_visibility=\"visible\"><span class=\"text-node\">\u201cO narcotr\u00e1fico tem se intensificando nas \u00faltimas d\u00e9cadas, tornando-se uma das principais amea\u00e7as \u00e0s popula\u00e7\u00f5es ind\u00edgenas e ribeirinhas. S\u00e3o vinculados a atividades de garimpo, de desmatamento, de roubo de madeira. Essas florestas densas e porosas facilitam as rotas do tr\u00e1fico de drogas, especialmente coca\u00edna, proveniente do Peru, da Bol\u00edvia. As fac\u00e7\u00f5es est\u00e3o fazendo essa disputa do controle interterritorial.\u201d<\/span><\/p>\n<p class=\"col-xl-7 pl-3 pt-3 pr-3 pl-lg-0 pr-lg-0 added-to-list1\" data-pf_style_display=\"block\" data-pf_style_visibility=\"visible\"><span class=\"text-node\">Segundo Paula*, o crescimento do narcotr\u00e1fico ainda n\u00e3o \u00e9 devidamente acompanhado pelas autoridades brasileiras. Ela alerta que \u00e9 preciso que as autoridades mudem as suas perspectivas em seus esfor\u00e7os para erradicar o crime organizado e o narcotr\u00e1fico, hoje concentrado nas terras onde h\u00e1 pouca presen\u00e7a do Estado, como \u00e9 o caso dos territ\u00f3rios ind\u00edgenas.<\/span><\/p>\n<p class=\"col-xl-7 pl-3 pt-3 pr-3 pl-lg-0 pr-lg-0 added-to-list1\" data-pf_style_display=\"block\" data-pf_style_visibility=\"visible\"><span class=\"text-node\">\u201cN\u00e3o h\u00e1 preocupa\u00e7\u00e3o do Estado brasileiro nesse assunto. Talvez ocorra quando algo de muito grave acontecer com os povos ind\u00edgenas. N\u00e3o existe uma a\u00e7\u00e3o direta. Uma aplicabilidade das leis, uma repress\u00e3o. Isso deixa as comunidades \u00e0 merc\u00ea do crime organizado\u201d, diz.<\/span><\/p>\n<p class=\"col-xl-7 pl-3 pt-3 pr-3 pl-lg-0 pr-lg-0 added-to-list1\" data-pf_style_display=\"block\" data-pf_style_visibility=\"visible\"><span class=\"text-node\">A pesquisadora destaca que o tr\u00e1fico j\u00e1 avan\u00e7ou tanto que os pontos de tr\u00e2nsito de drogas na Amaz\u00f4nia j\u00e1 n\u00e3o s\u00e3o meras vias de escoamento ou rotas. Agora existem plantios de coca em alguns dos territ\u00f3rios ind\u00edgenas. Ela mencionou onde isto\u00a0 vem acontecendo, mas pediu para a reportagem n\u00e3o revelar o nome.<\/span><\/p>\n<p class=\"col-xl-7 pl-3 pt-3 pr-3 pl-lg-0 pr-lg-0 added-to-list1\" data-pf_style_display=\"block\" data-pf_style_visibility=\"visible\"><span class=\"text-node\">\u201cIsso est\u00e1 acontecendo em nosso territ\u00f3rio. Quem denuncia pode ser assassinado ou sofrer algum tipo de amea\u00e7a. De algum modo, as atividades s\u00e3o ligadas a uma captura\u00e7\u00e3o [aliciamento] dos pr\u00f3prios ind\u00edgenas para o tr\u00e1fico. Eles [ind\u00edgenas] agem como guias ou intermedi\u00e1rios dessa log\u00edstica criminosa. E mesmo assim eles [traficantes] continuam invadindo nossos territ\u00f3rios. Eles expulsam, eles amea\u00e7am, p\u00f5em regras dessa condi\u00e7\u00e3o e ao mesmo tempo em que o Estado se torna ausente\u201d.<\/span><\/p>\n<p class=\"col-xl-7 pl-3 pt-3 pr-3 pl-lg-0 pr-lg-0 added-to-list1\" data-pf_style_display=\"block\" data-pf_style_visibility=\"visible\"><span class=\"text-node\">A pesquisadora ressalta que a retomada dos grandes empreendimentos na Amaz\u00f4nia, com constru\u00e7\u00f5es de rodovias ou pavimenta\u00e7\u00e3o das j\u00e1 existentes (como a BR-319) vai facilitar o escoamento do narcotr\u00e1fico e aumentar a press\u00e3o da organiza\u00e7\u00e3o criminosa nas cidades e comunidades ribeirinhas e ind\u00edgenas.<\/span><\/p>\n<p class=\"col-xl-7 pl-3 pt-3 pr-3 pl-lg-0 pr-lg-0 added-to-list1\" data-pf_style_display=\"block\" data-pf_style_visibility=\"visible\"><span class=\"text-node\">\u201cA rota do tr\u00e1fico \u00e9 feita a partir dos rios. Com os efeitos clim\u00e1ticos recentes, eles [criminosos] j\u00e1 n\u00e3o est\u00e3o conseguindo fazer os escoamentos. Est\u00e3o fazendo as rotas pelas estradas. Com a log\u00edstica do PAC 2, vai ficar mais f\u00e1cil a vida dessa gente. \u00c9 tr\u00e1fico internacional que est\u00e1 sendo implantado na Amaz\u00f4nia, junto com garimpo do ouro, e das invas\u00f5es e extra\u00e7\u00e3o de madeira. \u00c9 tudo um organismo s\u00f3\u201d, diz.<\/span><\/p>\n<h4 class=\"wp-block-heading\" data-pf_style_display=\"block\" data-pf_style_visibility=\"visible\"><strong data-pf_style_display=\"inline\" data-pf_style_visibility=\"visible\"><span class=\"text-node\">Atua\u00e7\u00e3o das fac\u00e7\u00f5es<\/span><\/strong><\/h4>\n<figure class=\"wp-block-gallery has-nested-images columns-default is-cropped wp-block-gallery-4 is-layout-flex wp-block-gallery-is-layout-flex\" data-pf_style_display=\"flex\" data-pf_style_visibility=\"visible\">\n<figure class=\"wp-block-image size-large\" data-pf_style_display=\"block\" data-pf_style_visibility=\"visible\"><a href=\"https:\/\/i0.wp.com\/amazoniareal.com.br\/wp-content\/uploads\/2025\/01\/faccao.jpg?ssl=1\" data-pf_style_display=\"inline\" data-pf_style_visibility=\"visible\"><img data-recalc-dims=\"1\" decoding=\"async\" class=\"wp-image-156743 pf-large-image flex-width pf-size-full mediumImage\" src=\"https:\/\/i0.wp.com\/amazoniareal.com.br\/wp-content\/uploads\/2025\/01\/faccao-1024x682.jpg?w=600&#038;ssl=1\" sizes=\"(max-width: 1024px) 100vw, 1024px\" srcset=\"https:\/\/amazoniareal.com.br\/wp-content\/uploads\/2025\/01\/faccao-1024x682.jpg 1024w, https:\/\/amazoniareal.com.br\/wp-content\/uploads\/2025\/01\/faccao-300x200.jpg 300w, https:\/\/amazoniareal.com.br\/wp-content\/uploads\/2025\/01\/faccao-768x512.jpg 768w, https:\/\/amazoniareal.com.br\/wp-content\/uploads\/2025\/01\/faccao-1536x1024.jpg 1536w, https:\/\/amazoniareal.com.br\/wp-content\/uploads\/2025\/01\/faccao-150x100.jpg 150w, https:\/\/amazoniareal.com.br\/wp-content\/uploads\/2025\/01\/faccao.jpg 2000w\" alt=\"\"  data-id=\"156743\" data-pf_style_display=\"inline\" data-pf_style_visibility=\"visible\" data-pf_rect_width=\"1024\" data-pf_rect_height=\"682\" \/><\/a><\/figure>\n<\/figure>\n<p class=\"has-text-align-center added-to-list1\" data-pf_style_display=\"block\" data-pf_style_visibility=\"visible\"><em data-pf_style_display=\"inline\" data-pf_style_visibility=\"visible\"><sub data-pf_style_display=\"inline\" data-pf_style_visibility=\"visible\"><mark class=\"has-inline-color has-black-color\" data-pf_style_display=\"inline\" data-pf_style_visibility=\"visible\"><span class=\"text-node\">Muro com picha\u00e7\u00e3o da fac\u00e7\u00e3o criminosa, em Let\u00edcia, na Col\u00f4mbia, pr\u00f3ximo \u00e0 fronteira com o Brasil (Foto: Alberto C\u00e9sar Ara\u00fajo\/Amaz\u00f4nia Real)<\/span><\/mark><\/sub><\/em><\/p>\n<p class=\"col-xl-7 pl-3 pt-3 pr-3 pl-lg-0 pr-lg-0 added-to-list1\" data-pf_style_display=\"block\" data-pf_style_visibility=\"visible\"><span class=\"text-node\">A terceira edi\u00e7\u00e3o do estudo<\/span><a href=\"https:\/\/publicacoes.forumseguranca.org.br\/items\/c86febd3-e26f-487f-a561-623ac825863a\" target=\"_blank\" rel=\"noreferrer noopener\" data-pf_style_display=\"inline\" data-pf_style_visibility=\"visible\"><span class=\"text-node\"> Cartografias da Viol\u00eancia na Amaz\u00f4nia<\/span><\/a><span class=\"text-node\">, elaborado pelo F\u00f3rum Brasileiro de Seguran\u00e7a P\u00fablica (c), aponta que a expans\u00e3o das fac\u00e7\u00f5es criminosas vindas do Sudeste do pa\u00eds, como CV e PCC, e suas alian\u00e7as ou disputas com grupos locais avan\u00e7a velozmente. O levantamento constatou a presen\u00e7a destes grupos em ao menos 260 munic\u00edpios da Amaz\u00f4nia Legal, que inclui Acre, Amap\u00e1, Amazonas, Mato Grosso, Par\u00e1, Roraima, Rond\u00f4nia, Tocantins e Maranh\u00e3o.<\/span><\/p>\n<p class=\"col-xl-7 pl-3 pt-3 pr-3 pl-lg-0 pr-lg-0 added-to-list1\" data-pf_style_display=\"block\" data-pf_style_visibility=\"visible\"><span class=\"text-node\">O Comando Vermelho det\u00e9m o monop\u00f3lio de poder em 130 munic\u00edpios, v\u00e1rios deles localizados nas fronteiras com a Bol\u00edvia, o Peru e a Col\u00f4mbia. A presen\u00e7a das organiza\u00e7\u00f5es criminosas de base prisional tem uma atua\u00e7\u00e3o espec\u00edfica na Amaz\u00f4nia Legal, que vai al\u00e9m do controle de rotas estrat\u00e9gicas de narcotr\u00e1fico. As redes criminosas decidiram expandir seus neg\u00f3cios e sua domina\u00e7\u00e3o territorial e uma forma foi adentrar nos conflitos fundi\u00e1rios, entre eles a grilagem de terras.\u00a0<\/span><\/p>\n<figure class=\"wp-block-image size-full\" data-pf_style_display=\"block\" data-pf_style_visibility=\"visible\"><a href=\"https:\/\/i0.wp.com\/amazoniareal.com.br\/wp-content\/uploads\/2025\/03\/mapa.jpg?ssl=1\" data-pf_style_display=\"inline\" data-pf_style_visibility=\"visible\"><img data-recalc-dims=\"1\" decoding=\"async\" class=\"wp-image-158233 pf-large-image flex-width pf-size-full mediumImage\" src=\"https:\/\/i0.wp.com\/amazoniareal.com.br\/wp-content\/uploads\/2025\/03\/mapa.jpg?w=600&#038;ssl=1\" sizes=\"(max-width: 1920px) 100vw, 1920px\" srcset=\"https:\/\/amazoniareal.com.br\/wp-content\/uploads\/2025\/03\/mapa.jpg 1920w, https:\/\/amazoniareal.com.br\/wp-content\/uploads\/2025\/03\/mapa-300x169.jpg 300w, https:\/\/amazoniareal.com.br\/wp-content\/uploads\/2025\/03\/mapa-1024x576.jpg 1024w, https:\/\/amazoniareal.com.br\/wp-content\/uploads\/2025\/03\/mapa-768x432.jpg 768w, https:\/\/amazoniareal.com.br\/wp-content\/uploads\/2025\/03\/mapa-1536x864.jpg 1536w, https:\/\/amazoniareal.com.br\/wp-content\/uploads\/2025\/03\/mapa-150x84.jpg 150w\" alt=\"\"  data-pf_style_display=\"inline\" data-pf_style_visibility=\"visible\" data-pf_rect_width=\"1920\" data-pf_rect_height=\"1080\" \/><\/a><\/figure>\n<p class=\"has-text-align-center added-to-list1\" data-pf_style_display=\"block\" data-pf_style_visibility=\"visible\"><em data-pf_style_display=\"inline\" data-pf_style_visibility=\"visible\"><sup data-pf_style_display=\"inline\" data-pf_style_visibility=\"visible\"><span class=\"text-node\">Munic\u00edpios com a presen\u00e7a de fac\u00e7\u00f5es na Amaz\u00f4nia Legal em 2024 (Fonte: Instituto M\u00e3e Crioula\/FBSP (2024).<\/span><\/sup><\/em><\/p>\n<p class=\"col-xl-7 pl-3 pt-3 pr-3 pl-lg-0 pr-lg-0 added-to-list1\" data-pf_style_display=\"block\" data-pf_style_visibility=\"visible\"><span class=\"text-node\">Todos os 22 munic\u00edpios do Acre est\u00e3o sob influ\u00eancia de grupos criminosos, com o CV exercendo dom\u00ednio em 18 deles. Antigas fac\u00e7\u00f5es existentes no Estado, como a Ifara, foram incorporadas a outras, dentre elas o B13 e o PCC, que s\u00e3o aliadas no Estado. Atualmente, quatro cidades possuem a presen\u00e7a de mais de uma fac\u00e7\u00e3o: Brasil\u00e9ia, Epitaciol\u00e2ndia, Rio Branco e Sena Madureira, em que CV compete com o B13.<\/span><\/p>\n<p class=\"col-xl-7 pl-3 pt-3 pr-3 pl-lg-0 pr-lg-0 added-to-list1\" data-pf_style_display=\"block\" data-pf_style_visibility=\"visible\"><span class=\"text-node\">O intenso processo de expans\u00e3o e hegemonia do CV no Acre chegou \u00e0 regi\u00e3o do Vale do rio Juru\u00e1, onde o crime organizado amplia o escoamento de drogas trazidas do Peru. Essa din\u00e2mica atravessa comunidades e povos da calha do rio, com pr\u00e1ticas de comercializa\u00e7\u00e3o semelhantes ao sistema de aviamento. Neste caso, troca-se drogas por produtos extra\u00eddos da floresta, como pescado, ca\u00e7a e outros animais.<\/span><\/p>\n<p class=\"col-xl-7 pl-3 pt-3 pr-3 pl-lg-0 pr-lg-0 added-to-list1\" data-pf_style_display=\"block\" data-pf_style_visibility=\"visible\"><span class=\"text-node\">Al\u00e9m da regi\u00e3o do Vale do rio Juru\u00e1, que permite acesso fluvial at\u00e9 o rio Solim\u00f5es e \u00e0 cidade de Manaus, no Amazonas, o CV buscava expandir sua influ\u00eancia para o Peru, mirando no controle das zonas produtoras da coca\u00edna em Pucallpa, Ucayali, Madre de Dios e no chamado Vraem (Vale dos rios Apur\u00edmac, Ene e Mantaro).\u00a0<\/span><\/p>\n<p class=\"col-xl-7 pl-3 pt-3 pr-3 pl-lg-0 pr-lg-0 added-to-list1\" data-pf_style_display=\"block\" data-pf_style_visibility=\"visible\"><span class=\"text-node\">Informa\u00e7\u00f5es do final de 2023 indicam que membros do CV foram expulsos por grupos criminosos peruanos, mas h\u00e1 evid\u00eancias de que a fac\u00e7\u00e3o conseguiu estabelecer dom\u00ednio sobre o cultivo de coca em Ucayali, uma regi\u00e3o majoritariamente habitada por ind\u00edgenas e que, desde 2019, registra um expressivo crescimento na \u00e1rea plantada. O grupo se instala nas aldeias, imp\u00f5e seu poder sobre a comunidade e, al\u00e9m do plantio da coca, j\u00e1 produz a pasta base da coca\u00edna dentro do territ\u00f3rio ind\u00edgena.<\/span><\/p>\n<h4 class=\"wp-block-heading\" data-pf_style_display=\"block\" data-pf_style_visibility=\"visible\"><strong data-pf_style_display=\"inline\" data-pf_style_visibility=\"visible\"><span class=\"text-node\">Desafios e neglig\u00eancia do Estado<\/span><\/strong><\/h4>\n<div class=\"alignnormal\" data-pf_style_display=\"block\" data-pf_style_visibility=\"visible\">\n<div id=\"metaslider-id-158172\" class=\"ml-slider-3-93-0 metaslider metaslider-flex metaslider-158172 ml-slider ms-theme-architekt has-dots-nav\" role=\"region\" aria-roledescription=\"Slideshow\" aria-label=\"Opera\u00e7\u00f5es da Casa de Governo na TI Yanomami\" data-pf_style_display=\"block\" data-pf_style_visibility=\"visible\">\n<div id=\"metaslider_container_158172\" data-pf_style_display=\"block\" data-pf_style_visibility=\"visible\">\n<div id=\"metaslider_158172\" data-pf_style_display=\"block\" data-pf_style_visibility=\"visible\">\n<ul class=\"slides added-to-list1\" data-pf_style_display=\"block\" data-pf_style_visibility=\"visible\">\n<li class=\"slide-158173 ms-image \" aria-roledescription=\"slide\" aria-label=\"slide-158173\" data-pf_style_display=\"block\" data-pf_style_visibility=\"visible\"><img data-recalc-dims=\"1\" decoding=\"async\" class=\"slider-158172 slide-158173 pf-large-image flex-width pf-size-full mediumImage\" title=\"OPERA\u00c7\u00c3O NA TI YANOMAMI FOTO BRUNO MANCINELLE CASA DE GOVERNO (19)\" src=\"https:\/\/i0.wp.com\/amazoniareal.com.br\/wp-content\/uploads\/2025\/02\/OPERACAO-NA-TI-YANOMAMI-FOTO-BRUNO-MANCINELLE-CASA-DE-GOVERNO-19.jpg?w=600&#038;ssl=1\" alt=\"\"  data-pf_style_display=\"inline\" data-pf_style_visibility=\"visible\" data-pf_rect_width=\"2000\" data-pf_rect_height=\"1333\" \/>\n<div class=\"caption-wrap\" data-pf_style_display=\"block\" data-pf_style_visibility=\"visible\">\n<p class=\"caption added-to-list1\"><span class=\"text-node\">For\u00e7as de seguran\u00e7a inspecionam pista clandestina destru\u00edda durante opera\u00e7\u00e3o de combate ao garimpo na Terra Ind\u00edgena Yanomami, em 8 de dezembro de 2024. A a\u00e7\u00e3o visa inviabilizar a log\u00edstica do garimpo ilegal e impedir o uso da infraestrutura para a explora\u00e7\u00e3o criminosa na regi\u00e3o. (Foto: Bruno Mancinelle\/Casa de Governo).<\/span><\/p>\n<\/div>\n<\/li>\n<\/ul>\n<\/div>\n<\/div>\n<\/div>\n<\/div>\n<p class=\"col-xl-7 pl-3 pt-3 pr-3 pl-lg-0 pr-lg-0 added-to-list1\" data-pf_style_display=\"block\" data-pf_style_visibility=\"visible\"><span class=\"text-node\">A historiadora ind\u00edgena Soleane Manchineri, Ouvidora-Geral na Defensoria P\u00fablica do Acre, observa que den\u00fancias de territ\u00f3rios em Sena Madureira e Assis Brasil foram feitas por lideran\u00e7as, mas que h\u00e1 neglig\u00eancia e impot\u00eancia do Estado para atender \u00e0s necessidades das comunidades. \u201cSe tem uma den\u00fancia, \u00e9 necess\u00e1rio investigar. A gente n\u00e3o tem policiais dentro dos territ\u00f3rios e quando a gente faz algum tipo de solicita\u00e7\u00e3o, n\u00e3o pode porque n\u00e3o \u00e9 compet\u00eancia da Pol\u00edcia Militar nem da Pol\u00edcia Civil\u201d, ressalta.<\/span><\/p>\n<p class=\"col-xl-7 pl-3 pt-3 pr-3 pl-lg-0 pr-lg-0 added-to-list1\" data-pf_style_display=\"block\" data-pf_style_visibility=\"visible\"><span class=\"text-node\">A ouvidora refor\u00e7a a import\u00e2ncia de voltar a ser discutido dentro do movimento ind\u00edgena, a quest\u00e3o da presen\u00e7a de fac\u00e7\u00f5es criminosas nos territ\u00f3rios, mas que as comunidades precisam ser respaldadas pela Secretaria de Seguran\u00e7a P\u00fablica, pelo Governo do Estado e pela Defensoria P\u00fablica, para que as lideran\u00e7as n\u00e3o sejam amea\u00e7adas por conta dessas den\u00fancias.<\/span><\/p>\n<p class=\"col-xl-7 pl-3 pt-3 pr-3 pl-lg-0 pr-lg-0 added-to-list1\" data-pf_style_display=\"block\" data-pf_style_visibility=\"visible\"><span class=\"text-node\">\u201cQuando h\u00e1 uma den\u00fancia, h\u00e1 uma retalia\u00e7\u00e3o, e geralmente a pessoa que denuncia \u00e9 assassinada. Como a gente n\u00e3o tem um programa de prote\u00e7\u00e3o que seja eficaz para proteger a vida dessas pessoas que fazem den\u00fancia, elas se negam a falar\u201d, conta Soleane.<\/span><\/p>\n<p class=\"col-xl-7 pl-3 pt-3 pr-3 pl-lg-0 pr-lg-0 added-to-list1\" data-pf_style_display=\"block\" data-pf_style_visibility=\"visible\"><span class=\"text-node\">O PCC tem financiado o garimpo ilegal e a lavagem de recursos advindos do ouro. A log\u00edstica do garimpo na TI Yanomami, que depende de avi\u00f5es e helic\u00f3pteros para transporte de insumos, garimpeiros e ouro, \u00e9 outro fator que gera uma natural proximidade com o narcotr\u00e1fico. Em novembro de 2024, a Pol\u00edcia Federal encerrou um inqu\u00e9rito que<\/span><a href=\"https:\/\/amazoniareal.com.br\/pf-encerra-inquerito-do-caso-bruno-e-dom-e-aponta-crime-organizado\/\" target=\"_blank\" rel=\"noreferrer noopener\" data-pf_style_display=\"inline\" data-pf_style_visibility=\"visible\"><span class=\"text-node\">apontou a exist\u00eancia de crime organizado na regi\u00e3o de Atalaia do Norte<\/span><\/a><span class=\"text-node\">, alvo constante de invas\u00f5es, pesca e ca\u00e7a predat\u00f3rias<\/span><\/p>\n<p class=\"col-xl-7 pl-3 pt-3 pr-3 pl-lg-0 pr-lg-0 added-to-list1\" data-pf_style_display=\"block\" data-pf_style_visibility=\"visible\"><span class=\"text-node\">H\u00e1 alguns anos as comunidades ind\u00edgenas denunciam a presen\u00e7a crescente de fac\u00e7\u00f5es criminosas em seus territ\u00f3rios, mas pouco foi feito pelo poder p\u00fablico estadual e federal para conter essa amea\u00e7a. No Acre, em 2019, os povos Huni Kuin (chamados tamb\u00e9m de Kaxinaw\u00e1) denunciaram \u00e0 Pol\u00edcia Civil e \u00e0 Funai que jovens da etnia, de 13 a 18 anos, eram aliciados pelo tr\u00e1fico de drogas realizado por organiza\u00e7\u00f5es como Comando Vermelho e Bonde dos 13, uma fac\u00e7\u00e3o local. As aldeias ficam na Terra Ind\u00edgena Katukina\/Kaxinaw\u00e1, no munic\u00edpio de Feij\u00f3, na fronteira do Acre com o sul do Peru.\u00a0<\/span><\/p>\n<p class=\"col-xl-7 pl-3 pt-3 pr-3 pl-lg-0 pr-lg-0 added-to-list1\" data-pf_style_display=\"block\" data-pf_style_visibility=\"visible\"><span class=\"text-node\">Na \u00e9poca, a ag\u00eancia<\/span><a href=\"https:\/\/amazoniareal.com.br\/crime-organizado-impoe-medo-em-aldeias-indigenas-do-rio-envira-no-acre\/\" target=\"_blank\" rel=\"noreferrer noopener\" data-pf_style_display=\"inline\" data-pf_style_visibility=\"visible\"> <strong data-pf_style_display=\"inline\" data-pf_style_visibility=\"visible\"><span class=\"text-node\">Amaz\u00f4nia Real<\/span><\/strong><span class=\"text-node\"> procurou a pol\u00edcia,<\/span><\/a><span class=\"text-node\"> mas a institui\u00e7\u00e3o disse ter dificuldade de investigar o caso devido ao deslocamento pela via fluvial, porque faltavam embarca\u00e7\u00f5es e combust\u00edvel. Em 2021, a<\/span><a href=\"https:\/\/amazoniareal.com.br\/como-o-pcc-se-infiltrou-nos-garimpos-em-roraima\/\" target=\"_blank\" rel=\"noreferrer noopener\" data-pf_style_display=\"inline\" data-pf_style_visibility=\"visible\"><span class=\"text-node\"> ag\u00eancia publicou em primeira m\u00e3o que uma equipe de agentes da Pol\u00edcia Federal<\/span><\/a><span class=\"text-node\"> foi recebida a bala no rio Uraricoera, um dia ap\u00f3s garimpeiros integrantes do PCC atacarem tamb\u00e9m a tiros ind\u00edgenas Yanomami. Informes recentes recebidos pela reportagem revelaram como est\u00e1 sendo tensa a rela\u00e7\u00e3o de traficantes ligados \u00e0 fac\u00e7\u00e3o criminosa de S\u00e3o Paulo dentro dos garimpos de extra\u00e7\u00e3o ilegal de ouro na TI Yanomami, em Roraima.<\/span><\/p>\n<h4 class=\"wp-block-heading\" data-pf_style_display=\"block\" data-pf_style_visibility=\"visible\"><strong data-pf_style_display=\"inline\" data-pf_style_visibility=\"visible\"><span class=\"text-node\">Rios de coca\u00edna<\/span><\/strong><\/h4>\n<figure class=\"wp-block-image size-large\" data-pf_style_display=\"block\" data-pf_style_visibility=\"visible\"><a href=\"https:\/\/i0.wp.com\/amazoniareal.com.br\/wp-content\/uploads\/2025\/02\/APREENSAO-DE-DROGAS-NO-PARA-FOTO-MARCELO-LELIS-AG-PARA-4.jpg?ssl=1\" data-pf_style_display=\"inline\" data-pf_style_visibility=\"visible\"><img data-recalc-dims=\"1\" decoding=\"async\" class=\"wp-image-157923 pf-large-image flex-width pf-size-full mediumImage\" src=\"https:\/\/i0.wp.com\/amazoniareal.com.br\/wp-content\/uploads\/2025\/02\/APREENSAO-DE-DROGAS-NO-PARA-FOTO-MARCELO-LELIS-AG-PARA-4-1024x682.jpg?w=600&#038;ssl=1\" sizes=\"(max-width: 1024px) 100vw, 1024px\" srcset=\"https:\/\/amazoniareal.com.br\/wp-content\/uploads\/2025\/02\/APREENSAO-DE-DROGAS-NO-PARA-FOTO-MARCELO-LELIS-AG-PARA-4-1024x682.jpg 1024w, https:\/\/amazoniareal.com.br\/wp-content\/uploads\/2025\/02\/APREENSAO-DE-DROGAS-NO-PARA-FOTO-MARCELO-LELIS-AG-PARA-4-300x200.jpg 300w, https:\/\/amazoniareal.com.br\/wp-content\/uploads\/2025\/02\/APREENSAO-DE-DROGAS-NO-PARA-FOTO-MARCELO-LELIS-AG-PARA-4-768x512.jpg 768w, https:\/\/amazoniareal.com.br\/wp-content\/uploads\/2025\/02\/APREENSAO-DE-DROGAS-NO-PARA-FOTO-MARCELO-LELIS-AG-PARA-4-1536x1024.jpg 1536w, https:\/\/amazoniareal.com.br\/wp-content\/uploads\/2025\/02\/APREENSAO-DE-DROGAS-NO-PARA-FOTO-MARCELO-LELIS-AG-PARA-4-150x100.jpg 150w, https:\/\/amazoniareal.com.br\/wp-content\/uploads\/2025\/02\/APREENSAO-DE-DROGAS-NO-PARA-FOTO-MARCELO-LELIS-AG-PARA-4.jpg 2000w\" alt=\"\"  data-pf_style_display=\"inline\" data-pf_style_visibility=\"visible\" data-pf_rect_width=\"1024\" data-pf_rect_height=\"682\" \/><\/a><\/figure>\n<p class=\"has-text-align-center added-to-list1\" data-pf_style_display=\"block\" data-pf_style_visibility=\"visible\"><em data-pf_style_display=\"inline\" data-pf_style_visibility=\"visible\"><sub data-pf_style_display=\"inline\" data-pf_style_visibility=\"visible\"><span class=\"text-node\">Apreens\u00e3o de drogas no Par\u00e1 (Foto: Marcelo Lelis\/Ag\u00eancia Par\u00e1)<\/span><\/sub><\/em><\/p>\n<p class=\"col-xl-7 pl-3 pt-3 pr-3 pl-lg-0 pr-lg-0 added-to-list1\" data-pf_style_display=\"block\" data-pf_style_visibility=\"visible\"><span class=\"text-node\">O estudo \u201c<\/span><em data-pf_style_display=\"inline\" data-pf_style_visibility=\"visible\"><span class=\"text-node\">Landing on Water: Air Interdiction, Drug-Trafficking Displacement, and Violence in the Brazilian Amazon\u201d<\/span><\/em><span class=\"text-node\"> (<\/span><a href=\"https:\/\/amazonia2030.org.br\/aterrizando-na-agua-interdicao-aerea-trafico-de-drogas-e-violencia-na-amazonia-brasileira\/\" target=\"_blank\" rel=\"noreferrer noopener\" data-pf_style_display=\"inline\" data-pf_style_visibility=\"visible\"><span class=\"text-node\">Aterrizando na \u00c1gua: Interdi\u00e7\u00e3o A\u00e9rea, Tr\u00e1fico de Drogas e Viol\u00eancia na Amaz\u00f4nia Brasileira<\/span><\/a><span class=\"text-node\">) identificou os rios Abuna, Acre, Amazonas, Caquet\u00e1, Envira, I\u00e7\u00e1, Japur\u00e1, Javari, Juru\u00e1, Madeira, Mamor\u00e9, Negro, Purus, Tarauac\u00e1, Uaup\u00e9s e Xi\u00ea, como rotas do tr\u00e1fico de drogas entre Brasil, Bol\u00edvia, Col\u00f4mbia e Peru.<\/span><\/p>\n<p class=\"col-xl-7 pl-3 pt-3 pr-3 pl-lg-0 pr-lg-0 added-to-list1\" data-pf_style_display=\"block\" data-pf_style_visibility=\"visible\"><span class=\"text-node\">A cada quatro mortes na regi\u00e3o, uma teve o dedo do tr\u00e1fico, entre 2005 e 2020, em 67 cidades da regi\u00e3o oeste da Amaz\u00f4nia, banhadas pelos \u201crios de coca\u00edna\u201d. S\u00e3o cidades com menos de 100 mil habitantes, como Eireunep\u00e9, no Amazonas, e Cruzeiro do Sul, no Acre, que est\u00e3o afastadas dos grandes centros urbanos e das principais rotas rodovi\u00e1rias, o que torna menos prov\u00e1vel que as mortes estejam ligadas a disputas por terra ou desmatamento ilegal.<\/span><\/p>\n<p class=\"col-xl-7 pl-3 pt-3 pr-3 pl-lg-0 pr-lg-0 added-to-list1\" data-pf_style_display=\"block\" data-pf_style_visibility=\"visible\"><span class=\"text-node\">De acordo com o estudo desenvolvido por pesquisadores do Insper e da Faculdade de Economia, Administra\u00e7\u00e3o, Contabilidade e Atu\u00e1ria da Universidade de S\u00e3o Paulo (FEA-USP) e publicado pelo Institute of Labor Economics da Alemanha, a viol\u00eancia nessas cidades est\u00e1 ligada \u00e0 intensifica\u00e7\u00e3o do uso de embarca\u00e7\u00f5es no transporte de entorpecentes ap\u00f3s 2004. Naquele ano, o governo federal implementou a Lei do Abate, no primeiro mandato do presidente Luiz In\u00e1cio Lula da Silva (PT), que permitiu \u00e0 For\u00e7a A\u00e9rea Brasileira abater aeronaves suspeitas de transportar drogas.\u00a0<\/span><\/p>\n<p class=\"col-xl-7 pl-3 pt-3 pr-3 pl-lg-0 pr-lg-0 added-to-list1\" data-pf_style_display=\"block\" data-pf_style_visibility=\"visible\"><span class=\"text-node\">A pol\u00edtica que derruba avi\u00f5es de traficantes tornou o transporte de coca\u00edna por avi\u00f5es mais arriscado e caro. Por\u00e9m, a migra\u00e7\u00e3o para os rios amaz\u00f4nicos exp\u00f4s as comunidades ribeirinhas ao avan\u00e7o do crime organizado e da viol\u00eancia.<\/span><\/p>\n<p class=\"col-xl-7 pl-3 pt-3 pr-3 pl-lg-0 pr-lg-0 added-to-list1\" data-pf_style_display=\"block\" data-pf_style_visibility=\"visible\"><span class=\"text-node\">Um ind\u00edgena de Rond\u00f4nia expressa sua preocupa\u00e7\u00e3o com o quadro atual em sua terra: \u201cProcuramos a Funai e at\u00e9 agora n\u00e3o me responderam. A situa\u00e7\u00e3o est\u00e1 complicada. Eles (os traficantes) amea\u00e7am os professores e alunos. Escrevem o nome da fac\u00e7\u00e3o nas portas das casas. N\u00f3s nunca fizemos nada, \u00e9 muito dif\u00edcil. As mulheres e crian\u00e7as t\u00eam medo de tomar banho no rio porque est\u00e3o vendo homens encapuzados rondando\u201d, relata.<\/span><\/p>\n<h4 class=\"wp-block-heading\" data-pf_style_display=\"block\" data-pf_style_visibility=\"visible\"><strong data-pf_style_display=\"inline\" data-pf_style_visibility=\"visible\"><span class=\"text-node\">Comunidades desamparadas<\/span><\/strong><\/h4>\n<figure class=\"wp-block-image size-large\" data-pf_style_display=\"block\" data-pf_style_visibility=\"visible\"><a href=\"https:\/\/i0.wp.com\/amazoniareal.com.br\/wp-content\/uploads\/2025\/01\/DSCF6942.jpg?ssl=1\" data-pf_style_display=\"inline\" data-pf_style_visibility=\"visible\"><img data-recalc-dims=\"1\" decoding=\"async\" class=\"wp-image-156465 pf-large-image flex-width pf-size-full mediumImage\" src=\"https:\/\/i0.wp.com\/amazoniareal.com.br\/wp-content\/uploads\/2025\/01\/DSCF6942-1024x682.jpg?w=600&#038;ssl=1\" sizes=\"(max-width: 1024px) 100vw, 1024px\" srcset=\"https:\/\/amazoniareal.com.br\/wp-content\/uploads\/2025\/01\/DSCF6942-1024x682.jpg 1024w, https:\/\/amazoniareal.com.br\/wp-content\/uploads\/2025\/01\/DSCF6942-300x200.jpg 300w, https:\/\/amazoniareal.com.br\/wp-content\/uploads\/2025\/01\/DSCF6942-768x512.jpg 768w, https:\/\/amazoniareal.com.br\/wp-content\/uploads\/2025\/01\/DSCF6942-1536x1024.jpg 1536w, https:\/\/amazoniareal.com.br\/wp-content\/uploads\/2025\/01\/DSCF6942-150x100.jpg 150w, https:\/\/amazoniareal.com.br\/wp-content\/uploads\/2025\/01\/DSCF6942.jpg 2000w\" alt=\"\"  data-pf_style_display=\"inline\" data-pf_style_visibility=\"visible\" data-pf_rect_width=\"1024\" data-pf_rect_height=\"682\" \/><\/a><\/figure>\n<p class=\"has-text-align-center added-to-list1\" data-pf_style_display=\"block\" data-pf_style_visibility=\"visible\"><em data-pf_style_display=\"inline\" data-pf_style_visibility=\"visible\"><sub data-pf_style_display=\"inline\" data-pf_style_visibility=\"visible\"><span class=\"text-node\">Terra Ind\u00edgena Umaria\u00e7u 1, em Tabatinga (Foto: Alberto C\u00e9sar Ara\u00fajo\/Amaz\u00f4nia Real)<\/span><\/sub><\/em><\/p>\n<p class=\"col-xl-7 pl-3 pt-3 pr-3 pl-lg-0 pr-lg-0 added-to-list1\" data-pf_style_display=\"block\" data-pf_style_visibility=\"visible\"><span class=\"text-node\">Na TI Tukuna Umaria\u00e7u, aqueles que resistem buscam formas de den\u00fancia \u00e0s autoridades e fortalecimento das lideran\u00e7as. Por\u00e9m, segundo os entrevistados, n\u00e3o h\u00e1 provid\u00eancias urgentes por parte da Funai e do governo federal. \u201cAs a\u00e7\u00f5es do poder p\u00fablico t\u00eam sido insuficientes. As comunidades ind\u00edgenas continuam desamparadas, sem apoio real para enfrentar o problema,\u201d afirma um ind\u00edgena Tikuna.<\/span><\/p>\n<p class=\"col-xl-7 pl-3 pt-3 pr-3 pl-lg-0 pr-lg-0 added-to-list1\" data-pf_style_display=\"block\" data-pf_style_visibility=\"visible\"><span class=\"text-node\">Se nas cidades o tr\u00e1fico se manifesta em tiroteios, nas florestas ele assume outra face: o sil\u00eancio imposto \u00e0s comunidades ind\u00edgenas. \u201cA presen\u00e7a do poder p\u00fablico \u00e9 fr\u00e1gil e, em muitos casos, ineficaz. H\u00e1 relatos de corrup\u00e7\u00e3o envolvendo agentes de seguran\u00e7a e representantes pol\u00edticos locais,\u201d comenta o entrevistado da <\/span><strong data-pf_style_display=\"inline\" data-pf_style_visibility=\"visible\"><span class=\"text-node\">Amaz\u00f4nia Real<\/span><\/strong><span class=\"text-node\">.<\/span><\/p>\n<p class=\"col-xl-7 pl-3 pt-3 pr-3 pl-lg-0 pr-lg-0 added-to-list1\" data-pf_style_display=\"block\" data-pf_style_visibility=\"visible\"><span class=\"text-node\">Como agravante, a fonte denuncia o envolvimento de pol\u00edticos antind\u00edgenas. \u201cAlguns pol\u00edticos da regi\u00e3o t\u00eam se aproximado de lideran\u00e7as locais oferecendo vantagens pessoais em troca de apoio para seus projetos. Isso gera divis\u00f5es dentro da pr\u00f3pria comunidade,\u201d diz.<\/span><\/p>\n<p class=\"col-xl-7 pl-3 pt-3 pr-3 pl-lg-0 pr-lg-0 added-to-list1\" data-pf_style_display=\"block\" data-pf_style_visibility=\"visible\"><span class=\"text-node\">Para a fonte, h\u00e1 uma press\u00e3o para que os territ\u00f3rios sejam cedidos para interesses maiores que atuam sob a regi\u00e3o. \u201cMuitos desses pol\u00edticos visam, a longo prazo, enfraquecer a autonomia ind\u00edgena sobre suas terras, tornando-as \u00e1reas abertas para explora\u00e7\u00e3o econ\u00f4mica, principalmente para o agroneg\u00f3cio e a expans\u00e3o urbana descontrolada\u201d, conclui.<\/span><\/p>\n<h4 class=\"wp-block-heading\" data-pf_style_display=\"block\" data-pf_style_visibility=\"visible\"><strong data-pf_style_display=\"inline\" data-pf_style_visibility=\"visible\"><span class=\"text-node\">Crimes organizados se apoiam\u00a0<\/span><\/strong><\/h4>\n<figure class=\"wp-block-image size-large\" data-pf_style_display=\"block\" data-pf_style_visibility=\"visible\"><a href=\"https:\/\/i0.wp.com\/amazoniareal.com.br\/wp-content\/uploads\/2025\/02\/paulo-moutinho.jpg?ssl=1\" data-pf_style_display=\"inline\" data-pf_style_visibility=\"visible\"><img data-recalc-dims=\"1\" decoding=\"async\" class=\"wp-image-157950 pf-large-image flex-width pf-size-full mediumImage\" src=\"https:\/\/i0.wp.com\/amazoniareal.com.br\/wp-content\/uploads\/2025\/02\/paulo-moutinho-1024x576.jpg?w=600&#038;ssl=1\" sizes=\"(max-width: 1024px) 100vw, 1024px\" srcset=\"https:\/\/amazoniareal.com.br\/wp-content\/uploads\/2025\/02\/paulo-moutinho-1024x576.jpg 1024w, https:\/\/amazoniareal.com.br\/wp-content\/uploads\/2025\/02\/paulo-moutinho-300x169.jpg 300w, https:\/\/amazoniareal.com.br\/wp-content\/uploads\/2025\/02\/paulo-moutinho-768x432.jpg 768w, https:\/\/amazoniareal.com.br\/wp-content\/uploads\/2025\/02\/paulo-moutinho-150x84.jpg 150w, https:\/\/amazoniareal.com.br\/wp-content\/uploads\/2025\/02\/paulo-moutinho.jpg 1140w\" alt=\"\"  data-pf_style_display=\"inline\" data-pf_style_visibility=\"visible\" data-pf_rect_width=\"1024\" data-pf_rect_height=\"576\" \/><\/a><\/figure>\n<p class=\"has-text-align-center added-to-list1\" data-pf_style_display=\"block\" data-pf_style_visibility=\"visible\"><em data-pf_style_display=\"inline\" data-pf_style_visibility=\"visible\"><sub data-pf_style_display=\"inline\" data-pf_style_visibility=\"visible\"><span class=\"text-node\">O pesquisador do Ipam, Paulo Moutinho (Foto: Maria Guimar\u00e3es, da Revista Pesquisa FAPESP)<\/span><\/sub><\/em><\/p>\n<p class=\"col-xl-7 pl-3 pt-3 pr-3 pl-lg-0 pr-lg-0 added-to-list1\" data-pf_style_display=\"block\" data-pf_style_visibility=\"visible\"><span class=\"text-node\">Refer\u00eancia em estudos sobre desmatamento, clima e impactos de il\u00edcitos ambientais na Amaz\u00f4nia, o pesquisador Paulo Moutinho ressalta que o crime organizado se fortaleceu nos \u00faltimos dez anos na Amaz\u00f4nia, intensificando v\u00ednculos com crimes ambientais e contribuindo para a degrada\u00e7\u00e3o ambiental. Muitos desses crimes organizados t\u00eam origem no tr\u00e1fico de drogas, em grande escala e estruturas organizadas.<\/span><\/p>\n<p class=\"col-xl-7 pl-3 pt-3 pr-3 pl-lg-0 pr-lg-0 added-to-list1\" data-pf_style_display=\"block\" data-pf_style_visibility=\"visible\"><span class=\"text-node\">\u201cA grilagem financia a extra\u00e7\u00e3o ilegal de ouro, que financia o tr\u00e1fico de droga e armas. E estas atividades financiam a grilagem. Tem um sistema financeiro que est\u00e1 sendo constru\u00eddo para que um apoie o outro\u201d, diz Paulo Moutinho, cofundador e membro do Instituto de Pesquisas da Amaz\u00f4nia (Ipam).<\/span><\/p>\n<p class=\"col-xl-7 pl-3 pt-3 pr-3 pl-lg-0 pr-lg-0 added-to-list1\" data-pf_style_display=\"block\" data-pf_style_visibility=\"visible\"><span class=\"text-node\">Ele afirma que o tr\u00e1fico de drogas e armas pressiona a floresta, contribuindo com grilagem, extra\u00e7\u00e3o ilegal de madeira, explora\u00e7\u00e3o ilegal de ouro, abertura de estradas e pistas de pouso clandestinas. Cada pista de avi\u00f5es aberta pelo CV equivale a 10 campos de futebol de floresta morta.\u00a0<\/span><\/p>\n<p class=\"col-xl-7 pl-3 pt-3 pr-3 pl-lg-0 pr-lg-0 added-to-list1\" data-pf_style_display=\"block\" data-pf_style_visibility=\"visible\"><span class=\"text-node\">\u201cAmaz\u00f4nia est\u00e1 sendo capturada por um crime organizado, abastecido e bem estruturado. Isso est\u00e1 nos relat\u00f3rios da PF, de institui\u00e7\u00f5es mais especializadas. Somos uma institui\u00e7\u00e3o cient\u00edfica com muita a\u00e7\u00e3o no campo (Ipam) e a gente vem escutando relatos crescentes dos dados que mostram esse crescente de ilicitude na regi\u00e3o\u201d, relata.<\/span><\/p>\n<p class=\"col-xl-7 pl-3 pt-3 pr-3 pl-lg-0 pr-lg-0 added-to-list1\" data-pf_style_display=\"block\" data-pf_style_visibility=\"visible\"><span class=\"text-node\">Moutinho destaca que 50% do desmatamento na Amaz\u00f4nia ocorre em terras p\u00fablicas. Destas, 30% s\u00e3o em \u00e1reas p\u00fablicas ainda n\u00e3o destinadas. \u201cEssa grilagem gera recursos. Quem financia a grilagem? A grilagem \u00e9 cara na Amaz\u00f4nia. Se voc\u00ea derrubar um hectare de floresta, voc\u00ea gasta entre 2 mil a 3 mil reais por hectare. N\u00e3o \u00e9 o pequeno produtor, o ind\u00edgena, o extrativista, que tem esse recurso para fazer esse desmatamento. \u00c9 a\u00ed que entram outros pilares do crime organizado\u201d, diz o pesquisador.<\/span><\/p>\n<p class=\"col-xl-7 pl-3 pt-3 pr-3 pl-lg-0 pr-lg-0 added-to-list1\" data-pf_style_display=\"block\" data-pf_style_visibility=\"visible\"><span class=\"text-node\">\u201cA Amaz\u00f4nia come\u00e7a a ficar ref\u00e9m de um crime que vem se instalando nos \u00faltimos anos. E que precisa ter uma atua\u00e7\u00e3o firme dos Estados e da federa\u00e7\u00e3o. Caso contr\u00e1rio voc\u00ea vai come\u00e7ar a ter \u00e1reas da Amaz\u00f4nia onde o Estado n\u00e3o tem condi\u00e7\u00f5es de coordenar qualquer coisa\u201d, alerta. Em outras palavras, a \u00fanica sa\u00edda \u00e9 combater a rede do crime organizado, mas em a\u00e7\u00f5es de grande escala e prolongadas. Do contr\u00e1rio, o assalto \u00e0 floresta pode se tornar irrevers\u00edvel.<\/span><\/p>\n<h4 class=\"wp-block-heading\" data-pf_style_display=\"block\" data-pf_style_visibility=\"visible\"><strong data-pf_style_display=\"inline\" data-pf_style_visibility=\"visible\"><span class=\"text-node\">O que n\u00e3o dizem as autoridades<\/span><\/strong><\/h4>\n<figure class=\"wp-block-image size-large\" data-pf_style_display=\"block\" data-pf_style_visibility=\"visible\"><a href=\"https:\/\/i0.wp.com\/amazoniareal.com.br\/wp-content\/uploads\/2025\/01\/porto-tabatinga2.jpg?ssl=1\" data-pf_style_display=\"inline\" data-pf_style_visibility=\"visible\"><img data-recalc-dims=\"1\" decoding=\"async\" class=\"wp-image-156525 pf-large-image flex-width pf-size-full mediumImage\" src=\"https:\/\/i0.wp.com\/amazoniareal.com.br\/wp-content\/uploads\/2025\/01\/porto-tabatinga2-1024x682.jpg?w=600&#038;ssl=1\" sizes=\"(max-width: 1024px) 100vw, 1024px\" srcset=\"https:\/\/amazoniareal.com.br\/wp-content\/uploads\/2025\/01\/porto-tabatinga2-1024x682.jpg 1024w, https:\/\/amazoniareal.com.br\/wp-content\/uploads\/2025\/01\/porto-tabatinga2-300x200.jpg 300w, https:\/\/amazoniareal.com.br\/wp-content\/uploads\/2025\/01\/porto-tabatinga2-768x512.jpg 768w, https:\/\/amazoniareal.com.br\/wp-content\/uploads\/2025\/01\/porto-tabatinga2-1536x1024.jpg 1536w, https:\/\/amazoniareal.com.br\/wp-content\/uploads\/2025\/01\/porto-tabatinga2-150x100.jpg 150w, https:\/\/amazoniareal.com.br\/wp-content\/uploads\/2025\/01\/porto-tabatinga2.jpg 2000w\" alt=\"\"  data-pf_style_display=\"inline\" data-pf_style_visibility=\"visible\" data-pf_rect_width=\"1024\" data-pf_rect_height=\"682\" \/><\/a><\/figure>\n<p class=\"has-text-align-center added-to-list1\" data-pf_style_display=\"block\" data-pf_style_visibility=\"visible\"><em data-pf_style_display=\"inline\" data-pf_style_visibility=\"visible\"><sub data-pf_style_display=\"inline\" data-pf_style_visibility=\"visible\"><span class=\"text-node\">Porto em Tabatinga e ao fundo a tr\u00edplice fronteira entre Brasil, Col\u00f4mbia e Peru (Foto: Alberto C\u00e9sar Ara\u00fajo\/Amaz\u00f4nia Real)<\/span><\/sub><\/em><\/p>\n<p class=\"col-xl-7 pl-3 pt-3 pr-3 pl-lg-0 pr-lg-0 added-to-list1\" data-pf_style_display=\"block\" data-pf_style_visibility=\"visible\"><span class=\"text-node\">A <\/span><strong data-pf_style_display=\"inline\" data-pf_style_visibility=\"visible\"><span class=\"text-node\">Amaz\u00f4nia Real<\/span><\/strong><span class=\"text-node\"> procurou repetidas vezes a Funai para saber que medidas e programas t\u00eam desenvolvido contra o aumento de fac\u00e7\u00f5es e tr\u00e1fico de drogas nas terras ind\u00edgenas, mas o \u00f3rg\u00e3o indigenista n\u00e3o respondeu.<\/span><\/p>\n<p class=\"col-xl-7 pl-3 pt-3 pr-3 pl-lg-0 pr-lg-0 added-to-list1\" data-pf_style_display=\"block\" data-pf_style_visibility=\"visible\"><span class=\"text-node\">A ag\u00eancia solicitou entrevistas com delegados da Pol\u00edcia Federal e pediu informa\u00e7\u00f5es sobre a\u00e7\u00f5es de combate e investiga\u00e7\u00f5es sobre o tema desta reportagem, mas n\u00e3o foi atendida.<\/span><\/p>\n<p class=\"col-xl-7 pl-3 pt-3 pr-3 pl-lg-0 pr-lg-0 added-to-list1\" data-pf_style_display=\"block\" data-pf_style_visibility=\"visible\"><span class=\"text-node\">A Articula\u00e7\u00e3o dos Povos Ind\u00edgenas do Brasil (Apib) n\u00e3o atendeu aos pedidos de entrevistas com os coordenadores<\/span><strong data-pf_style_display=\"inline\" data-pf_style_visibility=\"visible\"><span class=\"text-node\">.<\/span><\/strong><\/p>\n<p class=\"col-xl-7 pl-3 pt-3 pr-3 pl-lg-0 pr-lg-0 added-to-list1\" data-pf_style_display=\"block\" data-pf_style_visibility=\"visible\"><strong data-pf_style_display=\"inline\" data-pf_style_visibility=\"visible\"><span class=\"text-node\">*Nome fict\u00edcio para garantir a seguran\u00e7a do entrevistado<\/span><\/strong><\/p>\n<hr class=\"wp-block-separator has-alpha-channel-opacity\" data-pf_style_display=\"block\" data-pf_style_visibility=\"visible\" \/>\n<p class=\"col-xl-7 pl-3 pt-3 pr-3 pl-lg-0 pr-lg-0 added-to-list1\" data-pf_style_display=\"block\" data-pf_style_visibility=\"visible\"><em data-pf_style_display=\"inline\" data-pf_style_visibility=\"visible\"><span class=\"text-node\">Republique nossos conte\u00fados: Os textos, fotografias e v\u00eddeos produzidos pela equipe da ag\u00eancia Amaz\u00f4nia Real est\u00e3o licenciados com uma\u00a0<\/span><a href=\"https:\/\/creativecommons.org\/licenses\/by-nd\/4.0\/\" target=\"_blank\" rel=\"noreferrer noopener\" data-pf_style_display=\"inline\" data-pf_style_visibility=\"visible\"><span class=\"text-node\">Licen\u00e7a Creative Commons \u2013 Atribui\u00e7\u00e3o 4.0 Internacional (CC BY-ND 4.0)\u00a0<\/span><\/a><span class=\"text-node\">e podem ser republicados na m\u00eddia: jornais impressos, revistas, sites, blogs, livros did\u00e1ticos e de literatura; com o cr\u00e9dito do autor e da ag\u00eancia Amaz\u00f4nia Real. Fotografias cedidas ou produzidas por outros ve\u00edculos e organiza\u00e7\u00f5es n\u00e3o atendem a essa licen\u00e7a e precisam de autoriza\u00e7\u00e3o dos autores.<\/span><\/em><\/p>\n","protected":false},"excerpt":{"rendered":"<p>Por W\u00e9rica Lima, Nicoly Ambrosio, Ela\u00edze Farias, no Amaz\u00f4nia Real &#8211; O avan\u00e7o do narcotr\u00e1fico, antes restrito \u00e0s \u00e1reas urbanas das grandes cidades, est\u00e1 impondo um clima de medo e inseguran\u00e7a com impactos cultural e socioambiental sobre os territ\u00f3rios ind\u00edgenas do Acre, Amazonas, Roraima e Rond\u00f4nia, na Amaz\u00f4nia Ocidental. Esta parte da floresta, situada na&#8230;<a class=\"more-link\" href=\"http:\/\/blogdalucianaoliveira.com.br\/blog\/2025\/03\/12\/amazonia-sob-ameaca-do-trafico\/\">Continue a leitura <span class=\"meta-nav\">&raquo;<\/span><\/a><\/p>\n","protected":false},"author":1,"featured_media":0,"comment_status":"closed","ping_status":"open","sticky":false,"template":"","format":"standard","meta":{"_exactmetrics_skip_tracking":false,"_exactmetrics_sitenote_active":false,"_exactmetrics_sitenote_note":"","_exactmetrics_sitenote_category":0,"jetpack_post_was_ever_published":false,"_jetpack_newsletter_access":"","_jetpack_dont_email_post_to_subs":false,"_jetpack_newsletter_tier_id":0,"_jetpack_memberships_contains_paywalled_content":false,"_jetpack_memberships_contains_paid_content":false,"footnotes":"","jetpack_publicize_message":"","jetpack_publicize_feature_enabled":true,"jetpack_social_post_already_shared":true,"jetpack_social_options":{"image_generator_settings":{"template":"highway","enabled":false},"version":2}},"categories":[1],"tags":[384,167,1110,1273],"class_list":["post-36580","post","type-post","status-publish","format-standard","hentry","category-notas","tag-amazonia-real","tag-crime","tag-impactos","tag-trafico"],"jetpack_publicize_connections":[],"jetpack_sharing_enabled":true,"jetpack_featured_media_url":"","jetpack_shortlink":"https:\/\/wp.me\/p7wKYW-9w0","jetpack-related-posts":[],"_links":{"self":[{"href":"http:\/\/blogdalucianaoliveira.com.br\/blog\/wp-json\/wp\/v2\/posts\/36580","targetHints":{"allow":["GET"]}}],"collection":[{"href":"http:\/\/blogdalucianaoliveira.com.br\/blog\/wp-json\/wp\/v2\/posts"}],"about":[{"href":"http:\/\/blogdalucianaoliveira.com.br\/blog\/wp-json\/wp\/v2\/types\/post"}],"author":[{"embeddable":true,"href":"http:\/\/blogdalucianaoliveira.com.br\/blog\/wp-json\/wp\/v2\/users\/1"}],"replies":[{"embeddable":true,"href":"http:\/\/blogdalucianaoliveira.com.br\/blog\/wp-json\/wp\/v2\/comments?post=36580"}],"version-history":[{"count":1,"href":"http:\/\/blogdalucianaoliveira.com.br\/blog\/wp-json\/wp\/v2\/posts\/36580\/revisions"}],"predecessor-version":[{"id":36582,"href":"http:\/\/blogdalucianaoliveira.com.br\/blog\/wp-json\/wp\/v2\/posts\/36580\/revisions\/36582"}],"wp:attachment":[{"href":"http:\/\/blogdalucianaoliveira.com.br\/blog\/wp-json\/wp\/v2\/media?parent=36580"}],"wp:term":[{"taxonomy":"category","embeddable":true,"href":"http:\/\/blogdalucianaoliveira.com.br\/blog\/wp-json\/wp\/v2\/categories?post=36580"},{"taxonomy":"post_tag","embeddable":true,"href":"http:\/\/blogdalucianaoliveira.com.br\/blog\/wp-json\/wp\/v2\/tags?post=36580"}],"curies":[{"name":"wp","href":"https:\/\/api.w.org\/{rel}","templated":true}]}}