{"id":36585,"date":"2025-03-13T11:56:36","date_gmt":"2025-03-13T15:56:36","guid":{"rendered":"https:\/\/blogdalucianaoliveira.com.br\/blog\/?p=36585"},"modified":"2025-03-13T11:56:36","modified_gmt":"2025-03-13T15:56:36","slug":"a-estrada-construida-para-a-cop30-em-belem-que-vai-desmatar-a-amazonia","status":"publish","type":"post","link":"http:\/\/blogdalucianaoliveira.com.br\/blog\/2025\/03\/13\/a-estrada-construida-para-a-cop30-em-belem-que-vai-desmatar-a-amazonia\/","title":{"rendered":"A estrada constru\u00edda para a COP30 em Bel\u00e9m que vai desmatar a Amaz\u00f4nia"},"content":{"rendered":"<div class=\"bbc-19j92fr ebmt73l0\" dir=\"ltr\">\n<p><img data-recalc-dims=\"1\" loading=\"lazy\" decoding=\"async\" data-attachment-id=\"36586\" data-permalink=\"http:\/\/blogdalucianaoliveira.com.br\/blog\/2025\/03\/13\/a-estrada-construida-para-a-cop30-em-belem-que-vai-desmatar-a-amazonia\/img_9724\/\" data-orig-file=\"https:\/\/i0.wp.com\/blogdalucianaoliveira.com.br\/blog\/wp-content\/uploads\/2025\/03\/IMG_9724.webp?fit=800%2C450\" data-orig-size=\"800,450\" data-comments-opened=\"0\" data-image-meta=\"{&quot;aperture&quot;:&quot;0&quot;,&quot;credit&quot;:&quot;&quot;,&quot;camera&quot;:&quot;&quot;,&quot;caption&quot;:&quot;&quot;,&quot;created_timestamp&quot;:&quot;0&quot;,&quot;copyright&quot;:&quot;&quot;,&quot;focal_length&quot;:&quot;0&quot;,&quot;iso&quot;:&quot;0&quot;,&quot;shutter_speed&quot;:&quot;0&quot;,&quot;title&quot;:&quot;&quot;,&quot;orientation&quot;:&quot;0&quot;}\" data-image-title=\"IMG_9724\" data-image-description=\"\" data-image-caption=\"\" data-medium-file=\"https:\/\/i0.wp.com\/blogdalucianaoliveira.com.br\/blog\/wp-content\/uploads\/2025\/03\/IMG_9724.webp?fit=300%2C169\" data-large-file=\"https:\/\/i0.wp.com\/blogdalucianaoliveira.com.br\/blog\/wp-content\/uploads\/2025\/03\/IMG_9724.webp?fit=600%2C338\" class=\"alignnone size-medium wp-image-36586\" src=\"https:\/\/i0.wp.com\/blogdalucianaoliveira.com.br\/blog\/wp-content\/uploads\/2025\/03\/IMG_9724.webp?resize=300%2C169\" alt=\"\" width=\"300\" height=\"169\" srcset=\"https:\/\/i0.wp.com\/blogdalucianaoliveira.com.br\/blog\/wp-content\/uploads\/2025\/03\/IMG_9724.webp?resize=300%2C169 300w, https:\/\/i0.wp.com\/blogdalucianaoliveira.com.br\/blog\/wp-content\/uploads\/2025\/03\/IMG_9724.webp?resize=768%2C432 768w, https:\/\/i0.wp.com\/blogdalucianaoliveira.com.br\/blog\/wp-content\/uploads\/2025\/03\/IMG_9724.webp?resize=533%2C300 533w, https:\/\/i0.wp.com\/blogdalucianaoliveira.com.br\/blog\/wp-content\/uploads\/2025\/03\/IMG_9724.webp?w=800 800w\" sizes=\"auto, (max-width: 300px) 100vw, 300px\" \/><\/p>\n<p><strong><span role=\"text\"><span class=\"bbc-1ypcc2\">Ione Wells, <\/span><\/span><\/strong><span role=\"text\"><span class=\"bbc-1y5sx98\"><strong>BBC News, em Bel\u00e9m<\/strong> &#8211; <\/span><\/span>Uma nova rodovia de quatro faixas que corta dezenas de milhares de hectares de floresta amaz\u00f4nica protegida est\u00e1 sendo constru\u00edda para a <a class=\"focusIndicatorReducedWidth bbc-n8oauk e1p3sufg0\" href=\"https:\/\/www.bbc.com\/portuguese\/topics\/c0rg9wxw8ykt\">COP30<\/a> (30\u00aa Confer\u00eancia das Na\u00e7\u00f5es Unidas sobre Mudan\u00e7a do Clima), que acontece em Bel\u00e9m do Par\u00e1.<\/p>\n<\/div>\n<p><!--more--><\/p>\n<div class=\"bbc-19j92fr ebmt73l0\" dir=\"ltr\">\n<p class=\"bbc-hhl7in e17g058b0\" dir=\"ltr\">O objetivo \u00e9 facilitar o tr\u00e1fego para a capital paraense, que vai receber mais de 50 mil pessoas \u2014 incluindo l\u00edderes mundiais \u2014 na confer\u00eancia em novembro.<\/p>\n<\/div>\n<div class=\"bbc-19j92fr ebmt73l0\" dir=\"ltr\">\n<p class=\"bbc-hhl7in e17g058b0\" dir=\"ltr\">O governo estadual promove a rodovia como &#8220;sustent\u00e1vel&#8221;, mas moradores e ambientalistas criticam impacto ambiental.<\/p>\n<\/div>\n<div class=\"bbc-19j92fr ebmt73l0\" dir=\"ltr\">\n<p class=\"bbc-hhl7in e17g058b0\" dir=\"ltr\">A Amaz\u00f4nia desempenha um papel vital na absor\u00e7\u00e3o de carbono para o planeta e na preserva\u00e7\u00e3o da biodiversidade, e cr\u00edticos dizem que esse <a class=\"focusIndicatorReducedWidth bbc-n8oauk e1p3sufg0\" href=\"https:\/\/www.bbc.com\/portuguese\/articles\/c2x0dgjyl74o\">desmatamento <\/a>contradiz o pr\u00f3prio prop\u00f3sito de uma confer\u00eancia clim\u00e1tica.<\/p>\n<p dir=\"ltr\">Ao longo da estrada parcialmente constru\u00edda, a densa floresta tropical se ergue dos dois lados \u2014 um lembrete do que j\u00e1 esteve ali.<\/p>\n<div class=\"bbc-19j92fr ebmt73l0\" dir=\"ltr\">\n<p class=\"bbc-hhl7in e17g058b0\" dir=\"ltr\">Toras de madeira est\u00e3o empilhadas nas \u00e1reas desmatadas, que se estendem por mais de 13 km floresta adentro at\u00e9 Bel\u00e9m.<\/p>\n<\/div>\n<div class=\"bbc-19j92fr ebmt73l0\" dir=\"ltr\">\n<p class=\"bbc-hhl7in e17g058b0\" dir=\"ltr\">Escavadeiras e m\u00e1quinas abrem caminho pelo ch\u00e3o da floresta, aterrando \u00e1reas \u00famidas para pavimentar a estrada que cortar\u00e1 uma \u00e1rea protegida.<\/p>\n<div class=\"bbc-19j92fr ebmt73l0\" dir=\"ltr\">\n<p class=\"bbc-hhl7in e17g058b0\" dir=\"ltr\">Claudio Verequete mora a cerca de 200 metros de onde a estrada vai passar. Ele costumava ganhar a vida colhendo a\u00e7a\u00ed de \u00e1rvores que antes ocupavam o local.<\/p>\n<\/div>\n<div class=\"bbc-19j92fr ebmt73l0\" dir=\"ltr\">\n<p class=\"bbc-hhl7in e17g058b0\" dir=\"ltr\">&#8220;Tudo foi destru\u00eddo&#8221;, diz ele, apontando para a clareira.<\/p>\n<\/div>\n<div class=\"bbc-19j92fr ebmt73l0\" dir=\"ltr\">\n<p class=\"bbc-hhl7in e17g058b0\" dir=\"ltr\">&#8220;Nossa colheita j\u00e1 foi derrubada. N\u00e3o temos mais essa renda para sustentar a fam\u00edlia.&#8221;<\/p>\n<\/div>\n<div class=\"bbc-19j92fr ebmt73l0\" dir=\"ltr\">\n<p class=\"bbc-hhl7in e17g058b0\" dir=\"ltr\">Ele afirma que n\u00e3o recebeu nenhuma compensa\u00e7\u00e3o do governo estadual e que atualmente est\u00e1 vivendo com suas economias. Tamb\u00e9m teme que a constru\u00e7\u00e3o da estrada leve a mais desmatamento no futuro, agora que a \u00e1rea se tornou mais acess\u00edvel para empresas.<\/p>\n<\/div>\n<div class=\"bbc-19j92fr ebmt73l0\" dir=\"ltr\">\n<p class=\"bbc-hhl7in e17g058b0\" dir=\"ltr\">&#8220;Nosso medo \u00e9 que um dia algu\u00e9m chegue aqui e diga: &#8216;Toma esse dinheiro. Precisamos dessa \u00e1rea para construir um posto de gasolina ou um galp\u00e3o.&#8217; E ent\u00e3o vamos ter que sair daqui&#8221;, diz.<\/p>\n<\/div>\n<div class=\"bbc-19j92fr ebmt73l0\" dir=\"ltr\">\n<p class=\"bbc-hhl7in e17g058b0\" dir=\"ltr\">&#8220;A gente nasceu e cresceu aqui na comunidade. Para onde vamos?&#8221;<\/p>\n<\/div>\n<figure class=\"bbc-1qn0xuy\">\n<div class=\"bbc-18ywsw9\"><img data-recalc-dims=\"1\" loading=\"lazy\" decoding=\"async\" class=\"bbc-139onq\" src=\"https:\/\/i0.wp.com\/ichef.bbci.co.uk\/ace\/ws\/640\/cpsprodpb\/b254\/live\/a0e5cc80-fe78-11ef-a0d9-29ad7a7f0cf2.jpg.webp?resize=600%2C338&#038;ssl=1\" sizes=\"auto, (min-width: 1008px) 760px, 100vw\" srcset=\"https:\/\/ichef.bbci.co.uk\/ace\/ws\/240\/cpsprodpb\/b254\/live\/a0e5cc80-fe78-11ef-a0d9-29ad7a7f0cf2.jpg.webp 240w, https:\/\/ichef.bbci.co.uk\/ace\/ws\/320\/cpsprodpb\/b254\/live\/a0e5cc80-fe78-11ef-a0d9-29ad7a7f0cf2.jpg.webp 320w, https:\/\/ichef.bbci.co.uk\/ace\/ws\/480\/cpsprodpb\/b254\/live\/a0e5cc80-fe78-11ef-a0d9-29ad7a7f0cf2.jpg.webp 480w, https:\/\/ichef.bbci.co.uk\/ace\/ws\/624\/cpsprodpb\/b254\/live\/a0e5cc80-fe78-11ef-a0d9-29ad7a7f0cf2.jpg.webp 624w, https:\/\/ichef.bbci.co.uk\/ace\/ws\/800\/cpsprodpb\/b254\/live\/a0e5cc80-fe78-11ef-a0d9-29ad7a7f0cf2.jpg.webp 800w\" alt=\"Claudio Verequete sentado em uma \u00e1rvore derrubada, vestindo um su\u00e9ter vermelho. Ele tem cabelo curto e grisalho e est\u00e1 olhando para a c\u00e2mera\" width=\"600\" height=\"338\" \/><\/div>\n<\/figure>\n<div>\n<div class=\"bbc-18ywsw9\">\n<p class=\"bbc-by8ykd\" role=\"text\"><span class=\"bbc-m04vo2\">CR\u00c9DITO, <\/span><span lang=\"en-GB\">BBC \/ PAULO KOBA<\/span><\/p>\n<\/div>\n<p><span role=\"text\"><span class=\"bbc-m04vo2\">Legenda da foto, <\/span><span data-testid=\"caption-paragraph\">Claudio Verequete diz que as \u00e1rvores das quais ele colhia a\u00e7a\u00ed foram cortadas<\/span><\/span><\/div>\n<\/div>\n<\/div>\n<div>\n<div class=\"bbc-19j92fr ebmt73l0\" dir=\"ltr\">\n<p class=\"bbc-hhl7in e17g058b0\" dir=\"ltr\">Sua comunidade n\u00e3o ter\u00e1 acesso \u00e0 estrada, devido aos muros que a cercam em ambos os lados.<\/p>\n<\/div>\n<div class=\"bbc-19j92fr ebmt73l0\" dir=\"ltr\">\n<p class=\"bbc-hhl7in e17g058b0\" dir=\"ltr\">&#8220;Para n\u00f3s, que moramos ao lado da rodovia, n\u00e3o haver\u00e1 benef\u00edcios. Os benef\u00edcios v\u00e3o ser para os caminh\u00f5es que v\u00e3o passar por ela. Se algu\u00e9m ficar doente e precisar ir at\u00e9 o centro de Bel\u00e9m, n\u00e3o vai conseguir usar a estrada.&#8221;<\/p>\n<div class=\"bbc-19j92fr ebmt73l0\" dir=\"ltr\">\n<p class=\"bbc-hhl7in e17g058b0\" dir=\"ltr\">J\u00e1 o governo do Par\u00e1 diz que &#8220;as comunidades est\u00e3o sendo beneficiadas com infraestrutura e servi\u00e7os&#8221; decorrentes da constru\u00e7\u00e3o da estrada.<\/p>\n<\/div>\n<div class=\"bbc-19j92fr ebmt73l0\" dir=\"ltr\">\n<p class=\"bbc-hhl7in e17g058b0\" dir=\"ltr\">&#8220;A avenida de cerca de 13 km \u00e9 uma importante obra de mobilidade para a Regi\u00e3o Metropolitana de Bel\u00e9m, vai beneficiar mais de 2 milh\u00f5es de pessoas e foi licitada antes mesmo de Bel\u00e9m ser definida como sede da confer\u00eancia. Esse projeto n\u00e3o faz parte do pacote de investimentos para a COP, que contempla cerca de 30 obras estruturantes desenvolvidas pelo governo do Estado&#8221;, disse o governo em nota.<\/p>\n<\/div>\n<div class=\"bbc-19j92fr ebmt73l0\" dir=\"ltr\">\n<p class=\"bbc-hhl7in e17g058b0\" dir=\"ltr\">A via deixa duas \u00e1reas de floresta protegida desconectadas. Cientistas est\u00e3o preocupados com o risco de fragmenta\u00e7\u00e3o do ecossistema e de interrup\u00e7\u00e3o no deslocamento da fauna.<\/p>\n<\/div>\n<div class=\"bbc-19j92fr ebmt73l0\" dir=\"ltr\">\n<p class=\"bbc-hhl7in e17g058b0\" dir=\"ltr\">A professora Silvia Sardinha \u00e9 veterin\u00e1ria especializada em vida selvagem e pesquisadora em um hospital universit\u00e1rio de animais que fica de frente para o local onde a nova estrada est\u00e1 sendo constru\u00edda.<\/p>\n<\/div>\n<div class=\"bbc-19j92fr ebmt73l0\" dir=\"ltr\">\n<p class=\"bbc-hhl7in e17g058b0\" dir=\"ltr\">Ela e sua equipe reabilitam animais silvestres feridos, principalmente por causas humanas ou atropelamentos.<\/p>\n<\/div>\n<figure class=\"bbc-1qn0xuy\">\n<div class=\"bbc-18ywsw9\"><img data-recalc-dims=\"1\" loading=\"lazy\" decoding=\"async\" class=\"bbc-139onq\" src=\"https:\/\/i0.wp.com\/ichef.bbci.co.uk\/ace\/ws\/640\/cpsprodpb\/2c81\/live\/28d0c510-fe64-11ef-91c8-fde689c8067c.jpg.webp?resize=600%2C338&#038;ssl=1\" sizes=\"auto, (min-width: 1008px) 760px, 100vw\" srcset=\"https:\/\/ichef.bbci.co.uk\/ace\/ws\/240\/cpsprodpb\/2c81\/live\/28d0c510-fe64-11ef-91c8-fde689c8067c.jpg.webp 240w, https:\/\/ichef.bbci.co.uk\/ace\/ws\/320\/cpsprodpb\/2c81\/live\/28d0c510-fe64-11ef-91c8-fde689c8067c.jpg.webp 320w, https:\/\/ichef.bbci.co.uk\/ace\/ws\/480\/cpsprodpb\/2c81\/live\/28d0c510-fe64-11ef-91c8-fde689c8067c.jpg.webp 480w, https:\/\/ichef.bbci.co.uk\/ace\/ws\/624\/cpsprodpb\/2c81\/live\/28d0c510-fe64-11ef-91c8-fde689c8067c.jpg.webp 624w, https:\/\/ichef.bbci.co.uk\/ace\/ws\/800\/cpsprodpb\/2c81\/live\/28d0c510-fe64-11ef-91c8-fde689c8067c.jpg.webp 800w\" alt=\"Uma pregui\u00e7a olha diretamente para a c\u00e2mera, com tr\u00eas longas garras em uma pata vis\u00edveis em primeiro plano\" width=\"600\" height=\"338\" \/><\/p>\n<p class=\"bbc-by8ykd\" role=\"text\"><span class=\"bbc-m04vo2\">CR\u00c9DITO, <\/span><span lang=\"en-GB\">BBC \/ PAULO KOBA<\/span><\/p>\n<\/div><figcaption class=\"bbc-15f1ujd\" dir=\"ltr\"><span role=\"text\"><span class=\"bbc-m04vo2\">Legenda da foto, <\/span><span data-testid=\"caption-paragraph\">As pregui\u00e7as est\u00e3o entre os animais que frequentemente necessitam de tratamento ap\u00f3s ferimentos causados \u200b\u200bpor humanos<\/span><\/span><\/figcaption><\/figure>\n<div class=\"bbc-19j92fr ebmt73l0\" dir=\"ltr\">\n<p class=\"bbc-hhl7in e17g058b0\" dir=\"ltr\">Depois de recuperados, eles s\u00e3o devolvidos \u00e0 natureza \u2013 algo que, segundo ela, ser\u00e1 mais dif\u00edcil com uma rodovia logo ao lado.<\/p>\n<\/div>\n<div class=\"bbc-19j92fr ebmt73l0\" dir=\"ltr\">\n<p class=\"bbc-hhl7in e17g058b0\" dir=\"ltr\">&#8220;Desde o momento do desmatamento, h\u00e1 uma perda. Vamos perder uma \u00e1rea para soltar esses animais de volta \u00e0 natureza, o ambiente natural dessas esp\u00e9cies&#8221;, afirmou.<\/p>\n<\/div>\n<div class=\"bbc-19j92fr ebmt73l0\" dir=\"ltr\">\n<p class=\"bbc-hhl7in e17g058b0\" dir=\"ltr\">&#8220;Animais terrestres n\u00e3o poder\u00e3o mais atravessar para o outro lado tamb\u00e9m, reduzindo as \u00e1reas onde podem viver e se reproduzir.&#8221;<\/p>\n<\/div>\n<div class=\"bbc-19j92fr ebmt73l0\" dir=\"ltr\">\n<p class=\"bbc-hhl7in e17g058b0\" dir=\"ltr\">O governo do Par\u00e1 argumenta que corredores para a passagem de animais silvestres est\u00e3o sendo constru\u00eddos.<\/p>\n<\/div>\n<div class=\"bbc-19j92fr ebmt73l0\" dir=\"ltr\">\n<p class=\"bbc-hhl7in e17g058b0\" dir=\"ltr\">&#8220;O Governo do Par\u00e1 est\u00e1 implementando diversas solu\u00e7\u00f5es estrat\u00e9gicas para assegurar a sustentabilidade da via, incluindo a constru\u00e7\u00e3o de ciclovias, a utiliza\u00e7\u00e3o de energia solar para sua ilumina\u00e7\u00e3o e a implanta\u00e7\u00e3o de 34 passagens de vida silvestre ao longo do percurso para permitir o livre tr\u00e1fego da fauna local.&#8221;<\/p>\n<\/div>\n<div class=\"bbc-19j92fr ebmt73l0\" dir=\"ltr\">\n<p class=\"bbc-hhl7in e17g058b0\" dir=\"ltr\">O presidente Luiz In\u00e1cio Lula da Silva e a ministra do Meio Ambiente, Marina Silva, afirmam que esta ser\u00e1 uma c\u00fapula hist\u00f3rica por ser &#8220;uma COP na Amaz\u00f4nia, n\u00e3o uma COP sobre a Amaz\u00f4nia&#8221;.<\/p>\n<\/div>\n<div class=\"bbc-19j92fr ebmt73l0\" dir=\"ltr\">\n<p class=\"bbc-hhl7in e17g058b0\" dir=\"ltr\">Lula diz que o encontro ser\u00e1 uma oportunidade para focar nas necessidades da regi\u00e3o, mostrar a floresta ao mundo e apresentar o que o governo federal tem feito para proteg\u00ea-la.<\/p>\n<\/div>\n<div class=\"bbc-19j92fr ebmt73l0\" dir=\"ltr\">\n<p class=\"bbc-hhl7in e17g058b0\" dir=\"ltr\">Mas a professora Sardinha diz que, embora essas conversas aconte\u00e7am &#8220;em um n\u00edvel muito alto, entre empres\u00e1rios e autoridades governamentais&#8221;, quem vive na Amaz\u00f4nia &#8220;n\u00e3o est\u00e1 sendo ouvido&#8221;.<\/p>\n<\/div>\n<figure class=\"bbc-1qn0xuy\">\n<div class=\"bbc-18ywsw9\"><img data-recalc-dims=\"1\" loading=\"lazy\" decoding=\"async\" class=\"bbc-139onq\" src=\"https:\/\/i0.wp.com\/ichef.bbci.co.uk\/ace\/ws\/640\/cpsprodpb\/d8c2\/live\/3813e850-fdc8-11ef-8c3d-b7dcc7510cb1.jpg.webp?resize=600%2C338&#038;ssl=1\" sizes=\"auto, (min-width: 1008px) 760px, 100vw\" srcset=\"https:\/\/ichef.bbci.co.uk\/ace\/ws\/240\/cpsprodpb\/d8c2\/live\/3813e850-fdc8-11ef-8c3d-b7dcc7510cb1.jpg.webp 240w, https:\/\/ichef.bbci.co.uk\/ace\/ws\/320\/cpsprodpb\/d8c2\/live\/3813e850-fdc8-11ef-8c3d-b7dcc7510cb1.jpg.webp 320w, https:\/\/ichef.bbci.co.uk\/ace\/ws\/480\/cpsprodpb\/d8c2\/live\/3813e850-fdc8-11ef-8c3d-b7dcc7510cb1.jpg.webp 480w, https:\/\/ichef.bbci.co.uk\/ace\/ws\/624\/cpsprodpb\/d8c2\/live\/3813e850-fdc8-11ef-8c3d-b7dcc7510cb1.jpg.webp 624w, https:\/\/ichef.bbci.co.uk\/ace\/ws\/800\/cpsprodpb\/d8c2\/live\/3813e850-fdc8-11ef-8c3d-b7dcc7510cb1.jpg.webp 800w\" alt=\"Adler Silveira\" width=\"600\" height=\"338\" \/><\/p>\n<p class=\"bbc-by8ykd\" role=\"text\"><span class=\"bbc-m04vo2\">CR\u00c9DITO, <\/span><span lang=\"en-GB\">BBC \/ PAULO KOBA<\/span><\/p>\n<\/div><figcaption class=\"bbc-15f1ujd\" dir=\"ltr\"><span role=\"text\"><span class=\"bbc-m04vo2\">Legenda da foto, <\/span><span data-testid=\"caption-paragraph\">Secret\u00e1rio regional de infraestrutura, Adler Silveira, diz que rodovia vai ajudar a &#8220;modernizar&#8221; Bel\u00e9m<\/span><\/span><\/figcaption><\/figure>\n<div class=\"bbc-19j92fr ebmt73l0\" dir=\"ltr\">\n<h2 id=\"Legado-para-a-popula\u00e7\u00e3o\" class=\"bbc-1lgzob2 eglt09e0\" tabindex=\"-1\">&#8216;Legado para a popula\u00e7\u00e3o&#8217;<\/h2>\n<\/div>\n<div class=\"bbc-19j92fr ebmt73l0\" dir=\"ltr\">\n<p class=\"bbc-hhl7in e17g058b0\" dir=\"ltr\">O governo do Estado do Par\u00e1 j\u00e1 havia proposto a ideia da rodovia, chamada de Avenida Liberdade, ainda em 2012, mas ela foi repetidamente engavetada devido a preocupa\u00e7\u00f5es ambientais.<\/p>\n<\/div>\n<div class=\"bbc-19j92fr ebmt73l0\" dir=\"ltr\">\n<p class=\"bbc-hhl7in e17g058b0\" dir=\"ltr\">Agora, uma s\u00e9rie de projetos de infraestrutura foram retomados ou aprovados para preparar a cidade para a c\u00fapula da COP.<\/p>\n<\/div>\n<div class=\"bbc-19j92fr ebmt73l0\" dir=\"ltr\">\n<p class=\"bbc-hhl7in e17g058b0\" dir=\"ltr\">Adler Silveira, secret\u00e1rio de infraestrutura do governo estadual, listou essa rodovia como um dos 30 projetos em andamento na cidade para &#8220;prepar\u00e1-la&#8221; e &#8220;moderniz\u00e1-la&#8221;, de forma a &#8220;deixar um legado para a popula\u00e7\u00e3o e, mais importante, atender bem \u00e0s pessoas durante a COP30&#8221;.<\/p>\n<\/div>\n<div class=\"bbc-19j92fr ebmt73l0\" dir=\"ltr\">\n<p class=\"bbc-hhl7in e17g058b0\" dir=\"ltr\">Em entrevista \u00e0 BBC, ele disse que se trata de uma &#8220;rodovia sustent\u00e1vel&#8221; e de uma &#8220;interven\u00e7\u00e3o importante de mobilidade&#8221;.<\/p>\n<\/div>\n<div class=\"bbc-19j92fr ebmt73l0\" dir=\"ltr\">\n<p class=\"bbc-hhl7in e17g058b0\" dir=\"ltr\">Ele acrescentou que a via ter\u00e1 passagens para a travessia de animais, ciclovias e ilumina\u00e7\u00e3o solar. Novos hot\u00e9is tamb\u00e9m est\u00e3o sendo constru\u00eddos, e o porto est\u00e1 sendo reformado para que cruzeiros possam atracar e acomodar o excesso de visitantes.<\/p>\n<\/div>\n<div class=\"bbc-19j92fr ebmt73l0\" dir=\"ltr\">\n<p class=\"bbc-hhl7in e17g058b0\" dir=\"ltr\">O governo federal est\u00e1 investindo mais de R$ 470 milh\u00f5es para ampliar a capacidade do aeroporto, de &#8220;sete para 14 milh\u00f5es de passageiros&#8221;.<\/p>\n<\/div>\n<div class=\"bbc-19j92fr ebmt73l0\" dir=\"ltr\">\n<p class=\"bbc-hhl7in e17g058b0\" dir=\"ltr\">Um novo parque urbano de 500 mil m\u00b2, o Parque da Cidade, est\u00e1 em constru\u00e7\u00e3o. Ele incluir\u00e1 \u00e1reas verdes, restaurantes, um complexo esportivo e outras instala\u00e7\u00f5es para uso do p\u00fablico depois do evento.<\/p>\n<\/div>\n<figure class=\"bbc-1qn0xuy\">\n<div class=\"bbc-18ywsw9\"><img data-recalc-dims=\"1\" loading=\"lazy\" decoding=\"async\" class=\"bbc-139onq\" src=\"https:\/\/i0.wp.com\/ichef.bbci.co.uk\/ace\/ws\/640\/cpsprodpb\/5851\/live\/a8820ba0-ff56-11ef-a8b1-950887ddc6e5.png.webp?resize=600%2C480&#038;ssl=1\" sizes=\"auto, (min-width: 1008px) 760px, 100vw\" srcset=\"https:\/\/ichef.bbci.co.uk\/ace\/ws\/240\/cpsprodpb\/5851\/live\/a8820ba0-ff56-11ef-a8b1-950887ddc6e5.png.webp 240w, https:\/\/ichef.bbci.co.uk\/ace\/ws\/320\/cpsprodpb\/5851\/live\/a8820ba0-ff56-11ef-a8b1-950887ddc6e5.png.webp 320w, https:\/\/ichef.bbci.co.uk\/ace\/ws\/480\/cpsprodpb\/5851\/live\/a8820ba0-ff56-11ef-a8b1-950887ddc6e5.png.webp 480w, https:\/\/ichef.bbci.co.uk\/ace\/ws\/624\/cpsprodpb\/5851\/live\/a8820ba0-ff56-11ef-a8b1-950887ddc6e5.png.webp 624w, https:\/\/ichef.bbci.co.uk\/ace\/ws\/800\/cpsprodpb\/5851\/live\/a8820ba0-ff56-11ef-a8b1-950887ddc6e5.png.webp 800w\" alt=\"Mapa mostra localiza\u00e7\u00e3o da nova rodovia, com inser\u00e7\u00e3o mostrando onde fica Bel\u00e9m no Brasil\" width=\"600\" height=\"480\" \/><\/div>\n<\/figure>\n<div class=\"bbc-19j92fr ebmt73l0\" dir=\"ltr\">\n<p class=\"bbc-hhl7in e17g058b0\" dir=\"ltr\">Alguns comerciantes do Ver-o-Peso, mercado ao ar livre no centro de Bel\u00e9m, concordam que esse desenvolvimento trar\u00e1 oportunidades para a cidade.<\/p>\n<\/div>\n<div class=\"bbc-19j92fr ebmt73l0\" dir=\"ltr\">\n<p class=\"bbc-hhl7in e17g058b0\" dir=\"ltr\">&#8220;A cidade como um todo est\u00e1 sendo melhorada, est\u00e1 sendo recuperada e muita gente est\u00e1 vindo de fora. Isso significa que posso vender mais e ganhar mais&#8221;, diz Dalci Cardoso da Silva, que tem uma barraca de sapatos de couro.<\/p>\n<\/div>\n<div class=\"bbc-19j92fr ebmt73l0\" dir=\"ltr\">\n<p class=\"bbc-hhl7in e17g058b0\" dir=\"ltr\">Ele diz que isso \u00e9 necess\u00e1rio porque, quando era jovem, Bel\u00e9m era &#8220;bonita, bem cuidada, bem tratada&#8221;, mas desde ent\u00e3o foi &#8220;abandonada&#8221; e &#8220;negligenciada&#8221;, com &#8220;pouco interesse por parte da classe dominante&#8221;.<\/p>\n<\/div>\n<figure class=\"bbc-1qn0xuy\">\n<div class=\"bbc-18ywsw9\"><img data-recalc-dims=\"1\" loading=\"lazy\" decoding=\"async\" class=\"bbc-139onq\" src=\"https:\/\/i0.wp.com\/ichef.bbci.co.uk\/ace\/ws\/640\/cpsprodpb\/c2fe\/live\/948cb2b0-fdc8-11ef-8c3d-b7dcc7510cb1.jpg.webp?resize=600%2C338&#038;ssl=1\" sizes=\"auto, (min-width: 1008px) 760px, 100vw\" srcset=\"https:\/\/ichef.bbci.co.uk\/ace\/ws\/240\/cpsprodpb\/c2fe\/live\/948cb2b0-fdc8-11ef-8c3d-b7dcc7510cb1.jpg.webp 240w, https:\/\/ichef.bbci.co.uk\/ace\/ws\/320\/cpsprodpb\/c2fe\/live\/948cb2b0-fdc8-11ef-8c3d-b7dcc7510cb1.jpg.webp 320w, https:\/\/ichef.bbci.co.uk\/ace\/ws\/480\/cpsprodpb\/c2fe\/live\/948cb2b0-fdc8-11ef-8c3d-b7dcc7510cb1.jpg.webp 480w, https:\/\/ichef.bbci.co.uk\/ace\/ws\/624\/cpsprodpb\/c2fe\/live\/948cb2b0-fdc8-11ef-8c3d-b7dcc7510cb1.jpg.webp 624w, https:\/\/ichef.bbci.co.uk\/ace\/ws\/800\/cpsprodpb\/c2fe\/live\/948cb2b0-fdc8-11ef-8c3d-b7dcc7510cb1.jpg.webp 800w\" alt=\"Jo\u00e3o Alexandre Trindade da Silva\" width=\"600\" height=\"338\" \/><\/p>\n<p class=\"bbc-by8ykd\" role=\"text\"><span class=\"bbc-m04vo2\">CR\u00c9DITO, <\/span><span lang=\"en-GB\">BBC \/ PAULO KOBA<\/span><\/p>\n<\/div><figcaption class=\"bbc-15f1ujd\" dir=\"ltr\"><span role=\"text\"><span class=\"bbc-m04vo2\">Legenda da foto, <\/span><span data-testid=\"caption-paragraph\">Jo\u00e3o Alexandre Trindade da Silva espera que a COP30 deixe um grande legado para os paraenses<\/span><\/span><\/figcaption><\/figure>\n<div class=\"bbc-19j92fr ebmt73l0\" dir=\"ltr\">\n<p class=\"bbc-hhl7in e17g058b0\" dir=\"ltr\">Jo\u00e3o Alexandre Trindade da Silva, que vende rem\u00e9dios naturais amaz\u00f4nicos no mercado, reconhece que toda obra traz transtornos, mas acredita que o impacto futuro valer\u00e1 a pena.<\/p>\n<\/div>\n<div class=\"bbc-19j92fr ebmt73l0\" dir=\"ltr\">\n<p class=\"bbc-hhl7in e17g058b0\" dir=\"ltr\">&#8220;Esperamos que as discuss\u00f5es n\u00e3o fiquem s\u00f3 no papel e virem a\u00e7\u00f5es reais. Que as medidas, as decis\u00f5es tomadas, realmente sejam colocadas em pr\u00e1tica para que o planeta possa respirar um pouco melhor, para que a popula\u00e7\u00e3o no futuro tenha um ar um pouco mais limpo.&#8221;<\/p>\n<\/div>\n<div class=\"bbc-19j92fr ebmt73l0\" dir=\"ltr\">\n<p class=\"bbc-hhl7in e17g058b0\" dir=\"ltr\">Essa tamb\u00e9m ser\u00e1 a esperan\u00e7a dos l\u00edderes mundiais que escolherem participar da c\u00fapula COP30.<\/p>\n<\/div>\n<div class=\"bbc-19j92fr ebmt73l0\" dir=\"ltr\">\n<p class=\"bbc-hhl7in e17g058b0\" dir=\"ltr\">Mas cresce o escrut\u00ednio sobre at\u00e9 que ponto o deslocamento de milhares de pessoas de todo o mundo e a infraestrutura necess\u00e1ria para receb\u00ea-las pode acabar enfraquecendo a pr\u00f3pria causa da confer\u00eancia.<\/p>\n<\/div>\n<div class=\"bbc-19j92fr ebmt73l0\" dir=\"ltr\">\n<p class=\"bbc-hhl7in e17g058b0\" dir=\"ltr\">Ap\u00f3s a publica\u00e7\u00e3o da reportagem, o governo do Par\u00e1 enviou a seguinte nota:<\/p>\n<\/div>\n<div class=\"bbc-19j92fr ebmt73l0\" dir=\"ltr\">\n<p class=\"bbc-hhl7in e17g058b0\" dir=\"ltr\"><i class=\"bbc-h1y5j7 eih42320\">NOTA GOVERNO DO PAR\u00c1<\/i><\/p>\n<\/div>\n<div class=\"bbc-19j92fr ebmt73l0\" dir=\"ltr\">\n<p class=\"bbc-hhl7in e17g058b0\" dir=\"ltr\"><i class=\"bbc-h1y5j7 eih42320\">A obra da Avenida Liberdade n\u00e3o est\u00e1 derrubando a floresta, n\u00e3o envolve a retirada de moradores e n\u00e3o faz parte do pacote de investimentos federais e estaduais para a COP 30. O rito de licenciamento ambiental foi rigorosamente cumprido, inclusive com audi\u00eancias p\u00fablicas para ouvir as comunidades e discutir mitiga\u00e7\u00e3o de riscos, que condicionam todo o licenciamento. As comunidades est\u00e3o sendo beneficiadas com infraestrutura e servi\u00e7os que v\u00e3o resultar em melhora da qualidade de vida.<\/i><\/p>\n<\/div>\n<div class=\"bbc-19j92fr ebmt73l0\" dir=\"ltr\">\n<p class=\"bbc-hhl7in e17g058b0\" dir=\"ltr\"><i class=\"bbc-h1y5j7 eih42320\">A avenida \u00e9 um projeto antigo e est\u00e1 sendo constru\u00edda em uma \u00e1rea j\u00e1 antropizada, por onde passa um linh\u00e3o de energia. O tra\u00e7ado segue justamente a faixa onde a vegeta\u00e7\u00e3o foi anteriormente suprimida. O Governo do Par\u00e1 est\u00e1 implementando diversas solu\u00e7\u00f5es estrat\u00e9gicas para assegurar a sustentabilidade da via, incluindo a constru\u00e7\u00e3o de ciclovias, a utiliza\u00e7\u00e3o de energia solar para sua ilumina\u00e7\u00e3o e a implanta\u00e7\u00e3o de 34 passagens de vida silvestre ao longo do percurso para permitir o livre tr\u00e1fego da fauna local.<\/i><\/p>\n<\/div>\n<div class=\"bbc-19j92fr ebmt73l0\" dir=\"ltr\">\n<p class=\"bbc-hhl7in e17g058b0\" dir=\"ltr\"><i class=\"bbc-h1y5j7 eih42320\">A avenida de cerca de 13 km \u00e9 uma importante obra de mobilidade para a Regi\u00e3o Metropolitana de Bel\u00e9m, vai beneficiar mais de 2 milh\u00f5es de pessoas e foi licitada antes mesmo de Bel\u00e9m ser definida como sede da confer\u00eancia. Esse projeto n\u00e3o faz parte do pacote de investimentos para a COP, que contempla cerca de 30 obras estruturantes desenvolvidas pelo governo do Estado.<\/i><\/p>\n<\/div>\n<\/div>\n<\/div>\n<div class=\"bbc-19j92fr ebmt73l0\" dir=\"ltr\">\n<div class=\"bbc-19j92fr ebmt73l0\" dir=\"ltr\">\n<figure class=\"bbc-1qn0xuy\"><figcaption class=\"bbc-15f1ujd\" dir=\"ltr\"><span role=\"text\"><span data-testid=\"caption-paragraph\">\u00a0<\/span><\/span><\/figcaption><\/figure>\n<\/div>\n<\/div>\n","protected":false},"excerpt":{"rendered":"<p>Ione Wells, BBC News, em Bel\u00e9m &#8211; Uma nova rodovia de quatro faixas que corta dezenas de milhares de hectares de floresta amaz\u00f4nica protegida est\u00e1 sendo constru\u00edda para a COP30 (30\u00aa Confer\u00eancia das Na\u00e7\u00f5es Unidas sobre Mudan\u00e7a do Clima), que acontece em Bel\u00e9m do Par\u00e1.<\/p>\n","protected":false},"author":1,"featured_media":0,"comment_status":"closed","ping_status":"open","sticky":false,"template":"","format":"standard","meta":{"_exactmetrics_skip_tracking":false,"_exactmetrics_sitenote_active":false,"_exactmetrics_sitenote_note":"","_exactmetrics_sitenote_category":0,"jetpack_post_was_ever_published":false,"_jetpack_newsletter_access":"","_jetpack_dont_email_post_to_subs":false,"_jetpack_newsletter_tier_id":0,"_jetpack_memberships_contains_paywalled_content":false,"_jetpack_memberships_contains_paid_content":false,"footnotes":"","jetpack_publicize_message":"","jetpack_publicize_feature_enabled":true,"jetpack_social_post_already_shared":true,"jetpack_social_options":{"image_generator_settings":{"template":"highway","enabled":false},"version":2}},"categories":[1],"tags":[1275,1274,954],"class_list":["post-36585","post","type-post","status-publish","format-standard","hentry","category-notas","tag-belem","tag-cop30","tag-estrada"],"jetpack_publicize_connections":[],"jetpack_sharing_enabled":true,"jetpack_featured_media_url":"","jetpack_shortlink":"https:\/\/wp.me\/p7wKYW-9w5","jetpack-related-posts":[],"_links":{"self":[{"href":"http:\/\/blogdalucianaoliveira.com.br\/blog\/wp-json\/wp\/v2\/posts\/36585","targetHints":{"allow":["GET"]}}],"collection":[{"href":"http:\/\/blogdalucianaoliveira.com.br\/blog\/wp-json\/wp\/v2\/posts"}],"about":[{"href":"http:\/\/blogdalucianaoliveira.com.br\/blog\/wp-json\/wp\/v2\/types\/post"}],"author":[{"embeddable":true,"href":"http:\/\/blogdalucianaoliveira.com.br\/blog\/wp-json\/wp\/v2\/users\/1"}],"replies":[{"embeddable":true,"href":"http:\/\/blogdalucianaoliveira.com.br\/blog\/wp-json\/wp\/v2\/comments?post=36585"}],"version-history":[{"count":1,"href":"http:\/\/blogdalucianaoliveira.com.br\/blog\/wp-json\/wp\/v2\/posts\/36585\/revisions"}],"predecessor-version":[{"id":36587,"href":"http:\/\/blogdalucianaoliveira.com.br\/blog\/wp-json\/wp\/v2\/posts\/36585\/revisions\/36587"}],"wp:attachment":[{"href":"http:\/\/blogdalucianaoliveira.com.br\/blog\/wp-json\/wp\/v2\/media?parent=36585"}],"wp:term":[{"taxonomy":"category","embeddable":true,"href":"http:\/\/blogdalucianaoliveira.com.br\/blog\/wp-json\/wp\/v2\/categories?post=36585"},{"taxonomy":"post_tag","embeddable":true,"href":"http:\/\/blogdalucianaoliveira.com.br\/blog\/wp-json\/wp\/v2\/tags?post=36585"}],"curies":[{"name":"wp","href":"https:\/\/api.w.org\/{rel}","templated":true}]}}