{"id":36588,"date":"2025-03-14T19:09:29","date_gmt":"2025-03-14T23:09:29","guid":{"rendered":"https:\/\/blogdalucianaoliveira.com.br\/blog\/?p=36588"},"modified":"2025-03-14T19:09:29","modified_gmt":"2025-03-14T23:09:29","slug":"crescimento-da-extrema-direita-ameaca-o-nosso-futuro-comum-artigo-de-henrique-cortez","status":"publish","type":"post","link":"http:\/\/blogdalucianaoliveira.com.br\/blog\/2025\/03\/14\/crescimento-da-extrema-direita-ameaca-o-nosso-futuro-comum-artigo-de-henrique-cortez\/","title":{"rendered":"Crescimento da extrema-direita amea\u00e7a o nosso futuro comum. Artigo de Henrique Cortez"},"content":{"rendered":"<p><img data-recalc-dims=\"1\" loading=\"lazy\" decoding=\"async\" data-attachment-id=\"36589\" data-permalink=\"http:\/\/blogdalucianaoliveira.com.br\/blog\/2025\/03\/14\/crescimento-da-extrema-direita-ameaca-o-nosso-futuro-comum-artigo-de-henrique-cortez\/img_9748-2\/\" data-orig-file=\"https:\/\/i0.wp.com\/blogdalucianaoliveira.com.br\/blog\/wp-content\/uploads\/2025\/03\/IMG_9748.png?fit=1200%2C400\" data-orig-size=\"1200,400\" data-comments-opened=\"0\" data-image-meta=\"{&quot;aperture&quot;:&quot;0&quot;,&quot;credit&quot;:&quot;&quot;,&quot;camera&quot;:&quot;&quot;,&quot;caption&quot;:&quot;&quot;,&quot;created_timestamp&quot;:&quot;0&quot;,&quot;copyright&quot;:&quot;&quot;,&quot;focal_length&quot;:&quot;0&quot;,&quot;iso&quot;:&quot;0&quot;,&quot;shutter_speed&quot;:&quot;0&quot;,&quot;title&quot;:&quot;&quot;,&quot;orientation&quot;:&quot;0&quot;}\" data-image-title=\"IMG_9748\" data-image-description=\"\" data-image-caption=\"\" data-medium-file=\"https:\/\/i0.wp.com\/blogdalucianaoliveira.com.br\/blog\/wp-content\/uploads\/2025\/03\/IMG_9748.png?fit=300%2C100\" data-large-file=\"https:\/\/i0.wp.com\/blogdalucianaoliveira.com.br\/blog\/wp-content\/uploads\/2025\/03\/IMG_9748.png?fit=600%2C200\" class=\"alignnone size-medium wp-image-36589\" src=\"https:\/\/i0.wp.com\/blogdalucianaoliveira.com.br\/blog\/wp-content\/uploads\/2025\/03\/IMG_9748.png?resize=300%2C100\" alt=\"\" width=\"300\" height=\"100\" srcset=\"https:\/\/i0.wp.com\/blogdalucianaoliveira.com.br\/blog\/wp-content\/uploads\/2025\/03\/IMG_9748.png?resize=300%2C100 300w, https:\/\/i0.wp.com\/blogdalucianaoliveira.com.br\/blog\/wp-content\/uploads\/2025\/03\/IMG_9748.png?resize=1024%2C341 1024w, https:\/\/i0.wp.com\/blogdalucianaoliveira.com.br\/blog\/wp-content\/uploads\/2025\/03\/IMG_9748.png?resize=768%2C256 768w, https:\/\/i0.wp.com\/blogdalucianaoliveira.com.br\/blog\/wp-content\/uploads\/2025\/03\/IMG_9748.png?resize=800%2C267 800w, https:\/\/i0.wp.com\/blogdalucianaoliveira.com.br\/blog\/wp-content\/uploads\/2025\/03\/IMG_9748.png?w=1200 1200w\" sizes=\"auto, (max-width: 300px) 100vw, 300px\" \/><\/p>\n<p data-pf_style_display=\"block\" data-pf_style_visibility=\"visible\"><span class=\"text-node\">Humanitas Unisinos &#8211; No cen\u00e1rio pol\u00edtico atual, \u00e9 ineg\u00e1vel o crescimento r\u00e1pido e perigoso da <\/span><strong data-pf_style_display=\"inline\" data-pf_style_visibility=\"visible\"><span class=\"text-node\">extrema<\/span><\/strong><span class=\"text-node\">&#8211;<\/span><strong data-pf_style_display=\"inline\" data-pf_style_visibility=\"visible\"><span class=\"text-node\">direita<\/span><\/strong><span class=\"text-node\"> em diversas partes do mundo. Esse fen\u00f4meno n\u00e3o \u00e9 apenas uma repeti\u00e7\u00e3o de padr\u00f5es hist\u00f3ricos, mas tamb\u00e9m uma reafirma\u00e7\u00e3o de uma agenda intolerante e autorit\u00e1ria que remonta \u00e0 d\u00e9cada de 1930, per\u00edodo marcado pelo surgimento de <\/span><a href=\"https:\/\/www.ihu.unisinos.br\/categorias\/587742-100-anos-do-fascismo-o-perigo-atual-e-que-democracia-vire-repressao-com-apoio-popular-diz-historiador\" target=\"_blank\" rel=\"noopener noreferrer\" data-pf_style_display=\"inline\" data-pf_style_visibility=\"visible\"><span class=\"text-node\">regimes fascistas na Europa<\/span><\/a><span class=\"text-node\">.<\/span><!--more--><\/p>\n<p data-pf_style_display=\"block\" data-pf_style_visibility=\"visible\"><span class=\"text-node\">A extrema-direita, tanto no passado quanto no presente, \u00e9 uma ideologia fundamentada no \u00f3dio, na intoler\u00e2ncia e na aus\u00eancia de empatia para com aqueles que pensam ou s\u00e3o diferentes. Sua agenda \u00e9 explicitamente preconceituosa, racista, homof\u00f3bica, mis\u00f3gina e religiosa, al\u00e9m de promover um <\/span><a href=\"https:\/\/www.ihu.unisinos.br\/648284-a-extrema-direita-como-ameaca-para-a-governanca-mundial-artigo-de-monica-herz-e-giancarlo-summa\" target=\"_blank\" rel=\"noopener noreferrer\" data-pf_style_display=\"inline\" data-pf_style_visibility=\"visible\"><span class=\"text-node\">nacionalismo isolacionista<\/span><\/a><span class=\"text-node\"> e um desprezo pela educa\u00e7\u00e3o, cultura e ci\u00eancia.<\/span><\/p>\n<p data-pf_style_display=\"block\" data-pf_style_visibility=\"visible\"><span class=\"text-node\">Um dos aspectos mais alarmantes desse movimento \u00e9 a valoriza\u00e7\u00e3o da ignor\u00e2ncia como se fosse uma virtude. A extrema-direita ataca sistematicamente a educa\u00e7\u00e3o e o pensamento cr\u00edtico, vendo neles uma amea\u00e7a ao seu projeto de poder.<\/span><\/p>\n<p data-pf_style_display=\"block\" data-pf_style_visibility=\"visible\"><span class=\"text-node\">Ao desacreditar a ci\u00eancia e a cultura, ela busca minar as bases do conhecimento e da raz\u00e3o, substituindo-as por dogmas e narrativas simplistas que alimentam o <\/span><a href=\"https:\/\/www.ihu.unisinos.br\/categorias\/622254-extrema-direita-e-neonazismo-muito-mais-\" target=\"_blank\" rel=\"noopener noreferrer\" data-pf_style_display=\"inline\" data-pf_style_visibility=\"visible\"><span class=\"text-node\">medo e o \u00f3dio<\/span><\/a><span class=\"text-node\">. Esse desprezo pelo saber n\u00e3o \u00e9 apenas uma estrat\u00e9gia pol\u00edtica, mas uma caracter\u00edstica intr\u00ednseca de uma ideologia que se alimenta da desinforma\u00e7\u00e3o e do obscurantismo.<\/span><\/p>\n<p data-pf_style_display=\"block\" data-pf_style_visibility=\"visible\"><span class=\"text-node\">Outro ponto em comum entre a <\/span><strong data-pf_style_display=\"inline\" data-pf_style_visibility=\"visible\"><span class=\"text-node\">extrema<\/span><\/strong><span class=\"text-node\">&#8211;<\/span><strong data-pf_style_display=\"inline\" data-pf_style_visibility=\"visible\"><span class=\"text-node\">direita<\/span><\/strong><span class=\"text-node\">do passado e a atual \u00e9 o \u00f3dio \u00e0s <\/span><a href=\"https:\/\/www.ihu.unisinos.br\/categorias\/642755-10-teses-sobre-a-extrema-direita-do-seculo-xxi-artigo-de-vijay-prashad\" target=\"_blank\" rel=\"noopener noreferrer\" data-pf_style_display=\"inline\" data-pf_style_visibility=\"visible\"><span class=\"text-node\">institui\u00e7\u00f5es democr\u00e1ticas<\/span><\/a><span class=\"text-node\">, em especial ao sistema de justi\u00e7a e \u00e0 imprensa livre. A viol\u00eancia pol\u00edtica, muitas vezes justificada como \u201ca\u00e7\u00e3o direta\u201d, \u00e9 uma t\u00e1tica recorrente para intimidar opositores e consolidar o poder, ecoando uma t\u00e1tica comum em todos os regimes autorit\u00e1rios.<\/span><\/p>\n<p data-pf_style_display=\"block\" data-pf_style_visibility=\"visible\"><span class=\"text-node\">Agora, a agenda de intoler\u00e2ncia religiosa remete ao autoritarismo de <\/span><a href=\"https:\/\/www.ihu.unisinos.br\/categorias\/638809-a-revolucao-portuguesa-esta-velha-nao-e-verdade-filho-artigo-de-joao-camargo\" target=\"_blank\" rel=\"noopener noreferrer\" data-pf_style_display=\"inline\" data-pf_style_visibility=\"visible\"><span class=\"text-node\">Salazar<\/span><\/a><span class=\"text-node\">, em <\/span><strong data-pf_style_display=\"inline\" data-pf_style_visibility=\"visible\"><span class=\"text-node\">Portugal<\/span><\/strong><span class=\"text-node\">, e <\/span><strong data-pf_style_display=\"inline\" data-pf_style_visibility=\"visible\"><span class=\"text-node\">Franco<\/span><\/strong><span class=\"text-node\">, na <\/span><strong data-pf_style_display=\"inline\" data-pf_style_visibility=\"visible\"><span class=\"text-node\">Espanha<\/span><\/strong><span class=\"text-node\">, que tamb\u00e9m buscaram subjugar as institui\u00e7\u00f5es democr\u00e1ticas e impor uma vis\u00e3o de mundo baseada em <\/span><a href=\"https:\/\/www.ihu.unisinos.br\/648531-a-religiao-e-a-violencia-de-maos-dadas-na-producao-de-politicos-extremistas-artigo-de-bruno-paes-manso\" target=\"_blank\" rel=\"noopener noreferrer\" data-pf_style_display=\"inline\" data-pf_style_visibility=\"visible\"><span class=\"text-node\">dogmas religiosos e ideol\u00f3gicos<\/span><\/a><span class=\"text-node\">.<\/span><\/p>\n<p data-pf_style_display=\"block\" data-pf_style_visibility=\"visible\"><span class=\"text-node\">Hoje, vemos a extrema-direita atacando o estado laico e defendendo a imposi\u00e7\u00e3o de pol\u00edticas p\u00fablicas alinhadas a uma vis\u00e3o religiosa dominante, o que representa um retrocesso civilizat\u00f3rio e uma amea\u00e7a \u00e0 liberdade individual.<\/span><\/p>\n<p data-pf_style_display=\"block\" data-pf_style_visibility=\"visible\"><span class=\"text-node\">O <\/span><a href=\"https:\/\/www.ihu.unisinos.br\/categorias\/159-entrevistas\/578145-o-capitalismo-humano-de-ontem-e-a-fonte-do-capitalismo-selvagem-de-ontem-nas-periferias-do-mundo-e-de-hoje-no-mundo-inteiro-entrevista-especial-com-valter-pomar\" target=\"_blank\" rel=\"noopener noreferrer\" data-pf_style_display=\"inline\" data-pf_style_visibility=\"visible\"><span class=\"text-node\">capitalismo selvagem<\/span><\/a><span class=\"text-node\">, por sua vez, sempre encontrou aliados nos governos autorit\u00e1rios da <\/span><strong data-pf_style_display=\"inline\" data-pf_style_visibility=\"visible\"><span class=\"text-node\">extrema<\/span><\/strong><span class=\"text-node\">&#8211;<\/span><strong data-pf_style_display=\"inline\" data-pf_style_visibility=\"visible\"><span class=\"text-node\">direita<\/span><\/strong><span class=\"text-node\">. No entanto, o que vemos hoje \u00e9 um cen\u00e1rio ainda mais preocupante: um pequeno grupo de bilion\u00e1rios n\u00e3o apenas apoia os retrocessos propostos por esses movimentos, mas tamb\u00e9m imp\u00f5e uma agenda de desregula\u00e7\u00e3o e elimina\u00e7\u00e3o de limites \u00e9ticos e legais \u00e0 a\u00e7\u00e3o corporativa.<\/span><\/p>\n<p data-pf_style_display=\"block\" data-pf_style_visibility=\"visible\"><span class=\"text-node\">A maximiza\u00e7\u00e3o dos lucros, sem qualquer considera\u00e7\u00e3o pelos direitos humanos ou pela prote\u00e7\u00e3o ambiental, tornou-se o objetivo central. Recursos naturais s\u00e3o explorados de forma predat\u00f3ria, sem respeito aos direitos territoriais ou aos princ\u00edpios b\u00e1sicos de <\/span><a href=\"https:\/\/www.ihu.unisinos.br\/categorias\/596669-a-extrema-direita-se-soma-a-onda-verde\" target=\"_blank\" rel=\"noopener noreferrer\" data-pf_style_display=\"inline\" data-pf_style_visibility=\"visible\"><span class=\"text-node\">sustentabilidade<\/span><\/a><span class=\"text-node\">. A amea\u00e7a de guerras de conquista para a apropria\u00e7\u00e3o de recursos \u00e9 uma realidade cada vez mais presente, colocando em risco a paz global e a sobreviv\u00eancia do planeta.<\/span><\/p>\n<p data-pf_style_display=\"block\" data-pf_style_visibility=\"visible\"><span class=\"text-node\">No entanto, apesar do crescimento alarmante da extrema-direita, \u00e9 importante ressaltar que esse fen\u00f4meno n\u00e3o \u00e9 um destino inevit\u00e1vel.<\/span><\/p>\n<p data-pf_style_display=\"block\" data-pf_style_visibility=\"visible\"><span class=\"text-node\">A hist\u00f3ria nos mostra que <\/span><strong data-pf_style_display=\"inline\" data-pf_style_visibility=\"visible\"><span class=\"text-node\">movimentos autorit\u00e1rios<\/span><\/strong><span class=\"text-node\"> podem ser combatidos e derrotados quando h\u00e1 uni\u00e3o em torno de valores democr\u00e1ticos e humanistas.<\/span><\/p>\n<p data-pf_style_display=\"block\" data-pf_style_visibility=\"visible\"><span class=\"text-node\">A defesa intransigente da democracia, dos direitos humanos, da justi\u00e7a social e da diversidade (racial, \u00e9tnica, cultural, religiosa, sexual e g\u00eanero, \u2026) \u00e9 essencial para enfrentar essa onda de intoler\u00e2ncia. Al\u00e9m disso, \u00e9 fundamental basear nossas a\u00e7\u00f5es em evid\u00eancias cient\u00edficas, promovendo a prote\u00e7\u00e3o ambiental e a sa\u00fade coletiva.<\/span><\/p>\n<p data-pf_style_display=\"block\" data-pf_style_visibility=\"visible\"><span class=\"text-node\">A luta contra a <\/span><strong data-pf_style_display=\"inline\" data-pf_style_visibility=\"visible\"><span class=\"text-node\">extrema<\/span><\/strong><span class=\"text-node\">&#8211;<\/span><strong data-pf_style_display=\"inline\" data-pf_style_visibility=\"visible\"><span class=\"text-node\">direita<\/span><\/strong><span class=\"text-node\"> n\u00e3o \u00e9 apenas uma batalha pol\u00edtica, mas tamb\u00e9m uma defesa da humanidade e do planeta.<\/span><\/p>\n<p data-pf_style_display=\"block\" data-pf_style_visibility=\"visible\"><span class=\"text-node\">Enfrentar essa amea\u00e7a exige coragem, resist\u00eancia e um compromisso inabal\u00e1vel com os princ\u00edpios que garantem a dignidade e a liberdade de todos.<\/span><\/p>\n<p data-pf_style_display=\"block\" data-pf_style_visibility=\"visible\"><span class=\"text-node\">O futuro n\u00e3o est\u00e1 escrito, e cabe a n\u00f3s decidir se seremos espectadores passivos do desastre que se aproxima ou atores determinados na constru\u00e7\u00e3o de um mundo mais justo, igualit\u00e1rio e sustent\u00e1vel.<\/span><\/p>\n","protected":false},"excerpt":{"rendered":"<p>Humanitas Unisinos &#8211; No cen\u00e1rio pol\u00edtico atual, \u00e9 ineg\u00e1vel o crescimento r\u00e1pido e perigoso da extrema&#8211;direita em diversas partes do mundo. Esse fen\u00f4meno n\u00e3o \u00e9 apenas uma repeti\u00e7\u00e3o de padr\u00f5es hist\u00f3ricos, mas tamb\u00e9m uma reafirma\u00e7\u00e3o de uma agenda intolerante e autorit\u00e1ria que remonta \u00e0 d\u00e9cada de 1930, per\u00edodo marcado pelo surgimento de regimes fascistas na&#8230;<a class=\"more-link\" href=\"http:\/\/blogdalucianaoliveira.com.br\/blog\/2025\/03\/14\/crescimento-da-extrema-direita-ameaca-o-nosso-futuro-comum-artigo-de-henrique-cortez\/\">Continue a leitura <span class=\"meta-nav\">&raquo;<\/span><\/a><\/p>\n","protected":false},"author":1,"featured_media":0,"comment_status":"closed","ping_status":"open","sticky":false,"template":"","format":"standard","meta":{"_exactmetrics_skip_tracking":false,"_exactmetrics_sitenote_active":false,"_exactmetrics_sitenote_note":"","_exactmetrics_sitenote_category":0,"jetpack_post_was_ever_published":false,"_jetpack_newsletter_access":"","_jetpack_dont_email_post_to_subs":false,"_jetpack_newsletter_tier_id":0,"_jetpack_memberships_contains_paywalled_content":false,"_jetpack_memberships_contains_paid_content":false,"footnotes":"","jetpack_publicize_message":"","jetpack_publicize_feature_enabled":true,"jetpack_social_post_already_shared":true,"jetpack_social_options":{"image_generator_settings":{"template":"highway","enabled":false},"version":2}},"categories":[1],"tags":[973,1260,1276],"class_list":["post-36588","post","type-post","status-publish","format-standard","hentry","category-notas","tag-extrema-direita","tag-fascismo","tag-intolerancia"],"jetpack_publicize_connections":[],"jetpack_sharing_enabled":true,"jetpack_featured_media_url":"","jetpack_shortlink":"https:\/\/wp.me\/p7wKYW-9w8","jetpack-related-posts":[],"_links":{"self":[{"href":"http:\/\/blogdalucianaoliveira.com.br\/blog\/wp-json\/wp\/v2\/posts\/36588","targetHints":{"allow":["GET"]}}],"collection":[{"href":"http:\/\/blogdalucianaoliveira.com.br\/blog\/wp-json\/wp\/v2\/posts"}],"about":[{"href":"http:\/\/blogdalucianaoliveira.com.br\/blog\/wp-json\/wp\/v2\/types\/post"}],"author":[{"embeddable":true,"href":"http:\/\/blogdalucianaoliveira.com.br\/blog\/wp-json\/wp\/v2\/users\/1"}],"replies":[{"embeddable":true,"href":"http:\/\/blogdalucianaoliveira.com.br\/blog\/wp-json\/wp\/v2\/comments?post=36588"}],"version-history":[{"count":1,"href":"http:\/\/blogdalucianaoliveira.com.br\/blog\/wp-json\/wp\/v2\/posts\/36588\/revisions"}],"predecessor-version":[{"id":36590,"href":"http:\/\/blogdalucianaoliveira.com.br\/blog\/wp-json\/wp\/v2\/posts\/36588\/revisions\/36590"}],"wp:attachment":[{"href":"http:\/\/blogdalucianaoliveira.com.br\/blog\/wp-json\/wp\/v2\/media?parent=36588"}],"wp:term":[{"taxonomy":"category","embeddable":true,"href":"http:\/\/blogdalucianaoliveira.com.br\/blog\/wp-json\/wp\/v2\/categories?post=36588"},{"taxonomy":"post_tag","embeddable":true,"href":"http:\/\/blogdalucianaoliveira.com.br\/blog\/wp-json\/wp\/v2\/tags?post=36588"}],"curies":[{"name":"wp","href":"https:\/\/api.w.org\/{rel}","templated":true}]}}