{"id":36599,"date":"2025-03-18T09:57:17","date_gmt":"2025-03-18T13:57:17","guid":{"rendered":"https:\/\/blogdalucianaoliveira.com.br\/blog\/?p=36599"},"modified":"2025-03-18T09:57:17","modified_gmt":"2025-03-18T13:57:17","slug":"associacao-de-juristas-lanca-campanha-contra-anistia-a-golpistas","status":"publish","type":"post","link":"http:\/\/blogdalucianaoliveira.com.br\/blog\/2025\/03\/18\/associacao-de-juristas-lanca-campanha-contra-anistia-a-golpistas\/","title":{"rendered":"Associa\u00e7\u00e3o de Juristas lan\u00e7a campanha contra anistia a golpistas"},"content":{"rendered":"<div><img data-recalc-dims=\"1\" loading=\"lazy\" decoding=\"async\" data-attachment-id=\"36600\" data-permalink=\"http:\/\/blogdalucianaoliveira.com.br\/blog\/2025\/03\/18\/associacao-de-juristas-lanca-campanha-contra-anistia-a-golpistas\/atos_golpistas_52\/\" data-orig-file=\"https:\/\/i0.wp.com\/blogdalucianaoliveira.com.br\/blog\/wp-content\/uploads\/2025\/03\/atos_golpistas_52.webp?fit=1170%2C700\" data-orig-size=\"1170,700\" data-comments-opened=\"0\" data-image-meta=\"{&quot;aperture&quot;:&quot;0&quot;,&quot;credit&quot;:&quot;&quot;,&quot;camera&quot;:&quot;&quot;,&quot;caption&quot;:&quot;&quot;,&quot;created_timestamp&quot;:&quot;0&quot;,&quot;copyright&quot;:&quot;&quot;,&quot;focal_length&quot;:&quot;0&quot;,&quot;iso&quot;:&quot;0&quot;,&quot;shutter_speed&quot;:&quot;0&quot;,&quot;title&quot;:&quot;&quot;,&quot;orientation&quot;:&quot;0&quot;}\" data-image-title=\"atos_golpistas_52\" data-image-description=\"\" data-image-caption=\"\" data-medium-file=\"https:\/\/i0.wp.com\/blogdalucianaoliveira.com.br\/blog\/wp-content\/uploads\/2025\/03\/atos_golpistas_52.webp?fit=300%2C179\" data-large-file=\"https:\/\/i0.wp.com\/blogdalucianaoliveira.com.br\/blog\/wp-content\/uploads\/2025\/03\/atos_golpistas_52.webp?fit=600%2C359\" class=\"alignnone size-medium wp-image-36600\" src=\"https:\/\/i0.wp.com\/blogdalucianaoliveira.com.br\/blog\/wp-content\/uploads\/2025\/03\/atos_golpistas_52.webp?resize=300%2C179\" alt=\"\" width=\"300\" height=\"179\" srcset=\"https:\/\/i0.wp.com\/blogdalucianaoliveira.com.br\/blog\/wp-content\/uploads\/2025\/03\/atos_golpistas_52.webp?resize=300%2C179 300w, https:\/\/i0.wp.com\/blogdalucianaoliveira.com.br\/blog\/wp-content\/uploads\/2025\/03\/atos_golpistas_52.webp?resize=1024%2C613 1024w, https:\/\/i0.wp.com\/blogdalucianaoliveira.com.br\/blog\/wp-content\/uploads\/2025\/03\/atos_golpistas_52.webp?resize=768%2C459 768w, https:\/\/i0.wp.com\/blogdalucianaoliveira.com.br\/blog\/wp-content\/uploads\/2025\/03\/atos_golpistas_52.webp?resize=501%2C300 501w, https:\/\/i0.wp.com\/blogdalucianaoliveira.com.br\/blog\/wp-content\/uploads\/2025\/03\/atos_golpistas_52.webp?w=1170 1170w\" sizes=\"auto, (max-width: 300px) 100vw, 300px\" \/><\/div>\n<div><\/div>\n<div class=\"autor-noticia\">Vitor Abdala, Rep\u00f3rter da Ag\u00eancia Brasil &#8211;\u00a0A Associa\u00e7\u00e3o Brasileira de Juristas pela Democracia (ABJD) lan\u00e7ou, nesta semana, campanha contra a anistia de pessoas condenadas por envolvimento no ato golpista de 8 de janeiro de 2023.<img data-recalc-dims=\"1\" decoding=\"async\" src=\"https:\/\/i0.wp.com\/agenciabrasil.ebc.com.br\/ebc.png?w=600&#038;ssl=1\" \/><img data-recalc-dims=\"1\" decoding=\"async\" src=\"https:\/\/i0.wp.com\/agenciabrasil.ebc.com.br\/ebc.gif?w=600&#038;ssl=1\" \/><\/div>\n<p>A campanha\u00a0<em>Anistia n\u00e3o, golpistas na pris\u00e3o!<\/em>\u00a0\u00e9 contra a tentativa de setores da sociedade de aprovar projetos de lei que anistiam os envolvidos no caso. A iniciativa envolve\u00a0atos presenciais e publica\u00e7\u00f5es nas\u00a0<a href=\"https:\/\/www.instagram.com\/abjdbr\/\" target=\"_blank\" rel=\"noopener\">redes sociais<\/a>.<!--more--><\/p>\n<blockquote><p>\u201cA ideia \u00e9 pressionar pela n\u00e3o anistia e pela responsabiliza\u00e7\u00e3o das pessoas que participaram da tentativa de golpe de Estado no nosso pa\u00eds. Essa anistia representaria um aval para que outros golpes pudessem acontecer\u201d, explica a advogada Tereza Mansi, que integra a executiva nacional da ABJD.<\/p><\/blockquote>\n<p>Tereza lembra que o pa\u00eds tem uma hist\u00f3ria de golpes de Estado.<\/p>\n<blockquote><p>\u201cFoi justamente a falta de responsabiliza\u00e7\u00e3o, principalmente em rela\u00e7\u00e3o ao golpe de 64, que abriu as portas para uma tentativa de golpe agora em 2023\u201d.<\/p><\/blockquote>\n<p><strong>No \u00faltimo domingo (16),<a href=\"https:\/\/agenciabrasil.ebc.com.br\/politica\/noticia\/2025-03\/em-ato-no-rio-de-janeiro-bolsonaro-afirma-que-nao-fugira-do-pais\" target=\"_blank\" rel=\"noopener\">\u00a0apoiadores do ex-presidente da Rep\u00fablica Jair Bolsonaro fizeram\u00a0manifesta\u00e7\u00e3o\u00a0<\/a>na orla da praia de Copacabana defendendo a anistia.\u00a0<\/strong><\/p>\n<h2>Atos de 8\u00a0de janeiro<\/h2>\n<p>No\u00a0<a href=\"https:\/\/agenciabrasil.ebc.com.br\/radioagencia-nacional\/geral\/audio\/2023-01\/vandalos-invadem-sedes-dos-tres-poderes\" target=\"_blank\" rel=\"noopener\">dia 8 de janeiro de 2022<\/a>, uma semana ap\u00f3s a posse do atual presidente da Rep\u00fablica, Luiz In\u00e1cio Lula da Silva, milhares de pessoas que estavam acampadas em frente ao Quartel General do Ex\u00e9rcito Brasileiro, em Bras\u00edlia, rumaram para a Pra\u00e7a dos Tr\u00eas Poderes e invadiram as sedes dos Poderes Executivo, Legislativo e Judici\u00e1rio, promovendo atos de vandalismo.<\/p>\n<div class=\"dnd-widget-wrapper context-medio_4colunas type-image atom-align-right\">\n<div class=\"dnd-atom-rendered\"><img data-recalc-dims=\"1\" decoding=\"async\" title=\"Marcelo Camargo\/Ag\u00eancia Brasil\" src=\"https:\/\/i0.wp.com\/imagens.ebc.com.br\/vNE394mfzp_gvJNGsnzDZVRR6rM%3D\/365x0\/smart\/https%3A\/\/agenciabrasil.ebc.com.br\/sites\/default\/files\/thumbnails\/image\/atos_golpistas_48.jpg?w=600&#038;ssl=1\" alt=\"08.01.2023-Manifestantes invadem Congresso, STF e Pal\u00e1cio do Planalto.\" \/><\/div>\n<div class=\"dnd-caption-wrapper\">\n<div class=\"meta\">Manifestantes invadem Congresso, STF e Pal\u00e1cio do Planalto. Foto &#8211;\u00a0<strong>Marcelo Camargo\/Ag\u00eancia Brasil<\/strong><\/div>\n<\/div>\n<\/div>\n<p>&nbsp;<\/p>\n<p>At\u00e9 dezembro de 2024, 370 pessoas j\u00e1 haviam sido condenadas pelos crimes relacionados ao ataque, entre eles golpe de Estado, tentativa de aboli\u00e7\u00e3o violenta do Estado Democr\u00e1tico de Direito e dano qualificado. Al\u00e9m disso, mais de 500 pessoas haviam assinado acordos na Justi\u00e7a.\u00a0<a href=\"https:\/\/agenciabrasil.ebc.com.br\/radioagencia-nacional\/economia\/audio\/2025-03\/stf-condena-mais-63-pessoas-por-participacao-nos-atos-do-8-de-janeiro\" target=\"_blank\" rel=\"noopener\">No \u00faltimo dia 7,\u00a0mais 63 pessoas foram condenadas a penas que chegam a 14 anos de pris\u00e3o<\/a>.<\/p>\n<p>&nbsp;<\/p>\n<p>A Pol\u00edcia Federal e a Procuradoria Geral da Rep\u00fablica afirmam que o\u00a0<a href=\"http:\/\/agenciabrasil.ebc.com.br\/justica\/noticia\/2025-02\/pgr-denuncia-bolsonaro-e-mais-33-por-tentativa-de-golpe-de-estado\" target=\"_blank\" rel=\"noopener\">atentado fez parte de uma tentativa de golpe de Estado<\/a>\u00a0articulada pelo ex-presidente Jair Bolsonaro e seus aliados, que foram indiciados e denunciados \u00e0 Justi\u00e7a, em fevereiro deste ano.<\/p>\n<p><strong>Na ter\u00e7a-feira (25), o\u00a0<a href=\"http:\/\/agenciabrasil.ebc.com.br\/justica\/noticia\/2025-03\/stf-marca-julgamento-de-denuncia-contra-bolsonaro-para-25-de-marco\" target=\"_blank\" rel=\"noopener\">Supremo Tribunal Federal<\/a>\u00a0(STF) ir\u00e1 julgar se Bolsonaro e parte dos denunciados virar\u00e3o r\u00e9us neste caso.\u00a0<\/strong><\/p>\n<p>Quando a den\u00fancia foi revelada,\u00a0o advogado de defesa de Jair Bolsonaro, Paulo Cunha Bueno, divulgou nota na qual afirma que o ex-presidente\u00a0\u201cjamais compactuou com qualquer movimento que visasse a desconstru\u00e7\u00e3o do Estado Democr\u00e1tico de Direito ou as institui\u00e7\u00f5es que o pavimentam\u201d.<\/p>\n<p>Segundo o advogado, nenhum elemento que conectasse minimamente o presidente \u00e0\u00a0<a href=\"https:\/\/agenciabrasil.ebc.com.br\/justica\/noticia\/2025-02\/defesa-de-bolsonaro-critica-denuncia-da-pgr\" target=\"_blank\" rel=\"noopener\">narrativa constru\u00edda<\/a>\u00a0na den\u00fancia\u00a0foi encontrado. \u201cN\u00e3o h\u00e1 qualquer mensagem do ent\u00e3o presidente da Rep\u00fablica que embase a acusa\u00e7\u00e3o\u201d.<\/p>\n<div class=\"noticias-relacionadas rel-position rowflex\"><\/div>\n","protected":false},"excerpt":{"rendered":"<p>Vitor Abdala, Rep\u00f3rter da Ag\u00eancia Brasil &#8211;\u00a0A Associa\u00e7\u00e3o Brasileira de Juristas pela Democracia (ABJD) lan\u00e7ou, nesta semana, campanha contra a anistia de pessoas condenadas por envolvimento no ato golpista de 8 de janeiro de 2023. A campanha\u00a0Anistia n\u00e3o, golpistas na pris\u00e3o!\u00a0\u00e9 contra a tentativa de setores da sociedade de aprovar projetos de lei que anistiam&#8230;<a class=\"more-link\" href=\"http:\/\/blogdalucianaoliveira.com.br\/blog\/2025\/03\/18\/associacao-de-juristas-lanca-campanha-contra-anistia-a-golpistas\/\">Continue a leitura <span class=\"meta-nav\">&raquo;<\/span><\/a><\/p>\n","protected":false},"author":1,"featured_media":0,"comment_status":"closed","ping_status":"open","sticky":false,"template":"","format":"standard","meta":{"_exactmetrics_skip_tracking":false,"_exactmetrics_sitenote_active":false,"_exactmetrics_sitenote_note":"","_exactmetrics_sitenote_category":0,"jetpack_post_was_ever_published":false,"_jetpack_newsletter_access":"","_jetpack_dont_email_post_to_subs":false,"_jetpack_newsletter_tier_id":0,"_jetpack_memberships_contains_paywalled_content":false,"_jetpack_memberships_contains_paid_content":false,"footnotes":"","jetpack_publicize_message":"","jetpack_publicize_feature_enabled":true,"jetpack_social_post_already_shared":true,"jetpack_social_options":{"image_generator_settings":{"template":"highway","enabled":false},"version":2}},"categories":[1],"tags":[1236,1277,1093],"class_list":["post-36599","post","type-post","status-publish","format-standard","hentry","category-notas","tag-8-de-janeiro","tag-abjd","tag-campanha"],"jetpack_publicize_connections":[],"jetpack_sharing_enabled":true,"jetpack_featured_media_url":"","jetpack_shortlink":"https:\/\/wp.me\/p7wKYW-9wj","jetpack-related-posts":[],"_links":{"self":[{"href":"http:\/\/blogdalucianaoliveira.com.br\/blog\/wp-json\/wp\/v2\/posts\/36599","targetHints":{"allow":["GET"]}}],"collection":[{"href":"http:\/\/blogdalucianaoliveira.com.br\/blog\/wp-json\/wp\/v2\/posts"}],"about":[{"href":"http:\/\/blogdalucianaoliveira.com.br\/blog\/wp-json\/wp\/v2\/types\/post"}],"author":[{"embeddable":true,"href":"http:\/\/blogdalucianaoliveira.com.br\/blog\/wp-json\/wp\/v2\/users\/1"}],"replies":[{"embeddable":true,"href":"http:\/\/blogdalucianaoliveira.com.br\/blog\/wp-json\/wp\/v2\/comments?post=36599"}],"version-history":[{"count":1,"href":"http:\/\/blogdalucianaoliveira.com.br\/blog\/wp-json\/wp\/v2\/posts\/36599\/revisions"}],"predecessor-version":[{"id":36601,"href":"http:\/\/blogdalucianaoliveira.com.br\/blog\/wp-json\/wp\/v2\/posts\/36599\/revisions\/36601"}],"wp:attachment":[{"href":"http:\/\/blogdalucianaoliveira.com.br\/blog\/wp-json\/wp\/v2\/media?parent=36599"}],"wp:term":[{"taxonomy":"category","embeddable":true,"href":"http:\/\/blogdalucianaoliveira.com.br\/blog\/wp-json\/wp\/v2\/categories?post=36599"},{"taxonomy":"post_tag","embeddable":true,"href":"http:\/\/blogdalucianaoliveira.com.br\/blog\/wp-json\/wp\/v2\/tags?post=36599"}],"curies":[{"name":"wp","href":"https:\/\/api.w.org\/{rel}","templated":true}]}}