{"id":36604,"date":"2025-03-19T20:03:01","date_gmt":"2025-03-20T00:03:01","guid":{"rendered":"https:\/\/blogdalucianaoliveira.com.br\/blog\/?p=36604"},"modified":"2025-03-19T20:03:01","modified_gmt":"2025-03-20T00:03:01","slug":"gaza-vidas-dizimadas-no-sangrento-ramada-estavamos-dormindo-entao-o-inferno-chegou","status":"publish","type":"post","link":"http:\/\/blogdalucianaoliveira.com.br\/blog\/2025\/03\/19\/gaza-vidas-dizimadas-no-sangrento-ramada-estavamos-dormindo-entao-o-inferno-chegou\/","title":{"rendered":"Gaza, vidas dizimadas no sangrento Ramad\u00e3: \u201cEst\u00e1vamos dormindo, ent\u00e3o o inferno chegou\u201d"},"content":{"rendered":"<p><img data-recalc-dims=\"1\" loading=\"lazy\" decoding=\"async\" data-attachment-id=\"36605\" data-permalink=\"http:\/\/blogdalucianaoliveira.com.br\/blog\/2025\/03\/19\/gaza-vidas-dizimadas-no-sangrento-ramada-estavamos-dormindo-entao-o-inferno-chegou\/img_9853-2\/\" data-orig-file=\"https:\/\/i0.wp.com\/blogdalucianaoliveira.com.br\/blog\/wp-content\/uploads\/2025\/03\/IMG_9853.png?fit=1200%2C400\" data-orig-size=\"1200,400\" data-comments-opened=\"0\" data-image-meta=\"{&quot;aperture&quot;:&quot;0&quot;,&quot;credit&quot;:&quot;&quot;,&quot;camera&quot;:&quot;&quot;,&quot;caption&quot;:&quot;&quot;,&quot;created_timestamp&quot;:&quot;0&quot;,&quot;copyright&quot;:&quot;&quot;,&quot;focal_length&quot;:&quot;0&quot;,&quot;iso&quot;:&quot;0&quot;,&quot;shutter_speed&quot;:&quot;0&quot;,&quot;title&quot;:&quot;&quot;,&quot;orientation&quot;:&quot;0&quot;}\" data-image-title=\"IMG_9853\" data-image-description=\"\" data-image-caption=\"\" data-medium-file=\"https:\/\/i0.wp.com\/blogdalucianaoliveira.com.br\/blog\/wp-content\/uploads\/2025\/03\/IMG_9853.png?fit=300%2C100\" data-large-file=\"https:\/\/i0.wp.com\/blogdalucianaoliveira.com.br\/blog\/wp-content\/uploads\/2025\/03\/IMG_9853.png?fit=600%2C200\" class=\"alignnone size-medium wp-image-36605\" src=\"https:\/\/i0.wp.com\/blogdalucianaoliveira.com.br\/blog\/wp-content\/uploads\/2025\/03\/IMG_9853.png?resize=300%2C100\" alt=\"\" width=\"300\" height=\"100\" srcset=\"https:\/\/i0.wp.com\/blogdalucianaoliveira.com.br\/blog\/wp-content\/uploads\/2025\/03\/IMG_9853.png?resize=300%2C100 300w, https:\/\/i0.wp.com\/blogdalucianaoliveira.com.br\/blog\/wp-content\/uploads\/2025\/03\/IMG_9853.png?resize=1024%2C341 1024w, https:\/\/i0.wp.com\/blogdalucianaoliveira.com.br\/blog\/wp-content\/uploads\/2025\/03\/IMG_9853.png?resize=768%2C256 768w, https:\/\/i0.wp.com\/blogdalucianaoliveira.com.br\/blog\/wp-content\/uploads\/2025\/03\/IMG_9853.png?resize=800%2C267 800w, https:\/\/i0.wp.com\/blogdalucianaoliveira.com.br\/blog\/wp-content\/uploads\/2025\/03\/IMG_9853.png?w=1200 1200w\" sizes=\"auto, (max-width: 300px) 100vw, 300px\" \/><\/p>\n<p data-pf_style_display=\"block\" data-pf_style_visibility=\"visible\"><span class=\"text-node\">Humanitas Unisinos &#8211; Gaza, vidas dizimadas no sangrento <\/span><strong data-pf_style_display=\"inline\" data-pf_style_visibility=\"visible\"><span class=\"text-node\">Ramad\u00e3<\/span><\/strong><span class=\"text-node\">: \u201cEst\u00e1vamos dormindo, ent\u00e3o o inferno chegou\u201d. Hospitais cheios de corpos, fam\u00edlias inteiras dizimadas por ataques: &#8220;As bombas mataram meus filhos enquanto eles morriam de fome&#8221;<\/span><!--more--><\/p>\n<p data-pf_style_display=\"block\" data-pf_style_visibility=\"visible\"><span class=\"text-node\">A reportagem \u00e9 de\u00a0<\/span><strong data-pf_style_display=\"inline\" data-pf_style_visibility=\"visible\"><span class=\"text-node\">Fabio Tonacci<\/span><\/strong><span class=\"text-node\">, publicada por <\/span><a href=\"https:\/\/www.repubblica.it\/esteri\/2025\/03\/19\/news\/gaza_ramadan_sangue_raid_israele-424071597\/?ref=RHLF-BG-P3-S4-T1\" target=\"_blank\" rel=\"noopener noreferrer\" data-pf_style_display=\"inline\" data-pf_style_visibility=\"visible\"><span class=\"text-node\">La Repubblica<\/span><\/a><span class=\"text-node\">, 19-03-2025.<\/span><\/p>\n<p data-pf_style_display=\"block\" data-pf_style_visibility=\"visible\"><span class=\"text-node\">\u201cMeus filhos estavam com fome quando morreram, eu n\u00e3o tinha nada para dar-lhes de comer para o <\/span><em data-pf_style_display=\"inline\" data-pf_style_visibility=\"visible\"><span class=\"text-node\">suhoor<\/span><\/em><span class=\"text-node\"> \u2026\u201d. Morrer com fome, n\u00e3o de fome, mas de bombas. No meio da noite, no <\/span><strong data-pf_style_display=\"inline\" data-pf_style_visibility=\"visible\"><a href=\"https:\/\/www.ihu.unisinos.br\/categorias\/649354-quaresma-e-ramadao-coincidem-uma-oportunidade-unica-de-caminharmos-lado-a-lado-cristaos-e-muculmanos\" target=\"_blank\" rel=\"noopener noreferrer\" data-pf_style_display=\"inline\" data-pf_style_visibility=\"visible\"><span class=\"text-node\">meio do Ramad\u00e3<\/span><\/a><\/strong><span class=\"text-node\">, que \u00e9 o m\u00eas sagrado para os mu\u00e7ulmanos, em uma cama que n\u00e3o \u00e9 uma cama, mas um tapete imundo em uma casa em ru\u00ednas. A voz de <\/span><strong data-pf_style_display=\"inline\" data-pf_style_visibility=\"visible\"><span class=\"text-node\">Samira<\/span><\/strong><span class=\"text-node\"> ao telefone \u00e9 como uma cantiga, com a mesma resposta para todas as perguntas. &#8220;Eles estavam com fome.&#8221; Esta mulher de <\/span><a href=\"https:\/\/www.ihu.unisinos.br\/categorias\/640990-israel-bombardeia-novamente-khan-yunis-e-forca-o-exodo-de-milhares-de-pessoas-em-gaza\" target=\"_blank\" rel=\"noopener noreferrer\" data-pf_style_display=\"inline\" data-pf_style_visibility=\"visible\"><span class=\"text-node\">Khan Yunis<\/span><\/a><span class=\"text-node\">, com menos de 40 anos, acaba de perder dois filhos e o marido. A morte veio do c\u00e9u na \u00e9poca do <\/span><strong data-pf_style_display=\"inline\" data-pf_style_visibility=\"visible\"><span class=\"text-node\">Suhoor<\/span><\/strong><span class=\"text-node\">, antes do in\u00edcio do jejum sagrado, quando aqueles que podem, comem alguma coisa. <\/span><strong data-pf_style_display=\"inline\" data-pf_style_visibility=\"visible\"><span class=\"text-node\">Samira<\/span><\/strong><span class=\"text-node\"> e seus filhos n\u00e3o conseguiram.<\/span><\/p>\n<blockquote class=\"twitter-tweet\" data-pf_style_display=\"block\" data-pf_style_visibility=\"visible\">\n<p dir=\"ltr\" lang=\"pt\" data-pf_style_display=\"block\" data-pf_style_visibility=\"visible\"><span class=\"text-node\">&#8220;Meus filhos morreram famintos! N\u00e3o pense que voc\u00ea est\u00e1 vencendo, Netanyahu. N\u00e3o temos medo de voc\u00ea. Seu fim est\u00e1 pr\u00f3ximo&#8221;<\/span><br data-pf_style_display=\"inline\" data-pf_style_visibility=\"visible\" \/><br data-pf_style_display=\"inline\" data-pf_style_visibility=\"visible\" \/><span class=\"text-node\">M\u00e3e palestina manda recado a Netanyahu ap\u00f3s ter os filhos e o marido assassinados por &#8220;israel&#8221; em novo massacre em Gaza que matou mais de 400 palestinos. <\/span><a href=\"https:\/\/t.co\/2NfFFj37gl\" data-pf_style_display=\"inline\" data-pf_style_visibility=\"visible\"><span class=\"text-node\">pic.twitter.com\/2NfFFj37gl<\/span><\/a><\/p>\n<p><span class=\"text-node\">\u2014 FEPAL &#8211; Federa\u00e7\u00e3o \u00c1rabe Palestina do Brasil (@FepalB) <\/span><a href=\"https:\/\/twitter.com\/FepalB\/status\/1902042305181213061?ref_src=twsrc%5Etfw\" data-pf_style_display=\"inline\" data-pf_style_visibility=\"visible\"><span class=\"text-node\">March 18, 2025<\/span><\/a><\/p><\/blockquote>\n<p data-pf_style_display=\"block\" data-pf_style_visibility=\"visible\"><span class=\"text-node\">Os m\u00edsseis de <\/span><strong data-pf_style_display=\"inline\" data-pf_style_visibility=\"visible\"><span class=\"text-node\">Israel<\/span><\/strong><span class=\"text-node\"> foram lan\u00e7ados contra uma popula\u00e7\u00e3o que n\u00e3o sabe mais o que esperar. Durante 17 dias nada entrou na <\/span><strong data-pf_style_display=\"inline\" data-pf_style_visibility=\"visible\"><span class=\"text-node\">Faixa de Gaza<\/span><\/strong><span class=\"text-node\">, nem comida, nem roupas, nem rem\u00e9dios. Ordem de <\/span><a href=\"https:\/\/www.ihu.unisinos.br\/648773-netanyahu-ordena-operacao-massiva-na-cisjordania-apos-tres-onibus-explodirem-perto-de-tel-aviv\" target=\"_blank\" rel=\"noopener noreferrer\" data-pf_style_display=\"inline\" data-pf_style_visibility=\"visible\"><span class=\"text-node\">Netanyahu<\/span><\/a><span class=\"text-node\">. &#8220;Ningu\u00e9m esperava que os ataques fossem retomados, o povo de <\/span><strong data-pf_style_display=\"inline\" data-pf_style_visibility=\"visible\"><span class=\"text-node\">Gaza<\/span><\/strong><span class=\"text-node\">estava dormindo, abrigado em suas casas semidestru\u00eddas&#8221;, disse o cirurgi\u00e3o <\/span><strong data-pf_style_display=\"inline\" data-pf_style_visibility=\"visible\"><span class=\"text-node\">Mohamad Abu Afash<\/span><\/strong><span class=\"text-node\"> ao Repubblica . Ele est\u00e1 na <\/span><strong data-pf_style_display=\"inline\" data-pf_style_visibility=\"visible\"><span class=\"text-node\">Cidade de Gaza<\/span><\/strong><span class=\"text-node\"> e passou as \u00faltimas 24 horas no hospital costurando feridas, enfaixando queimaduras, fazendo massagens card\u00edacas, decidindo quem tratar e quem deixar ir. \u201cCrian\u00e7as ensanguentadas continuavam chegando, enroladas em panos sujos que pareciam mortalhas, algumas j\u00e1 mortas, outras vivas, mas sem partes do corpo\u2026 Eu fiz o que pude com o que tinha.\u201d O que ele tem \u00e9 quase nada. Associa\u00e7\u00f5es humanit\u00e1rias v\u00eam relatando h\u00e1 dias a escassez de medicamentos e analg\u00e9sicos. &#8220;Normalmente somos dois na sala de cirurgia, para evitar contamina\u00e7\u00e3o e bact\u00e9rias, ontem \u00e9ramos vinte, havia uma necessidade constante de ajuda\u00bb.<\/span><\/p>\n<p data-pf_style_display=\"block\" data-pf_style_visibility=\"visible\"><span class=\"text-node\">Em <\/span><strong data-pf_style_display=\"inline\" data-pf_style_visibility=\"visible\"><span class=\"text-node\">Deir al-Balah<\/span><\/strong><span class=\"text-node\">, <\/span><strong data-pf_style_display=\"inline\" data-pf_style_visibility=\"visible\"><span class=\"text-node\">Maram Humaid<\/span><\/strong><span class=\"text-node\">, um jornalista local, estava dormindo quando os latidos come\u00e7aram \u00e0 noite. &#8220;N\u00e3o foi um pesadelo, foi real. A guerra retornou, assim mesmo, sem aviso, \u00e0s 2h10. Eu n\u00e3o conseguia acreditar, pensei que fosse um m\u00edssil disparado do <\/span><strong data-pf_style_display=\"inline\" data-pf_style_visibility=\"visible\"><span class=\"text-node\">I\u00eamen<\/span><\/strong><span class=\"text-node\">, n\u00e3o de <\/span><strong data-pf_style_display=\"inline\" data-pf_style_visibility=\"visible\"><span class=\"text-node\">Israel<\/span><\/strong><span class=\"text-node\"> novamente. Minha filha, <\/span><strong data-pf_style_display=\"inline\" data-pf_style_visibility=\"visible\"><span class=\"text-node\">Banias<\/span><\/strong><span class=\"text-node\">, acordou aterrorizada, pai, m\u00e3e, ela estava gritando. E eu n\u00e3o conseguia acalm\u00e1-la, minha mente estava um caos.&#8221;<\/span><\/p>\n<p data-pf_style_display=\"block\" data-pf_style_visibility=\"visible\"><span class=\"text-node\">As mesmas fotos, as mesmas fotos novamente. Fileiras de fardos no ch\u00e3o contendo os filhos dos palestinos em <\/span><strong data-pf_style_display=\"inline\" data-pf_style_visibility=\"visible\"><span class=\"text-node\">Gaza<\/span><\/strong><span class=\"text-node\">, a corrida in\u00fatil para os hospitais. N\u00f3s os vimos por 16 meses e agora eles est\u00e3o de volta, crian\u00e7as em macas, fam\u00edlias em l\u00e1grimas, escombros sobre escombros, sangue sobre sangue, nas ruas e nos poucos hospitais abertos. \u201cEles tamb\u00e9m atingiram as cidades de tendas na praia de <\/span><strong data-pf_style_display=\"inline\" data-pf_style_visibility=\"visible\"><span class=\"text-node\">Al Mawasi<\/span><\/strong><span class=\"text-node\">, que era uma zona humanit\u00e1ria, e eu deveria ir para l\u00e1 para ficar seguro?\u201d, pergunta <\/span><strong data-pf_style_display=\"inline\" data-pf_style_visibility=\"visible\"><span class=\"text-node\">Ahmed Mohammed<\/span><\/strong><span class=\"text-node\">, um dos mais de cem mil deslocados. Ontem de manh\u00e3, ele partiu novamente seguindo outra ordem de evacua\u00e7\u00e3o emitida pelas <\/span><strong data-pf_style_display=\"inline\" data-pf_style_visibility=\"visible\"><span class=\"text-node\">IDF<\/span><\/strong><span class=\"text-node\">.<\/span><\/p>\n<p data-pf_style_display=\"block\" data-pf_style_visibility=\"visible\"><span class=\"text-node\">\u201cAs crian\u00e7as e as fam\u00edlias em Gaza acabaram de recuperar o f\u00f4lego e agora est\u00e3o novamente num po\u00e7o de dor do qual n\u00e3o conseguem escapar\u201d, disse <\/span><a href=\"https:\/\/www.ihu.unisinos.br\/649641-gaza-vidas-dizimadas-no-sangrento-ramada-estavamos-dormindo-entao-o-inferno-chegou\" target=\"_blank\" rel=\"noopener noreferrer\" data-pf_style_display=\"inline\" data-pf_style_visibility=\"visible\"><span class=\"text-node\">Ahmad Alhendawi<\/span><\/a><span class=\"text-node\">, diretor regional da <\/span><strong data-pf_style_display=\"inline\" data-pf_style_visibility=\"visible\"><span class=\"text-node\">Save the Children<\/span><\/strong><span class=\"text-node\">. Cento e trinta menores mortos no bombardeio mais brutal e inesperado. E tamb\u00e9m faltam meios para prestar assist\u00eancia aos feridos. O <\/span><strong data-pf_style_display=\"inline\" data-pf_style_visibility=\"visible\"><span class=\"text-node\">Crescente Palestino<\/span><\/strong><span class=\"text-node\">, um ponto focal em <\/span><strong data-pf_style_display=\"inline\" data-pf_style_visibility=\"visible\"><span class=\"text-node\">Gaza<\/span><\/strong><span class=\"text-node\">, tem apenas 21 ambul\u00e2ncias para toda a <\/span><strong data-pf_style_display=\"inline\" data-pf_style_visibility=\"visible\"><span class=\"text-node\">Faixa<\/span><\/strong><span class=\"text-node\">. &#8220;Os 30 que funcionam com gasolina est\u00e3o parados porque n\u00e3o h\u00e1 mais combust\u00edvel&#8221;, explica <\/span><strong data-pf_style_display=\"inline\" data-pf_style_visibility=\"visible\"><span class=\"text-node\">Nibal Farsakh<\/span><\/strong><span class=\"text-node\">, a porta-voz. \u201cAs pessoas tentam chegar aos hospitais em carro\u00e7as puxadas por burros que tombam na estrada.\u201d<\/span><\/p>\n<p data-pf_style_display=\"block\" data-pf_style_visibility=\"visible\"><span class=\"text-node\">Somente a <\/span><strong data-pf_style_display=\"inline\" data-pf_style_visibility=\"visible\"><span class=\"text-node\">M\u00e9dicos Sem Fronteiras<\/span><\/strong><span class=\"text-node\"> recebeu 75 cad\u00e1veres nas quatro unidades onde atua. \u201cNossa equipe foi pega de surpresa e mais uma vez se viu tendo que lidar com um grande fluxo de v\u00edtimas\u201d, disse a diretora <\/span><strong data-pf_style_display=\"inline\" data-pf_style_visibility=\"visible\"><span class=\"text-node\">Claire Magone<\/span><\/strong><span class=\"text-node\">. &#8220;Estamos horrorizados.&#8221; De acordo com <\/span><strong data-pf_style_display=\"inline\" data-pf_style_visibility=\"visible\"><span class=\"text-node\">Ramy Abdu<\/span><\/strong><span class=\"text-node\">, chefe da Associa\u00e7\u00e3o Euro-Mediterr\u00e2nica para os Direitos Humanos, foguetes mataram sua irm\u00e3 <\/span><strong data-pf_style_display=\"inline\" data-pf_style_visibility=\"visible\"><span class=\"text-node\">Nesreen<\/span><\/strong><span class=\"text-node\"> e toda sua fam\u00edlia na <\/span><strong data-pf_style_display=\"inline\" data-pf_style_visibility=\"visible\"><span class=\"text-node\">Cidade de Gaza<\/span><\/strong><span class=\"text-node\">. \u201c<\/span><strong data-pf_style_display=\"inline\" data-pf_style_visibility=\"visible\"><span class=\"text-node\">Israel<\/span><\/strong><span class=\"text-node\"> pode nos matar, nos queimar vivos, nos despeda\u00e7ar\u201d, escreveu <\/span><strong data-pf_style_display=\"inline\" data-pf_style_visibility=\"visible\"><span class=\"text-node\">Ramy Abdu<\/span><\/strong><span class=\"text-node\"> em uma publica\u00e7\u00e3o nas redes sociais, \u201cmas nunca conseguir\u00e1 nos arrancar de nossa terra\u201d.<\/span><\/p>\n","protected":false},"excerpt":{"rendered":"<p>Humanitas Unisinos &#8211; Gaza, vidas dizimadas no sangrento Ramad\u00e3: \u201cEst\u00e1vamos dormindo, ent\u00e3o o inferno chegou\u201d. Hospitais cheios de corpos, fam\u00edlias inteiras dizimadas por ataques: &#8220;As bombas mataram meus filhos enquanto eles morriam de fome&#8221;<\/p>\n","protected":false},"author":1,"featured_media":0,"comment_status":"closed","ping_status":"open","sticky":false,"template":"","format":"standard","meta":{"_exactmetrics_skip_tracking":false,"_exactmetrics_sitenote_active":false,"_exactmetrics_sitenote_note":"","_exactmetrics_sitenote_category":0,"jetpack_post_was_ever_published":false,"_jetpack_newsletter_access":"","_jetpack_dont_email_post_to_subs":false,"_jetpack_newsletter_tier_id":0,"_jetpack_memberships_contains_paywalled_content":false,"_jetpack_memberships_contains_paid_content":false,"footnotes":"","jetpack_publicize_message":"","jetpack_publicize_feature_enabled":true,"jetpack_social_post_already_shared":true,"jetpack_social_options":{"image_generator_settings":{"template":"highway","enabled":false},"version":2}},"categories":[1],"tags":[654,887,218],"class_list":["post-36604","post","type-post","status-publish","format-standard","hentry","category-notas","tag-criancas","tag-gaza","tag-israel"],"jetpack_publicize_connections":[],"jetpack_sharing_enabled":true,"jetpack_featured_media_url":"","jetpack_shortlink":"https:\/\/wp.me\/p7wKYW-9wo","jetpack-related-posts":[],"_links":{"self":[{"href":"http:\/\/blogdalucianaoliveira.com.br\/blog\/wp-json\/wp\/v2\/posts\/36604","targetHints":{"allow":["GET"]}}],"collection":[{"href":"http:\/\/blogdalucianaoliveira.com.br\/blog\/wp-json\/wp\/v2\/posts"}],"about":[{"href":"http:\/\/blogdalucianaoliveira.com.br\/blog\/wp-json\/wp\/v2\/types\/post"}],"author":[{"embeddable":true,"href":"http:\/\/blogdalucianaoliveira.com.br\/blog\/wp-json\/wp\/v2\/users\/1"}],"replies":[{"embeddable":true,"href":"http:\/\/blogdalucianaoliveira.com.br\/blog\/wp-json\/wp\/v2\/comments?post=36604"}],"version-history":[{"count":1,"href":"http:\/\/blogdalucianaoliveira.com.br\/blog\/wp-json\/wp\/v2\/posts\/36604\/revisions"}],"predecessor-version":[{"id":36606,"href":"http:\/\/blogdalucianaoliveira.com.br\/blog\/wp-json\/wp\/v2\/posts\/36604\/revisions\/36606"}],"wp:attachment":[{"href":"http:\/\/blogdalucianaoliveira.com.br\/blog\/wp-json\/wp\/v2\/media?parent=36604"}],"wp:term":[{"taxonomy":"category","embeddable":true,"href":"http:\/\/blogdalucianaoliveira.com.br\/blog\/wp-json\/wp\/v2\/categories?post=36604"},{"taxonomy":"post_tag","embeddable":true,"href":"http:\/\/blogdalucianaoliveira.com.br\/blog\/wp-json\/wp\/v2\/tags?post=36604"}],"curies":[{"name":"wp","href":"https:\/\/api.w.org\/{rel}","templated":true}]}}