{"id":36607,"date":"2025-03-20T08:44:28","date_gmt":"2025-03-20T12:44:28","guid":{"rendered":"https:\/\/blogdalucianaoliveira.com.br\/blog\/?p=36607"},"modified":"2025-03-20T08:44:28","modified_gmt":"2025-03-20T12:44:28","slug":"pesquisadores-apontam-areas-prioritarias-para-restauracao-no-brasil","status":"publish","type":"post","link":"http:\/\/blogdalucianaoliveira.com.br\/blog\/2025\/03\/20\/pesquisadores-apontam-areas-prioritarias-para-restauracao-no-brasil\/","title":{"rendered":"Pesquisadores apontam \u00e1reas priorit\u00e1rias para restaura\u00e7\u00e3o no Brasil"},"content":{"rendered":"<p><img data-recalc-dims=\"1\" loading=\"lazy\" decoding=\"async\" data-attachment-id=\"36608\" data-permalink=\"http:\/\/blogdalucianaoliveira.com.br\/blog\/2025\/03\/20\/pesquisadores-apontam-areas-prioritarias-para-restauracao-no-brasil\/img_9856\/\" data-orig-file=\"https:\/\/i0.wp.com\/blogdalucianaoliveira.com.br\/blog\/wp-content\/uploads\/2025\/03\/IMG_9856.webp?fit=900%2C506\" data-orig-size=\"900,506\" data-comments-opened=\"0\" data-image-meta=\"{&quot;aperture&quot;:&quot;0&quot;,&quot;credit&quot;:&quot;&quot;,&quot;camera&quot;:&quot;&quot;,&quot;caption&quot;:&quot;&quot;,&quot;created_timestamp&quot;:&quot;0&quot;,&quot;copyright&quot;:&quot;&quot;,&quot;focal_length&quot;:&quot;0&quot;,&quot;iso&quot;:&quot;0&quot;,&quot;shutter_speed&quot;:&quot;0&quot;,&quot;title&quot;:&quot;&quot;,&quot;orientation&quot;:&quot;0&quot;}\" data-image-title=\"IMG_9856\" data-image-description=\"\" data-image-caption=\"\" data-medium-file=\"https:\/\/i0.wp.com\/blogdalucianaoliveira.com.br\/blog\/wp-content\/uploads\/2025\/03\/IMG_9856.webp?fit=300%2C169\" data-large-file=\"https:\/\/i0.wp.com\/blogdalucianaoliveira.com.br\/blog\/wp-content\/uploads\/2025\/03\/IMG_9856.webp?fit=600%2C337\" class=\"alignnone size-medium wp-image-36608\" src=\"https:\/\/i0.wp.com\/blogdalucianaoliveira.com.br\/blog\/wp-content\/uploads\/2025\/03\/IMG_9856.webp?resize=300%2C169\" alt=\"\" width=\"300\" height=\"169\" srcset=\"https:\/\/i0.wp.com\/blogdalucianaoliveira.com.br\/blog\/wp-content\/uploads\/2025\/03\/IMG_9856.webp?resize=300%2C169 300w, https:\/\/i0.wp.com\/blogdalucianaoliveira.com.br\/blog\/wp-content\/uploads\/2025\/03\/IMG_9856.webp?resize=768%2C432 768w, https:\/\/i0.wp.com\/blogdalucianaoliveira.com.br\/blog\/wp-content\/uploads\/2025\/03\/IMG_9856.webp?resize=534%2C300 534w, https:\/\/i0.wp.com\/blogdalucianaoliveira.com.br\/blog\/wp-content\/uploads\/2025\/03\/IMG_9856.webp?w=900 900w\" sizes=\"auto, (max-width: 300px) 100vw, 300px\" \/><\/p>\n<div data-metric-area=\"topo-noticia\" data-v-0413e3c7=\"\" data-pf_style_display=\"block\" data-pf_style_visibility=\"visible\">\n<div class=\"mt-100 container grid pf-candidate\" data-v-0413e3c7=\"\" data-pf_style_display=\"grid\" data-pf_style_visibility=\"visible\">\n<div class=\"central-column col-lg-6 g-start-lg-4\" data-v-0413e3c7=\"\" data-pf_style_display=\"block\" data-pf_style_visibility=\"visible\">\n<div class=\"jupiter-paragraph-fragment pf-candidate\" data-v-232111b4=\"\" data-v-0413e3c7=\"\" data-pf_style_display=\"block\" data-pf_style_visibility=\"visible\">\n<p class=\"bullet mt-0 added-to-list1\" data-v-232111b4=\"\" data-pf_style_display=\"block\" data-pf_style_visibility=\"visible\"><span class=\"text-node\">UOL &#8211; O governo do Par\u00e1 anunciou no in\u00edcio de mar\u00e7o que ir\u00e1 conceder 30 mil hectares para empresas de restaura\u00e7\u00e3o florestal na regi\u00e3o do Triunfo do Xingu, uma das mais desmatadas da Amaz\u00f4nia. O modelo deve replicar o edital lan\u00e7ado no final de 2024 para a \u00c1rea de Prote\u00e7\u00e3o Ambiental Triunfo do Xingu, onde a empresa vencedora vai assumir o trabalho de restaura\u00e7\u00e3o em troca da comercializa\u00e7\u00e3o dos cr\u00e9ditos de carbono.<\/span><\/p>\n<div data-metric-slot=\"text-1\" data-nosnippet=\"\" data-v-232111b4=\"\" data-pf_style_display=\"block\" data-pf_style_visibility=\"visible\">\n<p class=\"my-250 added-to-list1\">\n<\/div>\n<p class=\"bullet added-to-list1\" data-v-232111b4=\"\" data-pf_style_display=\"block\" data-pf_style_visibility=\"visible\"><span class=\"text-node\">A mesma l\u00f3gica ser\u00e1 aplicada \u00e0 concess\u00e3o da Floresta Nacional do Bom Futuro, em Rond\u00f4nia, cujo edital deve ser lan\u00e7ado ainda neste ano pelo governo federal. Estudos para a concess\u00e3o de outras sete \u00e1reas p\u00fablicas tamb\u00e9m est\u00e3o em andamento, segundo o Minist\u00e9rio do Meio Ambiente informou \u00e0 Mongabay.<\/span><\/p>\n<div data-metric-slot=\"text-2\" data-nosnippet=\"\" data-v-232111b4=\"\" data-pf_style_display=\"block\" data-pf_style_visibility=\"visible\">\n<p class=\"my-250 added-to-list1\">\n<\/div>\n<p class=\"bullet added-to-list1\" data-v-232111b4=\"\" data-pf_style_display=\"block\" data-pf_style_visibility=\"visible\"><span class=\"text-node\">Os projetos respondem a uma demanda cada vez maior da agenda clim\u00e1tica global \u2014 at\u00e9 2030, as Na\u00e7\u00f5es Unidas estar\u00e3o promovendo a D\u00e9cada da Restaura\u00e7\u00e3o de Ecossistemas, em um claro entendimento de que controlar o desmatamento n\u00e3o ser\u00e1 suficiente para combater as mudan\u00e7as clim\u00e1ticas.<\/span><\/p>\n<div data-metric-slot=\"text-3\" data-nosnippet=\"\" data-v-232111b4=\"\" data-pf_style_display=\"block\" data-pf_style_visibility=\"visible\">\n<div class=\"my-250\" data-cp-id=\"123123123asfads\" data-v-0794dd0c=\"\" data-v-232111b4=\"\" data-pf_style_display=\"block\" data-pf_style_visibility=\"visible\">\n<div data-v-0794dd0c=\"\" data-pf_style_display=\"block\" data-pf_style_visibility=\"visible\">\n<div data-v-9112c28d=\"\" data-v-0794dd0c=\"\" data-pf_style_display=\"block\" data-pf_style_visibility=\"visible\"><\/div>\n<\/div>\n<\/div>\n<p class=\"my-250 added-to-list1\">\n<\/div>\n<\/div>\n<\/div>\n<\/div>\n<\/div>\n<p><!--more--><\/p>\n<div class=\"pf-candidate\" data-metric-area=\"texto-noticia\" data-v-0413e3c7=\"\" data-pf_style_display=\"block\" data-pf_style_visibility=\"visible\">\n<div data-v-0413e3c7=\"\" data-pf_style_display=\"block\" data-pf_style_visibility=\"visible\">\n<div class=\"container grid pf-candidate\" data-v-0413e3c7=\"\" data-pf_style_display=\"grid\" data-pf_style_visibility=\"visible\">\n<aside class=\"col-custom col-lg-3\" data-v-0413e3c7=\"\" data-pf_style_display=\"block\" data-pf_style_visibility=\"visible\">\n<aside class=\"stick campaign-container\" data-metric-slot=\"vertical-2-left\" data-v-0413e3c7=\"\" data-pf_style_display=\"block\" data-pf_style_visibility=\"visible\"><\/aside>\n<\/aside>\n<div class=\"central-column col-lg-6\" data-v-0413e3c7=\"\" data-pf_style_display=\"block\" data-pf_style_visibility=\"visible\">\n<div class=\"jupiter-paragraph-fragment pf-candidate\" data-v-232111b4=\"\" data-v-0413e3c7=\"\" data-pf_style_display=\"block\" data-pf_style_visibility=\"visible\">\n<figure class=\"embed-wrapper solar-photo-content row-type embed embed-horizontal mt-0 pf-caption added-to-list1 flex-width mediumImage pf-size-full\" data-v-15044903=\"\" data-v-90ea4179=\"\" data-v-232111b4=\"\" data-pf_style_display=\"block\" data-pf_style_visibility=\"visible\">\n<figure class=\"solar-responsive-image m-0 responsive-image pb-100\" data-v-73d45db8=\"\" data-v-15044903=\"\" data-pf_style_display=\"block\" data-pf_style_visibility=\"visible\"><picture class=\"photo-image\" data-v-73d45db8=\"\" data-pf_style_display=\"inline\" data-pf_style_visibility=\"visible\"><source srcset=\"https:\/\/conteudo.imguol.com.br\/c\/entretenimento\/99\/2025\/03\/19\/a-ministra-do-meio-ambiente-marina-silva-lancou-o-chamado-novo-planaveg-em-outubro-de-2024-durante-a-cop16-na-colombia-1742412579371_v2_750x421.png.webp\" type=\"image\/webp\" media=\"(min-width: 1px)\" data-v-73d45db8=\"\" data-pf_style_display=\"inline\" data-pf_style_visibility=\"visible\" \/><source srcset=\"https:\/\/conteudo.imguol.com.br\/c\/entretenimento\/99\/2025\/03\/19\/a-ministra-do-meio-ambiente-marina-silva-lancou-o-chamado-novo-planaveg-em-outubro-de-2024-durante-a-cop16-na-colombia-1742412579371_v2_750x421.png\" type=\"image\/jpeg\" media=\"(min-width: 1px)\" data-v-73d45db8=\"\" data-pf_style_display=\"inline\" data-pf_style_visibility=\"visible\" \/><img data-recalc-dims=\"1\" decoding=\"async\" class=\"caption-img flex-width pf-size-full mediumImage\" title=\"A Ministra do Meio Ambiente Marina Silva lan\u00e7ou o chamado Novo Planaveg em outubro de 2024 durante a COP16, na Col\u00f4mbia\" src=\"https:\/\/i0.wp.com\/conteudo.imguol.com.br\/c\/entretenimento\/99\/2025\/03\/19\/a-ministra-do-meio-ambiente-marina-silva-lancou-o-chamado-novo-planaveg-em-outubro-de-2024-durante-a-cop16-na-colombia-1742412579371_v2_750x421.png?w=600&#038;ssl=1\" srcset=\"https:\/\/conteudo.imguol.com.br\/c\/entretenimento\/99\/2025\/03\/19\/a-ministra-do-meio-ambiente-marina-silva-lancou-o-chamado-novo-planaveg-em-outubro-de-2024-durante-a-cop16-na-colombia-1742412579371_v2_750x421.png.webp\" alt=\"A Ministra do Meio Ambiente Marina Silva lan\u00e7ou o chamado Novo Planaveg em outubro de 2024 durante a COP16, na Col\u00f4mbia\"  data-v-73d45db8=\"\" data-pf_style_display=\"inline\" data-pf_style_visibility=\"visible\" data-pf_rect_width=\"800\" data-pf_rect_height=\"41.375\" \/><\/picture><\/figure><figcaption class=\"solar-caption regular-subtext\" data-v-524617ed=\"\" data-v-15044903=\"\" data-pf_style_display=\"flex\" data-pf_style_visibility=\"visible\"><span class=\"text-node\">A Ministra do Meio Ambiente Marina Silva lan\u00e7ou o chamado Novo Planaveg em outubro de 2024 durante a COP16, na Col\u00f4mbia <\/span><span data-v-524617ed=\"\" data-pf_style_display=\"block\" data-pf_style_visibility=\"visible\"><span class=\"text-node\">Imagem: Minist\u00e9rio do Meio Ambiente<\/span><\/span><\/figcaption><\/figure>\n<div data-metric-slot=\"text-4\" data-nosnippet=\"\" data-v-232111b4=\"\" data-pf_style_display=\"block\" data-pf_style_visibility=\"visible\">\n<p class=\"my-250 added-to-list1\">\n<p class=\"my-250 added-to-list1\">\n<\/div>\n<figure class=\"embed-wrapper solar-photo-content row-type embed embed-horizontal pf-caption added-to-list1 flex-width mediumImage pf-size-full\" data-v-15044903=\"\" data-v-90ea4179=\"\" data-v-232111b4=\"\" data-pf_style_display=\"block\" data-pf_style_visibility=\"visible\">\n<figure class=\"solar-responsive-image m-0 responsive-image pb-100\" data-v-73d45db8=\"\" data-v-15044903=\"\" data-pf_style_display=\"block\" data-pf_style_visibility=\"visible\"><picture class=\"photo-image\" data-v-73d45db8=\"\" data-pf_style_display=\"inline\" data-pf_style_visibility=\"visible\"><source srcset=\"https:\/\/conteudo.imguol.com.br\/c\/entretenimento\/c8\/2025\/03\/19\/apesar-de-nao-sequestrar-tanto-carbono-quanto-a-amazonia-a-vegetacao-do-cerrado-ajuda-a-proteger-algumas-das-principais-bacias-hidrograficas-do-brasil-1742412644401_v2_750x421.png.webp\" type=\"image\/webp\" media=\"(min-width: 1px)\" data-v-73d45db8=\"\" data-pf_style_display=\"inline\" data-pf_style_visibility=\"visible\" \/><source srcset=\"https:\/\/conteudo.imguol.com.br\/c\/entretenimento\/c8\/2025\/03\/19\/apesar-de-nao-sequestrar-tanto-carbono-quanto-a-amazonia-a-vegetacao-do-cerrado-ajuda-a-proteger-algumas-das-principais-bacias-hidrograficas-do-brasil-1742412644401_v2_750x421.png\" type=\"image\/jpeg\" media=\"(min-width: 1px)\" data-v-73d45db8=\"\" data-pf_style_display=\"inline\" data-pf_style_visibility=\"visible\" \/><img data-recalc-dims=\"1\" decoding=\"async\" class=\"caption-img flex-width pf-size-full mediumImage\" title=\"Apesar de n\u00e3o sequestrar tanto carbono quanto a Amaz\u00f4nia, a vegeta\u00e7\u00e3o do Cerrado ajuda a proteger algumas das principais bacias hidrogr\u00e1ficas do Brasil\" src=\"https:\/\/i0.wp.com\/conteudo.imguol.com.br\/c\/entretenimento\/c8\/2025\/03\/19\/apesar-de-nao-sequestrar-tanto-carbono-quanto-a-amazonia-a-vegetacao-do-cerrado-ajuda-a-proteger-algumas-das-principais-bacias-hidrograficas-do-brasil-1742412644401_v2_750x421.png?w=600&#038;ssl=1\" srcset=\"https:\/\/conteudo.imguol.com.br\/c\/entretenimento\/c8\/2025\/03\/19\/apesar-de-nao-sequestrar-tanto-carbono-quanto-a-amazonia-a-vegetacao-do-cerrado-ajuda-a-proteger-algumas-das-principais-bacias-hidrograficas-do-brasil-1742412644401_v2_750x421.png.webp\" alt=\"Apesar de n\u00e3o sequestrar tanto carbono quanto a Amaz\u00f4nia, a vegeta\u00e7\u00e3o do Cerrado ajuda a proteger algumas das principais bacias hidrogr\u00e1ficas do Brasil\"  data-v-73d45db8=\"\" data-pf_style_display=\"inline\" data-pf_style_visibility=\"visible\" data-pf_rect_width=\"800\" data-pf_rect_height=\"41.375\" \/><\/picture><\/figure><figcaption class=\"solar-caption regular-subtext\" data-v-524617ed=\"\" data-v-15044903=\"\" data-pf_style_display=\"flex\" data-pf_style_visibility=\"visible\"><span class=\"text-node\">Apesar de n\u00e3o sequestrar tanto carbono quanto a Amaz\u00f4nia, a vegeta\u00e7\u00e3o do Cerrado ajuda a proteger algumas das principais bacias hidrogr\u00e1ficas do Brasil <\/span><span data-v-524617ed=\"\" data-pf_style_display=\"block\" data-pf_style_visibility=\"visible\"><span class=\"text-node\">Imagem: Marizilda Cruppe\/Greenpeace<\/span><\/span><\/figcaption><\/figure>\n<div data-metric-slot=\"text-5\" data-nosnippet=\"\" data-v-232111b4=\"\" data-pf_style_display=\"block\" data-pf_style_visibility=\"visible\">\n<p class=\"my-250 added-to-list1\">\n<\/div>\n<p class=\"bullet added-to-list1\" data-v-232111b4=\"\" data-pf_style_display=\"block\" data-pf_style_visibility=\"visible\"><span class=\"text-node\">Com 109 milh\u00f5es de hectares de pastagens degradadas \u2014 \u00e1rea equivalente a duas Espanhas \u2014, o Brasil tem enorme potencial de restaura\u00e7\u00e3o. Mas projetos como estes costumam ser caros e complexos. Na maioria das vezes, n\u00e3o basta abandonar a \u00e1rea e esperar que a vegeta\u00e7\u00e3o se regenere por conta. Segundo especialistas, \u00e9 preciso pelo menos impedir a entrada do gado e do fogo. Em projetos mais intervencionistas, h\u00e1 o cultivo de milhares de mudas de plantas nativas que precisam ser monitoradas anos a fio para impedir ataques de pragas e esp\u00e9cies invasoras.<\/span><\/p>\n<div data-metric-slot=\"text-6\" data-nosnippet=\"\" data-v-232111b4=\"\" data-pf_style_display=\"block\" data-pf_style_visibility=\"visible\">\n<p class=\"my-250 added-to-list1\">\n<\/div>\n<p class=\"bullet added-to-list1\" data-v-232111b4=\"\" data-pf_style_display=\"block\" data-pf_style_visibility=\"visible\"><span class=\"text-node\">Dependendo do bioma, a tarefa pode se tornar ainda mais complexa pela variedade de paisagens. &#8220;O Cerrado \u00e9 um grande mosaico de v\u00e1rios tipos de forma\u00e7\u00f5es vegetais que incluem campos, \u00e1reas florestais e savanas, que s\u00e3o essa mistura entre \u00e1rvores, arbustos e gram\u00edneas&#8221;, exemplifica a bi\u00f3loga J\u00e9ssica Sch\u00fcler, da Universidade de Bras\u00edlia. &#8220;Quando falamos de restaura\u00e7\u00e3o do Cerrado temos que entender qual ecossistema especificamente estamos restaurando&#8221;.<\/span><\/p>\n<p class=\"bullet added-to-list1\" data-v-232111b4=\"\" data-pf_style_display=\"block\" data-pf_style_visibility=\"visible\"><span class=\"text-node\">Diante de tantos desafios, \u00e9 essencial saber onde concentrar os esfor\u00e7os. Por isso, pesquisadores brasileiros v\u00eam trabalhando para identificar \u00e1reas cuja restaura\u00e7\u00e3o traria o maior n\u00famero de benef\u00edcios. Um dos trabalhos mais ousados foi publicado em fevereiro deste ano na revista Biological Conservation, e reuniu mais de oitenta pesquisadores para mapear \u00e1reas priorit\u00e1rias para restaura\u00e7\u00e3o em todos os biomas brasileiros.<\/span><\/p>\n<p class=\"bullet added-to-list1\" data-v-232111b4=\"\" data-pf_style_display=\"block\" data-pf_style_visibility=\"visible\"><span class=\"text-node\">Um dos crit\u00e9rios utilizados foi a conectividade, que \u00e9 a possibilidade de uma \u00e1rea restaurada servir de corredor entre duas \u00e1reas verdes e permitir a circula\u00e7\u00e3o dos animais. &#8220;Quando as esp\u00e9cies ficam isoladas, isso diminui o interc\u00e2mbio gen\u00e9tico, especialmente para esp\u00e9cies de alta mobilidade como a puma ou a on\u00e7a, que precisam de territ\u00f3rios muito grandes&#8221;, explica Luisa Fernanda Li\u00e9vano-Latorre, pesquisadora do Instituto Internacional para Sustentabilidade e uma das autoras do estudo.<\/span><\/p>\n<p class=\"bullet mt-0 added-to-list1\" data-v-232111b4=\"\" data-pf_style_display=\"block\" data-pf_style_visibility=\"visible\"><span class=\"text-node\">A partir de informa\u00e7\u00f5es de mais de 10 mil esp\u00e9cies nativas de flora e fauna, os cientistas tamb\u00e9m conseguiram avaliar quais \u00e1reas permitiriam um maior ganho de habitat para estas esp\u00e9cies, caso restauradas. Ap\u00f3s reunir todos os dados e coloc\u00e1-los no mapa, os pesquisadores perceberam o papel estrat\u00e9gico das \u00e1reas de transi\u00e7\u00e3o entre diferentes biomas.<\/span><\/p>\n<p class=\"bullet added-to-list1\" data-v-232111b4=\"\" data-pf_style_display=\"block\" data-pf_style_visibility=\"visible\"><span class=\"text-node\">&#8220;Estas s\u00e3o \u00e1reas muito heterog\u00eaneas e com uma riqueza muito alta de esp\u00e9cies e de habitats&#8221;, diz Li\u00e9vano-Latorre. &#8220;Tamb\u00e9m s\u00e3o \u00e1reas que tendem a ter maior press\u00e3o de desmatamento, como a regi\u00e3o de transi\u00e7\u00e3o entre Amaz\u00f4nia e Cerrado&#8221;.<\/span><\/p>\n<figure class=\"embed-wrapper solar-photo-content embed embed-vertical pf-caption added-to-list1 flex-width mediumImage pf-size-full\" data-v-15044903=\"\" data-v-90ea4179=\"\" data-v-232111b4=\"\" data-pf_style_display=\"block\" data-pf_style_visibility=\"visible\">\n<figure class=\"solar-responsive-image m-0 responsive-image pb-100\" data-v-73d45db8=\"\" data-v-15044903=\"\" data-pf_style_display=\"block\" data-pf_style_visibility=\"visible\"><picture class=\"photo-image\" data-v-73d45db8=\"\" data-pf_style_display=\"inline\" data-pf_style_visibility=\"visible\"><source srcset=\"https:\/\/conteudo.imguol.com.br\/c\/entretenimento\/c4\/2025\/03\/19\/pesquisadores-usaram-criterios-de-aumento-de-habitat-e-de-conectividade-para-identificar-as-areas-onde-seria-mais-vantajoso-implementar-projetos-de-restauracao-1742412731637_v2_450x600.png.webp\" type=\"image\/webp\" media=\"(min-width: 1px)\" data-v-73d45db8=\"\" data-pf_style_display=\"inline\" data-pf_style_visibility=\"visible\" \/><source srcset=\"https:\/\/conteudo.imguol.com.br\/c\/entretenimento\/c4\/2025\/03\/19\/pesquisadores-usaram-criterios-de-aumento-de-habitat-e-de-conectividade-para-identificar-as-areas-onde-seria-mais-vantajoso-implementar-projetos-de-restauracao-1742412731637_v2_450x600.png\" type=\"image\/jpeg\" media=\"(min-width: 1px)\" data-v-73d45db8=\"\" data-pf_style_display=\"inline\" data-pf_style_visibility=\"visible\" \/><img data-recalc-dims=\"1\" decoding=\"async\" class=\"caption-img flex-width pf-size-full mediumImage\" title=\"Pesquisadores usaram crit\u00e9rios de aumento de habitat e de conectividade para identificar as \u00e1reas onde seria mais vantajoso implementar projetos de restaura\u00e7\u00e3o\" src=\"https:\/\/i0.wp.com\/conteudo.imguol.com.br\/c\/entretenimento\/c4\/2025\/03\/19\/pesquisadores-usaram-criterios-de-aumento-de-habitat-e-de-conectividade-para-identificar-as-areas-onde-seria-mais-vantajoso-implementar-projetos-de-restauracao-1742412731637_v2_450x600.png?w=450&#038;ssl=1\" srcset=\"https:\/\/conteudo.imguol.com.br\/c\/entretenimento\/c4\/2025\/03\/19\/pesquisadores-usaram-criterios-de-aumento-de-habitat-e-de-conectividade-para-identificar-as-areas-onde-seria-mais-vantajoso-implementar-projetos-de-restauracao-1742412731637_v2_450x600.png.webp\" alt=\"Pesquisadores usaram crit\u00e9rios de aumento de habitat e de conectividade para identificar as \u00e1reas onde seria mais vantajoso implementar projetos de restaura\u00e7\u00e3o\"  data-v-73d45db8=\"\" data-pf_style_display=\"inline\" data-pf_style_visibility=\"visible\" data-pf_rect_width=\"156\" data-pf_rect_height=\"206.875\" \/><\/picture><\/figure><figcaption class=\"solar-caption regular-subtext\" data-v-524617ed=\"\" data-v-15044903=\"\" data-pf_style_display=\"flex\" data-pf_style_visibility=\"visible\"><span class=\"text-node\">Pesquisadores usaram crit\u00e9rios de aumento de habitat e de conectividade para identificar as \u00e1reas onde seria mais vantajoso implementar projetos de restaura\u00e7\u00e3o <\/span><span data-v-524617ed=\"\" data-pf_style_display=\"block\" data-pf_style_visibility=\"visible\"><span class=\"text-node\">Imagem: Li\u00e9vano-Latorre, LF et al<\/span><\/span><\/figcaption><\/figure>\n<p class=\"bullet added-to-list1\" data-v-232111b4=\"\" data-pf_style_display=\"block\" data-pf_style_visibility=\"visible\"><span class=\"text-node\">Al\u00e9m de embasar pol\u00edticas p\u00fablicas, trabalhos como este podem orientar investimentos no crescente mercado de restaura\u00e7\u00e3o brasileiro. Focadas na comercializa\u00e7\u00e3o de cr\u00e9ditos de carbono, empresas do setor t\u00eam atra\u00eddo investimentos de big techs e de bancos nacionais e internacionais.<\/span><\/p>\n<p class=\"bullet added-to-list1\" data-v-232111b4=\"\" data-pf_style_display=\"block\" data-pf_style_visibility=\"visible\"><span class=\"text-node\">\u00c9 o caso da Mombak, que em menos de cinco anos j\u00e1 adquiriu 20 mil hectares na Amaz\u00f4nia e atraiu US$ 340 milh\u00f5es em investimentos de gigantes como o fundo de pens\u00e3o do Canad\u00e1, a Rockefeller Foundation e o Banco Mundial. Apesar de ainda n\u00e3o ter emitido nenhum cr\u00e9dito de carbono, contratos de fornecimento j\u00e1 foram fechados com Google e Microsoft. &#8220;O recurso financeiro existe e est\u00e1 crescendo, mas pelo tamanho do mercado vai necessitar muito mais&#8221;, disse Renato Crouzeilles, diretor de ci\u00eancias da Mombak, \u00e0 Mongabay.<\/span><\/p>\n<p class=\"bullet added-to-list1\" data-v-232111b4=\"\" data-pf_style_display=\"block\" data-pf_style_visibility=\"visible\"><span class=\"text-node\">Outra l\u00edder do setor, a Biomas, foi criada pelos bancos Ita\u00fa Unibanco, Santander, e Rabobank, al\u00e9m da mineradora Vale, a empresa de papel e celulose Suzano e a ind\u00fastria de carne Marfrig. Sua meta \u00e9 regenerar 2 milh\u00f5es de hectares na Amaz\u00f4nia, Mata Atl\u00e2ntica e Cerrado.<\/span><\/p>\n<aside class=\"col-custom col-lg-3\" data-v-0413e3c7=\"\" data-pf_style_display=\"block\" data-pf_style_visibility=\"visible\">\n<aside class=\"stick campaign-container\" data-metric-slot=\"vertical-4-left\" data-v-0413e3c7=\"\" data-pf_style_display=\"block\" data-pf_style_visibility=\"visible\">\n<div class=\"pb-100\" data-cp-id=\"8998as7df98a7dsf98a345f59\" data-nosnippet=\"\" data-v-0794dd0c=\"\" data-pf_style_display=\"block\" data-pf_style_visibility=\"visible\">\n<div data-v-0794dd0c=\"\" data-pf_style_display=\"block\" data-pf_style_visibility=\"visible\">\n<div class=\"solar-offer jupiter-newsletter\" data-v-77ce15fa=\"\" data-v-0794dd0c=\"\" data-pf_style_display=\"block\" data-pf_style_visibility=\"visible\">\n<div class=\"news-notice\" data-v-89491b07=\"\" data-v-77ce15fa=\"\" data-pf_style_display=\"block\" data-pf_style_visibility=\"visible\">\n<div class=\"box pt-100 mt-150 px-100 pb-150\" data-v-89491b07=\"\" data-pf_style_display=\"block\" data-pf_style_visibility=\"visible\">\n<p class=\"regular-subtext pb-100 added-to-list1\" data-v-89491b07=\"\" data-pf_style_display=\"block\" data-pf_style_visibility=\"visible\"><span class=\"text-node\">An\u00e1lises e not\u00edcias sobre a crise clim\u00e1tica selecionadas por um dos maiores especialistas no tema. Toda ter\u00e7a.<\/span><\/p>\n<div class=\"Moc2OMlT\" data-v-89491b07=\"\" data-pf_style_display=\"block\" data-pf_style_visibility=\"visible\">\n<form class=\"grid zNw6jLrf\" data-pf_style_display=\"grid\" data-pf_style_visibility=\"visible\">\n<div class=\"styled-stid-5-12\" data-pf_style_display=\"block\" data-pf_style_visibility=\"visible\">\n<div class=\"solar-input fill main tm-dark\" data-v-81609b4b=\"\" data-pf_style_display=\"block\" data-pf_style_visibility=\"visible\">\n<div class=\"solar-form-field fill tm-dark\" data-v-e0eb57bd=\"\" data-v-81609b4b=\"\" data-pf_style_display=\"block\" data-pf_style_visibility=\"visible\">\n<div class=\"solar-input-content fill main tm-dark\" data-v-e0eb57bd=\"\" data-v-81609b4b=\"\" data-pf_style_display=\"block\" data-pf_style_visibility=\"visible\">\n<p class=\"solar-icon-text-container added-to-list1\">\n<\/div>\n<\/div>\n<\/div>\n<\/div>\n<p class=\"styled-stid-3-12 TXucr71T added-to-list1\">\n<\/form>\n<\/div>\n<\/div>\n<\/div>\n<\/div>\n<\/div>\n<\/div>\n<\/aside>\n<\/aside>\n<div class=\"central-column col-lg-6\" data-v-0413e3c7=\"\" data-pf_style_display=\"block\" data-pf_style_visibility=\"visible\">\n<div class=\"jupiter-paragraph-fragment pf-candidate\" data-v-232111b4=\"\" data-v-0413e3c7=\"\" data-pf_style_display=\"block\" data-pf_style_visibility=\"visible\">\n<figure class=\"embed-wrapper solar-photo-content row-type embed embed-horizontal mt-0 pf-caption flex-width mediumImage pf-size-full\" data-v-15044903=\"\" data-v-90ea4179=\"\" data-v-232111b4=\"\" data-pf_style_display=\"block\" data-pf_style_visibility=\"visible\">\n<figure class=\"solar-responsive-image m-0 responsive-image pb-100\" data-v-73d45db8=\"\" data-v-15044903=\"\" data-pf_style_display=\"block\" data-pf_style_visibility=\"visible\"><picture class=\"photo-image\" data-v-73d45db8=\"\" data-pf_style_display=\"inline\" data-pf_style_visibility=\"visible\"><source srcset=\"https:\/\/conteudo.imguol.com.br\/c\/entretenimento\/40\/2025\/03\/19\/a-mombak-possui-20-mil-hectares-com-projetos-de-reflorestamento-na-amazonia-em-um-modelo-de-negocio-totalmente-dependente-dos-creditos-de-carbono-1742412830458_v2_750x421.png.webp\" type=\"image\/webp\" media=\"(min-width: 1px)\" data-v-73d45db8=\"\" data-pf_style_display=\"inline\" data-pf_style_visibility=\"visible\" \/><source srcset=\"https:\/\/conteudo.imguol.com.br\/c\/entretenimento\/40\/2025\/03\/19\/a-mombak-possui-20-mil-hectares-com-projetos-de-reflorestamento-na-amazonia-em-um-modelo-de-negocio-totalmente-dependente-dos-creditos-de-carbono-1742412830458_v2_750x421.png\" type=\"image\/jpeg\" media=\"(min-width: 1px)\" data-v-73d45db8=\"\" data-pf_style_display=\"inline\" data-pf_style_visibility=\"visible\" \/><img data-recalc-dims=\"1\" decoding=\"async\" class=\"caption-img flex-width pf-size-full mediumImage\" title=\"A Mombak possui 20 mil hectares com projetos de reflorestamento na Amaz\u00f4nia, em um modelo de neg\u00f3cio totalmente dependente dos cr\u00e9ditos de carbono\" src=\"https:\/\/i0.wp.com\/conteudo.imguol.com.br\/c\/entretenimento\/40\/2025\/03\/19\/a-mombak-possui-20-mil-hectares-com-projetos-de-reflorestamento-na-amazonia-em-um-modelo-de-negocio-totalmente-dependente-dos-creditos-de-carbono-1742412830458_v2_750x421.png?w=600&#038;ssl=1\" srcset=\"https:\/\/conteudo.imguol.com.br\/c\/entretenimento\/40\/2025\/03\/19\/a-mombak-possui-20-mil-hectares-com-projetos-de-reflorestamento-na-amazonia-em-um-modelo-de-negocio-totalmente-dependente-dos-creditos-de-carbono-1742412830458_v2_750x421.png.webp\" alt=\"A Mombak possui 20 mil hectares com projetos de reflorestamento na Amaz\u00f4nia, em um modelo de neg\u00f3cio totalmente dependente dos cr\u00e9ditos de carbono\"  data-v-73d45db8=\"\" data-pf_style_display=\"inline\" data-pf_style_visibility=\"visible\" data-pf_rect_width=\"800\" data-pf_rect_height=\"41.375\" \/><\/picture><\/figure><figcaption class=\"solar-caption regular-subtext\" data-v-524617ed=\"\" data-v-15044903=\"\" data-pf_style_display=\"flex\" data-pf_style_visibility=\"visible\"><span class=\"text-node\">A Mombak possui 20 mil hectares com projetos de reflorestamento na Amaz\u00f4nia, em um modelo de neg\u00f3cio totalmente dependente dos cr\u00e9ditos de carbono <\/span><span data-v-524617ed=\"\" data-pf_style_display=\"block\" data-pf_style_visibility=\"visible\"><span class=\"text-node\">Imagem: Raimundo Pacco?\/Mombak<\/span><\/span><\/figcaption><\/figure>\n<p class=\"bullet added-to-list1\" data-v-232111b4=\"\" data-pf_style_display=\"block\" data-pf_style_visibility=\"visible\"><span class=\"text-node\">Para estas empresas, cujo modelo de neg\u00f3cio depende do carbono, a capacidade de absor\u00e7\u00e3o de gases do efeito estufa \u00e9 um fator decisivo na escolha da \u00e1rea a ser restaurada. Segundo os pesquisadores, no entanto, outros benef\u00edcios tamb\u00e9m devem entrar na conta.<\/span><\/p>\n<p class=\"bullet added-to-list1\" data-v-232111b4=\"\" data-pf_style_display=\"block\" data-pf_style_visibility=\"visible\"><span class=\"text-node\">Paisagens do Cerrado, por exemplo, podem n\u00e3o ser t\u00e3o eficientes quanto a Amaz\u00f4nia na estocagem do carbono, mas s\u00e3o fundamentais para o abastecimento de \u00e1gua de oito das 12 principais bacias hidrogr\u00e1ficas do pa\u00eds. &#8220;Talvez se a gente mudasse esse foco [do carbono] para atender tamb\u00e9m outros crit\u00e9rios importantes, como a \u00e1gua e a biodiversidade, a gente conseguisse dar mais aten\u00e7\u00e3o a outros biomas que tamb\u00e9m est\u00e3o super amea\u00e7ados&#8221;, disse Sch\u00fcler, que trabalhou em um estudo para identificar \u00e1reas priorit\u00e1rias para restaura\u00e7\u00e3o no Cerrado.<\/span><\/p>\n<p class=\"bullet added-to-list1\" data-v-232111b4=\"\" data-pf_style_display=\"block\" data-pf_style_visibility=\"visible\"><span class=\"text-node\">O maior potencial de restaura\u00e7\u00e3o no Brasil est\u00e1 em fazendas cujos propriet\u00e1rios desmataram ilegalmente \u00e1reas de preserva\u00e7\u00e3o permanente ou de reserva legal, e que por lei precisam ser recuperadas. &#8220;A restaura\u00e7\u00e3o deve ocorrer onde a legisla\u00e7\u00e3o prev\u00ea&#8221;, diz Rubens Benini, l\u00edder de Florestas e Restaura\u00e7\u00e3o da TNC Brasil.<\/span><\/p>\n<p class=\"bullet added-to-list1\" data-v-232111b4=\"\" data-pf_style_display=\"block\" data-pf_style_visibility=\"visible\"><span class=\"text-node\">Segundo o Term\u00f4metro do C\u00f3digo Florestal, existem 20,7 milh\u00f5es de hectares nestas condi\u00e7\u00f5es espalhados pelo territ\u00f3rio nacional, quase o dobro da meta de 12 milh\u00f5es de hectares assumida pelo Brasil no chamado Plano Nacional de Recupera\u00e7\u00e3o da Vegeta\u00e7\u00e3o Nativa (Planaveg). Criado em 2017 e engavetado pelo ex-presidente <\/span><a href=\"https:\/\/noticias.uol.com.br\/politica\/governo-bolsonaro\/\" data-pf_style_display=\"inline\" data-pf_style_visibility=\"visible\"><span class=\"text-node\">Jair Bolsonaro<\/span><\/a><span class=\"text-node\">(2019 &#8211; 2022) o plano foi retomado pelo Presidente <\/span><a href=\"https:\/\/noticias.uol.com.br\/politica\/lula\/\" data-pf_style_display=\"inline\" data-pf_style_visibility=\"visible\"><span class=\"text-node\">Luiz In\u00e1cio Lula da Silva<\/span><\/a><span class=\"text-node\"> em outubro de 2024.<\/span><\/p>\n<p class=\"bullet added-to-list1\" data-v-232111b4=\"\" data-pf_style_display=\"block\" data-pf_style_visibility=\"visible\"><span class=\"text-node\">&#8220;O plano estava indo bem at\u00e9 que a gente teve uma gest\u00e3o que exclui a sociedade civil deste processo&#8221;, lembra Benini, um dos representantes do conselho respons\u00e1vel por implementar o Planaveg. &#8220;Estamos felizes com a nova vers\u00e3o do plano. Agora \u00e9 cobrar para que a coisa ande, e a gente tamb\u00e9m quer contribuir para que isso aconte\u00e7a&#8221;.<\/span><\/p>\n<p class=\"bullet mt-0 added-to-list1\" data-v-232111b4=\"\" data-pf_style_display=\"block\" data-pf_style_visibility=\"visible\"><span class=\"text-node\">O governo federal trabalha no seu pr\u00f3prio mapa de \u00e1reas priorit\u00e1rias para restaura\u00e7\u00e3o, em parceria com universidades, institutos de pesquisa e organiza\u00e7\u00f5es n\u00e3o-governamentais. Segundo o Minist\u00e9rio do Meio Ambiente, o mapa vai integrar crit\u00e9rios como conserva\u00e7\u00e3o da biodiversidade, mitiga\u00e7\u00e3o das mudan\u00e7as clim\u00e1ticas, disponibilidade h\u00eddrica e custos de implementa\u00e7\u00e3o e oportunidade, com o objetivo de &#8220;direcionar investimentos \u00e0s \u00e1reas com maior potencial de retorno ambiental e econ\u00f4mico&#8221;. O trabalho deve ser conclu\u00eddo em outubro de 2025.<\/span><\/p>\n<p class=\"bullet added-to-list1\" data-v-232111b4=\"\" data-pf_style_display=\"block\" data-pf_style_visibility=\"visible\"><em data-pf_style_display=\"inline\" data-pf_style_visibility=\"visible\"><span class=\"text-node\">Por Fernanda Wenzel<\/span><\/em><\/p>\n<p class=\"bullet added-to-list1\" data-v-232111b4=\"\" data-pf_style_display=\"block\" data-pf_style_visibility=\"visible\"><em data-pf_style_display=\"inline\" data-pf_style_visibility=\"visible\"><span class=\"text-node\">*Not\u00edcias da Floresta \u00e9 uma coluna que traz reportagens sobre sustentabilidade e meio ambiente produzidas pela ag\u00eancia de not\u00edcias Mongabay, publicadas semanalmente em Ecoa. Esta reportagem foi <\/span><a href=\"https:\/\/brasil.mongabay.com\/2025\/03\/pesquisadores-identificam-areas-prioritarias-para-restauracao-nos-biomas-brasileiros\/\" target=\"_blank\" rel=\"noopener\" data-pf_style_display=\"inline\" data-pf_style_visibility=\"visible\"><span class=\"text-node\">originalmente publicada no site da Mongabay Brasil.<\/span><\/a><\/em><\/p>\n<\/div>\n<\/div>\n<\/div>\n<\/div>\n<\/div>\n<\/div>\n<\/div>\n","protected":false},"excerpt":{"rendered":"<p>UOL &#8211; O governo do Par\u00e1 anunciou no in\u00edcio de mar\u00e7o que ir\u00e1 conceder 30 mil hectares para empresas de restaura\u00e7\u00e3o florestal na regi\u00e3o do Triunfo do Xingu, uma das mais desmatadas da Amaz\u00f4nia. O modelo deve replicar o edital lan\u00e7ado no final de 2024 para a \u00c1rea de Prote\u00e7\u00e3o Ambiental Triunfo do Xingu, onde&#8230;<a class=\"more-link\" href=\"http:\/\/blogdalucianaoliveira.com.br\/blog\/2025\/03\/20\/pesquisadores-apontam-areas-prioritarias-para-restauracao-no-brasil\/\">Continue a leitura <span class=\"meta-nav\">&raquo;<\/span><\/a><\/p>\n","protected":false},"author":1,"featured_media":0,"comment_status":"closed","ping_status":"open","sticky":false,"template":"","format":"standard","meta":{"_exactmetrics_skip_tracking":false,"_exactmetrics_sitenote_active":false,"_exactmetrics_sitenote_note":"","_exactmetrics_sitenote_category":0,"jetpack_post_was_ever_published":false,"_jetpack_newsletter_access":"","_jetpack_dont_email_post_to_subs":false,"_jetpack_newsletter_tier_id":0,"_jetpack_memberships_contains_paywalled_content":false,"_jetpack_memberships_contains_paid_content":false,"footnotes":"","jetpack_publicize_message":"","jetpack_publicize_feature_enabled":true,"jetpack_social_post_already_shared":true,"jetpack_social_options":{"image_generator_settings":{"template":"highway","enabled":false},"version":2}},"categories":[1],"tags":[1281,1280,1279],"class_list":["post-36607","post","type-post","status-publish","format-standard","hentry","category-notas","tag-areas-degradadas","tag-florestas","tag-restauracao"],"jetpack_publicize_connections":[],"jetpack_sharing_enabled":true,"jetpack_featured_media_url":"","jetpack_shortlink":"https:\/\/wp.me\/p7wKYW-9wr","jetpack-related-posts":[],"_links":{"self":[{"href":"http:\/\/blogdalucianaoliveira.com.br\/blog\/wp-json\/wp\/v2\/posts\/36607","targetHints":{"allow":["GET"]}}],"collection":[{"href":"http:\/\/blogdalucianaoliveira.com.br\/blog\/wp-json\/wp\/v2\/posts"}],"about":[{"href":"http:\/\/blogdalucianaoliveira.com.br\/blog\/wp-json\/wp\/v2\/types\/post"}],"author":[{"embeddable":true,"href":"http:\/\/blogdalucianaoliveira.com.br\/blog\/wp-json\/wp\/v2\/users\/1"}],"replies":[{"embeddable":true,"href":"http:\/\/blogdalucianaoliveira.com.br\/blog\/wp-json\/wp\/v2\/comments?post=36607"}],"version-history":[{"count":1,"href":"http:\/\/blogdalucianaoliveira.com.br\/blog\/wp-json\/wp\/v2\/posts\/36607\/revisions"}],"predecessor-version":[{"id":36609,"href":"http:\/\/blogdalucianaoliveira.com.br\/blog\/wp-json\/wp\/v2\/posts\/36607\/revisions\/36609"}],"wp:attachment":[{"href":"http:\/\/blogdalucianaoliveira.com.br\/blog\/wp-json\/wp\/v2\/media?parent=36607"}],"wp:term":[{"taxonomy":"category","embeddable":true,"href":"http:\/\/blogdalucianaoliveira.com.br\/blog\/wp-json\/wp\/v2\/categories?post=36607"},{"taxonomy":"post_tag","embeddable":true,"href":"http:\/\/blogdalucianaoliveira.com.br\/blog\/wp-json\/wp\/v2\/tags?post=36607"}],"curies":[{"name":"wp","href":"https:\/\/api.w.org\/{rel}","templated":true}]}}