{"id":36613,"date":"2025-03-20T11:30:13","date_gmt":"2025-03-20T15:30:13","guid":{"rendered":"https:\/\/blogdalucianaoliveira.com.br\/blog\/?p=36613"},"modified":"2025-03-20T11:30:13","modified_gmt":"2025-03-20T15:30:13","slug":"porto-velho-sedia-i-forum-intermunicipal-de-enfrentamento-a-violencia-contra-a-mulher","status":"publish","type":"post","link":"http:\/\/blogdalucianaoliveira.com.br\/blog\/2025\/03\/20\/porto-velho-sedia-i-forum-intermunicipal-de-enfrentamento-a-violencia-contra-a-mulher\/","title":{"rendered":"Porto Velho sedia I F\u00f3rum Intermunicipal de Enfrentamento \u00e0 viol\u00eancia contra a Mulher"},"content":{"rendered":"<p><img data-recalc-dims=\"1\" loading=\"lazy\" decoding=\"async\" data-attachment-id=\"36614\" data-permalink=\"http:\/\/blogdalucianaoliveira.com.br\/blog\/2025\/03\/20\/porto-velho-sedia-i-forum-intermunicipal-de-enfrentamento-a-violencia-contra-a-mulher\/2d447e3c-1f00-4a02-97b5-c03e17b814bf\/\" data-orig-file=\"https:\/\/i0.wp.com\/blogdalucianaoliveira.com.br\/blog\/wp-content\/uploads\/2025\/03\/2d447e3c-1f00-4a02-97b5-c03e17b814bf.jpeg?fit=1600%2C901\" data-orig-size=\"1600,901\" data-comments-opened=\"0\" data-image-meta=\"{&quot;aperture&quot;:&quot;0&quot;,&quot;credit&quot;:&quot;&quot;,&quot;camera&quot;:&quot;&quot;,&quot;caption&quot;:&quot;&quot;,&quot;created_timestamp&quot;:&quot;0&quot;,&quot;copyright&quot;:&quot;&quot;,&quot;focal_length&quot;:&quot;0&quot;,&quot;iso&quot;:&quot;0&quot;,&quot;shutter_speed&quot;:&quot;0&quot;,&quot;title&quot;:&quot;&quot;,&quot;orientation&quot;:&quot;0&quot;}\" data-image-title=\"2d447e3c-1f00-4a02-97b5-c03e17b814bf\" data-image-description=\"\" data-image-caption=\"\" data-medium-file=\"https:\/\/i0.wp.com\/blogdalucianaoliveira.com.br\/blog\/wp-content\/uploads\/2025\/03\/2d447e3c-1f00-4a02-97b5-c03e17b814bf.jpeg?fit=300%2C169\" data-large-file=\"https:\/\/i0.wp.com\/blogdalucianaoliveira.com.br\/blog\/wp-content\/uploads\/2025\/03\/2d447e3c-1f00-4a02-97b5-c03e17b814bf.jpeg?fit=600%2C338\" class=\"alignnone size-medium wp-image-36614\" src=\"https:\/\/i0.wp.com\/blogdalucianaoliveira.com.br\/blog\/wp-content\/uploads\/2025\/03\/2d447e3c-1f00-4a02-97b5-c03e17b814bf.jpeg?resize=300%2C169\" alt=\"\" width=\"300\" height=\"169\" srcset=\"https:\/\/i0.wp.com\/blogdalucianaoliveira.com.br\/blog\/wp-content\/uploads\/2025\/03\/2d447e3c-1f00-4a02-97b5-c03e17b814bf.jpeg?resize=300%2C169 300w, https:\/\/i0.wp.com\/blogdalucianaoliveira.com.br\/blog\/wp-content\/uploads\/2025\/03\/2d447e3c-1f00-4a02-97b5-c03e17b814bf.jpeg?resize=1024%2C577 1024w, https:\/\/i0.wp.com\/blogdalucianaoliveira.com.br\/blog\/wp-content\/uploads\/2025\/03\/2d447e3c-1f00-4a02-97b5-c03e17b814bf.jpeg?resize=768%2C432 768w, https:\/\/i0.wp.com\/blogdalucianaoliveira.com.br\/blog\/wp-content\/uploads\/2025\/03\/2d447e3c-1f00-4a02-97b5-c03e17b814bf.jpeg?resize=1536%2C865 1536w, https:\/\/i0.wp.com\/blogdalucianaoliveira.com.br\/blog\/wp-content\/uploads\/2025\/03\/2d447e3c-1f00-4a02-97b5-c03e17b814bf.jpeg?resize=533%2C300 533w, https:\/\/i0.wp.com\/blogdalucianaoliveira.com.br\/blog\/wp-content\/uploads\/2025\/03\/2d447e3c-1f00-4a02-97b5-c03e17b814bf.jpeg?w=1600 1600w, https:\/\/i0.wp.com\/blogdalucianaoliveira.com.br\/blog\/wp-content\/uploads\/2025\/03\/2d447e3c-1f00-4a02-97b5-c03e17b814bf.jpeg?w=1200 1200w\" sizes=\"auto, (max-width: 300px) 100vw, 300px\" \/><\/p>\n<p>Rond\u00f4nia \u00e9 o estado que mais mata mulheres por feminic\u00eddio e tem a capital que \u00e9 a 2\u00ba cidade com maior taxa de estupro de crian\u00e7as at\u00e9 14 anos do pa\u00eds (Dados do Anu\u00e1rio da Seguran\u00e7a P\u00fablica, 2024).<\/p>\n<p><!--more--><\/p>\n<p>O I F\u00f3rum Intermunicipal de Enfrentamento \u00e0 viol\u00eancia contra a Mulher faz parte das a\u00e7\u00f5es integradas do 8 de mar\u00e7o, sendo uma iniciativa do F\u00f3rum Popular de Mulheres e do Levante Feminista contra o Feminic\u00eddio, Transfeminic\u00eddio e o Lesboc\u00eddio. A a\u00e7\u00e3o contempla v\u00e1rias atividades no dia 25 de mar\u00e7o, Dia pelo fim do Feminic\u00eddio em Rond\u00f4nia, envolvendo as organiza\u00e7\u00f5es da sociedade civil do munic\u00edpio de Porto Velho e do Estado de Rond\u00f4nia.<\/p>\n<p>O evento ocorrer\u00e1 no pr\u00f3ximo dia 25\/03 a partir das 9 horas, na sede do Sindicato dos Trabalhadores de Telecomunica\u00e7\u00f5es de Rond\u00f4nia &#8211; SINTTEL, localizado na rua Santos Dumont, 198, bairro Caiari. Para participa\u00e7\u00e3o as representantes governamentais, de coletivos, pesquisadores e estudantes devem realizar sua inscri\u00e7\u00e3o via googleforms <a href=\"https:\/\/forms.gle\/zAt32q7ECmTCni587\">https:\/\/forms.gle\/zAt32q7ECmTCni587<\/a> pois, as vagas s\u00e3o limitadas para cada categoria.<\/p>\n<p><img data-recalc-dims=\"1\" loading=\"lazy\" decoding=\"async\" data-attachment-id=\"36616\" data-permalink=\"http:\/\/blogdalucianaoliveira.com.br\/blog\/2025\/03\/20\/porto-velho-sedia-i-forum-intermunicipal-de-enfrentamento-a-violencia-contra-a-mulher\/a90cea1e-effd-4e5f-8a97-6200968e045f\/\" data-orig-file=\"https:\/\/i0.wp.com\/blogdalucianaoliveira.com.br\/blog\/wp-content\/uploads\/2025\/03\/a90cea1e-effd-4e5f-8a97-6200968e045f.jpeg?fit=1080%2C1080\" data-orig-size=\"1080,1080\" data-comments-opened=\"0\" data-image-meta=\"{&quot;aperture&quot;:&quot;0&quot;,&quot;credit&quot;:&quot;&quot;,&quot;camera&quot;:&quot;&quot;,&quot;caption&quot;:&quot;&quot;,&quot;created_timestamp&quot;:&quot;0&quot;,&quot;copyright&quot;:&quot;&quot;,&quot;focal_length&quot;:&quot;0&quot;,&quot;iso&quot;:&quot;0&quot;,&quot;shutter_speed&quot;:&quot;0&quot;,&quot;title&quot;:&quot;&quot;,&quot;orientation&quot;:&quot;0&quot;}\" data-image-title=\"a90cea1e-effd-4e5f-8a97-6200968e045f\" data-image-description=\"\" data-image-caption=\"\" data-medium-file=\"https:\/\/i0.wp.com\/blogdalucianaoliveira.com.br\/blog\/wp-content\/uploads\/2025\/03\/a90cea1e-effd-4e5f-8a97-6200968e045f.jpeg?fit=300%2C300\" data-large-file=\"https:\/\/i0.wp.com\/blogdalucianaoliveira.com.br\/blog\/wp-content\/uploads\/2025\/03\/a90cea1e-effd-4e5f-8a97-6200968e045f.jpeg?fit=600%2C600\" class=\"alignnone size-medium wp-image-36616\" src=\"https:\/\/i0.wp.com\/blogdalucianaoliveira.com.br\/blog\/wp-content\/uploads\/2025\/03\/a90cea1e-effd-4e5f-8a97-6200968e045f.jpeg?resize=300%2C300\" alt=\"\" width=\"300\" height=\"300\" srcset=\"https:\/\/i0.wp.com\/blogdalucianaoliveira.com.br\/blog\/wp-content\/uploads\/2025\/03\/a90cea1e-effd-4e5f-8a97-6200968e045f.jpeg?resize=300%2C300 300w, https:\/\/i0.wp.com\/blogdalucianaoliveira.com.br\/blog\/wp-content\/uploads\/2025\/03\/a90cea1e-effd-4e5f-8a97-6200968e045f.jpeg?resize=1024%2C1024 1024w, https:\/\/i0.wp.com\/blogdalucianaoliveira.com.br\/blog\/wp-content\/uploads\/2025\/03\/a90cea1e-effd-4e5f-8a97-6200968e045f.jpeg?resize=150%2C150 150w, https:\/\/i0.wp.com\/blogdalucianaoliveira.com.br\/blog\/wp-content\/uploads\/2025\/03\/a90cea1e-effd-4e5f-8a97-6200968e045f.jpeg?resize=768%2C768 768w, https:\/\/i0.wp.com\/blogdalucianaoliveira.com.br\/blog\/wp-content\/uploads\/2025\/03\/a90cea1e-effd-4e5f-8a97-6200968e045f.jpeg?w=1080 1080w\" sizes=\"auto, (max-width: 300px) 100vw, 300px\" \/><\/p>\n<p>Diante do cen\u00e1rio alarmante de viol\u00eancia cometida contra as mulheres e meninas diariamente, Rond\u00f4nia se torna o estado com maior taxa de feminic\u00eddio do pa\u00eds, al\u00e9m de ter altas taxas de estupro de vulner\u00e1veis na capital, Porto Velho, mas apesar disso,<a href=\"https:\/\/www.gov.br\/mulheres\/pt-br\/central-de-conteudos\/noticias\/2024\/novembro\/estados-aderem-a-pacto-de-prevencao-aos-feminicidios-e-firmam-acordos-de-cooperacao-para-definicao-de-encaminhamento-de-denuncias-do-ligue-180\"> o Estado n\u00e3o assinou o Pacto Nacional de Enfrentamento aos Feminic\u00eddios do governo federal em novembro de 2024, no Encontro de Gestoras Estaduais em Bras\u00edlia.<\/a><\/p>\n<p>Dessa forma, mulheres da cidade, dos campos, das florestas se reunir\u00e3o neste I F\u00f3rum Intermunicipal de Enfrentamento \u00e0 viol\u00eancia contra a Mulher juntamente com representantes do Minist\u00e9rio das Mulheres, visando discutir sobre o Pacto Nacional do Plano Nacional contra o Feminic\u00eddio e construir estrat\u00e9gias de enfrentamento da viol\u00eancia baseada em g\u00eanero, a partir de a\u00e7\u00f5es que potencializam a preven\u00e7\u00e3o, o cuidado e a prote\u00e7\u00e3o social das mulheres em Rond\u00f4nia. Al\u00e9m disso, articular e integrar a\u00e7\u00f5es e estrat\u00e9gias de preven\u00e7\u00e3o no enfrentamento a Viol\u00eancia contra a mulher e ao Feminic\u00eddio, a partir da Campanha Nacional do Levante Feminista contra o Feminic\u00eddio, Transfeminic\u00eddio e lesboc\u00eddio e do Plano Nacional contra o Feminic\u00eddio.<\/p>\n<p>Segue a programa\u00e7\u00e3o do dia 25\/03 no SINTTEL, a partir das 9 horas.<\/p>\n<p>8h30 \u00e0s 9h -Credenciamento e acolhimento<\/p>\n<p>9h \u2013 Mesa de abertura: Organiza\u00e7\u00f5es da Sociedade Civil, Deputada Estadual Cl\u00e1udia de Jesus e Minist\u00e9rio das Mulheres<\/p>\n<p>9h30h \u2013 Mesa Expositiva:<\/p>\n<p>Painel I: Narrativas sobre a incid\u00eancia da Viol\u00eancia contra Mulher e do Feminic\u00eddio sob a perspectiva intersecional na sociedade brasileira<\/p>\n<p>&#8211; Dra. Rosimar Francelino, Advogada, ativista do Levante Feminista contra o Feminic\u00eddio, Transfeminic\u00eddio e Lesboc\u00eddio e coordenadora da Rede Lil\u00e1s<\/p>\n<p>&#8211; Dra. Ida P\u00e9rea, M\u00e9dica Ginecologista e Obstetr\u00edcia, membro do F\u00f3rum Popular de Mulheres, Presidente da Assogiro\/FEBRASGO \u2013 RO<\/p>\n<p>&#8211; Dra. Joice Gushy Mota Azevedo &#8211; Promotora de Justi\u00e7a \u2013 MPRO<\/p>\n<p>10h30 &#8211; Painel II: Feminic\u00eddio Zero &#8211; Plano Nacional contra o Feminic\u00eddio \u2013 constru\u00e7\u00e3o de pactos e estrat\u00e9gias de implementa\u00e7\u00e3o do Plano Nacional com a participa\u00e7\u00e3o das Organiza\u00e7\u00f5es da Sociedade Civil e Munic\u00edpios<\/p>\n<ul>\n<li>Dra. Lucimara Cardozo, Coordenadora de Mobiliza\u00e7\u00e3o Nacional pelo Feminic\u00eddio Zero \u2013 Assessora de Gabinete do Minist\u00e9rio das Mulheres\/Governo Federal\/ Confer\u00eancia Nacional da Mulher \u2013 Plataforma livres<\/li>\n<li>Dra. Lu Carvalho \u2013 Secretaria Nacional de Articula\u00e7\u00e3o Institucional, A\u00e7\u00f5es Tem\u00e1ticas e Participa\u00e7\u00e3o<\/li>\n<\/ul>\n<p>11h30 \u2013 Considera\u00e7\u00f5es e indaga\u00e7\u00f5es<\/p>\n<p>11h50 \u2013 Intervalo<\/p>\n<p>12h10 \u2013 Delibera\u00e7\u00f5es: Estrat\u00e9gias para preven\u00e7\u00e3o da Viol\u00eancia contra mulher e feminic\u00eddio no \u00e2mbito do Pacto Nacional do PNCF\/MM; Constitui\u00e7\u00e3o do Grupo de Trabalho para Gest\u00e3o do PNCF\/RO<\/p>\n<ul>\n<li>Benedita Nascimento (FPM\/LEVANTE FEMINISTA), Euzilene Nascimento (CUT-RO) e Rosilei Nillio (FETAGRO)<\/li>\n<\/ul>\n<p>14h &#8211; Encerramento<\/p>\n<p>FEMINIC\u00cdDIO<\/p>\n<p>De acordo com o <a href=\"https:\/\/publicacoes.forumseguranca.org.br\/items\/f62c4196-561d-452d-a2a8-9d33d1163af0\">18\u00ba Anu\u00e1rio da Seguran\u00e7a P\u00fablica (2024),<\/a> houve um aumento de 0,8% no n\u00famero de feminic\u00eddios em rela\u00e7\u00e3o ao ano de 2022, sendo 1.467 mulheres mortas por raz\u00f5es de g\u00eanero, ou seja, por ser mulher, sendo o maior n\u00famero j\u00e1 registrado desde a publica\u00e7\u00e3o da Lei n\u00ba 13.104\/2015, que tipifica o crime. O feminic\u00eddio \u00e9 o \u00faltimo ponto do ciclo da viol\u00eancia dom\u00e9stica que uma mulher pode enfrentar e hoje no pa\u00eds encaramos uma taxa de 1,4 mulheres mortas para cada 100.000 mulheres. O Estado de Rond\u00f4nia, com taxa mais alta que a m\u00e9dia nacional (2,6%), lidera o ranking da taxa de feminic\u00eddio no pa\u00eds, seguido por Mato Grosso (2,5); Acre (2,4) e Tocantins (2,4). Os dados da Seguran\u00e7a P\u00fablica indicam que 12,7% das v\u00edtimas de feminic\u00eddio no pa\u00eds tinham uma medida protetiva de urg\u00eancia ativa no momento do \u00f3bito.<\/p>\n<p><img data-recalc-dims=\"1\" loading=\"lazy\" decoding=\"async\" data-attachment-id=\"36612\" data-permalink=\"http:\/\/blogdalucianaoliveira.com.br\/blog\/?attachment_id=36612\" data-orig-file=\"https:\/\/i0.wp.com\/blogdalucianaoliveira.com.br\/blog\/wp-content\/uploads\/2025\/03\/IMG_9860.jpeg?fit=1099%2C578\" data-orig-size=\"1099,578\" data-comments-opened=\"0\" data-image-meta=\"{&quot;aperture&quot;:&quot;0&quot;,&quot;credit&quot;:&quot;&quot;,&quot;camera&quot;:&quot;&quot;,&quot;caption&quot;:&quot;&quot;,&quot;created_timestamp&quot;:&quot;0&quot;,&quot;copyright&quot;:&quot;&quot;,&quot;focal_length&quot;:&quot;0&quot;,&quot;iso&quot;:&quot;0&quot;,&quot;shutter_speed&quot;:&quot;0&quot;,&quot;title&quot;:&quot;&quot;,&quot;orientation&quot;:&quot;1&quot;}\" data-image-title=\"IMG_9860\" data-image-description=\"\" data-image-caption=\"\" data-medium-file=\"https:\/\/i0.wp.com\/blogdalucianaoliveira.com.br\/blog\/wp-content\/uploads\/2025\/03\/IMG_9860.jpeg?fit=300%2C158\" data-large-file=\"https:\/\/i0.wp.com\/blogdalucianaoliveira.com.br\/blog\/wp-content\/uploads\/2025\/03\/IMG_9860.jpeg?fit=600%2C316\" class=\"alignnone size-medium wp-image-36612\" src=\"https:\/\/i0.wp.com\/blogdalucianaoliveira.com.br\/blog\/wp-content\/uploads\/2025\/03\/IMG_9860.jpeg?resize=300%2C158\" alt=\"\" width=\"300\" height=\"158\" srcset=\"https:\/\/i0.wp.com\/blogdalucianaoliveira.com.br\/blog\/wp-content\/uploads\/2025\/03\/IMG_9860.jpeg?resize=300%2C158 300w, https:\/\/i0.wp.com\/blogdalucianaoliveira.com.br\/blog\/wp-content\/uploads\/2025\/03\/IMG_9860.jpeg?resize=1024%2C539 1024w, https:\/\/i0.wp.com\/blogdalucianaoliveira.com.br\/blog\/wp-content\/uploads\/2025\/03\/IMG_9860.jpeg?resize=768%2C404 768w, https:\/\/i0.wp.com\/blogdalucianaoliveira.com.br\/blog\/wp-content\/uploads\/2025\/03\/IMG_9860.jpeg?resize=570%2C300 570w, https:\/\/i0.wp.com\/blogdalucianaoliveira.com.br\/blog\/wp-content\/uploads\/2025\/03\/IMG_9860.jpeg?w=1099 1099w\" sizes=\"auto, (max-width: 300px) 100vw, 300px\" \/><\/p>\n<p>Fonte: Anu\u00e1rio Brasileiro de Seguran\u00e7a P\u00fablica\/ F\u00f3rum da Seguran\u00e7a P\u00fablica (2024)<\/p>\n<p>Dispon\u00edvel em:<\/p>\n<p>O LEVANTE FEMINISTA<\/p>\n<p><img data-recalc-dims=\"1\" loading=\"lazy\" decoding=\"async\" data-attachment-id=\"36611\" data-permalink=\"http:\/\/blogdalucianaoliveira.com.br\/blog\/?attachment_id=36611\" data-orig-file=\"https:\/\/i0.wp.com\/blogdalucianaoliveira.com.br\/blog\/wp-content\/uploads\/2025\/03\/IMG_9859.jpeg?fit=975%2C554\" data-orig-size=\"975,554\" data-comments-opened=\"0\" data-image-meta=\"{&quot;aperture&quot;:&quot;0&quot;,&quot;credit&quot;:&quot;&quot;,&quot;camera&quot;:&quot;&quot;,&quot;caption&quot;:&quot;&quot;,&quot;created_timestamp&quot;:&quot;0&quot;,&quot;copyright&quot;:&quot;&quot;,&quot;focal_length&quot;:&quot;0&quot;,&quot;iso&quot;:&quot;0&quot;,&quot;shutter_speed&quot;:&quot;0&quot;,&quot;title&quot;:&quot;&quot;,&quot;orientation&quot;:&quot;1&quot;}\" data-image-title=\"IMG_9859\" data-image-description=\"\" data-image-caption=\"\" data-medium-file=\"https:\/\/i0.wp.com\/blogdalucianaoliveira.com.br\/blog\/wp-content\/uploads\/2025\/03\/IMG_9859.jpeg?fit=300%2C170\" data-large-file=\"https:\/\/i0.wp.com\/blogdalucianaoliveira.com.br\/blog\/wp-content\/uploads\/2025\/03\/IMG_9859.jpeg?fit=600%2C341\" class=\"alignnone size-medium wp-image-36611\" src=\"https:\/\/i0.wp.com\/blogdalucianaoliveira.com.br\/blog\/wp-content\/uploads\/2025\/03\/IMG_9859.jpeg?resize=300%2C170\" alt=\"\" width=\"300\" height=\"170\" srcset=\"https:\/\/i0.wp.com\/blogdalucianaoliveira.com.br\/blog\/wp-content\/uploads\/2025\/03\/IMG_9859.jpeg?resize=300%2C170 300w, https:\/\/i0.wp.com\/blogdalucianaoliveira.com.br\/blog\/wp-content\/uploads\/2025\/03\/IMG_9859.jpeg?resize=768%2C436 768w, https:\/\/i0.wp.com\/blogdalucianaoliveira.com.br\/blog\/wp-content\/uploads\/2025\/03\/IMG_9859.jpeg?resize=528%2C300 528w, https:\/\/i0.wp.com\/blogdalucianaoliveira.com.br\/blog\/wp-content\/uploads\/2025\/03\/IMG_9859.jpeg?w=975 975w\" sizes=\"auto, (max-width: 300px) 100vw, 300px\" \/><\/p>\n<p>Imagem: Luciana Oliveira<\/p>\n<p>O Levante Feminista contra o Feminic\u00eddio, Transfeminic\u00eddio e Lesboc\u00eddio, nasceu com o desejo de lutar pelo fim do feminic\u00eddio e todas as formas de viola\u00e7\u00e3o de direitos humanos que afetam e ceifam a vida de mulheres e meninas no territ\u00f3rio brasileiro. \u00c9 uma frente suprapartid\u00e1ria formada por movimentos feministas, organiza\u00e7\u00f5es e mulheres diversas que tem como objetivo sensibilizar, mobilizar e denunciar \u00e0 sociedade o aumento dos casos de feminic\u00eddios e exigir medidas efetivas de prote\u00e7\u00e3o \u00e0 vida das mulheres.<\/p>\n<p>O Levante Feminista em Rond\u00f4nia buscando entender as demandas locais com rela\u00e7\u00e3o \u00e0s dificuldades para prote\u00e7\u00e3o de v\u00edtimas de viol\u00eancia dom\u00e9stica e cria\u00e7\u00e3o de uma rede de apoio, realizou neste ano o I Encontro Estadual contra o Feminic\u00eddio, Lesboc\u00eddio e Transfeminic\u00eddio nos munic\u00edpios de Vilhena, JI-Paran\u00e1, Ouro Preto d\u2019Oeste, Pimenta Bueno e Cacoal, visando articula\u00e7\u00e3o das campanhas pelo fim da viol\u00eancia contra mulheres e feminic\u00eddio no Estado.<\/p>\n<p>Somos mulheres feministas brasileiras, antifascistas, antirracistas, negras, ind\u00edgenas, pardas, brancas, quilombolas, perif\u00e9ricas, convivendo com defici\u00eancias, l\u00e9sbicas, bissexuais, cis e trans, das cidades, do campo, das \u00e1guas e das florestas, mulheres m\u00e3es, parteiras tradicionais, trabalhadoras precarizadas, hiperexploradas e desempregadas, que juntas unimos esfor\u00e7os coletivos na luta contra o feminic\u00eddio no Brasil.<\/p>\n","protected":false},"excerpt":{"rendered":"<p>Rond\u00f4nia \u00e9 o estado que mais mata mulheres por feminic\u00eddio e tem a capital que \u00e9 a 2\u00ba cidade com maior taxa de estupro de crian\u00e7as at\u00e9 14 anos do pa\u00eds (Dados do Anu\u00e1rio da Seguran\u00e7a P\u00fablica, 2024).<\/p>\n","protected":false},"author":1,"featured_media":0,"comment_status":"closed","ping_status":"open","sticky":false,"template":"","format":"standard","meta":{"_exactmetrics_skip_tracking":false,"_exactmetrics_sitenote_active":false,"_exactmetrics_sitenote_note":"","_exactmetrics_sitenote_category":0,"jetpack_post_was_ever_published":false,"_jetpack_newsletter_access":"","_jetpack_dont_email_post_to_subs":false,"_jetpack_newsletter_tier_id":0,"_jetpack_memberships_contains_paywalled_content":false,"_jetpack_memberships_contains_paid_content":false,"footnotes":"","jetpack_publicize_message":"","jetpack_publicize_feature_enabled":true,"jetpack_social_post_already_shared":true,"jetpack_social_options":{"image_generator_settings":{"template":"highway","enabled":false},"version":2}},"categories":[1],"tags":[1282,1075,1055],"class_list":["post-36613","post","type-post","status-publish","format-standard","hentry","category-notas","tag-forum","tag-levante-feminista","tag-violencia-contra-a-mulher"],"jetpack_publicize_connections":[],"jetpack_sharing_enabled":true,"jetpack_featured_media_url":"","jetpack_shortlink":"https:\/\/wp.me\/p7wKYW-9wx","jetpack-related-posts":[],"_links":{"self":[{"href":"http:\/\/blogdalucianaoliveira.com.br\/blog\/wp-json\/wp\/v2\/posts\/36613","targetHints":{"allow":["GET"]}}],"collection":[{"href":"http:\/\/blogdalucianaoliveira.com.br\/blog\/wp-json\/wp\/v2\/posts"}],"about":[{"href":"http:\/\/blogdalucianaoliveira.com.br\/blog\/wp-json\/wp\/v2\/types\/post"}],"author":[{"embeddable":true,"href":"http:\/\/blogdalucianaoliveira.com.br\/blog\/wp-json\/wp\/v2\/users\/1"}],"replies":[{"embeddable":true,"href":"http:\/\/blogdalucianaoliveira.com.br\/blog\/wp-json\/wp\/v2\/comments?post=36613"}],"version-history":[{"count":2,"href":"http:\/\/blogdalucianaoliveira.com.br\/blog\/wp-json\/wp\/v2\/posts\/36613\/revisions"}],"predecessor-version":[{"id":36617,"href":"http:\/\/blogdalucianaoliveira.com.br\/blog\/wp-json\/wp\/v2\/posts\/36613\/revisions\/36617"}],"wp:attachment":[{"href":"http:\/\/blogdalucianaoliveira.com.br\/blog\/wp-json\/wp\/v2\/media?parent=36613"}],"wp:term":[{"taxonomy":"category","embeddable":true,"href":"http:\/\/blogdalucianaoliveira.com.br\/blog\/wp-json\/wp\/v2\/categories?post=36613"},{"taxonomy":"post_tag","embeddable":true,"href":"http:\/\/blogdalucianaoliveira.com.br\/blog\/wp-json\/wp\/v2\/tags?post=36613"}],"curies":[{"name":"wp","href":"https:\/\/api.w.org\/{rel}","templated":true}]}}