{"id":3662,"date":"2016-09-03T07:28:07","date_gmt":"2016-09-03T11:28:07","guid":{"rendered":"http:\/\/blogdalucianaoliveira.com.br\/blog\/?p=3662"},"modified":"2016-09-03T07:28:07","modified_gmt":"2016-09-03T11:28:07","slug":"bbc-governo-temer-suspende-negociacao-com-europa-para-receber-refugiados-sirios","status":"publish","type":"post","link":"http:\/\/blogdalucianaoliveira.com.br\/blog\/2016\/09\/03\/bbc-governo-temer-suspende-negociacao-com-europa-para-receber-refugiados-sirios\/","title":{"rendered":"BBC: Governo Temer suspende negocia\u00e7\u00e3o com Europa para receber refugiados s\u00edrios"},"content":{"rendered":"<p><img data-recalc-dims=\"1\" loading=\"lazy\" decoding=\"async\" data-attachment-id=\"3663\" data-permalink=\"http:\/\/blogdalucianaoliveira.com.br\/blog\/2016\/09\/03\/bbc-governo-temer-suspende-negociacao-com-europa-para-receber-refugiados-sirios\/image-812\/\" data-orig-file=\"https:\/\/i0.wp.com\/blogdalucianaoliveira.com.br\/blog\/wp-content\/uploads\/2016\/09\/image-20.jpeg?fit=442%2C333\" data-orig-size=\"442,333\" data-comments-opened=\"0\" data-image-meta=\"{&quot;aperture&quot;:&quot;0&quot;,&quot;credit&quot;:&quot;&quot;,&quot;camera&quot;:&quot;&quot;,&quot;caption&quot;:&quot;&quot;,&quot;created_timestamp&quot;:&quot;0&quot;,&quot;copyright&quot;:&quot;&quot;,&quot;focal_length&quot;:&quot;0&quot;,&quot;iso&quot;:&quot;0&quot;,&quot;shutter_speed&quot;:&quot;0&quot;,&quot;title&quot;:&quot;&quot;,&quot;orientation&quot;:&quot;0&quot;}\" data-image-title=\"image\" data-image-description=\"\" data-image-caption=\"\" data-medium-file=\"https:\/\/i0.wp.com\/blogdalucianaoliveira.com.br\/blog\/wp-content\/uploads\/2016\/09\/image-20.jpeg?fit=300%2C226\" data-large-file=\"https:\/\/i0.wp.com\/blogdalucianaoliveira.com.br\/blog\/wp-content\/uploads\/2016\/09\/image-20.jpeg?fit=442%2C333\" src=\"https:\/\/i0.wp.com\/blogdalucianaoliveira.com.br\/blog\/wp-content\/uploads\/2016\/09\/image-20.jpeg?resize=442%2C333\" alt=\"image\" width=\"442\" height=\"333\" class=\"alignnone size-full wp-image-3663\" srcset=\"https:\/\/i0.wp.com\/blogdalucianaoliveira.com.br\/blog\/wp-content\/uploads\/2016\/09\/image-20.jpeg?w=442 442w, https:\/\/i0.wp.com\/blogdalucianaoliveira.com.br\/blog\/wp-content\/uploads\/2016\/09\/image-20.jpeg?resize=300%2C226 300w, https:\/\/i0.wp.com\/blogdalucianaoliveira.com.br\/blog\/wp-content\/uploads\/2016\/09\/image-20.jpeg?resize=398%2C300 398w\" sizes=\"auto, (max-width: 442px) 100vw, 442px\" \/><\/p>\n<p>O governo brasileiro suspendeu negocia\u00e7\u00f5es que mantinha com a Uni\u00e3o Europeia para receber fam\u00edlias desalojados pela guerra civil na S\u00edria.<!--more--><\/p>\n<p>Jo\u00e3o Fellet da BBC Brasil em Washington (EUA)<\/p>\n<p>Pelas tratativas, iniciadas na gest\u00e3o do ex-ministro da Justi\u00e7a Eug\u00eanio Arag\u00e3o, o Brasil buscava obter recursos internacionais para alojar cerca de 100 mil pessoas que fugiram do conflito.<br \/>\nDuas pessoas que acompanhavam o di\u00e1logo disseram \u00e0 BBC Brasil que a suspens\u00e3o foi ordenada pelo novo ministro da Justi\u00e7a, Alexandre de Moraes, e comunicada a assessores e diplomatas numa reuni\u00e3o nesta semana.<\/p>\n<p>Segundo eles, a decis\u00e3o segue uma nova &#8211; e mais restritiva &#8211; postura do governo quanto \u00e0 recep\u00e7\u00e3o de estrangeiros e \u00e0 seguran\u00e7a das fronteiras.<br \/>\nCerca de 5 milh\u00f5es de s\u00edrios deixaram o pa\u00eds desde o in\u00edcio da guerra civil, a maioria rumo a na\u00e7\u00f5es vizinhas. <\/p>\n<p>O deslocamento causou a maior crise humanit\u00e1ria mundial dos \u00faltimos 70 anos.<br \/>\nSegundo a Organiza\u00e7\u00e3o Internacional para a Migra\u00e7\u00e3o, ao menos 3.370 refugiados &#8211; muitos deles s\u00edrios &#8211; morreram afogados em 2015 ao tentar chegar \u00e0 Europa pelo Mediterr\u00e2neo.<br \/>\nAp\u00f3s acusa\u00e7\u00f5es, ministro pede demiss\u00e3o: como &#8216;dela\u00e7\u00e3o-bomba&#8217; pode atingir governo<br \/>\n&#8216;Bra\u00e7os abertos&#8217;<\/p>\n<p>Em mar\u00e7o, o ent\u00e3o ministro da Justi\u00e7a Eug\u00eanio Arag\u00e3o visitou o embaixador da Alemanha no Brasil para tratar da recep\u00e7\u00e3o de s\u00edrios. Na \u00e9poca, disse a jornalistas que o pa\u00eds poderia acolher cerca de 100 mil refugiados nos pr\u00f3ximos cinco anos e que a negocia\u00e7\u00e3o tinha o respaldo da presidente Dilma Rousseff.<br \/>\nEm 2015, a Alemanha recebeu cerca de 1 milh\u00e3o de refugiados &#8211; um ter\u00e7o deles provenientes da S\u00edria.<\/p>\n<p>No ano passado, Dilma disse que o Brasil estava de &#8220;bra\u00e7os abertos&#8221; para acolher refugiados. Em 2013, o governo passou a facilitar o ingresso de s\u00edrios ao permitir que viajassem ao pa\u00eds com um visto especial, mais f\u00e1cil de obter (a modalidade tamb\u00e9m \u00e9 oferecida a haitianos). Desde ent\u00e3o, cerca de 2 mil chegaram ao pa\u00eds.<\/p>\n<p>A iniciativa brasileira era considerada exemplar pelo Acnur (ag\u00eancia da ONU para refugiados) e contrastava com a de v\u00e1rias na\u00e7\u00f5es que v\u00eam endurecendo suas pol\u00edticas migrat\u00f3rias em meio a preocupa\u00e7\u00f5es com a seguran\u00e7a.<\/p>\n<p>Em 2015, o n\u00famero de refugiados e imigrantes que ingressaram na Uni\u00e3o Europeia (UE) quase quadriplicou em rela\u00e7\u00e3o ao ano anterior. O tema tem provocado desentendimentos entre os membros do grupo. Alguns pa\u00edses &#8211; como It\u00e1lia, Gr\u00e9cia e Hungria &#8211; se dizem sobrecarregados e cobram na\u00e7\u00f5es vizinhas a dividir a responsabilidade pelo acolhimento.<\/p>\n<p>Procurado na quarta-feira, o Minist\u00e9rio da Justi\u00e7a n\u00e3o se pronunciou sobre o tema at\u00e9 a publica\u00e7\u00e3o da reportagem. Na tarde desta sexta, o \u00f3rg\u00e3o enviou uma nota \u00e0 BBC Brasil dizendo que &#8220;n\u00e3o houve nenhuma suspens\u00e3o das discuss\u00f5es com a Uni\u00e3o Europeia&#8221; sobre o realojamento de refugiados.<\/p>\n<p><img data-recalc-dims=\"1\" loading=\"lazy\" decoding=\"async\" data-attachment-id=\"3664\" data-permalink=\"http:\/\/blogdalucianaoliveira.com.br\/blog\/2016\/09\/03\/bbc-governo-temer-suspende-negociacao-com-europa-para-receber-refugiados-sirios\/image-813\/\" data-orig-file=\"https:\/\/i0.wp.com\/blogdalucianaoliveira.com.br\/blog\/wp-content\/uploads\/2016\/09\/image-21.jpeg?fit=375%2C210\" data-orig-size=\"375,210\" data-comments-opened=\"0\" data-image-meta=\"{&quot;aperture&quot;:&quot;0&quot;,&quot;credit&quot;:&quot;&quot;,&quot;camera&quot;:&quot;&quot;,&quot;caption&quot;:&quot;&quot;,&quot;created_timestamp&quot;:&quot;0&quot;,&quot;copyright&quot;:&quot;&quot;,&quot;focal_length&quot;:&quot;0&quot;,&quot;iso&quot;:&quot;0&quot;,&quot;shutter_speed&quot;:&quot;0&quot;,&quot;title&quot;:&quot;&quot;,&quot;orientation&quot;:&quot;0&quot;}\" data-image-title=\"image\" data-image-description=\"\" data-image-caption=\"\" data-medium-file=\"https:\/\/i0.wp.com\/blogdalucianaoliveira.com.br\/blog\/wp-content\/uploads\/2016\/09\/image-21.jpeg?fit=300%2C168\" data-large-file=\"https:\/\/i0.wp.com\/blogdalucianaoliveira.com.br\/blog\/wp-content\/uploads\/2016\/09\/image-21.jpeg?fit=375%2C210\" src=\"https:\/\/i0.wp.com\/blogdalucianaoliveira.com.br\/blog\/wp-content\/uploads\/2016\/09\/image-21.jpeg?resize=375%2C210\" alt=\"image\" width=\"375\" height=\"210\" class=\"alignnone size-full wp-image-3664\" srcset=\"https:\/\/i0.wp.com\/blogdalucianaoliveira.com.br\/blog\/wp-content\/uploads\/2016\/09\/image-21.jpeg?w=375 375w, https:\/\/i0.wp.com\/blogdalucianaoliveira.com.br\/blog\/wp-content\/uploads\/2016\/09\/image-21.jpeg?resize=300%2C168 300w\" sizes=\"auto, (max-width: 375px) 100vw, 375px\" \/><\/p>\n<p>Segundo o \u00f3rg\u00e3o, as negocia\u00e7\u00f5es &#8220;continuam do ponto inicial onde estavam, pois o governo anterior n\u00e3o havia estabelecido nenhum programa ou projeto nesse sentido, nem previsto tampouco qualquer previs\u00e3o or\u00e7ament\u00e1ria&#8221;.<\/p>\n<p>O MJ afirmou ainda que o esquema de vistos especiais para s\u00edrios afetados pelo conflito n\u00e3o sofrer\u00e1 revis\u00e3o e tem dura\u00e7\u00e3o prevista at\u00e9 setembro de 2017.<br \/>\nA decis\u00e3o de suspender o di\u00e1logo, por\u00e9m, foi confirmada por duas pessoas envolvidas nas tratativas. <\/p>\n<p>O tema foi abordado em reuni\u00e3o interna do governo nesta semana, quando um assessor de Moraes afirmou que o assunto estava fora de pauta. A decis\u00e3o tamb\u00e9m foi expressa em e-mail que circulou entre funcion\u00e1rios que lidam com o tema e ao qual a BBC Brasil teve acesso.<\/p>\n","protected":false},"excerpt":{"rendered":"<p>O governo brasileiro suspendeu negocia\u00e7\u00f5es que mantinha com a Uni\u00e3o Europeia para receber fam\u00edlias desalojados pela guerra civil na S\u00edria.<\/p>\n","protected":false},"author":1,"featured_media":0,"comment_status":"closed","ping_status":"open","sticky":false,"template":"","format":"standard","meta":{"_exactmetrics_skip_tracking":false,"_exactmetrics_sitenote_active":false,"_exactmetrics_sitenote_note":"","_exactmetrics_sitenote_category":0,"jetpack_post_was_ever_published":false,"_jetpack_newsletter_access":"","_jetpack_dont_email_post_to_subs":false,"_jetpack_newsletter_tier_id":0,"_jetpack_memberships_contains_paywalled_content":false,"_jetpack_memberships_contains_paid_content":false,"footnotes":"","jetpack_publicize_message":"","jetpack_publicize_feature_enabled":true,"jetpack_social_post_already_shared":true,"jetpack_social_options":{"image_generator_settings":{"template":"highway","enabled":false},"version":2}},"categories":[1],"tags":[],"class_list":["post-3662","post","type-post","status-publish","format-standard","hentry","category-notas"],"jetpack_publicize_connections":[],"jetpack_sharing_enabled":true,"jetpack_featured_media_url":"","jetpack_shortlink":"https:\/\/wp.me\/p7wKYW-X4","jetpack-related-posts":[],"_links":{"self":[{"href":"http:\/\/blogdalucianaoliveira.com.br\/blog\/wp-json\/wp\/v2\/posts\/3662","targetHints":{"allow":["GET"]}}],"collection":[{"href":"http:\/\/blogdalucianaoliveira.com.br\/blog\/wp-json\/wp\/v2\/posts"}],"about":[{"href":"http:\/\/blogdalucianaoliveira.com.br\/blog\/wp-json\/wp\/v2\/types\/post"}],"author":[{"embeddable":true,"href":"http:\/\/blogdalucianaoliveira.com.br\/blog\/wp-json\/wp\/v2\/users\/1"}],"replies":[{"embeddable":true,"href":"http:\/\/blogdalucianaoliveira.com.br\/blog\/wp-json\/wp\/v2\/comments?post=3662"}],"version-history":[{"count":2,"href":"http:\/\/blogdalucianaoliveira.com.br\/blog\/wp-json\/wp\/v2\/posts\/3662\/revisions"}],"predecessor-version":[{"id":3666,"href":"http:\/\/blogdalucianaoliveira.com.br\/blog\/wp-json\/wp\/v2\/posts\/3662\/revisions\/3666"}],"wp:attachment":[{"href":"http:\/\/blogdalucianaoliveira.com.br\/blog\/wp-json\/wp\/v2\/media?parent=3662"}],"wp:term":[{"taxonomy":"category","embeddable":true,"href":"http:\/\/blogdalucianaoliveira.com.br\/blog\/wp-json\/wp\/v2\/categories?post=3662"},{"taxonomy":"post_tag","embeddable":true,"href":"http:\/\/blogdalucianaoliveira.com.br\/blog\/wp-json\/wp\/v2\/tags?post=3662"}],"curies":[{"name":"wp","href":"https:\/\/api.w.org\/{rel}","templated":true}]}}