{"id":36630,"date":"2025-03-23T21:21:06","date_gmt":"2025-03-24T01:21:06","guid":{"rendered":"https:\/\/blogdalucianaoliveira.com.br\/blog\/?p=36630"},"modified":"2025-03-23T21:21:06","modified_gmt":"2025-03-24T01:21:06","slug":"anistia-56-do-norte-sao-contra-perdao-a-presos-do-8-de-janeiro","status":"publish","type":"post","link":"http:\/\/blogdalucianaoliveira.com.br\/blog\/2025\/03\/23\/anistia-56-do-norte-sao-contra-perdao-a-presos-do-8-de-janeiro\/","title":{"rendered":"Anistia: 56% do Norte s\u00e3o contra perd\u00e3o a presos do 8 de janeiro"},"content":{"rendered":"<p style=\"text-align: left;\"><img data-recalc-dims=\"1\" loading=\"lazy\" decoding=\"async\" data-attachment-id=\"36631\" data-permalink=\"http:\/\/blogdalucianaoliveira.com.br\/blog\/2025\/03\/23\/anistia-56-do-norte-sao-contra-perdao-a-presos-do-8-de-janeiro\/img_0083\/\" data-orig-file=\"https:\/\/i0.wp.com\/blogdalucianaoliveira.com.br\/blog\/wp-content\/uploads\/2025\/03\/IMG_0083.webp?fit=1600%2C768\" data-orig-size=\"1600,768\" data-comments-opened=\"0\" data-image-meta=\"{&quot;aperture&quot;:&quot;0&quot;,&quot;credit&quot;:&quot;&quot;,&quot;camera&quot;:&quot;&quot;,&quot;caption&quot;:&quot;&quot;,&quot;created_timestamp&quot;:&quot;0&quot;,&quot;copyright&quot;:&quot;&quot;,&quot;focal_length&quot;:&quot;0&quot;,&quot;iso&quot;:&quot;0&quot;,&quot;shutter_speed&quot;:&quot;0&quot;,&quot;title&quot;:&quot;&quot;,&quot;orientation&quot;:&quot;0&quot;}\" data-image-title=\"IMG_0083\" data-image-description=\"\" data-image-caption=\"\" data-medium-file=\"https:\/\/i0.wp.com\/blogdalucianaoliveira.com.br\/blog\/wp-content\/uploads\/2025\/03\/IMG_0083.webp?fit=300%2C144\" data-large-file=\"https:\/\/i0.wp.com\/blogdalucianaoliveira.com.br\/blog\/wp-content\/uploads\/2025\/03\/IMG_0083.webp?fit=600%2C288\" class=\"alignnone size-medium wp-image-36631\" src=\"https:\/\/i0.wp.com\/blogdalucianaoliveira.com.br\/blog\/wp-content\/uploads\/2025\/03\/IMG_0083.webp?resize=300%2C144\" alt=\"\" width=\"300\" height=\"144\" srcset=\"https:\/\/i0.wp.com\/blogdalucianaoliveira.com.br\/blog\/wp-content\/uploads\/2025\/03\/IMG_0083.webp?resize=300%2C144 300w, https:\/\/i0.wp.com\/blogdalucianaoliveira.com.br\/blog\/wp-content\/uploads\/2025\/03\/IMG_0083.webp?resize=1024%2C492 1024w, https:\/\/i0.wp.com\/blogdalucianaoliveira.com.br\/blog\/wp-content\/uploads\/2025\/03\/IMG_0083.webp?resize=768%2C369 768w, https:\/\/i0.wp.com\/blogdalucianaoliveira.com.br\/blog\/wp-content\/uploads\/2025\/03\/IMG_0083.webp?resize=1536%2C737 1536w, https:\/\/i0.wp.com\/blogdalucianaoliveira.com.br\/blog\/wp-content\/uploads\/2025\/03\/IMG_0083.webp?resize=625%2C300 625w, https:\/\/i0.wp.com\/blogdalucianaoliveira.com.br\/blog\/wp-content\/uploads\/2025\/03\/IMG_0083.webp?w=1600 1600w, https:\/\/i0.wp.com\/blogdalucianaoliveira.com.br\/blog\/wp-content\/uploads\/2025\/03\/IMG_0083.webp?w=1200 1200w\" sizes=\"auto, (max-width: 300px) 100vw, 300px\" \/><\/p>\n<p>Revista Cenarium \u2013 Na Regi\u00e3o Norte do Pa\u00eds, 56% das pessoas s\u00e3o contra a anistia dos presos do 8 de janeiro, acusados de tentativa de golpe de Estado, ap\u00f3s a invas\u00e3o e depreda\u00e7\u00e3o dos pr\u00e9dios dos Tr\u00eas Poderes, em Bras\u00edlia (DF), em 2023. Os dados s\u00e3o da pesquisa PoderData, divulgados pelo Poder360 Jornalismo. Das cinco regi\u00f5es do Brasil, o Norte \u00e9 o que apresenta o maior n\u00famero de pessoas contra a anistia (56%), ficando acima da m\u00e9dia nacional de 51% dos brasileiros contra o perd\u00e3o.<!--more--><\/p>\n<p>A pesquisa entrevistou, nos dias 15 a 17 de mar\u00e7o deste ano, 2.500 pessoas por meio de liga\u00e7\u00f5es celulares e telefones fixos com a seguinte pergunta: \u201cMais de 1.500 pessoas foram presas por causa do vandalismo em Bras\u00edlia em 8 de janeiro de 2023. O Supremo [Tribunal Federal] condenou a maioria a at\u00e9 17 anos de pris\u00e3o. H\u00e1 um projeto agora no Congresso [Nacional] propondo anistiar e soltar essas pessoas. Voc\u00ea \u00e9 a favor ou contra a anistia?\u201d.<\/p>\n<p>Deste n\u00famero total, al\u00e9m dos 56% que declararam ser contra, 34% das pessoas entrevistadas na regi\u00e3o Norte disseram ser a favor da anistia dos presos do 8\/1, e 10% declararam n\u00e3o saber. No n\u00edvel nacional, o n\u00famero \u00e9 de 37% das pessoas a favor do perd\u00e3o e 12% n\u00e3o souberam responder.<\/p>\n<p><img data-recalc-dims=\"1\" loading=\"lazy\" decoding=\"async\" data-attachment-id=\"36632\" data-permalink=\"http:\/\/blogdalucianaoliveira.com.br\/blog\/2025\/03\/23\/anistia-56-do-norte-sao-contra-perdao-a-presos-do-8-de-janeiro\/img_0084\/\" data-orig-file=\"https:\/\/i0.wp.com\/blogdalucianaoliveira.com.br\/blog\/wp-content\/uploads\/2025\/03\/IMG_0084.webp?fit=566%2C1024\" data-orig-size=\"566,1024\" data-comments-opened=\"0\" data-image-meta=\"{&quot;aperture&quot;:&quot;0&quot;,&quot;credit&quot;:&quot;&quot;,&quot;camera&quot;:&quot;&quot;,&quot;caption&quot;:&quot;&quot;,&quot;created_timestamp&quot;:&quot;0&quot;,&quot;copyright&quot;:&quot;&quot;,&quot;focal_length&quot;:&quot;0&quot;,&quot;iso&quot;:&quot;0&quot;,&quot;shutter_speed&quot;:&quot;0&quot;,&quot;title&quot;:&quot;&quot;,&quot;orientation&quot;:&quot;0&quot;}\" data-image-title=\"IMG_0084\" data-image-description=\"\" data-image-caption=\"\" data-medium-file=\"https:\/\/i0.wp.com\/blogdalucianaoliveira.com.br\/blog\/wp-content\/uploads\/2025\/03\/IMG_0084.webp?fit=166%2C300\" data-large-file=\"https:\/\/i0.wp.com\/blogdalucianaoliveira.com.br\/blog\/wp-content\/uploads\/2025\/03\/IMG_0084.webp?fit=566%2C1024\" class=\"alignnone size-medium wp-image-36632\" src=\"https:\/\/i0.wp.com\/blogdalucianaoliveira.com.br\/blog\/wp-content\/uploads\/2025\/03\/IMG_0084.webp?resize=166%2C300\" alt=\"\" width=\"166\" height=\"300\" srcset=\"https:\/\/i0.wp.com\/blogdalucianaoliveira.com.br\/blog\/wp-content\/uploads\/2025\/03\/IMG_0084.webp?resize=166%2C300 166w, https:\/\/i0.wp.com\/blogdalucianaoliveira.com.br\/blog\/wp-content\/uploads\/2025\/03\/IMG_0084.webp?w=566 566w\" sizes=\"auto, (max-width: 166px) 100vw, 166px\" \/><br \/>\nDados da pesquisa PoderData (Reprodu\u00e7\u00e3o\/Poder 360)<\/p>\n<p>Em um cen\u00e1rio onde os entrevistados declararam ter votado no presidente Luiz In\u00e1cio Lula da Silva (PT) ou no ex-presidente Jair Messias Bolsonaro (PL) nas elei\u00e7\u00f5es presidenciais de 2022, 37% do eleitorado do presidente Lula afirmaram ser a favor da anistia, 54% declararam ser contra e 9% afirmaram n\u00e3o saber.<\/p>\n<p>Entre o eleitorado do ex-presidente Bolsonaro ouvido na pesquisa, 36% afirmaram ser a favor, 49% declararam ser contra e 16% afirmaram n\u00e3o saber. Brancos e nulos ficaram em 43% nos dois cen\u00e1rios (a favor e contra), e 14% n\u00e3o souberam responder.<\/p>\n<p>Entrevistados<br \/>\nSegundo as informa\u00e7\u00f5es divulgadas pela pesquisa PoderData, 53% dos entrevistados foram mulheres e 47% foram homens. Al\u00e9m disso, 7% s\u00e3o da Regi\u00e3o Norte, 8% da Regi\u00e3o Centro-Oeste, 15% da Regi\u00e3o Sul, 27% do Nordeste e 43% do Sudeste.<\/p>\n<p>A pesquisa foi realizada de 15 a 17 de mar\u00e7o de 2025, com 2.500 pessoas de 16 anos de idade ou mais, em 198 munic\u00edpios das 27 unidades da Federa\u00e7\u00e3o. A margem de erro \u00e9 de 2 pontos percentuais para mais ou para menos.<\/p>\n<p>Julgamento<br \/>\nO ministro do Supremo Tribunal Federal (STF) Cristiano Zanin marcou para o dia 25 de mar\u00e7o o julgamento da den\u00fancia sobre Bolsonaro e mais sete investigados por tentativa de golpe de Estado, pelos v\u00e1rios epis\u00f3dios investigados pelas autoridades envolvendo a derrota do ex-presidente nas urnas em 2022, considerados como atos antidemocr\u00e1ticos.<\/p>\n<p>Na semana passada, o ex-presidente e apoiadores se reuniram na orla de Copacabana, no Rio de Janeiro (RJ), para um ato em defesa da anistia aos envolvidos nos atentados em Bras\u00edlia no dia 8 de janeiro de 2023. De acordo com um levantamento feito pela Universidade de S\u00e3o Paulo (USP), o c\u00e1lculo realizado por imagens a\u00e9reas analisadas com sistema de intelig\u00eancia artificial apontou que o ato bolsonarista reuniu cerca de 18,3 mil pessoas no local.<\/p>\n<p>Discurso<br \/>\nDurante o discurso no ato, o ex-presidente Bolsonaro afirmou que as pessoas que invadiram as sedes dos Tr\u00eas Poderes, em Bras\u00edlia, foram\u00a0\u201catra\u00eddas por uma armadilha\u201d.\u00a0No trio el\u00e9trico, diante de milhares de apoiadores, Bolsonaro fez a defesa dos presos e condenados por depredarem os pr\u00e9dios dos Poderes ap\u00f3s passarem mais de dois meses em frente aos quart\u00e9is do Ex\u00e9rcito Brasileiro pedindo interven\u00e7\u00e3o militar para manter o ex-presidente no poder.<\/p>\n<p>\u201cQuem foi a lideran\u00e7a dessas pessoas? N\u00e3o tiveram. Foram atra\u00eddas para uma armadilha. At\u00e9 o presidente da Rep\u00fablica, que costuma acordar tarde durante a semana, acordou cedo domingo e foi para Araraquara (SP). Outro dia conversei com um colega de Israel e ele falou: Que golpe foi esse? Quando se h\u00e1 uma tentativa de golpe pelo mundo, em poucos minutos o mundo todo toma conhecimento. Mas qual o objetivo deles? O que eles querem? Todas as narrativas contra mim foram para o espa\u00e7o\u201d, disse Bolsonaro.<\/p>\n<p>Editado por Marcela Leiros<br \/>\nRevisado por Gustavo Gilona<\/p>\n<p>&nbsp;<\/p>\n<p>Copyright \u00a9 AG\u00caNCIA CENARIUM<\/p>\n","protected":false},"excerpt":{"rendered":"<p>Revista Cenarium \u2013 Na Regi\u00e3o Norte do Pa\u00eds, 56% das pessoas s\u00e3o contra a anistia dos presos do 8 de janeiro, acusados de tentativa de golpe de Estado, ap\u00f3s a invas\u00e3o e depreda\u00e7\u00e3o dos pr\u00e9dios dos Tr\u00eas Poderes, em Bras\u00edlia (DF), em 2023. Os dados s\u00e3o da pesquisa PoderData, divulgados pelo Poder360 Jornalismo. Das cinco&#8230;<a class=\"more-link\" href=\"http:\/\/blogdalucianaoliveira.com.br\/blog\/2025\/03\/23\/anistia-56-do-norte-sao-contra-perdao-a-presos-do-8-de-janeiro\/\">Continue a leitura <span class=\"meta-nav\">&raquo;<\/span><\/a><\/p>\n","protected":false},"author":1,"featured_media":0,"comment_status":"closed","ping_status":"open","sticky":false,"template":"","format":"standard","meta":{"_exactmetrics_skip_tracking":false,"_exactmetrics_sitenote_active":false,"_exactmetrics_sitenote_note":"","_exactmetrics_sitenote_category":0,"jetpack_post_was_ever_published":false,"_jetpack_newsletter_access":"","_jetpack_dont_email_post_to_subs":false,"_jetpack_newsletter_tier_id":0,"_jetpack_memberships_contains_paywalled_content":false,"_jetpack_memberships_contains_paid_content":false,"footnotes":"","jetpack_publicize_message":"","jetpack_publicize_feature_enabled":true,"jetpack_social_post_already_shared":true,"jetpack_social_options":{"image_generator_settings":{"template":"highway","enabled":false},"version":2}},"categories":[1],"tags":[1236,1285,1165],"class_list":["post-36630","post","type-post","status-publish","format-standard","hentry","category-notas","tag-8-de-janeiro","tag-anistia","tag-norte"],"jetpack_publicize_connections":[],"jetpack_sharing_enabled":true,"jetpack_featured_media_url":"","jetpack_shortlink":"https:\/\/wp.me\/p7wKYW-9wO","jetpack-related-posts":[],"_links":{"self":[{"href":"http:\/\/blogdalucianaoliveira.com.br\/blog\/wp-json\/wp\/v2\/posts\/36630","targetHints":{"allow":["GET"]}}],"collection":[{"href":"http:\/\/blogdalucianaoliveira.com.br\/blog\/wp-json\/wp\/v2\/posts"}],"about":[{"href":"http:\/\/blogdalucianaoliveira.com.br\/blog\/wp-json\/wp\/v2\/types\/post"}],"author":[{"embeddable":true,"href":"http:\/\/blogdalucianaoliveira.com.br\/blog\/wp-json\/wp\/v2\/users\/1"}],"replies":[{"embeddable":true,"href":"http:\/\/blogdalucianaoliveira.com.br\/blog\/wp-json\/wp\/v2\/comments?post=36630"}],"version-history":[{"count":1,"href":"http:\/\/blogdalucianaoliveira.com.br\/blog\/wp-json\/wp\/v2\/posts\/36630\/revisions"}],"predecessor-version":[{"id":36633,"href":"http:\/\/blogdalucianaoliveira.com.br\/blog\/wp-json\/wp\/v2\/posts\/36630\/revisions\/36633"}],"wp:attachment":[{"href":"http:\/\/blogdalucianaoliveira.com.br\/blog\/wp-json\/wp\/v2\/media?parent=36630"}],"wp:term":[{"taxonomy":"category","embeddable":true,"href":"http:\/\/blogdalucianaoliveira.com.br\/blog\/wp-json\/wp\/v2\/categories?post=36630"},{"taxonomy":"post_tag","embeddable":true,"href":"http:\/\/blogdalucianaoliveira.com.br\/blog\/wp-json\/wp\/v2\/tags?post=36630"}],"curies":[{"name":"wp","href":"https:\/\/api.w.org\/{rel}","templated":true}]}}