{"id":36635,"date":"2025-03-26T12:44:43","date_gmt":"2025-03-26T16:44:43","guid":{"rendered":"https:\/\/blogdalucianaoliveira.com.br\/blog\/?p=36635"},"modified":"2025-03-26T12:44:43","modified_gmt":"2025-03-26T16:44:43","slug":"por-unanimidade-1a-turma-do-stf-torna-reus-bolsonaro-e-aliados-por-tentativa-de-golpe-de-estado","status":"publish","type":"post","link":"http:\/\/blogdalucianaoliveira.com.br\/blog\/2025\/03\/26\/por-unanimidade-1a-turma-do-stf-torna-reus-bolsonaro-e-aliados-por-tentativa-de-golpe-de-estado\/","title":{"rendered":"Por unanimidade, 1\u00aa Turma do STF torna r\u00e9us Bolsonaro e aliados por tentativa de golpe de Estado"},"content":{"rendered":"<p><img data-recalc-dims=\"1\" loading=\"lazy\" decoding=\"async\" data-attachment-id=\"36636\" data-permalink=\"http:\/\/blogdalucianaoliveira.com.br\/blog\/2025\/03\/26\/por-unanimidade-1a-turma-do-stf-torna-reus-bolsonaro-e-aliados-por-tentativa-de-golpe-de-estado\/img_0158-2\/\" data-orig-file=\"https:\/\/i0.wp.com\/blogdalucianaoliveira.com.br\/blog\/wp-content\/uploads\/2025\/03\/IMG_0158.webp?fit=799%2C533\" data-orig-size=\"799,533\" data-comments-opened=\"0\" data-image-meta=\"{&quot;aperture&quot;:&quot;0&quot;,&quot;credit&quot;:&quot;&quot;,&quot;camera&quot;:&quot;&quot;,&quot;caption&quot;:&quot;&quot;,&quot;created_timestamp&quot;:&quot;0&quot;,&quot;copyright&quot;:&quot;&quot;,&quot;focal_length&quot;:&quot;0&quot;,&quot;iso&quot;:&quot;0&quot;,&quot;shutter_speed&quot;:&quot;0&quot;,&quot;title&quot;:&quot;&quot;,&quot;orientation&quot;:&quot;0&quot;}\" data-image-title=\"IMG_0158\" data-image-description=\"\" data-image-caption=\"\" data-medium-file=\"https:\/\/i0.wp.com\/blogdalucianaoliveira.com.br\/blog\/wp-content\/uploads\/2025\/03\/IMG_0158.webp?fit=300%2C200\" data-large-file=\"https:\/\/i0.wp.com\/blogdalucianaoliveira.com.br\/blog\/wp-content\/uploads\/2025\/03\/IMG_0158.webp?fit=600%2C400\" class=\"alignnone size-medium wp-image-36636\" src=\"https:\/\/i0.wp.com\/blogdalucianaoliveira.com.br\/blog\/wp-content\/uploads\/2025\/03\/IMG_0158.webp?resize=300%2C200\" alt=\"\" width=\"300\" height=\"200\" srcset=\"https:\/\/i0.wp.com\/blogdalucianaoliveira.com.br\/blog\/wp-content\/uploads\/2025\/03\/IMG_0158.webp?resize=300%2C200 300w, https:\/\/i0.wp.com\/blogdalucianaoliveira.com.br\/blog\/wp-content\/uploads\/2025\/03\/IMG_0158.webp?resize=768%2C512 768w, https:\/\/i0.wp.com\/blogdalucianaoliveira.com.br\/blog\/wp-content\/uploads\/2025\/03\/IMG_0158.webp?resize=450%2C300 450w, https:\/\/i0.wp.com\/blogdalucianaoliveira.com.br\/blog\/wp-content\/uploads\/2025\/03\/IMG_0158.webp?w=799 799w\" sizes=\"auto, (max-width: 300px) 100vw, 300px\" \/><\/p>\n<p><b>247 &#8211; <\/b>Por unanimidade, a Primeira Turma do Supremo Tribunal Federal (STF) aceitou, nesta quarta-feira (26), a den\u00fancia apresentada pela Procuradoria-Geral da Rep\u00fablica (PGR) contra o ex-presidente Jair Bolsonaro (PL) e outros sete de seus principais aliados. Com isso, todos passam \u00e0 condi\u00e7\u00e3o de r\u00e9us por crimes relacionados \u00e0 tentativa de golpe de Estado.<!--more--><\/p>\n<p>A decis\u00e3o representa um marco no enfrentamento institucional \u00e0 escalada autorit\u00e1ria que culminou nos ataques \u00e0s sedes dos Tr\u00eas Poderes em 8 de janeiro de 2023, e foi tomada ap\u00f3s intensos debates na Corte. A ministra C\u00e1rmen L\u00facia, decana da Primeira Turma, proferiu um dos votos mais contundentes, ao afirmar que \u201cditadura mata, ditadura vive da morte, n\u00e3o apenas da sociedade, da democracia, mas de seres humanos de carne e osso\u201d.<\/p>\n<p>Ela tamb\u00e9m destacou a necessidade de analisar os atos do 8 de janeiro como resultado de uma sequ\u00eancia orquestrada de a\u00e7\u00f5es antidemocr\u00e1ticas: \u201co que \u00e9 preciso \u00e9 desenrolar do dia 8 para tr\u00e1s, para chegarmos a esta m\u00e1quina que tentou desmontar a democracia, porque isso \u00e9 fato\u201d, afirmou a ministra.<\/p>\n<p>O julgamento ganhou maioria com o voto do ministro Luiz Fux, que acompanhou os colegas Alexandre de Moraes e Fl\u00e1vio Dino. Fux rebateu a alega\u00e7\u00e3o das defesas de que a den\u00fancia da PGR seria inepta: \u201cdizer que o professor Paulo Gonet elaborou uma den\u00fancia inepta, imagina falar uma coisa dessas\u201d. O ministro ainda frisou a import\u00e2ncia do aprofundamento das investiga\u00e7\u00f5es: \u201ceu preciso receber a den\u00fancia para que eu possa aprofundar as den\u00fancias\u201d.<\/p>\n<p><b>R\u00e9us por cinco crimes &#8211; <\/b>Os oito denunciados responder\u00e3o formalmente pelos seguintes crimes:<\/p>\n<ul>\n<li>Organiza\u00e7\u00e3o criminosa armada<\/li>\n<li>Tentativa de aboli\u00e7\u00e3o violenta do Estado Democr\u00e1tico de Direito<\/li>\n<li>Tentativa de golpe de Estado<\/li>\n<li>Dano qualificado pela viol\u00eancia e grave amea\u00e7a contra o patrim\u00f4nio p\u00fablico<\/li>\n<li>Deteriora\u00e7\u00e3o do patrim\u00f4nio tombado<\/li>\n<\/ul>\n<p>Al\u00e9m de Bolsonaro, tornam-se r\u00e9us:<\/p>\n<ul>\n<li>Alexandre Ramagem (PL-RJ), deputado federal e ex-diretor da Abin<\/li>\n<li>Almir Garnier Santos, ex-comandante da Marinha<\/li>\n<li>Anderson Torres, ex-ministro da Justi\u00e7a<\/li>\n<li>General Augusto Heleno, ex-ministro do Gabinete de Seguran\u00e7a Institucional<\/li>\n<li>Tenente-coronel Mauro Cid, ex-ajudante de ordens de Bolsonaro e j\u00e1 colaborador da Justi\u00e7a<\/li>\n<li>General Paulo S\u00e9rgio Nogueira, ex-ministro da Defesa<\/li>\n<li>General Walter Braga Netto, ex-ministro da Defesa e da Casa Civil<\/li>\n<\/ul>\n<p>Segundo a den\u00fancia do procurador-geral da Rep\u00fablica, Paulo Gonet, os acusados atuaram de forma articulada entre 2021 e 2023 com o objetivo de minar a confian\u00e7a nas elei\u00e7\u00f5es, difundir desinforma\u00e7\u00e3o e criar um ambiente favor\u00e1vel \u00e0 ruptura institucional. O plano previa impedir a posse do presidente eleito Luiz In\u00e1cio Lula da Silva (PT) e se materializou nos atos violentos de 8 de janeiro.<\/p>\n","protected":false},"excerpt":{"rendered":"<p>247 &#8211; Por unanimidade, a Primeira Turma do Supremo Tribunal Federal (STF) aceitou, nesta quarta-feira (26), a den\u00fancia apresentada pela Procuradoria-Geral da Rep\u00fablica (PGR) contra o ex-presidente Jair Bolsonaro (PL) e outros sete de seus principais aliados. Com isso, todos passam \u00e0 condi\u00e7\u00e3o de r\u00e9us por crimes relacionados \u00e0 tentativa de golpe de Estado.<\/p>\n","protected":false},"author":1,"featured_media":0,"comment_status":"closed","ping_status":"open","sticky":false,"template":"","format":"standard","meta":{"_exactmetrics_skip_tracking":false,"_exactmetrics_sitenote_active":false,"_exactmetrics_sitenote_note":"","_exactmetrics_sitenote_category":0,"jetpack_post_was_ever_published":false,"_jetpack_newsletter_access":"","_jetpack_dont_email_post_to_subs":false,"_jetpack_newsletter_tier_id":0,"_jetpack_memberships_contains_paywalled_content":false,"_jetpack_memberships_contains_paid_content":false,"footnotes":"","jetpack_publicize_message":"","jetpack_publicize_feature_enabled":true,"jetpack_social_post_already_shared":true,"jetpack_social_options":{"image_generator_settings":{"template":"highway","enabled":false},"version":2}},"categories":[1],"tags":[53,39,138,1286],"class_list":["post-36635","post","type-post","status-publish","format-standard","hentry","category-notas","tag-bolsonaro","tag-golpe","tag-reu","tag-tentativa"],"jetpack_publicize_connections":[],"jetpack_sharing_enabled":true,"jetpack_featured_media_url":"","jetpack_shortlink":"https:\/\/wp.me\/p7wKYW-9wT","jetpack-related-posts":[],"_links":{"self":[{"href":"http:\/\/blogdalucianaoliveira.com.br\/blog\/wp-json\/wp\/v2\/posts\/36635","targetHints":{"allow":["GET"]}}],"collection":[{"href":"http:\/\/blogdalucianaoliveira.com.br\/blog\/wp-json\/wp\/v2\/posts"}],"about":[{"href":"http:\/\/blogdalucianaoliveira.com.br\/blog\/wp-json\/wp\/v2\/types\/post"}],"author":[{"embeddable":true,"href":"http:\/\/blogdalucianaoliveira.com.br\/blog\/wp-json\/wp\/v2\/users\/1"}],"replies":[{"embeddable":true,"href":"http:\/\/blogdalucianaoliveira.com.br\/blog\/wp-json\/wp\/v2\/comments?post=36635"}],"version-history":[{"count":1,"href":"http:\/\/blogdalucianaoliveira.com.br\/blog\/wp-json\/wp\/v2\/posts\/36635\/revisions"}],"predecessor-version":[{"id":36637,"href":"http:\/\/blogdalucianaoliveira.com.br\/blog\/wp-json\/wp\/v2\/posts\/36635\/revisions\/36637"}],"wp:attachment":[{"href":"http:\/\/blogdalucianaoliveira.com.br\/blog\/wp-json\/wp\/v2\/media?parent=36635"}],"wp:term":[{"taxonomy":"category","embeddable":true,"href":"http:\/\/blogdalucianaoliveira.com.br\/blog\/wp-json\/wp\/v2\/categories?post=36635"},{"taxonomy":"post_tag","embeddable":true,"href":"http:\/\/blogdalucianaoliveira.com.br\/blog\/wp-json\/wp\/v2\/tags?post=36635"}],"curies":[{"name":"wp","href":"https:\/\/api.w.org\/{rel}","templated":true}]}}