{"id":36638,"date":"2025-03-26T17:50:38","date_gmt":"2025-03-26T21:50:38","guid":{"rendered":"https:\/\/blogdalucianaoliveira.com.br\/blog\/?p=36638"},"modified":"2025-03-26T17:50:38","modified_gmt":"2025-03-26T21:50:38","slug":"stf-marca-para-6-de-maio-julgamento-do-nucleo-4-da-trama-golpista","status":"publish","type":"post","link":"http:\/\/blogdalucianaoliveira.com.br\/blog\/2025\/03\/26\/stf-marca-para-6-de-maio-julgamento-do-nucleo-4-da-trama-golpista\/","title":{"rendered":"STF marca para 6 de maio julgamento do n\u00facleo 4 da trama golpista"},"content":{"rendered":"<p><img data-recalc-dims=\"1\" loading=\"lazy\" decoding=\"async\" data-attachment-id=\"36639\" data-permalink=\"http:\/\/blogdalucianaoliveira.com.br\/blog\/2025\/03\/26\/stf-marca-para-6-de-maio-julgamento-do-nucleo-4-da-trama-golpista\/img_0165\/\" data-orig-file=\"https:\/\/i0.wp.com\/blogdalucianaoliveira.com.br\/blog\/wp-content\/uploads\/2025\/03\/IMG_0165.webp?fit=1170%2C700\" data-orig-size=\"1170,700\" data-comments-opened=\"0\" data-image-meta=\"{&quot;aperture&quot;:&quot;0&quot;,&quot;credit&quot;:&quot;&quot;,&quot;camera&quot;:&quot;&quot;,&quot;caption&quot;:&quot;&quot;,&quot;created_timestamp&quot;:&quot;0&quot;,&quot;copyright&quot;:&quot;&quot;,&quot;focal_length&quot;:&quot;0&quot;,&quot;iso&quot;:&quot;0&quot;,&quot;shutter_speed&quot;:&quot;0&quot;,&quot;title&quot;:&quot;&quot;,&quot;orientation&quot;:&quot;0&quot;}\" data-image-title=\"IMG_0165\" data-image-description=\"\" data-image-caption=\"\" data-medium-file=\"https:\/\/i0.wp.com\/blogdalucianaoliveira.com.br\/blog\/wp-content\/uploads\/2025\/03\/IMG_0165.webp?fit=300%2C179\" data-large-file=\"https:\/\/i0.wp.com\/blogdalucianaoliveira.com.br\/blog\/wp-content\/uploads\/2025\/03\/IMG_0165.webp?fit=600%2C359\" class=\"alignnone size-medium wp-image-36639\" src=\"https:\/\/i0.wp.com\/blogdalucianaoliveira.com.br\/blog\/wp-content\/uploads\/2025\/03\/IMG_0165.webp?resize=300%2C179\" alt=\"\" width=\"300\" height=\"179\" srcset=\"https:\/\/i0.wp.com\/blogdalucianaoliveira.com.br\/blog\/wp-content\/uploads\/2025\/03\/IMG_0165.webp?resize=300%2C179 300w, https:\/\/i0.wp.com\/blogdalucianaoliveira.com.br\/blog\/wp-content\/uploads\/2025\/03\/IMG_0165.webp?resize=1024%2C613 1024w, https:\/\/i0.wp.com\/blogdalucianaoliveira.com.br\/blog\/wp-content\/uploads\/2025\/03\/IMG_0165.webp?resize=768%2C459 768w, https:\/\/i0.wp.com\/blogdalucianaoliveira.com.br\/blog\/wp-content\/uploads\/2025\/03\/IMG_0165.webp?resize=501%2C300 501w, https:\/\/i0.wp.com\/blogdalucianaoliveira.com.br\/blog\/wp-content\/uploads\/2025\/03\/IMG_0165.webp?w=1170 1170w\" sizes=\"auto, (max-width: 300px) 100vw, 300px\" \/><\/p>\n<p>Grupo \u00e9 acusado de organizar a\u00e7\u00f5es de desinforma\u00e7\u00e3o sobre as elei\u00e7\u00f5es<!--more--><strong>EBC &#8211; O Supremo Tribunal Federal (STF) marcou para os dias 6 e 7 de maio o julgamento da den\u00fancia da Procuradoria-Geral da Rep\u00fablica (PGR) para tornar r\u00e9us os acusados que pertencem ao chamado n\u00facleo 4 da <a href=\"https:\/\/agenciabrasil.ebc.com.br\/justica\/noticia\/2025-02\/pgr-denuncia-bolsonaro-e-mais-33-por-tentativa-de-golpe-de-estado\" target=\"_blank\" rel=\"noopener\">trama golpista<\/a><\/strong> que teria ocorrido durante o governo do ex-presidente Jair Bolsonaro.<img data-recalc-dims=\"1\" decoding=\"async\" src=\"https:\/\/i0.wp.com\/agenciabrasil.ebc.com.br\/ebc.png?w=600&#038;ssl=1\" \/><img data-recalc-dims=\"1\" decoding=\"async\" src=\"https:\/\/i0.wp.com\/agenciabrasil.ebc.com.br\/ebc.gif?w=600&#038;ssl=1\" \/><\/p>\n<p>A data do julgamento foi marcada pelo presidente da Primeira Turma da Corte, ministro Cristiano Zanin. O colegiado \u00e9 respons\u00e1vel pelo julgamento das den\u00fancias sobre a quest\u00e3o.<\/p>\n<p>De acordo com a PGR, os <strong>denunciados do n\u00facleo 4 s\u00e3o acusados de organizar a\u00e7\u00f5es de desinforma\u00e7\u00e3o para propagar not\u00edcias falsas sobre o processo eleitoral e ataques virtuais a institui\u00e7\u00f5es e autoridades.<\/strong><\/p>\n<p>Fazem parte deste n\u00facleo os seguintes investigados:<\/p>\n<ul>\n<li>Ailton Gon\u00e7alves Moraes Barros (major da reserva do Ex\u00e9rcito);<\/li>\n<li>\u00c2ngelo Martins Denicoli (major da reserva);<\/li>\n<li>Giancarlo Gomes Rodrigues (subtenente);<\/li>\n<li>Guilherme Marques de Almeida (tenente-coronel);<\/li>\n<li>Reginaldo Vieira de Abreu (coronel),<\/li>\n<li>Marcelo Ara\u00fajo Bormevet (policial federal);<\/li>\n<li>Carlos Cesar Moretzsohn Rocha (presidente do\u00a0Instituto Voto Legal);<\/li>\n<\/ul>\n<h2>Julgamento<\/h2>\n<p>O processo ser\u00e1 julgado pela Primeira Turma do Supremo. <strong>O colegiado \u00e9 composto pelo relator da den\u00fancia, Alexandre de Moraes, e os ministros Fl\u00e1vio Dino, Cristiano Zanin, C\u00e1rmen L\u00facia e Luiz Fux.<\/strong><\/p>\n<p>Pelo regimento interno da Corte, cabe \u00e0s duas turmas do tribunal julgar a\u00e7\u00f5es penais. Como o relator faz parte da Primeira Turma, a acusa\u00e7\u00e3o ser\u00e1 julgada por este colegiado.<\/p>\n<p>Se a maioria dos ministros aceitar a den\u00fancia, os acusados viram r\u00e9us e passam a responder a uma a\u00e7\u00e3o penal no STF.<\/p>\n<h2>N\u00facleos<\/h2>\n<p>At\u00e9 o momento,\u00a0somente a den\u00fancia contra o n\u00facleo 1 foi julgada. Na manh\u00e3 de hoje, por unanimidade, o <a href=\"https:\/\/agenciabrasil.ebc.com.br\/justica\/noticia\/2025-03\/por-unanimidade-turma-do-stf-torna-bolsonaro-e-mais-7-reus-por-golpe\" target=\"_blank\" rel=\"noopener\">ex-presidente Jair Bolsonaro e mais sete acusados viraram r\u00e9us<\/a>.<\/p>\n<p>O <a href=\"https:\/\/agenciabrasil.ebc.com.br\/justica\/noticia\/2025-03\/stf-marca-para-final-de-abril-julgamento-de-ex-assessores-de-bolsonaro\" target=\"_blank\" rel=\"noopener\">n\u00facleo 2 ser\u00e1 julgado nos dias 29 e 30 de abril<\/a>. \u00a0O grupo \u00e9 composto por seis denunciados,\u00a0 acusados de organizar a\u00e7\u00f5es para \u201csustentar a perman\u00eancia ileg\u00edtima\u201d de Bolsonaro no poder, em 2022.<\/p>\n<p>A an\u00e1lise da <a href=\"https:\/\/agenciabrasil.ebc.com.br\/justica\/noticia\/2025-03\/stf-marca-para-8-de-abril-julgamento-de-militares-por-trama-golpista\" target=\"_blank\" rel=\"noopener\">den\u00fancia contra o n\u00facleo 3 ser\u00e1 nos dias 8 e 9 de abril<\/a>.\u00a0Os denunciados deste n\u00facleo s\u00e3o acusados de planejarem &#8220;a\u00e7\u00f5es t\u00e1ticas&#8221; para efetivar o plano golpista. O grupo \u00e9 formado por 11 militares do Ex\u00e9rcito e um policial federal.<\/p>\n","protected":false},"excerpt":{"rendered":"<p>Grupo \u00e9 acusado de organizar a\u00e7\u00f5es de desinforma\u00e7\u00e3o sobre as elei\u00e7\u00f5es<\/p>\n","protected":false},"author":1,"featured_media":0,"comment_status":"closed","ping_status":"open","sticky":false,"template":"","format":"standard","meta":{"_exactmetrics_skip_tracking":false,"_exactmetrics_sitenote_active":false,"_exactmetrics_sitenote_note":"","_exactmetrics_sitenote_category":0,"jetpack_post_was_ever_published":false,"_jetpack_newsletter_access":"","_jetpack_dont_email_post_to_subs":false,"_jetpack_newsletter_tier_id":0,"_jetpack_memberships_contains_paywalled_content":false,"_jetpack_memberships_contains_paid_content":false,"footnotes":"","jetpack_publicize_message":"","jetpack_publicize_feature_enabled":true,"jetpack_social_post_already_shared":true,"jetpack_social_options":{"image_generator_settings":{"template":"highway","enabled":false},"version":2}},"categories":[1],"tags":[39,902,30],"class_list":["post-36638","post","type-post","status-publish","format-standard","hentry","category-notas","tag-golpe","tag-julgamento","tag-stf"],"jetpack_publicize_connections":[],"jetpack_sharing_enabled":true,"jetpack_featured_media_url":"","jetpack_shortlink":"https:\/\/wp.me\/p7wKYW-9wW","jetpack-related-posts":[],"_links":{"self":[{"href":"http:\/\/blogdalucianaoliveira.com.br\/blog\/wp-json\/wp\/v2\/posts\/36638","targetHints":{"allow":["GET"]}}],"collection":[{"href":"http:\/\/blogdalucianaoliveira.com.br\/blog\/wp-json\/wp\/v2\/posts"}],"about":[{"href":"http:\/\/blogdalucianaoliveira.com.br\/blog\/wp-json\/wp\/v2\/types\/post"}],"author":[{"embeddable":true,"href":"http:\/\/blogdalucianaoliveira.com.br\/blog\/wp-json\/wp\/v2\/users\/1"}],"replies":[{"embeddable":true,"href":"http:\/\/blogdalucianaoliveira.com.br\/blog\/wp-json\/wp\/v2\/comments?post=36638"}],"version-history":[{"count":1,"href":"http:\/\/blogdalucianaoliveira.com.br\/blog\/wp-json\/wp\/v2\/posts\/36638\/revisions"}],"predecessor-version":[{"id":36640,"href":"http:\/\/blogdalucianaoliveira.com.br\/blog\/wp-json\/wp\/v2\/posts\/36638\/revisions\/36640"}],"wp:attachment":[{"href":"http:\/\/blogdalucianaoliveira.com.br\/blog\/wp-json\/wp\/v2\/media?parent=36638"}],"wp:term":[{"taxonomy":"category","embeddable":true,"href":"http:\/\/blogdalucianaoliveira.com.br\/blog\/wp-json\/wp\/v2\/categories?post=36638"},{"taxonomy":"post_tag","embeddable":true,"href":"http:\/\/blogdalucianaoliveira.com.br\/blog\/wp-json\/wp\/v2\/tags?post=36638"}],"curies":[{"name":"wp","href":"https:\/\/api.w.org\/{rel}","templated":true}]}}