{"id":36643,"date":"2025-03-27T17:36:05","date_gmt":"2025-03-27T21:36:05","guid":{"rendered":"https:\/\/blogdalucianaoliveira.com.br\/blog\/?p=36643"},"modified":"2025-03-27T17:36:05","modified_gmt":"2025-03-27T21:36:05","slug":"festa-do-agro-entenda-como-guerra-comercial-de-trump-com-a-china-pode-aumentar-preco-dos-alimentos-no-brasil","status":"publish","type":"post","link":"http:\/\/blogdalucianaoliveira.com.br\/blog\/2025\/03\/27\/festa-do-agro-entenda-como-guerra-comercial-de-trump-com-a-china-pode-aumentar-preco-dos-alimentos-no-brasil\/","title":{"rendered":"\u2018Festa do agro\u2019: entenda como guerra comercial de Trump com a China pode aumentar pre\u00e7o dos alimentos no Brasil"},"content":{"rendered":"<p><img data-recalc-dims=\"1\" loading=\"lazy\" decoding=\"async\" data-attachment-id=\"36644\" data-permalink=\"http:\/\/blogdalucianaoliveira.com.br\/blog\/2025\/03\/27\/festa-do-agro-entenda-como-guerra-comercial-de-trump-com-a-china-pode-aumentar-preco-dos-alimentos-no-brasil\/img_0191-3\/\" data-orig-file=\"https:\/\/i0.wp.com\/blogdalucianaoliveira.com.br\/blog\/wp-content\/uploads\/2025\/03\/IMG_0191-1.webp?fit=1140%2C815\" data-orig-size=\"1140,815\" data-comments-opened=\"0\" data-image-meta=\"{&quot;aperture&quot;:&quot;0&quot;,&quot;credit&quot;:&quot;&quot;,&quot;camera&quot;:&quot;&quot;,&quot;caption&quot;:&quot;&quot;,&quot;created_timestamp&quot;:&quot;0&quot;,&quot;copyright&quot;:&quot;&quot;,&quot;focal_length&quot;:&quot;0&quot;,&quot;iso&quot;:&quot;0&quot;,&quot;shutter_speed&quot;:&quot;0&quot;,&quot;title&quot;:&quot;&quot;,&quot;orientation&quot;:&quot;0&quot;}\" data-image-title=\"IMG_0191\" data-image-description=\"\" data-image-caption=\"\" data-medium-file=\"https:\/\/i0.wp.com\/blogdalucianaoliveira.com.br\/blog\/wp-content\/uploads\/2025\/03\/IMG_0191-1.webp?fit=300%2C214\" data-large-file=\"https:\/\/i0.wp.com\/blogdalucianaoliveira.com.br\/blog\/wp-content\/uploads\/2025\/03\/IMG_0191-1.webp?fit=600%2C429\" class=\"alignnone size-medium wp-image-36644\" src=\"https:\/\/i0.wp.com\/blogdalucianaoliveira.com.br\/blog\/wp-content\/uploads\/2025\/03\/IMG_0191-1.webp?resize=300%2C214\" alt=\"\" width=\"300\" height=\"214\" srcset=\"https:\/\/i0.wp.com\/blogdalucianaoliveira.com.br\/blog\/wp-content\/uploads\/2025\/03\/IMG_0191-1.webp?resize=300%2C214 300w, https:\/\/i0.wp.com\/blogdalucianaoliveira.com.br\/blog\/wp-content\/uploads\/2025\/03\/IMG_0191-1.webp?resize=1024%2C732 1024w, https:\/\/i0.wp.com\/blogdalucianaoliveira.com.br\/blog\/wp-content\/uploads\/2025\/03\/IMG_0191-1.webp?resize=768%2C549 768w, https:\/\/i0.wp.com\/blogdalucianaoliveira.com.br\/blog\/wp-content\/uploads\/2025\/03\/IMG_0191-1.webp?resize=420%2C300 420w, https:\/\/i0.wp.com\/blogdalucianaoliveira.com.br\/blog\/wp-content\/uploads\/2025\/03\/IMG_0191-1.webp?w=1140 1140w\" sizes=\"auto, (max-width: 300px) 100vw, 300px\" \/><\/p>\n<p data-pf_style_display=\"block\" data-pf_style_visibility=\"visible\"><span class=\"text-node\">Brasil de Fato &#8211; A decis\u00e3o do presidente <\/span><a href=\"https:\/\/www.brasildefato.com.br\/2025\/03\/03\/trump-anuncia-taxacao-de-20-para-china-e-de-25-para-canada-e-mexico\/\" data-pf_style_display=\"inline\" data-pf_style_visibility=\"visible\"><span class=\"text-node\">Donald Trump<\/span><\/a><span class=\"text-node\"> de e<\/span><a href=\"https:\/\/www.brasildefato.com.br\/2025\/03\/03\/trump-anuncia-taxacao-de-20-para-china-e-de-25-para-canada-e-mexico\/\" data-pf_style_display=\"inline\" data-pf_style_visibility=\"visible\"><span class=\"text-node\">levar as tarifas dos EUA para a importa\u00e7\u00e3o de produtos vindos da China<\/span><\/a><span class=\"text-node\"> pode acabar aumentando o <\/span><a href=\"https:\/\/www.brasildefato.com.br\/2025\/02\/21\/agricultura-voltada-a-exportacao-transforma-a-comida-em-vila-da-inflacao-no-brasil\/\" data-pf_style_display=\"inline\" data-pf_style_visibility=\"visible\"><span class=\"text-node\">pre\u00e7o dos alimentos no Brasil<\/span><\/a><span class=\"text-node\">. Em resposta a Trump, <\/span><a href=\"https:\/\/www.brasildefato.com.br\/2025\/03\/04\/china-volta-a-responder-trump-com-tarifas-sobre-produtos-agricolas-e-medidas-contra-26-empresas-dos-eua\/\" data-pf_style_display=\"inline\" data-pf_style_visibility=\"visible\"><span class=\"text-node\">o governo chin\u00eas j\u00e1 elevou as tarifas de produtos agropecu\u00e1rios estadunidenses<\/span><\/a><span class=\"text-node\">. Isso tende a aumentar a procura de chineses por carnes, frango, soja e milho produzidos no Brasil, empurrando para cima o pre\u00e7o da comida vendida no pa\u00eds.<\/span><!--more--><\/p>\n<p data-pf_style_display=\"block\" data-pf_style_visibility=\"visible\"><a href=\"https:\/\/www.brasildefato.com.br\/2025\/03\/03\/trump-anuncia-taxacao-de-20-para-china-e-de-25-para-canada-e-mexico\/\" data-pf_style_display=\"inline\" data-pf_style_visibility=\"visible\"><span class=\"text-node\">Trump anunciou o aumento de tarifas para importa\u00e7\u00e3o de produtos chineses logo que assumiu a presid\u00eancia dos EUA<\/span><\/a><span class=\"text-node\">, em janeiro. A tarifa\u00e7\u00e3o extra entrou em vigor no in\u00edcio deste m\u00eas, elevando o custo de produtos chineses no mercado estadunidense para, segundo a tese de Trump, estimular a economia local.<\/span><\/p>\n<div class=\"jeg_ad jeg_ad_article jnews_content_inline_ads  \" data-pf_style_display=\"block\" data-pf_style_visibility=\"visible\">\n<div class=\"ads-wrapper align-center \" data-pf_style_display=\"block\" data-pf_style_visibility=\"visible\">\n<div class=\"ads_shortcode\" data-pf_style_display=\"block\" data-pf_style_visibility=\"visible\">\n<div class=\"ads-region-container\" data-slot=\"artigos-leaderboard-incontent-1-mobile\" data-region=\"br\" data-slot-name=\"artigos-leaderboard-incontent-1-mobile-br\" data-agent=\"Mozilla\/5.0 (Linux; Android 10; K) AppleWebKit\/537.36 (KHTML, like Gecko) Chrome\/134.0.0.0 Mobile Safari\/537.36\" data-pf_style_display=\"block\" data-pf_style_visibility=\"visible\"><\/div>\n<\/div>\n<\/div>\n<\/div>\n<p data-pf_style_display=\"block\" data-pf_style_visibility=\"visible\"><a href=\"https:\/\/www.brasildefato.com.br\/2025\/03\/04\/china-volta-a-responder-trump-com-tarifas-sobre-produtos-agricolas-e-medidas-contra-26-empresas-dos-eua\/\" data-pf_style_display=\"inline\" data-pf_style_visibility=\"visible\"><span class=\"text-node\">A China respondeu<\/span><\/a><span class=\"text-node\">. Desde o \u00faltimo dia 10, a importa\u00e7\u00e3o de carne de frango, trigo, milho e algod\u00e3o dos EUA passaram ser taxadas em 15% no pa\u00eds asi\u00e1tico. J\u00e1 a entrada de soja, sorgo e carne bovina vinda dos EUA ter\u00e1 de pagar uma tarifa extra de 10%.<\/span><\/p>\n<p data-pf_style_display=\"block\" data-pf_style_visibility=\"visible\"><span class=\"text-node\">Com essa taxa\u00e7\u00e3o, a competitividade das <\/span><em data-pf_style_display=\"inline\" data-pf_style_visibility=\"visible\"><span class=\"text-node\">commodities <\/span><\/em><span class=\"text-node\">agropecu\u00e1rias dos EUA na China diminui, o que abre espa\u00e7o para o agroneg\u00f3cio brasileiro, que j\u00e1 concorre com os estadunidenses para suprir a demanda chinesa.<\/span><\/p>\n<div class=\"jeg_ad jeg_ad_article jnews_content_inline_2_ads  \" data-pf_style_display=\"block\" data-pf_style_visibility=\"visible\">\n<div class=\"ads-wrapper align-center \" data-pf_style_display=\"block\" data-pf_style_visibility=\"visible\">\n<div class=\"ads_shortcode\" data-pf_style_display=\"block\" data-pf_style_visibility=\"visible\">\n<div class=\"ads-region-container\" data-slot=\"artigos-leaderboard-incontent-2-mobile\" data-region=\"br\" data-slot-name=\"artigos-leaderboard-incontent-2-mobile-br\" data-agent=\"Mozilla\/5.0 (Linux; Android 10; K) AppleWebKit\/537.36 (KHTML, like Gecko) Chrome\/134.0.0.0 Mobile Safari\/537.36\" data-pf_style_display=\"block\" data-pf_style_visibility=\"visible\"><\/div>\n<\/div>\n<\/div>\n<\/div>\n<p data-pf_style_display=\"block\" data-pf_style_visibility=\"visible\"><span class=\"text-node\">Economistas j\u00e1 estimam que as exporta\u00e7\u00f5es agropecu\u00e1rias do Brasil para a China aumente com a guerra comercial aberta por Trump. Com isso, o agroneg\u00f3cio brasileiro pode cobrar mais pelo que ele vende para fora do pa\u00eds. Acontece que esse <\/span><a href=\"https:\/\/www.brasildefato.com.br\/2025\/02\/21\/agricultura-voltada-a-exportacao-transforma-a-comida-em-vila-da-inflacao-no-brasil\/\" data-pf_style_display=\"inline\" data-pf_style_visibility=\"visible\"><span class=\"text-node\">aumento tamb\u00e9m tende a elevar o pre\u00e7o da comida no Brasil<\/span><\/a><span class=\"text-node\">.<\/span><\/p>\n<p data-pf_style_display=\"block\" data-pf_style_visibility=\"visible\"><span class=\"text-node\">\u201cO agroneg\u00f3cio far\u00e1 a festa, exportar\u00e1 mais para a China. Mas a tend\u00eancia \u00e9 aumentar os pre\u00e7os aqui\u201d, resumiu Giorgio Schutte, professor de Rela\u00e7\u00f5es Internacionais da Universidade Federal do ABC (UFABC) e coordenador do Observat\u00f3rio da Pol\u00edtica Externa e da Inser\u00e7\u00e3o Internacional do Brasil (OPEB).<\/span><\/p>\n<div class=\"jeg_ad jeg_ad_article jnews_content_inline_3_ads  \" data-pf_style_display=\"block\" data-pf_style_visibility=\"visible\">\n<div class=\"ads-wrapper align-center \" data-pf_style_display=\"block\" data-pf_style_visibility=\"visible\">\n<div class=\"ads_shortcode\" data-pf_style_display=\"block\" data-pf_style_visibility=\"visible\">\n<div class=\"ads-region-container\" data-slot=\"artigos-leaderboard-incontent-3-mobile\" data-region=\"br\" data-slot-name=\"artigos-leaderboard-incontent-3-mobile-br\" data-agent=\"Mozilla\/5.0 (Linux; Android 10; K) AppleWebKit\/537.36 (KHTML, like Gecko) Chrome\/134.0.0.0 Mobile Safari\/537.36\" data-pf_style_display=\"block\" data-pf_style_visibility=\"visible\"><\/div>\n<\/div>\n<\/div>\n<\/div>\n<p data-pf_style_display=\"block\" data-pf_style_visibility=\"visible\"><strong data-pf_style_display=\"inline\" data-pf_style_visibility=\"visible\"><span class=\"text-node\">Efeito exporta\u00e7\u00e3o<\/span><\/strong><\/p>\n<p data-pf_style_display=\"block\" data-pf_style_visibility=\"visible\"><span class=\"text-node\">Jos\u00e9 Giacomo Baccarin, professor de economia e pol\u00edtica agr\u00edcola da Universidade Estadual de S\u00e3o Paulo (Unesp) e diretor do Instituto Fome Zero (IFZ), tem se dedicado a estudar a din\u00e2mica de pre\u00e7os da comida no Brasil h\u00e1 anos. Para ele, <\/span><a href=\"https:\/\/www.brasildefato.com.br\/2025\/02\/21\/agricultura-voltada-a-exportacao-transforma-a-comida-em-vila-da-inflacao-no-brasil\/\" data-pf_style_display=\"inline\" data-pf_style_visibility=\"visible\"><span class=\"text-node\">a infla\u00e7\u00e3o dos alimentos est\u00e1 cada vez mais ligada \u00e0s exporta\u00e7\u00f5es agropecu\u00e1rias <\/span><\/a><span class=\"text-node\">porque o agroneg\u00f3cio est\u00e1 cada vez mais voltado \u00e0s exporta\u00e7\u00f5es.<\/span><\/p>\n<p data-pf_style_display=\"block\" data-pf_style_visibility=\"visible\"><span class=\"text-node\">Isso se intensificou a partir dos anos 2000, segundo Baccarin. O setor agropecu\u00e1rio brasileiro se especializou em atender demandas externas por <\/span><em data-pf_style_display=\"inline\" data-pf_style_visibility=\"visible\"><span class=\"text-node\">commoditites<\/span><\/em><span class=\"text-node\">. Ao mesmo tempo, os alimentos passaram a ser cada vez mais relevante na infla\u00e7\u00e3o nacional. <\/span><\/p>\n<p data-pf_style_display=\"block\" data-pf_style_visibility=\"visible\"><span class=\"text-node\">De 2015 a 2024, a infla\u00e7\u00e3o da comida foi maior que a infla\u00e7\u00e3o m\u00e9dia no pa\u00eds em sete anos. J\u00e1 de 1994 a 2005, isso s\u00f3 ocorreu em tr\u00eas anos.<\/span><\/p>\n<p data-pf_style_display=\"block\" data-pf_style_visibility=\"visible\"><span class=\"text-node\">Considerando essa rela\u00e7\u00e3o entre exporta\u00e7\u00f5es e alta da comida, ele tamb\u00e9m acha que o \u201ctarifa\u00e7o\u201d de Trump tende aumentar o pre\u00e7os no Brasil. \u201cPara o neg\u00f3cio pecu\u00e1rio brasileiro, as barreiras impostas pela China, como retalia\u00e7\u00e3o aos produtos dos EUA, tendem a refor\u00e7ar os pre\u00e7os recebidos nas nossas exporta\u00e7\u00f5es. Em consequ\u00eancia os pre\u00e7os internos podem aumentar\u201d, disse.<\/span><\/p>\n<p data-pf_style_display=\"block\" data-pf_style_visibility=\"visible\"><span class=\"text-node\">Baccarin disse que a queda do d\u00f3lar pode compensar o crescimento da demanda chinesa por produtos agropecu\u00e1rios brasileiros e conter a infla\u00e7\u00e3o. A tens\u00e3o entre EUA e China, entretanto, pode vir a ter impacto sobre a cota\u00e7\u00e3o do d\u00f3lar no Brasil.<\/span><\/p>\n<p data-pf_style_display=\"block\" data-pf_style_visibility=\"visible\"><span class=\"text-node\">No final do ano passado, ap\u00f3s a elei\u00e7\u00e3o de Trump, o d\u00f3lar chegou a valer mais de R$ 6,25. Isso tornou as exporta\u00e7\u00f5es mais lucrativas para o agroneg\u00f3cio. O pre\u00e7o de alguns produtos subiu no pa\u00eds como consequ\u00eancia disso.<\/span><\/p>\n<p data-pf_style_display=\"block\" data-pf_style_visibility=\"visible\"><span class=\"text-node\">As carnes, por exemplo, subiram 20,8% durante 2024. Isso aconteceu enquanto os frigor\u00edficos aumentaram em cerca de 30% suas vendas para o exterior.<\/span><\/p>\n<p data-pf_style_display=\"block\" data-pf_style_visibility=\"visible\"><span class=\"text-node\">O aumento da carne pesou sobre a infla\u00e7\u00e3o de alimentos no Brasil. No ano passado, <\/span><a href=\"https:\/\/www.brasildefato.com.br\/2025\/01\/10\/seca-enchente-e-dolar-entenda-as-causas-da-alta-dos-alimentos-e-da-inflacao-em-2024\/\" data-pf_style_display=\"inline\" data-pf_style_visibility=\"visible\"><span class=\"text-node\">a comida subiu 7,69%<\/span><\/a><span class=\"text-node\">, empurrando para cima o<\/span><a href=\"https:\/\/www.brasildefato.com.br\/2025\/01\/10\/seca-enchente-e-dolar-entenda-as-causas-da-alta-dos-alimentos-e-da-inflacao-em-2024\/\" data-pf_style_display=\"inline\" data-pf_style_visibility=\"visible\"><span class=\"text-node\"> \u00cdndice Nacional de Pre\u00e7os ao Consumidor Amplo (IPCA), que chegou a 4,83%.<\/span><\/a><\/p>\n<p data-pf_style_display=\"block\" data-pf_style_visibility=\"visible\"><strong data-pf_style_display=\"inline\" data-pf_style_visibility=\"visible\"><span class=\"text-node\">Como evitar<\/span><\/strong><span class=\"text-node\">?<\/span><\/p>\n<p data-pf_style_display=\"block\" data-pf_style_visibility=\"visible\"><span class=\"text-node\">Baccarin j\u00e1 disse n\u00e3o ser contra a exporta\u00e7\u00e3o, mas alertou que \u00e9 preciso considerar <\/span><a href=\"https:\/\/www.brasildefato.com.br\/2025\/02\/21\/agricultura-voltada-a-exportacao-transforma-a-comida-em-vila-da-inflacao-no-brasil\/\" data-pf_style_display=\"inline\" data-pf_style_visibility=\"visible\"><span class=\"text-node\">limites para que elas n\u00e3o tragam problemas para a economia nacional e a popula\u00e7\u00e3o<\/span><\/a><span class=\"text-node\">. \u201cPrecisamos ter alguma capacidade de arbitrar publicamente entre o abastecimento do mercado interno e a exporta\u00e7\u00e3o.\u201d<\/span><\/p>\n<p data-pf_style_display=\"block\" data-pf_style_visibility=\"visible\"><span class=\"text-node\">Schutte acrescenta que, para que o debate p\u00fablico sobre eventuais medidas seja feito, \u00e9 preciso explicitar as consequ\u00eancias do ganho do agroneg\u00f3cio. \u201cN\u00e3o se pode dizer que o aumento das exporta\u00e7\u00f5es \u00e9 bom. Bom para quem?\u201d, questionou.<\/span><\/p>\n<p data-pf_style_display=\"block\" data-pf_style_visibility=\"visible\"><span class=\"text-node\">Diante do aumento dos alimentos,<\/span><a href=\"https:\/\/www.brasildefato.com.br\/2025\/03\/06\/governo-anuncia-medidas-para-reduzir-o-preco-da-comida\/\" data-pf_style_display=\"inline\" data-pf_style_visibility=\"visible\"><span class=\"text-node\"> o governo do presidente Luiz In\u00e1cio Lula da Silva (PT) reduziu impostos para a importa\u00e7\u00e3o de comida<\/span><\/a><span class=\"text-node\">. Eventuais barreiras j\u00e1 foram descartadas pelo ministro da Casa Civil, Rui Costa (PT), que disse que elas poderiam ser vistas como uma \u201cinterven\u00e7\u00e3o\u201d no mercado.<\/span><\/p>\n<p data-pf_style_display=\"block\" data-pf_style_visibility=\"visible\"><span class=\"text-node\">O governo tamb\u00e9m espera que a safra recorde de gr\u00e3o projetada para este no ano Brasil ajuda reduzir o pre\u00e7o dos alimentos. A Companhia Nacional de Abastecimento (Conab) estima o Brasil colha 328,3 milh\u00f5es de toneladas de gr\u00e3o entre 2024 e 2025, 10,3% a mais do que na safra anterior.<\/span><\/p>\n<p data-pf_style_display=\"block\" data-pf_style_visibility=\"visible\"><span class=\"text-node\">Baccarin explicou que soja e milho, as duas principais culturas nacionais, s\u00e3o usados como ingredientes de v\u00e1rios produtos aliment\u00edcios. Servem tamb\u00e9m como base de ra\u00e7\u00e3o animal, o que pode derrubar pre\u00e7os de frango, su\u00ednos e do ovo. Contudo, para que isso aconte\u00e7a, esses gr\u00e3o precisam ficar no mercado nacional e n\u00e3o terem seus pre\u00e7os afetados pela demanda externa.<\/span><\/p>\n<p data-pf_style_display=\"block\" data-pf_style_visibility=\"visible\"><a href=\"https:\/\/www.brasildefato.com.br\/2025\/03\/07\/medidas-do-governo-para-reduzir-preco-de-alimentos-sao-positivas-mas-insuficientes-dizem-especialistas-e-preciso-enfrentar-modelo-agroexportador\/\" data-pf_style_display=\"inline\" data-pf_style_visibility=\"visible\"><span class=\"text-node\">Walter Belik<\/span><\/a><span class=\"text-node\">, professor aposentado de economia agr\u00edcola do Instituto de Economia da Universidade Estadual de Campinas (Unicamp) e cofundador do IFZ, argumenta que o \u201ctarifa\u00e7o\u201d pode atrapalhar esse cen\u00e1rio.<\/span><\/p>\n<p data-pf_style_display=\"block\" data-pf_style_visibility=\"visible\"><span class=\"text-node\">\u201cCom tarifas impostas a produtos americanos, os EUA deixam de exportar para eles. O Brasil tende a entrar nesses mercados. O principal caso deve ser a China, mas tamb\u00e9m alguns pa\u00edses latinos\u201d, previu ele.<\/span><\/p>\n<div class=\"jeg_meta_post_footer\" data-pf_style_display=\"block\" data-pf_style_visibility=\"visible\">\n<div data-pf_style_display=\"block\" data-pf_style_visibility=\"visible\"><span class=\"text-node\">Edi\u00e7\u00e3o: <\/span><span data-pf_style_display=\"inline\" data-pf_style_visibility=\"visible\"><span class=\"text-node\">Leandro Melito<\/span><\/span><\/div>\n<\/div>\n","protected":false},"excerpt":{"rendered":"<p>Brasil de Fato &#8211; A decis\u00e3o do presidente Donald Trump de elevar as tarifas dos EUA para a importa\u00e7\u00e3o de produtos vindos da China pode acabar aumentando o pre\u00e7o dos alimentos no Brasil. Em resposta a Trump, o governo chin\u00eas j\u00e1 elevou as tarifas de produtos agropecu\u00e1rios estadunidenses. Isso tende a aumentar a procura de&#8230;<a class=\"more-link\" href=\"http:\/\/blogdalucianaoliveira.com.br\/blog\/2025\/03\/27\/festa-do-agro-entenda-como-guerra-comercial-de-trump-com-a-china-pode-aumentar-preco-dos-alimentos-no-brasil\/\">Continue a leitura <span class=\"meta-nav\">&raquo;<\/span><\/a><\/p>\n","protected":false},"author":1,"featured_media":0,"comment_status":"closed","ping_status":"open","sticky":false,"template":"","format":"standard","meta":{"_exactmetrics_skip_tracking":false,"_exactmetrics_sitenote_active":false,"_exactmetrics_sitenote_note":"","_exactmetrics_sitenote_category":0,"jetpack_post_was_ever_published":false,"_jetpack_newsletter_access":"","_jetpack_dont_email_post_to_subs":false,"_jetpack_newsletter_tier_id":0,"_jetpack_memberships_contains_paywalled_content":false,"_jetpack_memberships_contains_paid_content":false,"footnotes":"","jetpack_publicize_message":"","jetpack_publicize_feature_enabled":true,"jetpack_social_post_already_shared":true,"jetpack_social_options":{"image_generator_settings":{"template":"highway","enabled":false},"version":2}},"categories":[1],"tags":[364,715,220],"class_list":["post-36643","post","type-post","status-publish","format-standard","hentry","category-notas","tag-china","tag-inflacao","tag-trump"],"jetpack_publicize_connections":[],"jetpack_sharing_enabled":true,"jetpack_featured_media_url":"","jetpack_shortlink":"https:\/\/wp.me\/p7wKYW-9x1","jetpack-related-posts":[],"_links":{"self":[{"href":"http:\/\/blogdalucianaoliveira.com.br\/blog\/wp-json\/wp\/v2\/posts\/36643","targetHints":{"allow":["GET"]}}],"collection":[{"href":"http:\/\/blogdalucianaoliveira.com.br\/blog\/wp-json\/wp\/v2\/posts"}],"about":[{"href":"http:\/\/blogdalucianaoliveira.com.br\/blog\/wp-json\/wp\/v2\/types\/post"}],"author":[{"embeddable":true,"href":"http:\/\/blogdalucianaoliveira.com.br\/blog\/wp-json\/wp\/v2\/users\/1"}],"replies":[{"embeddable":true,"href":"http:\/\/blogdalucianaoliveira.com.br\/blog\/wp-json\/wp\/v2\/comments?post=36643"}],"version-history":[{"count":1,"href":"http:\/\/blogdalucianaoliveira.com.br\/blog\/wp-json\/wp\/v2\/posts\/36643\/revisions"}],"predecessor-version":[{"id":36645,"href":"http:\/\/blogdalucianaoliveira.com.br\/blog\/wp-json\/wp\/v2\/posts\/36643\/revisions\/36645"}],"wp:attachment":[{"href":"http:\/\/blogdalucianaoliveira.com.br\/blog\/wp-json\/wp\/v2\/media?parent=36643"}],"wp:term":[{"taxonomy":"category","embeddable":true,"href":"http:\/\/blogdalucianaoliveira.com.br\/blog\/wp-json\/wp\/v2\/categories?post=36643"},{"taxonomy":"post_tag","embeddable":true,"href":"http:\/\/blogdalucianaoliveira.com.br\/blog\/wp-json\/wp\/v2\/tags?post=36643"}],"curies":[{"name":"wp","href":"https:\/\/api.w.org\/{rel}","templated":true}]}}