{"id":36646,"date":"2025-03-27T17:44:32","date_gmt":"2025-03-27T21:44:32","guid":{"rendered":"https:\/\/blogdalucianaoliveira.com.br\/blog\/?p=36646"},"modified":"2025-03-27T17:44:32","modified_gmt":"2025-03-27T21:44:32","slug":"bolsonaro-e-hell-por-lele-teles","status":"publish","type":"post","link":"http:\/\/blogdalucianaoliveira.com.br\/blog\/2025\/03\/27\/bolsonaro-e-hell-por-lele-teles\/","title":{"rendered":"Bolsonaro \u00e9 Hell \u2013 Por Lel\u00ea Teles"},"content":{"rendered":"<h2><img data-recalc-dims=\"1\" loading=\"lazy\" decoding=\"async\" data-attachment-id=\"36647\" data-permalink=\"http:\/\/blogdalucianaoliveira.com.br\/blog\/2025\/03\/27\/bolsonaro-e-hell-por-lele-teles\/img_0192-2\/\" data-orig-file=\"https:\/\/i0.wp.com\/blogdalucianaoliveira.com.br\/blog\/wp-content\/uploads\/2025\/03\/IMG_0192.webp?fit=425%2C230\" data-orig-size=\"425,230\" data-comments-opened=\"0\" data-image-meta=\"{&quot;aperture&quot;:&quot;0&quot;,&quot;credit&quot;:&quot;&quot;,&quot;camera&quot;:&quot;&quot;,&quot;caption&quot;:&quot;&quot;,&quot;created_timestamp&quot;:&quot;0&quot;,&quot;copyright&quot;:&quot;&quot;,&quot;focal_length&quot;:&quot;0&quot;,&quot;iso&quot;:&quot;0&quot;,&quot;shutter_speed&quot;:&quot;0&quot;,&quot;title&quot;:&quot;&quot;,&quot;orientation&quot;:&quot;0&quot;}\" data-image-title=\"IMG_0192\" data-image-description=\"\" data-image-caption=\"\" data-medium-file=\"https:\/\/i0.wp.com\/blogdalucianaoliveira.com.br\/blog\/wp-content\/uploads\/2025\/03\/IMG_0192.webp?fit=300%2C162\" data-large-file=\"https:\/\/i0.wp.com\/blogdalucianaoliveira.com.br\/blog\/wp-content\/uploads\/2025\/03\/IMG_0192.webp?fit=425%2C230\" class=\"alignnone size-medium wp-image-36647\" src=\"https:\/\/i0.wp.com\/blogdalucianaoliveira.com.br\/blog\/wp-content\/uploads\/2025\/03\/IMG_0192.webp?resize=300%2C162\" alt=\"\" width=\"300\" height=\"162\" srcset=\"https:\/\/i0.wp.com\/blogdalucianaoliveira.com.br\/blog\/wp-content\/uploads\/2025\/03\/IMG_0192.webp?resize=300%2C162 300w, https:\/\/i0.wp.com\/blogdalucianaoliveira.com.br\/blog\/wp-content\/uploads\/2025\/03\/IMG_0192.webp?w=425 425w\" sizes=\"auto, (max-width: 300px) 100vw, 300px\" \/><\/h2>\n<h2 class=\"bajada\">&#8220;&#8216;Bolsonaro\u00a0\u00e9 r\u00e9u&#8217;, gritou, \u00e0s portas da casa de\u00a0satan\u00e1s, o mudo-falante&#8221;; leia a nova cr\u00f4nica de Lel\u00ea Teles<\/h2>\n<p><!--more--><\/p>\n<p>as criaturas numinosas, vivendo na luz ou na escurid\u00e3o das trevas, t\u00eam o dom das premoni\u00e7\u00f5es.<\/p>\n<p>veja o que eu vi e ouvi na minha \u00faltima visita, em sonhos, aos quintos dos infernos.<\/p>\n<p>\u201cbolsonaro\u00a0\u00e9 r\u00e9u\u201d, gritou, \u00e0s portas da casa de\u00a0satan\u00e1s, o mudo-falante, pelado como veio ao mundo, montado no lombo de um lamborgu\u00ednico centaurominion: patas de ni\u00f3bio e crinas de grafeno.<\/p>\n<div class=\"content-banner\">ali, do lado de fora do pal\u00e1cio incandescente, s\u00e1tiros saltitavam salientes e liba\u00e7\u00f5es de vinho eram servidas em retorcidos chifres de bode.<\/div>\n<div>\n<p>as belas bacantes, sensuais e seminuas, banqueteavam-se num bacanal.<\/p>\n<p>no largo do mundo abismal, no centro da pra\u00e7a tridente, uma cabeleireira descabelada passava batom na est\u00e1tua da justi\u00e7a.<\/p>\n<p>em volta, man\u00edacos malucos marchavam, uma velhinha circulava com uma b\u00edblia na m\u00e3o e\u00a0bilu, o et\u00ea,\u00a0entretinha um rebanho de garrotes&#8230;<\/p>\n<p>o pneu perfilava de p\u00e9, como um soldado ou um padre de festa junina.<\/p>\n<p>o inferno, infestado, estava em festa, como em festa esteve no dia da chegada de\u00a0olavo de carvalho.<\/p>\n<p>eram nove e meia da manh\u00e3, hor\u00e1rio de\u00a0bras\u00edlia\u00a0quando, no sal\u00e3o oval das trevas, um g\u00e1rgula engravatado fez soar sua trombeta trovejante, anunciando o in\u00edcio do julgamento no\u00a0\u00e9sse te\u00e9fe.<\/p>\n<p>o\u00a0capiroto, que estava sentado em seu trono em chamas, chamou um dos seus auxiliares alados, movendo mecanicamente o indicador, que exibia uma longa, rubra e aguda unha de piriguete.<\/p>\n<p>o funcion\u00e1rio da caverna escura, usando o sinal do sat\u00e9lite da\u00a0starlink, sintonizou a tev\u00ea do\u00a0capeta\u00a0no canal de\u00a0edir macedo,\u00a0que transmitia, no culto, a sess\u00e3o hist\u00f3rica.<\/p>\n<p>sat\u00e3, o incr\u00e9u, n\u00e3o creu no que viu.<\/p>\n<p>sentado numa poltrona de couro, de\u00a0design\u00a0modernista, na mesm\u00edssima sala do palacete que outrora fora cagada e depredada por uma furiosa legi\u00e3o de fan\u00e1ticos delinquentes, estava o chefe da horda b\u00e1rbara,\u00a0bolsonaro, sentado na primeira fila, fumando e comendo pipoca, frio como um psicopata, um patife frente ao pat\u00edbulo.<\/p>\n<p>gonet, o procurador, procurou dar logo o tom da cerim\u00f4nia: \u201cbolsonaro\u00a0liderou organiza\u00e7\u00e3o criminosa para se manter no poder\u201d.<\/p>\n<p>moraes, com um brilho incomum na careca, foi ainda mais longe.<\/p>\n<p>ao ler o relat\u00f3rio, o piroca afirmou que o nosso minguante\u00a0minotauro\u00a0\u2013 corpo de homem e cabe\u00e7a de gado \u2013 fez parte do \u201cn\u00facleo crucial\u201d da trama golpista.<\/p>\n<p>o\u00a0senhor das trevas, alegre como s\u00f3 um\u00a0dem\u00f4nio\u00a0sabe ser, deu uma cambalhota e foi \u00e0 churrasqueira, mandou pra dentro um bife flambado ao ma\u00e7arico e deu uma golada no drink vermelho e flamejante.<\/p>\n<p>\u201ccom mil diabos\u201d, disse o\u00a0diabo, \u201c\u00e9 de cair o cu da bunda\u201d, falou isso e jogou o toco do charuto no ch\u00e3o.<\/p>\n<p>a cobra fumou.<\/p>\n<p>mefist\u00f3feles, alto funcion\u00e1rio infernal, sinistro ministro das rela\u00e7\u00f5es exteriores do mundo obscuro, cochichou no ouvido do chefe que j\u00e1 havia mandado cobrar a alma do futuro condenado: \u201cnosso\u00a0fausto\u00a0infausto cair\u00e1 em desgra\u00e7a, \u00e9 o pre\u00e7o a se pagar; ele pediu riqueza e poder, teve; agora o teremos\u201d.<\/p>\n<p>o\u00a0sete-peles\u00a0meneou a cabe\u00e7a anuindo, e pediu sil\u00eancio para ouvir os advogados de defesa do\u00a0minotauro.<\/p>\n<p>os pobres-diabos ricos estavam numa flagrante enrascada: esgar\u00e7avam gravatas, tartamudeavam, resfolegavam tensos, soavam bicas, passavam a m\u00e3o na testa&#8230; ofegantes, gaguejavam como se o r\u00e9u fosse eles.<\/p>\n<p>\u201cnunca se viu uma defesa t\u00e3o fraca, desde o 7&#215;1 no mineir\u00e3o\u201d, gracejou o\u00a0tinhoso, macabramente.<\/p>\n<p>aproveitando a met\u00e1fora futebol\u00edstica, o esp\u00edrito zombeteiro de\u00a0kevin\u00a0lomax, usando a alma de\u00a0keanu reeves\u00a0como cavalo, cantou para o chefe um trecho de uma balada do bigodudo\u00a0belchior:\u00a0\u201cestava mais angustiado que um goleiro na hora do gol&#8230;\u201d<\/p>\n<p>o\u00a0advogado do diabo\u00a0explicou: \u201cfixa-te nesta imagem, repugnante\u00a0besta-fera, o goleiro v\u00ea\u00a0roberto carlos, com suas gross\u00edssimas coxas, botar a bola na marca do\u00a0penalty\u00a0e se afastar lentamente at\u00e9 a entrada da \u00e1rea. naquele momento, o goleiro e todo o est\u00e1dio sabem que dali vir\u00e1 um canh\u00e3o da\u00a0space x, ou seja, o guarda-metas tentar\u00e1 defender o indefens\u00e1vel\u201d.<\/p>\n<p>o\u00a0diabo\u00a0riu tanto que abriu uma fenda no solo do pal\u00e1cio mostrando, ao fundo, as lavas incandescentes de um vulc\u00e3o vivo e v\u00falvico.<\/p>\n<p>o\u00a0pai da mentira, veja que satanagem, jogou uma moeda pro alto, na boca do abismo.<\/p>\n<p>o advogado, numa gana gananciosa, atirou-se no ar, agarrando o cobi\u00e7ado n\u00edquel e mergulhando, com moeda e tudo, dentro do fogo infernal.<\/p>\n<p>\u201ce se ele fugir da condena\u00e7\u00e3o, horrenda criatura chifruda?\u201d, pergunta uma de suas assistentes.<\/p>\n<p>\u201cum homem n\u00e3o pode fugir de si mesmo\u201d, respondeu com voz met\u00e1lica o pai de todo o mal, \u201cesse sujeito estar\u00e1 preso eternamente dentro desse personagem: um cag\u00e3o covarde, fuj\u00e3o e derrotado\u201d.<\/p>\n<p>palavra da salva\u00e7\u00e3o.<\/p>\n<\/div>\n","protected":false},"excerpt":{"rendered":"<p>&#8220;&#8216;Bolsonaro\u00a0\u00e9 r\u00e9u&#8217;, gritou, \u00e0s portas da casa de\u00a0satan\u00e1s, o mudo-falante&#8221;; leia a nova cr\u00f4nica de Lel\u00ea Teles<\/p>\n","protected":false},"author":1,"featured_media":0,"comment_status":"closed","ping_status":"open","sticky":false,"template":"","format":"standard","meta":{"_exactmetrics_skip_tracking":false,"_exactmetrics_sitenote_active":false,"_exactmetrics_sitenote_note":"","_exactmetrics_sitenote_category":0,"jetpack_post_was_ever_published":false,"_jetpack_newsletter_access":"","_jetpack_dont_email_post_to_subs":false,"_jetpack_newsletter_tier_id":0,"_jetpack_memberships_contains_paywalled_content":false,"_jetpack_memberships_contains_paid_content":false,"footnotes":"","jetpack_publicize_message":"","jetpack_publicize_feature_enabled":true,"jetpack_social_post_already_shared":true,"jetpack_social_options":{"image_generator_settings":{"template":"highway","enabled":false},"version":2}},"categories":[1],"tags":[53,138,30],"class_list":["post-36646","post","type-post","status-publish","format-standard","hentry","category-notas","tag-bolsonaro","tag-reu","tag-stf"],"jetpack_publicize_connections":[],"jetpack_sharing_enabled":true,"jetpack_featured_media_url":"","jetpack_shortlink":"https:\/\/wp.me\/p7wKYW-9x4","jetpack-related-posts":[],"_links":{"self":[{"href":"http:\/\/blogdalucianaoliveira.com.br\/blog\/wp-json\/wp\/v2\/posts\/36646","targetHints":{"allow":["GET"]}}],"collection":[{"href":"http:\/\/blogdalucianaoliveira.com.br\/blog\/wp-json\/wp\/v2\/posts"}],"about":[{"href":"http:\/\/blogdalucianaoliveira.com.br\/blog\/wp-json\/wp\/v2\/types\/post"}],"author":[{"embeddable":true,"href":"http:\/\/blogdalucianaoliveira.com.br\/blog\/wp-json\/wp\/v2\/users\/1"}],"replies":[{"embeddable":true,"href":"http:\/\/blogdalucianaoliveira.com.br\/blog\/wp-json\/wp\/v2\/comments?post=36646"}],"version-history":[{"count":1,"href":"http:\/\/blogdalucianaoliveira.com.br\/blog\/wp-json\/wp\/v2\/posts\/36646\/revisions"}],"predecessor-version":[{"id":36648,"href":"http:\/\/blogdalucianaoliveira.com.br\/blog\/wp-json\/wp\/v2\/posts\/36646\/revisions\/36648"}],"wp:attachment":[{"href":"http:\/\/blogdalucianaoliveira.com.br\/blog\/wp-json\/wp\/v2\/media?parent=36646"}],"wp:term":[{"taxonomy":"category","embeddable":true,"href":"http:\/\/blogdalucianaoliveira.com.br\/blog\/wp-json\/wp\/v2\/categories?post=36646"},{"taxonomy":"post_tag","embeddable":true,"href":"http:\/\/blogdalucianaoliveira.com.br\/blog\/wp-json\/wp\/v2\/tags?post=36646"}],"curies":[{"name":"wp","href":"https:\/\/api.w.org\/{rel}","templated":true}]}}