{"id":36649,"date":"2025-03-28T15:38:07","date_gmt":"2025-03-28T19:38:07","guid":{"rendered":"https:\/\/blogdalucianaoliveira.com.br\/blog\/?p=36649"},"modified":"2025-03-28T15:39:53","modified_gmt":"2025-03-28T19:39:53","slug":"mulher-que-pichou-estatua-pode-cumprir-prisao-domiciliar-diz-pgr","status":"publish","type":"post","link":"http:\/\/blogdalucianaoliveira.com.br\/blog\/2025\/03\/28\/mulher-que-pichou-estatua-pode-cumprir-prisao-domiciliar-diz-pgr\/","title":{"rendered":"Mulher que pichou est\u00e1tua pode cumprir pris\u00e3o domiciliar, diz PGR"},"content":{"rendered":"<p><img data-recalc-dims=\"1\" loading=\"lazy\" decoding=\"async\" data-attachment-id=\"36650\" data-permalink=\"http:\/\/blogdalucianaoliveira.com.br\/blog\/2025\/03\/28\/mulher-que-pichou-estatua-pode-cumprir-prisao-domiciliar-diz-pgr\/img_0214\/\" data-orig-file=\"https:\/\/i0.wp.com\/blogdalucianaoliveira.com.br\/blog\/wp-content\/uploads\/2025\/03\/IMG_0214.webp?fit=1170%2C700\" data-orig-size=\"1170,700\" data-comments-opened=\"0\" data-image-meta=\"{&quot;aperture&quot;:&quot;0&quot;,&quot;credit&quot;:&quot;&quot;,&quot;camera&quot;:&quot;&quot;,&quot;caption&quot;:&quot;&quot;,&quot;created_timestamp&quot;:&quot;0&quot;,&quot;copyright&quot;:&quot;&quot;,&quot;focal_length&quot;:&quot;0&quot;,&quot;iso&quot;:&quot;0&quot;,&quot;shutter_speed&quot;:&quot;0&quot;,&quot;title&quot;:&quot;&quot;,&quot;orientation&quot;:&quot;0&quot;}\" data-image-title=\"IMG_0214\" data-image-description=\"\" data-image-caption=\"\" data-medium-file=\"https:\/\/i0.wp.com\/blogdalucianaoliveira.com.br\/blog\/wp-content\/uploads\/2025\/03\/IMG_0214.webp?fit=300%2C179\" data-large-file=\"https:\/\/i0.wp.com\/blogdalucianaoliveira.com.br\/blog\/wp-content\/uploads\/2025\/03\/IMG_0214.webp?fit=600%2C359\" class=\"alignnone size-medium wp-image-36650\" src=\"https:\/\/i0.wp.com\/blogdalucianaoliveira.com.br\/blog\/wp-content\/uploads\/2025\/03\/IMG_0214.webp?resize=300%2C179\" alt=\"\" width=\"300\" height=\"179\" srcset=\"https:\/\/i0.wp.com\/blogdalucianaoliveira.com.br\/blog\/wp-content\/uploads\/2025\/03\/IMG_0214.webp?resize=300%2C179 300w, https:\/\/i0.wp.com\/blogdalucianaoliveira.com.br\/blog\/wp-content\/uploads\/2025\/03\/IMG_0214.webp?resize=1024%2C613 1024w, https:\/\/i0.wp.com\/blogdalucianaoliveira.com.br\/blog\/wp-content\/uploads\/2025\/03\/IMG_0214.webp?resize=768%2C459 768w, https:\/\/i0.wp.com\/blogdalucianaoliveira.com.br\/blog\/wp-content\/uploads\/2025\/03\/IMG_0214.webp?resize=501%2C300 501w, https:\/\/i0.wp.com\/blogdalucianaoliveira.com.br\/blog\/wp-content\/uploads\/2025\/03\/IMG_0214.webp?w=1170 1170w\" sizes=\"auto, (max-width: 300px) 100vw, 300px\" \/><\/p>\n<p>Parecer favor\u00e1vel foi enviado para o STF<!--more-->EBC &#8211; O procurador-geral da Rep\u00fablica, Paulo Gonet, enviou nesta sexta-feira (28) ao <strong>Supremo Tribunal Federal<\/strong> (STF) <strong>parecer favor\u00e1vel \u00e0 concess\u00e3o de pris\u00e3o domiciliar para a cabeleireira D\u00e9bora Rodrigues dos Santos,<\/strong>mulher acusada de participar dos <strong>atos golpistas de 8 de janeiro de 2023 <\/strong>e de pichar a frase <strong>&#8220;Perdeu, man\u00e9&#8221; na est\u00e1tua da Justi\u00e7a.<\/strong><img data-recalc-dims=\"1\" decoding=\"async\" src=\"https:\/\/i0.wp.com\/agenciabrasil.ebc.com.br\/ebc.png?w=600&#038;ssl=1\" \/><img data-recalc-dims=\"1\" decoding=\"async\" src=\"https:\/\/i0.wp.com\/agenciabrasil.ebc.com.br\/ebc.gif?w=600&#038;ssl=1\" \/><\/p>\n<p>O parecer de Gonet foi motivado por um pedido de liberdade feito nesta semana pela defesa da acusada, que est\u00e1 presa desde mar\u00e7o de 2023. O <strong>caso ser\u00e1 decidido pelo ministro Alexandre de Moraes<\/strong>, relator dos processos oriundos do 8 de janeiro.<\/p>\n<p>O procurador defendeu que a pris\u00e3o preventiva de D\u00e9bora pode ser substitu\u00edda pela pris\u00e3o domiciliar porque ela tem dois filhos menores de idade, e, conforme a legisla\u00e7\u00e3o penal, ela tem direito ao benef\u00edcio. A cabeleireira \u00e9 m\u00e3e de dois meninos, um de 10 e outro de 12 anos.<\/p>\n<blockquote><p>\u201cO encerramento da instru\u00e7\u00e3o processual e a suspens\u00e3o do julgamento do feito, com imprevis\u00e3o quanto \u00e0 prola\u00e7\u00e3o de ac\u00f3rd\u00e3o definitivo, aliados \u00e0 situa\u00e7\u00e3o excepcional, recomendam a substitui\u00e7\u00e3o da pris\u00e3o preventiva por pris\u00e3o domiciliar, ao menos at\u00e9 a conclus\u00e3o do julgamento do feito, em observ\u00e2ncia aos princ\u00edpios da prote\u00e7\u00e3o \u00e0 maternidade e \u00e0 inf\u00e2ncia e do melhor interesse do menor\u201d, afirmou Gonet.<\/p><\/blockquote>\n<p>O julgamento que vai decidir se D\u00e9bora ser\u00e1 condenada come\u00e7ou na semana passada, mas foi interrompido por um pedido de vista do ministro Luiz Fux.<\/p>\n<p>Antes da suspens\u00e3o do julgamento, o relator do caso, <strong>Alexandre de Moraes, votou para condenar D\u00e9bora a 14 anos de pris\u00e3o em regime fechado.<\/strong><\/p>\n<p>Em depoimento prestado no ano passado ao STF, <strong>D\u00e9bora Rodrigues disse que se arrepende de ter participado dos atos e de ter pichado a est\u00e1tua<\/strong>.<\/p>\n<p>&nbsp;<\/p>\n<h2>Por que 14 anos?<\/h2>\n<p>O ministro Alexandre de Moraes votou para <strong>condenar D\u00e9bora Rodrigues do Santos a 14 anos de pris\u00e3o<\/strong> ao somar as penas de cinco crimes denunciados pela PGR. A pena ficou na m\u00e9dia das demais condena\u00e7\u00f5es dos acusados de participar do 8 de janeiro. <strong>As penas variam entre 14 e 17 anos.<\/strong><\/p>\n<p>Conforme o voto pela condena\u00e7\u00e3o, os <strong>investigados pelos atos golpistas cometeram crimes multitudin\u00e1rios<\/strong>, ou seja, de autoria coletiva. Dessa forma, eles <strong>respondem conjuntamente pelos cinco crimes.<\/strong><\/p>\n<h2>Soma das condena\u00e7\u00f5es<\/h2>\n<p>A soma para chegar \u00e0 pena de 14 anos foi feita da seguinte forma:<\/p>\n<p>Aboli\u00e7\u00e3o Violenta do Estado Democr\u00e1tico de Direito (4 anos e 6 meses);<\/p>\n<p>Golpe de Estado: (5 anos);<\/p>\n<p>Associa\u00e7\u00e3o Criminosa Armada (1 anos e 6 meses);<\/p>\n<p>Dano Qualificado: (1 ano e 6 meses);<\/p>\n<p>Deteriora\u00e7\u00e3o do Patrim\u00f4nio Tombado (1 ano e 6 meses);<\/p>\n<p>Regime Fechado: Penas maiores que 8 anos come\u00e7am em regime fechado.<\/p>\n<p>Indeniza\u00e7\u00e3o de 30 milh\u00f5es: Todos os condenados pelo 8 de janeiro ter\u00e3o que pagar o valor solidariamente pelos dados causados com a depreda\u00e7\u00e3o.<\/p>\n","protected":false},"excerpt":{"rendered":"<p>Parecer favor\u00e1vel foi enviado para o STF<\/p>\n","protected":false},"author":1,"featured_media":0,"comment_status":"closed","ping_status":"open","sticky":false,"template":"","format":"standard","meta":{"_exactmetrics_skip_tracking":false,"_exactmetrics_sitenote_active":false,"_exactmetrics_sitenote_note":"","_exactmetrics_sitenote_category":0,"jetpack_post_was_ever_published":false,"_jetpack_newsletter_access":"","_jetpack_dont_email_post_to_subs":false,"_jetpack_newsletter_tier_id":0,"_jetpack_memberships_contains_paywalled_content":false,"_jetpack_memberships_contains_paid_content":false,"footnotes":"","jetpack_publicize_message":"","jetpack_publicize_feature_enabled":true,"jetpack_social_post_already_shared":true,"jetpack_social_options":{"image_generator_settings":{"template":"highway","enabled":false},"version":2}},"categories":[1],"tags":[1289,1287,1288],"class_list":["post-36649","post","type-post","status-publish","format-standard","hentry","category-notas","tag-batom","tag-cabeleireira","tag-estatua"],"jetpack_publicize_connections":[],"jetpack_sharing_enabled":true,"jetpack_featured_media_url":"","jetpack_shortlink":"https:\/\/wp.me\/p7wKYW-9x7","jetpack-related-posts":[],"_links":{"self":[{"href":"http:\/\/blogdalucianaoliveira.com.br\/blog\/wp-json\/wp\/v2\/posts\/36649","targetHints":{"allow":["GET"]}}],"collection":[{"href":"http:\/\/blogdalucianaoliveira.com.br\/blog\/wp-json\/wp\/v2\/posts"}],"about":[{"href":"http:\/\/blogdalucianaoliveira.com.br\/blog\/wp-json\/wp\/v2\/types\/post"}],"author":[{"embeddable":true,"href":"http:\/\/blogdalucianaoliveira.com.br\/blog\/wp-json\/wp\/v2\/users\/1"}],"replies":[{"embeddable":true,"href":"http:\/\/blogdalucianaoliveira.com.br\/blog\/wp-json\/wp\/v2\/comments?post=36649"}],"version-history":[{"count":2,"href":"http:\/\/blogdalucianaoliveira.com.br\/blog\/wp-json\/wp\/v2\/posts\/36649\/revisions"}],"predecessor-version":[{"id":36652,"href":"http:\/\/blogdalucianaoliveira.com.br\/blog\/wp-json\/wp\/v2\/posts\/36649\/revisions\/36652"}],"wp:attachment":[{"href":"http:\/\/blogdalucianaoliveira.com.br\/blog\/wp-json\/wp\/v2\/media?parent=36649"}],"wp:term":[{"taxonomy":"category","embeddable":true,"href":"http:\/\/blogdalucianaoliveira.com.br\/blog\/wp-json\/wp\/v2\/categories?post=36649"},{"taxonomy":"post_tag","embeddable":true,"href":"http:\/\/blogdalucianaoliveira.com.br\/blog\/wp-json\/wp\/v2\/tags?post=36649"}],"curies":[{"name":"wp","href":"https:\/\/api.w.org\/{rel}","templated":true}]}}