{"id":36653,"date":"2025-03-31T08:13:38","date_gmt":"2025-03-31T12:13:38","guid":{"rendered":"https:\/\/blogdalucianaoliveira.com.br\/blog\/?p=36653"},"modified":"2025-03-31T08:13:38","modified_gmt":"2025-03-31T12:13:38","slug":"homem-branco-casado-autonomo-e-de-baixa-renda-a-cara-do-golpista-do-8-de-janeiro","status":"publish","type":"post","link":"http:\/\/blogdalucianaoliveira.com.br\/blog\/2025\/03\/31\/homem-branco-casado-autonomo-e-de-baixa-renda-a-cara-do-golpista-do-8-de-janeiro\/","title":{"rendered":"Homem, branco, casado, aut\u00f4nomo e de baixa renda: a cara do golpista do 8 de janeiro"},"content":{"rendered":"<p><img data-recalc-dims=\"1\" loading=\"lazy\" decoding=\"async\" data-attachment-id=\"36654\" data-permalink=\"http:\/\/blogdalucianaoliveira.com.br\/blog\/2025\/03\/31\/homem-branco-casado-autonomo-e-de-baixa-renda-a-cara-do-golpista-do-8-de-janeiro\/img_0297\/\" data-orig-file=\"https:\/\/i0.wp.com\/blogdalucianaoliveira.com.br\/blog\/wp-content\/uploads\/2025\/03\/IMG_0297.jpeg?fit=425%2C230\" data-orig-size=\"425,230\" data-comments-opened=\"0\" data-image-meta=\"{&quot;aperture&quot;:&quot;0&quot;,&quot;credit&quot;:&quot;&quot;,&quot;camera&quot;:&quot;&quot;,&quot;caption&quot;:&quot;&quot;,&quot;created_timestamp&quot;:&quot;0&quot;,&quot;copyright&quot;:&quot;&quot;,&quot;focal_length&quot;:&quot;0&quot;,&quot;iso&quot;:&quot;0&quot;,&quot;shutter_speed&quot;:&quot;0&quot;,&quot;title&quot;:&quot;&quot;,&quot;orientation&quot;:&quot;0&quot;}\" data-image-title=\"IMG_0297\" data-image-description=\"\" data-image-caption=\"\" data-medium-file=\"https:\/\/i0.wp.com\/blogdalucianaoliveira.com.br\/blog\/wp-content\/uploads\/2025\/03\/IMG_0297.jpeg?fit=300%2C162\" data-large-file=\"https:\/\/i0.wp.com\/blogdalucianaoliveira.com.br\/blog\/wp-content\/uploads\/2025\/03\/IMG_0297.jpeg?fit=425%2C230\" class=\"alignnone size-medium wp-image-36654\" src=\"https:\/\/i0.wp.com\/blogdalucianaoliveira.com.br\/blog\/wp-content\/uploads\/2025\/03\/IMG_0297.jpeg?resize=300%2C162\" alt=\"\" width=\"300\" height=\"162\" srcset=\"https:\/\/i0.wp.com\/blogdalucianaoliveira.com.br\/blog\/wp-content\/uploads\/2025\/03\/IMG_0297.jpeg?resize=300%2C162 300w, https:\/\/i0.wp.com\/blogdalucianaoliveira.com.br\/blog\/wp-content\/uploads\/2025\/03\/IMG_0297.jpeg?w=425 425w\" sizes=\"auto, (max-width: 300px) 100vw, 300px\" \/><\/p>\n<h2 class=\"bajada\">Levantamento realizado por jornal tra\u00e7a perfil das pessoas processadas por envolvimento nos atos golpistas<\/h2>\n<p><!--more--><\/p>\n<p>F\u00f3rum &#8211; Levantamento realizado pelo jornal <a href=\"https:\/\/oglobo.globo.com\/politica\/noticia\/2025\/03\/30\/homem-branco-casado-autonomo-e-de-baixa-renda-acoes-no-stf-revelam-perfil-predominante-no-81.ghtml\"><em>O Globo<\/em><\/a> mostra que o perfil da maioria das pessoas presas, acusadas pela Procuradoria-Geral da Rep\u00fablica (PGR) em fun\u00e7\u00e3o dos atos golpistas de 8 de janeiro e com a\u00e7\u00f5es penais tramitando no Supremo Tribunal Federal (STF), \u00e9 de homens brancos, casados, aut\u00f4nomos e de baixa renda.<\/p>\n<p>Segundo a an\u00e1lise,\u00a065,45% s\u00e3o homens e 34,54%, mulheres. Aqueles que se identificam como brancos somam 55,55% e 43,75% s\u00e3o pretos ou pardos.<\/p>\n<p>Os profissionais aut\u00f4nomos s\u00e3o 43,2%\u00a0dos presos. Outros 18,7% declararam estar desempregados, enquanto 11,6% disseram ter um trabalho registrado sob o\u00a0regime CLT. Os aposentados somam 3,3% do total.<\/p>\n<p>Conforme o levantamento, 41% dos presos informaram ter recebido o aux\u00edlio emergencial durante a pandemia de covid-19. sobre o estado civil,\u00a048,08% s\u00e3o casados, enquanto 33,3% s\u00e3o solteiros e 16,95%, divorciados.<\/p>\n<p>Os n\u00fameros coletados apontam ainda que os envolvidos nos atos golpistas v\u00eam principalmente das regi\u00f5es Sul e Sudeste.\u00a0Os estados de S\u00e3o Paulo, com 296 pessoas,\u00a0e de Minas Gerais, com 170,\u00a0lideram o ranking.<\/p>\n<h2><strong>Idade<\/strong><\/h2>\n<p>Em rela\u00e7\u00e3o \u00e0 idade, somente 1,93% t\u00eam entre 18 e 24 anos e apenas 1,19% t\u00eam 65 anos ou mais.<\/p>\n<p>A maioria se enquadra no segmento entre 45 e 54 anos, que concentra 36,16%. A faixa dos 55 aos 64 anos re\u00fane 26,47% e a que compreende o bloco daqueles que t\u00eam 35 a 44 anos somam 23,86%.<\/p>\n<p>A quest\u00e3o et\u00e1ria foi lembrada, durante o julgamento da aceita\u00e7\u00e3o ou n\u00e3o da den\u00fancia da PGR contra o ex-presidente Jair Bolsonaro e outros sete acusados, pelo ministro do STF Alexandre de Moraes. Ele contestou o que chamou de narrativa a respeito de <a href=\"https:\/\/revistaforum.com.br\/politica\/2025\/3\/25\/video-moraes-destroi-historia-de-velhinhas-com-biblia-expe-golpistas-176323.html\">&#8220;senhorinhas com a B\u00edblia na m\u00e3o&#8221;<\/a>.<\/p>\n","protected":false},"excerpt":{"rendered":"<p>Levantamento realizado por jornal tra\u00e7a perfil das pessoas processadas por envolvimento nos atos golpistas<\/p>\n","protected":false},"author":1,"featured_media":0,"comment_status":"closed","ping_status":"open","sticky":false,"template":"","format":"standard","meta":{"_exactmetrics_skip_tracking":false,"_exactmetrics_sitenote_active":false,"_exactmetrics_sitenote_note":"","_exactmetrics_sitenote_category":0,"jetpack_post_was_ever_published":false,"_jetpack_newsletter_access":"","_jetpack_dont_email_post_to_subs":false,"_jetpack_newsletter_tier_id":0,"_jetpack_memberships_contains_paywalled_content":false,"_jetpack_memberships_contains_paid_content":false,"footnotes":"","jetpack_publicize_message":"","jetpack_publicize_feature_enabled":true,"jetpack_social_post_already_shared":true,"jetpack_social_options":{"image_generator_settings":{"template":"highway","enabled":false},"version":2}},"categories":[1],"tags":[1236,39,1290,1286],"class_list":["post-36653","post","type-post","status-publish","format-standard","hentry","category-notas","tag-8-de-janeiro","tag-golpe","tag-presos","tag-tentativa"],"jetpack_publicize_connections":[],"jetpack_sharing_enabled":true,"jetpack_featured_media_url":"","jetpack_shortlink":"https:\/\/wp.me\/p7wKYW-9xb","jetpack-related-posts":[],"_links":{"self":[{"href":"http:\/\/blogdalucianaoliveira.com.br\/blog\/wp-json\/wp\/v2\/posts\/36653","targetHints":{"allow":["GET"]}}],"collection":[{"href":"http:\/\/blogdalucianaoliveira.com.br\/blog\/wp-json\/wp\/v2\/posts"}],"about":[{"href":"http:\/\/blogdalucianaoliveira.com.br\/blog\/wp-json\/wp\/v2\/types\/post"}],"author":[{"embeddable":true,"href":"http:\/\/blogdalucianaoliveira.com.br\/blog\/wp-json\/wp\/v2\/users\/1"}],"replies":[{"embeddable":true,"href":"http:\/\/blogdalucianaoliveira.com.br\/blog\/wp-json\/wp\/v2\/comments?post=36653"}],"version-history":[{"count":1,"href":"http:\/\/blogdalucianaoliveira.com.br\/blog\/wp-json\/wp\/v2\/posts\/36653\/revisions"}],"predecessor-version":[{"id":36655,"href":"http:\/\/blogdalucianaoliveira.com.br\/blog\/wp-json\/wp\/v2\/posts\/36653\/revisions\/36655"}],"wp:attachment":[{"href":"http:\/\/blogdalucianaoliveira.com.br\/blog\/wp-json\/wp\/v2\/media?parent=36653"}],"wp:term":[{"taxonomy":"category","embeddable":true,"href":"http:\/\/blogdalucianaoliveira.com.br\/blog\/wp-json\/wp\/v2\/categories?post=36653"},{"taxonomy":"post_tag","embeddable":true,"href":"http:\/\/blogdalucianaoliveira.com.br\/blog\/wp-json\/wp\/v2\/tags?post=36653"}],"curies":[{"name":"wp","href":"https:\/\/api.w.org\/{rel}","templated":true}]}}