{"id":36658,"date":"2025-03-31T08:33:48","date_gmt":"2025-03-31T12:33:48","guid":{"rendered":"https:\/\/blogdalucianaoliveira.com.br\/blog\/?p=36658"},"modified":"2025-03-31T08:33:48","modified_gmt":"2025-03-31T12:33:48","slug":"61-anos-de-64-esteja-preso-general","status":"publish","type":"post","link":"http:\/\/blogdalucianaoliveira.com.br\/blog\/2025\/03\/31\/61-anos-de-64-esteja-preso-general\/","title":{"rendered":"61 anos de 64 \u2013 \u201cEsteja preso, general\u201d"},"content":{"rendered":"<p><img data-recalc-dims=\"1\" loading=\"lazy\" decoding=\"async\" data-attachment-id=\"36659\" data-permalink=\"http:\/\/blogdalucianaoliveira.com.br\/blog\/2025\/03\/31\/61-anos-de-64-esteja-preso-general\/img_0298\/\" data-orig-file=\"https:\/\/i0.wp.com\/blogdalucianaoliveira.com.br\/blog\/wp-content\/uploads\/2025\/03\/IMG_0298.jpeg?fit=700%2C467\" data-orig-size=\"700,467\" data-comments-opened=\"0\" data-image-meta=\"{&quot;aperture&quot;:&quot;0&quot;,&quot;credit&quot;:&quot;&quot;,&quot;camera&quot;:&quot;&quot;,&quot;caption&quot;:&quot;&quot;,&quot;created_timestamp&quot;:&quot;0&quot;,&quot;copyright&quot;:&quot;&quot;,&quot;focal_length&quot;:&quot;0&quot;,&quot;iso&quot;:&quot;0&quot;,&quot;shutter_speed&quot;:&quot;0&quot;,&quot;title&quot;:&quot;&quot;,&quot;orientation&quot;:&quot;1&quot;}\" data-image-title=\"IMG_0298\" data-image-description=\"\" data-image-caption=\"\" data-medium-file=\"https:\/\/i0.wp.com\/blogdalucianaoliveira.com.br\/blog\/wp-content\/uploads\/2025\/03\/IMG_0298.jpeg?fit=300%2C200\" data-large-file=\"https:\/\/i0.wp.com\/blogdalucianaoliveira.com.br\/blog\/wp-content\/uploads\/2025\/03\/IMG_0298.jpeg?fit=600%2C400\" class=\"alignnone size-medium wp-image-36659\" src=\"https:\/\/i0.wp.com\/blogdalucianaoliveira.com.br\/blog\/wp-content\/uploads\/2025\/03\/IMG_0298.jpeg?resize=300%2C200\" alt=\"\" width=\"300\" height=\"200\" srcset=\"https:\/\/i0.wp.com\/blogdalucianaoliveira.com.br\/blog\/wp-content\/uploads\/2025\/03\/IMG_0298.jpeg?resize=300%2C200 300w, https:\/\/i0.wp.com\/blogdalucianaoliveira.com.br\/blog\/wp-content\/uploads\/2025\/03\/IMG_0298.jpeg?resize=450%2C300 450w, https:\/\/i0.wp.com\/blogdalucianaoliveira.com.br\/blog\/wp-content\/uploads\/2025\/03\/IMG_0298.jpeg?w=700 700w\" sizes=\"auto, (max-width: 300px) 100vw, 300px\" \/><\/p>\n<h2 class=\"Text__TextBase-sc-1d75gww-0 jhEviD noticiaCabecalho__subtitulo\">Em mem\u00f3ria de um militar legalista<\/h2>\n<p><!--more--><\/p>\n<div class=\"HeaderNoticiaWrapper__Autor-sc-4exe2y-2 ghxIAK\">Metr\u00f3poles, por Ricardo Noblat &#8211; N\u00e3o foi qualquer general que recebeu voz de pris\u00e3o na manh\u00e3 da ter\u00e7a-feira 31 de mar\u00e7o de 1964, dada por um subordinado. E o dia 31 de mar\u00e7o de 1964 n\u00e3o foi um dia qualquer na hist\u00f3ria do Brasil. Foi o dia do golpe militar que hoje aniversaria.<\/div>\n<p>O subordinado era o tenente-coronel Roberto de Almeida Neves, nascido em S\u00e3o Jo\u00e3o Del Rei, Minas Gerais, em 1913, irm\u00e3o do deputado federal Tancredo Neves, o 7\u00ba dos 12 filhos de dona Sinh\u00e1. Tancredo foi o 5\u00ba.<\/p>\n<p>O alvo da ordem de pris\u00e3o foi o general tamb\u00e9m mineiro Ol\u00edmpio Mour\u00e3o Filho, nascido em Diamantina, ent\u00e3o comandante da 4\u00aa Regi\u00e3o Militar\/Divis\u00e3o de Infantaria na cidade de Juiz de Fora. O tenente-coronel e o general eram grandes amigos.<\/p>\n<p>Conheceram-se em 1955 \u2013 Neves como capit\u00e3o e Mour\u00e3o como coronel. Tinham uma paix\u00e3o em comum: a equita\u00e7\u00e3o. Voltaram a se encontrar em Juiz de Fora em 1963 \u2013 Mour\u00e3o como general de brigada e Neves como tenente-coronel.<\/p>\n<p>Mour\u00e3o liberara Neves para que passasse a Semana Santa com sua fam\u00edlia em S\u00e3o Jo\u00e3o Del Rei. Mas no s\u00e1bado, dia 28, por meio de um telegrama, chamou-o de volta com urg\u00eancia. Dirigindo seu Fusca, Neves apresentou-se a Mour\u00e3o.<\/p>\n<p>O clima pol\u00edtico no pa\u00eds era p\u00e9ssimo. Os militares conspiravam para depor o presidente Jo\u00e3o Goulart que, como vice, sucedera a J\u00e2nio Quadros, que renunciara ao cargo pensando em voltar ao poder mais forte e com um Congresso mais fraco. N\u00e3o voltou.<\/p>\n<p>Era praticamente certo que haveria um golpe de Estado, mas a data ainda n\u00e3o fora marcada. Impetuoso e err\u00e1tico como sempre foi, Mour\u00e3o decidiu p\u00f4r suas tropas nas ruas e precipitar o golpe. Cerca de 90% dos oficiais que o cercavam estavam de acordo.<\/p>\n<p>A s\u00f3s com Mour\u00e3o no gabinete dele, Neves ouviu que o golpe seria deflagrado dentro de poucas horas. Mour\u00e3o deu as costas para Neves e, valendo-se de um gigantesco mapa do Brasil, come\u00e7ou a mostrar como se daria a marcha sobre o Rio de Janeiro.<\/p>\n<p>Ao terminar a exposi\u00e7\u00e3o e virar-se para Neves, o tenente-coronel estava com seu rev\u00f3lver apontado para ele. Ent\u00e3o, Neves disse ao general, como mais tarde reproduziria para seus filhos:<\/p>\n<p>\u201cComo oficial do Ex\u00e9rcito brasileiro, me recuso a desrespeitar a Constitui\u00e7\u00e3o e a participar de atos antidemocr\u00e1ticos. O regulamento do Ex\u00e9rcito me autoriza a prend\u00ea-lo\u201d.<\/p>\n<p>Oficiais que, do outro lado da porta, ouviram o que Neves acabara de dizer, entraram no gabinete, desarmaram o tenente-coronel e o prenderam. Neves ficou duas semanas preso no quartel, e mais duas no seu apartamento, o de n\u00famero 101 na rua Sampaio, 412.<\/p>\n<p>Mour\u00e3o entrou no Rio com a pretens\u00e3o de ser presidente da Rep\u00fablica, ou ministro da Guerra, ou comandante do 1\u00ba Ex\u00e9rcito. Seus companheiros de farda ofereceram-lhe a presid\u00eancia da Petrobras com a miss\u00e3o de varrer dali os comunistas.<\/p>\n<p>Cinco ou seis dias depois, Mour\u00e3o voltou de m\u00e3os abanando a Juiz de Fora, onde foi aclamado. No dia 30 de abril, foi promovido a general de quatro estrelas. Ganhou como pr\u00eamio de consola\u00e7\u00e3o a presid\u00eancia do Superior Tribunal Militar.<\/p>\n<p>Por fim, cunhou a frase que o acompanharia pelo resto da vida:<\/p>\n<p>\u201cSou uma vaca fardada\u201d.<\/p>\n<p>Neves serviu mais um ano em Juiz de Fora. Aposentou-se aos 52 anos de idade como general de brigada. Morreu com 67 anos, em junho de 1980. N\u00e3o viu o fim da ditadura de 64, nem a elei\u00e7\u00e3o, em 1985, do seu irm\u00e3o Tancredo para presidente da Rep\u00fablica.<\/p>\n<p>Sem tomar posse, Tancredo morreu depois de ter sido operado sete vezes em um per\u00edodo de 37 dias.<\/p>\n","protected":false},"excerpt":{"rendered":"<p>Em mem\u00f3ria de um militar legalista<\/p>\n","protected":false},"author":1,"featured_media":0,"comment_status":"closed","ping_status":"open","sticky":false,"template":"","format":"standard","meta":{"_exactmetrics_skip_tracking":false,"_exactmetrics_sitenote_active":false,"_exactmetrics_sitenote_note":"","_exactmetrics_sitenote_category":0,"jetpack_post_was_ever_published":false,"_jetpack_newsletter_access":"","_jetpack_dont_email_post_to_subs":false,"_jetpack_newsletter_tier_id":0,"_jetpack_memberships_contains_paywalled_content":false,"_jetpack_memberships_contains_paid_content":false,"footnotes":"","jetpack_publicize_message":"","jetpack_publicize_feature_enabled":true,"jetpack_social_post_already_shared":true,"jetpack_social_options":{"image_generator_settings":{"template":"highway","enabled":false},"version":2}},"categories":[1],"tags":[325,39,1291],"class_list":["post-36658","post","type-post","status-publish","format-standard","hentry","category-notas","tag-ditadura","tag-golpe","tag-militar"],"jetpack_publicize_connections":[],"jetpack_sharing_enabled":true,"jetpack_featured_media_url":"","jetpack_shortlink":"https:\/\/wp.me\/p7wKYW-9xg","jetpack-related-posts":[],"_links":{"self":[{"href":"http:\/\/blogdalucianaoliveira.com.br\/blog\/wp-json\/wp\/v2\/posts\/36658","targetHints":{"allow":["GET"]}}],"collection":[{"href":"http:\/\/blogdalucianaoliveira.com.br\/blog\/wp-json\/wp\/v2\/posts"}],"about":[{"href":"http:\/\/blogdalucianaoliveira.com.br\/blog\/wp-json\/wp\/v2\/types\/post"}],"author":[{"embeddable":true,"href":"http:\/\/blogdalucianaoliveira.com.br\/blog\/wp-json\/wp\/v2\/users\/1"}],"replies":[{"embeddable":true,"href":"http:\/\/blogdalucianaoliveira.com.br\/blog\/wp-json\/wp\/v2\/comments?post=36658"}],"version-history":[{"count":1,"href":"http:\/\/blogdalucianaoliveira.com.br\/blog\/wp-json\/wp\/v2\/posts\/36658\/revisions"}],"predecessor-version":[{"id":36660,"href":"http:\/\/blogdalucianaoliveira.com.br\/blog\/wp-json\/wp\/v2\/posts\/36658\/revisions\/36660"}],"wp:attachment":[{"href":"http:\/\/blogdalucianaoliveira.com.br\/blog\/wp-json\/wp\/v2\/media?parent=36658"}],"wp:term":[{"taxonomy":"category","embeddable":true,"href":"http:\/\/blogdalucianaoliveira.com.br\/blog\/wp-json\/wp\/v2\/categories?post=36658"},{"taxonomy":"post_tag","embeddable":true,"href":"http:\/\/blogdalucianaoliveira.com.br\/blog\/wp-json\/wp\/v2\/tags?post=36658"}],"curies":[{"name":"wp","href":"https:\/\/api.w.org\/{rel}","templated":true}]}}